{"id":127932,"date":"2024-02-26T10:59:30","date_gmt":"2024-02-26T15:59:30","guid":{"rendered":"https:\/\/nk7-testes.com.br\/?p=127932"},"modified":"2024-02-26T10:59:30","modified_gmt":"2024-02-26T15:59:30","slug":"resultado-final-da-entrevista-para-vagas-no-processo-seletivo-da-saneacre-e-divulgado","status":"publish","type":"post","link":"https:\/\/nk7-testes.com.br\/agazeta\/resultado-final-da-entrevista-para-vagas-no-processo-seletivo-da-saneacre-e-divulgado\/","title":{"rendered":"Resultado final da entrevista para vagas no processo seletivo da Saneacre \u00e9 divulgado"},"content":{"rendered":"<p style=\"text-align: justify;\"><span style=\"font-weight: 400;\">O governo do Acre tornou p\u00fablico, por meio do Di\u00e1rio Oficial do Estado (DOE) desta segunda-feira (26), o resultado definitivo da entrevista para o preenchimento tempor\u00e1rio de cargos no Servi\u00e7o de \u00c1gua e Esgoto do Estado do Acre (Saneacre).\u00a0<\/span><\/p>\n<p style=\"text-align: justify;\"><span style=\"font-weight: 400;\">Os candidatos que participaram do processo seletivo podem conferir o resultado no DOE e, em caso de d\u00favidas, entrar em contato com o Instituto Brasileiro de Forma\u00e7\u00e3o e Capacita\u00e7\u00e3o (IBFC) por meio do Servi\u00e7o de Atendimento ao Candidato \u2013 SAC, dispon\u00edvel pelo telefone (11) 4788-1430, de segunda a sexta-feira, das 7h \u00e0s 15h, ou acessando o site www.ibfc.org.br.<\/span><\/p>\n<h3 style=\"text-align: justify;\"><span style=\"font-weight: 400;\">Processo Seletivo<\/span><\/h3>\n<p style=\"text-align: justify;\"><span style=\"font-weight: 400;\">Esse processo seletivo foi divulgado em abril de 2023, com cargos para todos os munic\u00edpios do Acre. Foram 447 vagas para n\u00edvel fundamental, m\u00e9dio e superior, com sal\u00e1rios de mais de R$ 7 mil. Quase um ano depois, esse resultado definitivo da entrevista \u00e9 uma das \u00faltimas etapas no processo seletivo que deve encerrar em breve.<\/span><\/p>\n","protected":false},"excerpt":{"rendered":"<p>O governo do Acre tornou p\u00fablico, por meio do Di\u00e1rio Oficial do Estado (DOE) desta segunda-feira (26), o resultado definitivo da entrevista para o preenchimento tempor\u00e1rio de cargos no Servi\u00e7o de \u00c1gua e Esgoto do Estado do Acre (Saneacre).\u00a0 Os candidatos que participaram do processo seletivo podem conferir o resultado no DOE e, em caso [&hellip;]<\/p>\n","protected":false},"author":63,"featured_media":127933,"comment_status":"open","ping_status":"open","sticky":false,"template":"","format":"standard","meta":{"jnews-multi-image_gallery":[],"jnews_single_post":{"source_name":"","source_url":"","via_name":"","via_url":"","override_template":"0","override":[{"template":"custom","single_blog_custom":"110746","parallax":"1","fullscreen":"1","layout":"right-sidebar","sidebar":"default-sidebar","second_sidebar":"default-sidebar","sticky_sidebar":"1","share_position":"top","share_float_style":"share-monocrhome","show_share_counter":"1","show_view_counter":"1","show_featured":"1","show_post_meta":"1","show_post_author":"1","show_post_author_image":"1","show_post_date":"1","post_date_format":"default","post_date_format_custom":"Y\/m\/d","show_post_category":"1","show_post_reading_time":"0","post_reading_time_wpm":"300","show_zoom_button":"0","zoom_button_out_step":"2","zoom_button_in_step":"3","show_post_tag":"1","show_prev_next_post":"1","show_popup_post":"1","number_popup_post":"1","show_author_box":"0","show_post_related":"1","show_inline_post_related":"0"}],"override_image_size":"0","image_override":[{"single_post_thumbnail_size":"crop-500","single_post_gallery_size":"crop-500"}],"trending_post":"0","trending_post_position":"meta","trending_post_label":"Trending","sponsored_post":"0","sponsored_post_label":"Sponsored by","sponsored_post_name":"","sponsored_post_url":"","sponsored_post_logo_enable":"0","sponsored_post_logo":"","sponsored_post_desc":"","disable_ad":"0"},"jnews_primary_category":{"id":"","hide":""},"jnews_social_meta":{"fb_title":"","fb_description":"","fb_image":"","twitter_title":"","twitter_description":"","twitter_image":""},"jnews_review":[],"enable_review":"0","type":"percentage","name":"","summary":"","brand":"","sku":"","good":[{"good_text":""}],"bad":[{"bad_text":""}],"score_override":"0","override_value":"","rating":[{"rating_text":"","rating_number":"10"}],"price":[{"shop":"","price":"","link":"","icon":""}],"footnotes":""},"categories":[55],"tags":[],"class_list":["post-127932","post","type-post","status-publish","format-standard","has-post-thumbnail","hentry","category-oportunidades"],"yoast_head":"<!-- This site is optimized with the Yoast SEO plugin v26.5 - https:\/\/yoast.com\/wordpress\/plugins\/seo\/ -->\n<title>Resultado final da entrevista para vagas no processo seletivo da Saneacre \u00e9 divulgado - Agazeta.net<\/title>\n<meta name=\"robots\" content=\"index, follow, max-snippet:-1, max-image-preview:large, max-video-preview:-1\" \/>\n<link rel=\"canonical\" href=\"https:\/\/nk7-testes.com.br\/agazeta\/resultado-final-da-entrevista-para-vagas-no-processo-seletivo-da-saneacre-e-divulgado\/\" \/>\n<meta property=\"og:locale\" content=\"pt_BR\" \/>\n<meta property=\"og:type\" content=\"article\" \/>\n<meta property=\"og:title\" content=\"Resultado final da entrevista para vagas no processo seletivo da Saneacre \u00e9 divulgado - Agazeta.net\" \/>\n<meta property=\"og:description\" content=\"O governo do Acre tornou p\u00fablico, por meio do Di\u00e1rio Oficial do Estado (DOE) desta segunda-feira (26), o resultado definitivo da entrevista para o preenchimento tempor\u00e1rio de cargos no Servi\u00e7o de \u00c1gua e Esgoto do Estado do Acre (Saneacre).\u00a0 Os candidatos que participaram do processo seletivo podem conferir o resultado no DOE e, em caso [&hellip;]\" \/>\n<meta property=\"og:url\" content=\"https:\/\/nk7-testes.com.br\/agazeta\/resultado-final-da-entrevista-para-vagas-no-processo-seletivo-da-saneacre-e-divulgado\/\" \/>\n<meta property=\"og:site_name\" content=\"Agazeta.net\" \/>\n<meta property=\"article:published_time\" content=\"2024-02-26T15:59:30+00:00\" \/>\n<meta property=\"og:image\" content=\"https:\/\/nk7-testes.com.br\/agazeta\/wp-content\/uploads\/2024\/02\/WhatsApp-Image-2024-02-26-at-10.55.59-jpeg.webp\" \/>\n\t<meta property=\"og:image:width\" content=\"1200\" \/>\n\t<meta property=\"og:image:height\" content=\"675\" \/>\n\t<meta property=\"og:image:type\" content=\"image\/jpeg\" \/>\n<meta name=\"author\" content=\"Pedro Amorim\" \/>\n<meta name=\"twitter:card\" content=\"summary_large_image\" \/>\n<meta name=\"twitter:label1\" content=\"Escrito por\" \/>\n\t<meta name=\"twitter:data1\" content=\"Pedro Amorim\" \/>\n\t<meta name=\"twitter:label2\" content=\"Est. tempo de leitura\" \/>\n\t<meta name=\"twitter:data2\" content=\"1 minuto\" \/>\n<script type=\"application\/ld+json\" class=\"yoast-schema-graph\">{\"@context\":\"https:\/\/schema.org\",\"@graph\":[{\"@type\":\"WebPage\",\"@id\":\"https:\/\/nk7-testes.com.br\/agazeta\/resultado-final-da-entrevista-para-vagas-no-processo-seletivo-da-saneacre-e-divulgado\/\",\"url\":\"https:\/\/nk7-testes.com.br\/agazeta\/resultado-final-da-entrevista-para-vagas-no-processo-seletivo-da-saneacre-e-divulgado\/\",\"name\":\"Resultado final da entrevista para vagas no processo seletivo da Saneacre \u00e9 divulgado - Agazeta.net\",\"isPartOf\":{\"@id\":\"https:\/\/nk7-testes.com.br\/agazeta\/#website\"},\"primaryImageOfPage\":{\"@id\":\"https:\/\/nk7-testes.com.br\/agazeta\/resultado-final-da-entrevista-para-vagas-no-processo-seletivo-da-saneacre-e-divulgado\/#primaryimage\"},\"image\":{\"@id\":\"https:\/\/nk7-testes.com.br\/agazeta\/resultado-final-da-entrevista-para-vagas-no-processo-seletivo-da-saneacre-e-divulgado\/#primaryimage\"},\"thumbnailUrl\":\"https:\/\/nk7-testes.com.br\/agazeta\/wp-content\/uploads\/2024\/02\/WhatsApp-Image-2024-02-26-at-10.55.59-jpeg.webp\",\"datePublished\":\"2024-02-26T15:59:30+00:00\",\"author\":{\"@id\":\"https:\/\/nk7-testes.com.br\/agazeta\/#\/schema\/person\/b915c9dfd1e912dc305dbefa31d1a048\"},\"breadcrumb\":{\"@id\":\"https:\/\/nk7-testes.com.br\/agazeta\/resultado-final-da-entrevista-para-vagas-no-processo-seletivo-da-saneacre-e-divulgado\/#breadcrumb\"},\"inLanguage\":\"pt-BR\",\"potentialAction\":[{\"@type\":\"ReadAction\",\"target\":[\"https:\/\/nk7-testes.com.br\/agazeta\/resultado-final-da-entrevista-para-vagas-no-processo-seletivo-da-saneacre-e-divulgado\/\"]}]},{\"@type\":\"ImageObject\",\"inLanguage\":\"pt-BR\",\"@id\":\"https:\/\/nk7-testes.com.br\/agazeta\/resultado-final-da-entrevista-para-vagas-no-processo-seletivo-da-saneacre-e-divulgado\/#primaryimage\",\"url\":\"https:\/\/nk7-testes.com.br\/agazeta\/wp-content\/uploads\/2024\/02\/WhatsApp-Image-2024-02-26-at-10.55.59-jpeg.webp\",\"contentUrl\":\"https:\/\/nk7-testes.com.br\/agazeta\/wp-content\/uploads\/2024\/02\/WhatsApp-Image-2024-02-26-at-10.55.59-jpeg.webp\",\"width\":1200,\"height\":675,\"caption\":\"Foto: Marcos Santos\/Secom\"},{\"@type\":\"BreadcrumbList\",\"@id\":\"https:\/\/nk7-testes.com.br\/agazeta\/resultado-final-da-entrevista-para-vagas-no-processo-seletivo-da-saneacre-e-divulgado\/#breadcrumb\",\"itemListElement\":[{\"@type\":\"ListItem\",\"position\":1,\"name\":\"In\u00edcio\",\"item\":\"https:\/\/nk7-testes.com.br\/agazeta\/\"},{\"@type\":\"ListItem\",\"position\":2,\"name\":\"Resultado final da entrevista para vagas no processo seletivo da Saneacre \u00e9 divulgado\"}]},{\"@type\":\"WebSite\",\"@id\":\"https:\/\/nk7-testes.com.br\/agazeta\/#website\",\"url\":\"https:\/\/nk7-testes.com.br\/agazeta\/\",\"name\":\"Agazeta.net\",\"description\":\"Agazeta.net - Not\u00edcias de Rio Branco\/AC\",\"potentialAction\":[{\"@type\":\"SearchAction\",\"target\":{\"@type\":\"EntryPoint\",\"urlTemplate\":\"https:\/\/nk7-testes.com.br\/agazeta\/?s={search_term_string}\"},\"query-input\":{\"@type\":\"PropertyValueSpecification\",\"valueRequired\":true,\"valueName\":\"search_term_string\"}}],\"inLanguage\":\"pt-BR\"},{\"@type\":\"Person\",\"@id\":\"https:\/\/nk7-testes.com.br\/agazeta\/#\/schema\/person\/b915c9dfd1e912dc305dbefa31d1a048\",\"name\":\"Pedro Amorim\",\"url\":\"https:\/\/nk7-testes.com.br\/agazeta\/author\/pedro-amorim\/\"}]}<\/script>\n<!-- \/ Yoast SEO plugin. -->","yoast_head_json":{"title":"Resultado final da entrevista para vagas no processo seletivo da Saneacre \u00e9 divulgado - Agazeta.net","robots":{"index":"index","follow":"follow","max-snippet":"max-snippet:-1","max-image-preview":"max-image-preview:large","max-video-preview":"max-video-preview:-1"},"canonical":"https:\/\/nk7-testes.com.br\/agazeta\/resultado-final-da-entrevista-para-vagas-no-processo-seletivo-da-saneacre-e-divulgado\/","og_locale":"pt_BR","og_type":"article","og_title":"Resultado final da entrevista para vagas no processo seletivo da Saneacre \u00e9 divulgado - Agazeta.net","og_description":"O governo do Acre tornou p\u00fablico, por meio do Di\u00e1rio Oficial do Estado (DOE) desta segunda-feira (26), o resultado definitivo da entrevista para o preenchimento tempor\u00e1rio de cargos no Servi\u00e7o de \u00c1gua e Esgoto do Estado do Acre (Saneacre).\u00a0 Os candidatos que participaram do processo seletivo podem conferir o resultado no DOE e, em caso [&hellip;]","og_url":"https:\/\/nk7-testes.com.br\/agazeta\/resultado-final-da-entrevista-para-vagas-no-processo-seletivo-da-saneacre-e-divulgado\/","og_site_name":"Agazeta.net","article_published_time":"2024-02-26T15:59:30+00:00","og_image":[{"width":1200,"height":675,"url":"https:\/\/nk7-testes.com.br\/agazeta\/wp-content\/uploads\/2024\/02\/WhatsApp-Image-2024-02-26-at-10.55.59-jpeg.webp","type":"image\/jpeg"}],"author":"Pedro Amorim","twitter_card":"summary_large_image","twitter_misc":{"Escrito por":"Pedro Amorim","Est. tempo de leitura":"1 minuto"},"schema":{"@context":"https:\/\/schema.org","@graph":[{"@type":"WebPage","@id":"https:\/\/nk7-testes.com.br\/agazeta\/resultado-final-da-entrevista-para-vagas-no-processo-seletivo-da-saneacre-e-divulgado\/","url":"https:\/\/nk7-testes.com.br\/agazeta\/resultado-final-da-entrevista-para-vagas-no-processo-seletivo-da-saneacre-e-divulgado\/","name":"Resultado final da entrevista para vagas no processo seletivo da Saneacre \u00e9 divulgado - Agazeta.net","isPartOf":{"@id":"https:\/\/nk7-testes.com.br\/agazeta\/#website"},"primaryImageOfPage":{"@id":"https:\/\/nk7-testes.com.br\/agazeta\/resultado-final-da-entrevista-para-vagas-no-processo-seletivo-da-saneacre-e-divulgado\/#primaryimage"},"image":{"@id":"https:\/\/nk7-testes.com.br\/agazeta\/resultado-final-da-entrevista-para-vagas-no-processo-seletivo-da-saneacre-e-divulgado\/#primaryimage"},"thumbnailUrl":"https:\/\/nk7-testes.com.br\/agazeta\/wp-content\/uploads\/2024\/02\/WhatsApp-Image-2024-02-26-at-10.55.59-jpeg.webp","datePublished":"2024-02-26T15:59:30+00:00","author":{"@id":"https:\/\/nk7-testes.com.br\/agazeta\/#\/schema\/person\/b915c9dfd1e912dc305dbefa31d1a048"},"breadcrumb":{"@id":"https:\/\/nk7-testes.com.br\/agazeta\/resultado-final-da-entrevista-para-vagas-no-processo-seletivo-da-saneacre-e-divulgado\/#breadcrumb"},"inLanguage":"pt-BR","potentialAction":[{"@type":"ReadAction","target":["https:\/\/nk7-testes.com.br\/agazeta\/resultado-final-da-entrevista-para-vagas-no-processo-seletivo-da-saneacre-e-divulgado\/"]}]},{"@type":"ImageObject","inLanguage":"pt-BR","@id":"https:\/\/nk7-testes.com.br\/agazeta\/resultado-final-da-entrevista-para-vagas-no-processo-seletivo-da-saneacre-e-divulgado\/#primaryimage","url":"https:\/\/nk7-testes.com.br\/agazeta\/wp-content\/uploads\/2024\/02\/WhatsApp-Image-2024-02-26-at-10.55.59-jpeg.webp","contentUrl":"https:\/\/nk7-testes.com.br\/agazeta\/wp-content\/uploads\/2024\/02\/WhatsApp-Image-2024-02-26-at-10.55.59-jpeg.webp","width":1200,"height":675,"caption":"Foto: Marcos Santos\/Secom"},{"@type":"BreadcrumbList","@id":"https:\/\/nk7-testes.com.br\/agazeta\/resultado-final-da-entrevista-para-vagas-no-processo-seletivo-da-saneacre-e-divulgado\/#breadcrumb","itemListElement":[{"@type":"ListItem","position":1,"name":"In\u00edcio","item":"https:\/\/nk7-testes.com.br\/agazeta\/"},{"@type":"ListItem","position":2,"name":"Resultado final da entrevista para vagas no processo seletivo da Saneacre \u00e9 divulgado"}]},{"@type":"WebSite","@id":"https:\/\/nk7-testes.com.br\/agazeta\/#website","url":"https:\/\/nk7-testes.com.br\/agazeta\/","name":"Agazeta.net","description":"Agazeta.net - Not\u00edcias de Rio Branco\/AC","potentialAction":[{"@type":"SearchAction","target":{"@type":"EntryPoint","urlTemplate":"https:\/\/nk7-testes.com.br\/agazeta\/?s={search_term_string}"},"query-input":{"@type":"PropertyValueSpecification","valueRequired":true,"valueName":"search_term_string"}}],"inLanguage":"pt-BR"},{"@type":"Person","@id":"https:\/\/nk7-testes.com.br\/agazeta\/#\/schema\/person\/b915c9dfd1e912dc305dbefa31d1a048","name":"Pedro Amorim","url":"https:\/\/nk7-testes.com.br\/agazeta\/author\/pedro-amorim\/"}]}},"_links":{"self":[{"href":"https:\/\/nk7-testes.com.br\/agazeta\/wp-json\/wp\/v2\/posts\/127932","targetHints":{"allow":["GET"]}}],"collection":[{"href":"https:\/\/nk7-testes.com.br\/agazeta\/wp-json\/wp\/v2\/posts"}],"about":[{"href":"https:\/\/nk7-testes.com.br\/agazeta\/wp-json\/wp\/v2\/types\/post"}],"author":[{"embeddable":true,"href":"https:\/\/nk7-testes.com.br\/agazeta\/wp-json\/wp\/v2\/users\/63"}],"replies":[{"embeddable":true,"href":"https:\/\/nk7-testes.com.br\/agazeta\/wp-json\/wp\/v2\/comments?post=127932"}],"version-history":[{"count":0,"href":"https:\/\/nk7-testes.com.br\/agazeta\/wp-json\/wp\/v2\/posts\/127932\/revisions"}],"wp:featuredmedia":[{"embeddable":true,"href":"https:\/\/nk7-testes.com.br\/agazeta\/wp-json\/wp\/v2\/media\/127933"}],"wp:attachment":[{"href":"https:\/\/nk7-testes.com.br\/agazeta\/wp-json\/wp\/v2\/media?parent=127932"}],"wp:term":[{"taxonomy":"category","embeddable":true,"href":"https:\/\/nk7-testes.com.br\/agazeta\/wp-json\/wp\/v2\/categories?post=127932"},{"taxonomy":"post_tag","embeddable":true,"href":"https:\/\/nk7-testes.com.br\/agazeta\/wp-json\/wp\/v2\/tags?post=127932"}],"curies":[{"name":"wp","href":"https:\/\/api.w.org\/{rel}","templated":true}]}}