{"id":127917,"date":"2024-02-26T09:40:44","date_gmt":"2024-02-26T14:40:44","guid":{"rendered":"https:\/\/nk7-testes.com.br\/?p=127917"},"modified":"2024-02-26T10:16:14","modified_gmt":"2024-02-26T15:16:14","slug":"prefeitura-de-rio-branco-anuncia-decreto-de-emergencia-bocalom-vai-viajar-para-brasilia-em-busca-de-recursos","status":"publish","type":"post","link":"https:\/\/nk7-testes.com.br\/agazeta\/prefeitura-de-rio-branco-anuncia-decreto-de-emergencia-bocalom-vai-viajar-para-brasilia-em-busca-de-recursos\/","title":{"rendered":"Prefeitura de Rio Branco anuncia decreto de Emerg\u00eancia; Bocalom vai viajar para Bras\u00edlia em busca de recursos"},"content":{"rendered":"<p style=\"text-align: justify;\"><span style=\"font-weight: 400;\">O prefeito de Rio Branco, Ti\u00e3o Bocalom, diante da situa\u00e7\u00e3o de enchente na cidade, assinou nesta segunda-feira (26) o decreto de Emerg\u00eancia, al\u00e9m disso, ir\u00e1\u00a0 viajar para Bras\u00edlia para tratar sobre o assunto. A informa\u00e7\u00e3o foi divulgada por ele, em uma entrevista com a TV Gazeta para o programa Balan\u00e7o Geral e pode sair tamb\u00e9m em uma edi\u00e7\u00e3o\u00a0 extra do Di\u00e1rio Oficial do Estado (DOE).<\/span><\/p>\n<figure id=\"attachment_127923\" aria-describedby=\"caption-attachment-127923\" style=\"width: 657px\" class=\"wp-caption aligncenter\"><img decoding=\"async\" class=\" wp-image-127923\" src=\"https:\/\/nk7-testes.com.br\/wp-content\/uploads\/2024\/02\/WhatsApp-Image-2024-02-26-at-10.05.06-jpeg.webp\" alt=\"\" width=\"657\" height=\"438\" srcset=\"https:\/\/nk7-testes.com.br\/agazeta\/wp-content\/uploads\/2024\/02\/WhatsApp-Image-2024-02-26-at-10.05.06-jpeg.webp 1368w, https:\/\/nk7-testes.com.br\/agazeta\/wp-content\/uploads\/2024\/02\/WhatsApp-Image-2024-02-26-at-10.05.06-300x200.webp 300w, https:\/\/nk7-testes.com.br\/agazeta\/wp-content\/uploads\/2024\/02\/WhatsApp-Image-2024-02-26-at-10.05.06-1024x683.webp 1024w, https:\/\/nk7-testes.com.br\/agazeta\/wp-content\/uploads\/2024\/02\/WhatsApp-Image-2024-02-26-at-10.05.06-768x512.webp 768w, https:\/\/nk7-testes.com.br\/agazeta\/wp-content\/uploads\/2024\/02\/WhatsApp-Image-2024-02-26-at-10.05.06-750x500.webp 750w, https:\/\/nk7-testes.com.br\/agazeta\/wp-content\/uploads\/2024\/02\/WhatsApp-Image-2024-02-26-at-10.05.06-1140x760.webp 1140w\" sizes=\"(max-width: 657px) 100vw, 657px\" \/><figcaption id=\"caption-attachment-127923\" class=\"wp-caption-text\">Decreto\/ imagem: Asscom<\/figcaption><\/figure>\n<p style=\"text-align: justify;\"><span style=\"font-weight: 400;\">Segundo Bocalom, esse decreto para Rio Branco \u00e9 necess\u00e1rio, pois o governo do Acre j\u00e1 decretou emerg\u00eancia em todo o estado. Al\u00e9m disso, o Minist\u00e9rio do Desenvolvimento Regional do Brasil reconheceu a situa\u00e7\u00e3o de calamidade que a regi\u00e3o vive. No Acre, cerca de 17 munic\u00edpios j\u00e1 aderiram a essa alternativa.<\/span><\/p>\n<p style=\"text-align: justify;\"><span style=\"font-weight: 400;\">&#8220;Bom, o decreto, no momento, o governo do estado j\u00e1 fez a decreta\u00e7\u00e3o de todos os munic\u00edpios, e o minist\u00e9rio fez um reconhecimento sum\u00e1rio, ent\u00e3o, significa que n\u00f3s vamos entrar agora com o nosso decreto, como outros munic\u00edpios tamb\u00e9m j\u00e1 est\u00e3o fazendo ou fizeram, n\u00f3s estamos esperando exatamente hoje, segunda-feira, para fazer o nosso decreto, para a gente fazer uma coisa mais correta, entendeu&#8221;, explica o prefeito.<\/span><\/p>\n<p style=\"text-align: justify;\"><span style=\"font-weight: 400;\">Ele esclarece que vai a Bras\u00edlia com o senador Alan Rick do partido Uni\u00e3o Brasil, para esclarecer quest\u00f5es voltadas ao decreto. Ele recebeu uma liga\u00e7\u00e3o do Senador, no qual foi explicado o reconhecimento sum\u00e1rio da situa\u00e7\u00e3o, que o ministro do Desenvolvimento Regional do Brasil, Waldez G\u00f3es, fez.<\/span><\/p>\n<figure id=\"attachment_127924\" aria-describedby=\"caption-attachment-127924\" style=\"width: 692px\" class=\"wp-caption aligncenter\"><img decoding=\"async\" class=\" wp-image-127924\" src=\"https:\/\/nk7-testes.com.br\/wp-content\/uploads\/2024\/02\/WhatsApp-Image-2024-02-26-at-10.05.51-1-jpeg.webp\" alt=\"\" width=\"692\" height=\"390\" srcset=\"https:\/\/nk7-testes.com.br\/agazeta\/wp-content\/uploads\/2024\/02\/WhatsApp-Image-2024-02-26-at-10.05.51-1-jpeg.webp 1368w, https:\/\/nk7-testes.com.br\/agazeta\/wp-content\/uploads\/2024\/02\/WhatsApp-Image-2024-02-26-at-10.05.51-1-300x169.webp 300w, https:\/\/nk7-testes.com.br\/agazeta\/wp-content\/uploads\/2024\/02\/WhatsApp-Image-2024-02-26-at-10.05.51-1-1024x576.webp 1024w, https:\/\/nk7-testes.com.br\/agazeta\/wp-content\/uploads\/2024\/02\/WhatsApp-Image-2024-02-26-at-10.05.51-1-768x432.webp 768w, https:\/\/nk7-testes.com.br\/agazeta\/wp-content\/uploads\/2024\/02\/WhatsApp-Image-2024-02-26-at-10.05.51-1-750x422.webp 750w, https:\/\/nk7-testes.com.br\/agazeta\/wp-content\/uploads\/2024\/02\/WhatsApp-Image-2024-02-26-at-10.05.51-1-1140x642.webp 1140w\" sizes=\"(max-width: 692px) 100vw, 692px\" \/><figcaption id=\"caption-attachment-127924\" class=\"wp-caption-text\">Imagem: Asscom<\/figcaption><\/figure>\n<p style=\"text-align: justify;\"><span style=\"font-weight: 400;\">A gente sabia que o rio ia continuar subindo. Ent\u00e3o, tem que fazer um decreto j\u00e1 de uma vez, com o rio nessa altura que est\u00e1. Porque at\u00e9 ent\u00e3o a Prefeitura est\u00e1 cuidando. Ent\u00e3o, a gente vai a Bras\u00edlia hoje, o senador Alan Henrique me ligou ontem \u00e0 noite, me passou o decreto de reconhecimento sum\u00e1rio, que o nosso ministro Waldez G\u00f3es fez&#8221;, esclarece Bocalom.<\/span><\/p>\n<p style=\"text-align: justify;\"><span style=\"font-weight: 400;\">Al\u00e9m disso, ele explica que conversar\u00e1 com o ministro para saber quais medidas poder\u00e3o ser tomadas e que tipo de ajuda poder\u00e1 ser oferecida. O prefeito deixa claro que a Prefeitura age financeiramente e que neste momento cabe ao governo federal ajudar, como fez em todos os outros anos de enchentes.<\/span><\/p>\n<p style=\"text-align: justify;\"><span style=\"font-weight: 400;\">Ent\u00e3o, a prefeitura agora, eu estarei indo l\u00e1 para poder saber o que \u00e9 que o minist\u00e9rio pode fazer, quanto de recurso ele pode arrumar, que a prefeitura j\u00e1 est\u00e1 botando a m\u00e3o no bolso, j\u00e1 est\u00e1 fazendo a parte dela. E agora a gente vai ver o que o minist\u00e9rio pode fazer, o governo federal, que o ano passado foi parceiro tamb\u00e9m, e a gente agradece muito por isso&#8221;, conclui o prefeito.<\/span><\/p>\n<p><em>Mat\u00e9ria em v\u00eddeo produzida pela rep\u00f3rter D\u00e9bora Ribeiro para a TV Gazeta<\/em><\/p>\n","protected":false},"excerpt":{"rendered":"<p>O prefeito de Rio Branco, Ti\u00e3o Bocalom, diante da situa\u00e7\u00e3o de enchente na cidade, assinou nesta segunda-feira (26) o decreto de Emerg\u00eancia, al\u00e9m disso, ir\u00e1\u00a0 viajar para Bras\u00edlia para tratar sobre o assunto. A informa\u00e7\u00e3o foi divulgada por ele, em uma entrevista com a TV Gazeta para o programa Balan\u00e7o Geral e pode sair tamb\u00e9m [&hellip;]<\/p>\n","protected":false},"author":4,"featured_media":127928,"comment_status":"open","ping_status":"open","sticky":false,"template":"","format":"standard","meta":{"jnews-multi-image_gallery":[],"jnews_single_post":{"source_name":"","source_url":"","via_name":"","via_url":"","override_template":"0","override":[{"template":"custom","single_blog_custom":"110746","parallax":"1","fullscreen":"1","layout":"right-sidebar","sidebar":"default-sidebar","second_sidebar":"default-sidebar","sticky_sidebar":"1","share_position":"top","share_float_style":"share-monocrhome","show_share_counter":"1","show_view_counter":"1","show_featured":"1","show_post_meta":"1","show_post_author":"1","show_post_author_image":"1","show_post_date":"1","post_date_format":"default","post_date_format_custom":"Y\/m\/d","show_post_category":"1","show_post_reading_time":"0","post_reading_time_wpm":"300","show_zoom_button":"0","zoom_button_out_step":"2","zoom_button_in_step":"3","show_post_tag":"1","show_prev_next_post":"1","show_popup_post":"1","number_popup_post":"1","show_author_box":"0","show_post_related":"1","show_inline_post_related":"0"}],"override_image_size":"0","image_override":[{"single_post_thumbnail_size":"crop-500","single_post_gallery_size":"crop-500"}],"trending_post":"0","trending_post_position":"meta","trending_post_label":"Trending","sponsored_post":"0","sponsored_post_label":"Sponsored by","sponsored_post_name":"","sponsored_post_url":"","sponsored_post_logo_enable":"0","sponsored_post_logo":"","sponsored_post_desc":"","disable_ad":"0"},"jnews_primary_category":{"id":"","hide":""},"jnews_social_meta":{"fb_title":"","fb_description":"","fb_image":"","twitter_title":"","twitter_description":"","twitter_image":""},"jnews_review":[],"enable_review":"0","type":"percentage","name":"","summary":"","brand":"","sku":"","good":[{"good_text":""}],"bad":[{"bad_text":""}],"score_override":"0","override_value":"","rating":[{"rating_text":"","rating_number":"10"}],"price":[{"shop":"","price":"","link":"","icon":""}],"footnotes":""},"categories":[54],"tags":[152],"class_list":["post-127917","post","type-post","status-publish","format-standard","has-post-thumbnail","hentry","category-cotidiano","tag-destaque"],"yoast_head":"<!-- This site is optimized with the Yoast SEO plugin v26.5 - https:\/\/yoast.com\/wordpress\/plugins\/seo\/ -->\n<title>Prefeitura de Rio Branco anuncia decreto de Emerg\u00eancia; Bocalom vai viajar para Bras\u00edlia em busca de recursos - Agazeta.net<\/title>\n<meta name=\"robots\" content=\"index, follow, max-snippet:-1, max-image-preview:large, max-video-preview:-1\" \/>\n<link rel=\"canonical\" href=\"https:\/\/nk7-testes.com.br\/agazeta\/prefeitura-de-rio-branco-anuncia-decreto-de-emergencia-bocalom-vai-viajar-para-brasilia-em-busca-de-recursos\/\" \/>\n<meta property=\"og:locale\" content=\"pt_BR\" \/>\n<meta property=\"og:type\" content=\"article\" \/>\n<meta property=\"og:title\" content=\"Prefeitura de Rio Branco anuncia decreto de Emerg\u00eancia; Bocalom vai viajar para Bras\u00edlia em busca de recursos - Agazeta.net\" \/>\n<meta property=\"og:description\" content=\"O prefeito de Rio Branco, Ti\u00e3o Bocalom, diante da situa\u00e7\u00e3o de enchente na cidade, assinou nesta segunda-feira (26) o decreto de Emerg\u00eancia, al\u00e9m disso, ir\u00e1\u00a0 viajar para Bras\u00edlia para tratar sobre o assunto. A informa\u00e7\u00e3o foi divulgada por ele, em uma entrevista com a TV Gazeta para o programa Balan\u00e7o Geral e pode sair tamb\u00e9m [&hellip;]\" \/>\n<meta property=\"og:url\" content=\"https:\/\/nk7-testes.com.br\/agazeta\/prefeitura-de-rio-branco-anuncia-decreto-de-emergencia-bocalom-vai-viajar-para-brasilia-em-busca-de-recursos\/\" \/>\n<meta property=\"og:site_name\" content=\"Agazeta.net\" \/>\n<meta property=\"article:published_time\" content=\"2024-02-26T14:40:44+00:00\" \/>\n<meta property=\"article:modified_time\" content=\"2024-02-26T15:16:14+00:00\" \/>\n<meta property=\"og:image\" content=\"https:\/\/nk7-testes.com.br\/agazeta\/wp-content\/uploads\/2024\/02\/WhatsApp-Image-2024-02-26-at-10.14.23-jpeg.webp\" \/>\n\t<meta property=\"og:image:width\" content=\"1040\" \/>\n\t<meta property=\"og:image:height\" content=\"585\" \/>\n\t<meta property=\"og:image:type\" content=\"image\/jpeg\" \/>\n<meta name=\"author\" content=\"Agazeta.Net\" \/>\n<meta name=\"twitter:card\" content=\"summary_large_image\" \/>\n<meta name=\"twitter:label1\" content=\"Escrito por\" \/>\n\t<meta name=\"twitter:data1\" content=\"Agazeta.Net\" \/>\n\t<meta name=\"twitter:label2\" content=\"Est. tempo de leitura\" \/>\n\t<meta name=\"twitter:data2\" content=\"2 minutos\" \/>\n<script type=\"application\/ld+json\" class=\"yoast-schema-graph\">{\"@context\":\"https:\/\/schema.org\",\"@graph\":[{\"@type\":\"WebPage\",\"@id\":\"https:\/\/nk7-testes.com.br\/agazeta\/prefeitura-de-rio-branco-anuncia-decreto-de-emergencia-bocalom-vai-viajar-para-brasilia-em-busca-de-recursos\/\",\"url\":\"https:\/\/nk7-testes.com.br\/agazeta\/prefeitura-de-rio-branco-anuncia-decreto-de-emergencia-bocalom-vai-viajar-para-brasilia-em-busca-de-recursos\/\",\"name\":\"Prefeitura de Rio Branco anuncia decreto de Emerg\u00eancia; Bocalom vai viajar para Bras\u00edlia em busca de recursos - Agazeta.net\",\"isPartOf\":{\"@id\":\"https:\/\/nk7-testes.com.br\/agazeta\/#website\"},\"primaryImageOfPage\":{\"@id\":\"https:\/\/nk7-testes.com.br\/agazeta\/prefeitura-de-rio-branco-anuncia-decreto-de-emergencia-bocalom-vai-viajar-para-brasilia-em-busca-de-recursos\/#primaryimage\"},\"image\":{\"@id\":\"https:\/\/nk7-testes.com.br\/agazeta\/prefeitura-de-rio-branco-anuncia-decreto-de-emergencia-bocalom-vai-viajar-para-brasilia-em-busca-de-recursos\/#primaryimage\"},\"thumbnailUrl\":\"https:\/\/nk7-testes.com.br\/agazeta\/wp-content\/uploads\/2024\/02\/WhatsApp-Image-2024-02-26-at-10.14.23-jpeg.webp\",\"datePublished\":\"2024-02-26T14:40:44+00:00\",\"dateModified\":\"2024-02-26T15:16:14+00:00\",\"author\":{\"@id\":\"https:\/\/nk7-testes.com.br\/agazeta\/#\/schema\/person\/ff6b39d54d6973bfc57f4140f659b23f\"},\"breadcrumb\":{\"@id\":\"https:\/\/nk7-testes.com.br\/agazeta\/prefeitura-de-rio-branco-anuncia-decreto-de-emergencia-bocalom-vai-viajar-para-brasilia-em-busca-de-recursos\/#breadcrumb\"},\"inLanguage\":\"pt-BR\",\"potentialAction\":[{\"@type\":\"ReadAction\",\"target\":[\"https:\/\/nk7-testes.com.br\/agazeta\/prefeitura-de-rio-branco-anuncia-decreto-de-emergencia-bocalom-vai-viajar-para-brasilia-em-busca-de-recursos\/\"]}]},{\"@type\":\"ImageObject\",\"inLanguage\":\"pt-BR\",\"@id\":\"https:\/\/nk7-testes.com.br\/agazeta\/prefeitura-de-rio-branco-anuncia-decreto-de-emergencia-bocalom-vai-viajar-para-brasilia-em-busca-de-recursos\/#primaryimage\",\"url\":\"https:\/\/nk7-testes.com.br\/agazeta\/wp-content\/uploads\/2024\/02\/WhatsApp-Image-2024-02-26-at-10.14.23-jpeg.webp\",\"contentUrl\":\"https:\/\/nk7-testes.com.br\/agazeta\/wp-content\/uploads\/2024\/02\/WhatsApp-Image-2024-02-26-at-10.14.23-jpeg.webp\",\"width\":1040,\"height\":585,\"caption\":\"Imagem: Asscom\"},{\"@type\":\"BreadcrumbList\",\"@id\":\"https:\/\/nk7-testes.com.br\/agazeta\/prefeitura-de-rio-branco-anuncia-decreto-de-emergencia-bocalom-vai-viajar-para-brasilia-em-busca-de-recursos\/#breadcrumb\",\"itemListElement\":[{\"@type\":\"ListItem\",\"position\":1,\"name\":\"In\u00edcio\",\"item\":\"https:\/\/nk7-testes.com.br\/agazeta\/\"},{\"@type\":\"ListItem\",\"position\":2,\"name\":\"Prefeitura de Rio Branco anuncia decreto de Emerg\u00eancia; Bocalom vai viajar para Bras\u00edlia em busca de recursos\"}]},{\"@type\":\"WebSite\",\"@id\":\"https:\/\/nk7-testes.com.br\/agazeta\/#website\",\"url\":\"https:\/\/nk7-testes.com.br\/agazeta\/\",\"name\":\"Agazeta.net\",\"description\":\"Agazeta.net - Not\u00edcias de Rio Branco\/AC\",\"potentialAction\":[{\"@type\":\"SearchAction\",\"target\":{\"@type\":\"EntryPoint\",\"urlTemplate\":\"https:\/\/nk7-testes.com.br\/agazeta\/?s={search_term_string}\"},\"query-input\":{\"@type\":\"PropertyValueSpecification\",\"valueRequired\":true,\"valueName\":\"search_term_string\"}}],\"inLanguage\":\"pt-BR\"},{\"@type\":\"Person\",\"@id\":\"https:\/\/nk7-testes.com.br\/agazeta\/#\/schema\/person\/ff6b39d54d6973bfc57f4140f659b23f\",\"name\":\"Agazeta.Net\",\"url\":\"https:\/\/nk7-testes.com.br\/agazeta\/author\/agazeta\/\"}]}<\/script>\n<!-- \/ Yoast SEO plugin. -->","yoast_head_json":{"title":"Prefeitura de Rio Branco anuncia decreto de Emerg\u00eancia; Bocalom vai viajar para Bras\u00edlia em busca de recursos - Agazeta.net","robots":{"index":"index","follow":"follow","max-snippet":"max-snippet:-1","max-image-preview":"max-image-preview:large","max-video-preview":"max-video-preview:-1"},"canonical":"https:\/\/nk7-testes.com.br\/agazeta\/prefeitura-de-rio-branco-anuncia-decreto-de-emergencia-bocalom-vai-viajar-para-brasilia-em-busca-de-recursos\/","og_locale":"pt_BR","og_type":"article","og_title":"Prefeitura de Rio Branco anuncia decreto de Emerg\u00eancia; Bocalom vai viajar para Bras\u00edlia em busca de recursos - Agazeta.net","og_description":"O prefeito de Rio Branco, Ti\u00e3o Bocalom, diante da situa\u00e7\u00e3o de enchente na cidade, assinou nesta segunda-feira (26) o decreto de Emerg\u00eancia, al\u00e9m disso, ir\u00e1\u00a0 viajar para Bras\u00edlia para tratar sobre o assunto. A informa\u00e7\u00e3o foi divulgada por ele, em uma entrevista com a TV Gazeta para o programa Balan\u00e7o Geral e pode sair tamb\u00e9m [&hellip;]","og_url":"https:\/\/nk7-testes.com.br\/agazeta\/prefeitura-de-rio-branco-anuncia-decreto-de-emergencia-bocalom-vai-viajar-para-brasilia-em-busca-de-recursos\/","og_site_name":"Agazeta.net","article_published_time":"2024-02-26T14:40:44+00:00","article_modified_time":"2024-02-26T15:16:14+00:00","og_image":[{"width":1040,"height":585,"url":"https:\/\/nk7-testes.com.br\/agazeta\/wp-content\/uploads\/2024\/02\/WhatsApp-Image-2024-02-26-at-10.14.23-jpeg.webp","type":"image\/jpeg"}],"author":"Agazeta.Net","twitter_card":"summary_large_image","twitter_misc":{"Escrito por":"Agazeta.Net","Est. tempo de leitura":"2 minutos"},"schema":{"@context":"https:\/\/schema.org","@graph":[{"@type":"WebPage","@id":"https:\/\/nk7-testes.com.br\/agazeta\/prefeitura-de-rio-branco-anuncia-decreto-de-emergencia-bocalom-vai-viajar-para-brasilia-em-busca-de-recursos\/","url":"https:\/\/nk7-testes.com.br\/agazeta\/prefeitura-de-rio-branco-anuncia-decreto-de-emergencia-bocalom-vai-viajar-para-brasilia-em-busca-de-recursos\/","name":"Prefeitura de Rio Branco anuncia decreto de Emerg\u00eancia; Bocalom vai viajar para Bras\u00edlia em busca de recursos - Agazeta.net","isPartOf":{"@id":"https:\/\/nk7-testes.com.br\/agazeta\/#website"},"primaryImageOfPage":{"@id":"https:\/\/nk7-testes.com.br\/agazeta\/prefeitura-de-rio-branco-anuncia-decreto-de-emergencia-bocalom-vai-viajar-para-brasilia-em-busca-de-recursos\/#primaryimage"},"image":{"@id":"https:\/\/nk7-testes.com.br\/agazeta\/prefeitura-de-rio-branco-anuncia-decreto-de-emergencia-bocalom-vai-viajar-para-brasilia-em-busca-de-recursos\/#primaryimage"},"thumbnailUrl":"https:\/\/nk7-testes.com.br\/agazeta\/wp-content\/uploads\/2024\/02\/WhatsApp-Image-2024-02-26-at-10.14.23-jpeg.webp","datePublished":"2024-02-26T14:40:44+00:00","dateModified":"2024-02-26T15:16:14+00:00","author":{"@id":"https:\/\/nk7-testes.com.br\/agazeta\/#\/schema\/person\/ff6b39d54d6973bfc57f4140f659b23f"},"breadcrumb":{"@id":"https:\/\/nk7-testes.com.br\/agazeta\/prefeitura-de-rio-branco-anuncia-decreto-de-emergencia-bocalom-vai-viajar-para-brasilia-em-busca-de-recursos\/#breadcrumb"},"inLanguage":"pt-BR","potentialAction":[{"@type":"ReadAction","target":["https:\/\/nk7-testes.com.br\/agazeta\/prefeitura-de-rio-branco-anuncia-decreto-de-emergencia-bocalom-vai-viajar-para-brasilia-em-busca-de-recursos\/"]}]},{"@type":"ImageObject","inLanguage":"pt-BR","@id":"https:\/\/nk7-testes.com.br\/agazeta\/prefeitura-de-rio-branco-anuncia-decreto-de-emergencia-bocalom-vai-viajar-para-brasilia-em-busca-de-recursos\/#primaryimage","url":"https:\/\/nk7-testes.com.br\/agazeta\/wp-content\/uploads\/2024\/02\/WhatsApp-Image-2024-02-26-at-10.14.23-jpeg.webp","contentUrl":"https:\/\/nk7-testes.com.br\/agazeta\/wp-content\/uploads\/2024\/02\/WhatsApp-Image-2024-02-26-at-10.14.23-jpeg.webp","width":1040,"height":585,"caption":"Imagem: Asscom"},{"@type":"BreadcrumbList","@id":"https:\/\/nk7-testes.com.br\/agazeta\/prefeitura-de-rio-branco-anuncia-decreto-de-emergencia-bocalom-vai-viajar-para-brasilia-em-busca-de-recursos\/#breadcrumb","itemListElement":[{"@type":"ListItem","position":1,"name":"In\u00edcio","item":"https:\/\/nk7-testes.com.br\/agazeta\/"},{"@type":"ListItem","position":2,"name":"Prefeitura de Rio Branco anuncia decreto de Emerg\u00eancia; Bocalom vai viajar para Bras\u00edlia em busca de recursos"}]},{"@type":"WebSite","@id":"https:\/\/nk7-testes.com.br\/agazeta\/#website","url":"https:\/\/nk7-testes.com.br\/agazeta\/","name":"Agazeta.net","description":"Agazeta.net - Not\u00edcias de Rio Branco\/AC","potentialAction":[{"@type":"SearchAction","target":{"@type":"EntryPoint","urlTemplate":"https:\/\/nk7-testes.com.br\/agazeta\/?s={search_term_string}"},"query-input":{"@type":"PropertyValueSpecification","valueRequired":true,"valueName":"search_term_string"}}],"inLanguage":"pt-BR"},{"@type":"Person","@id":"https:\/\/nk7-testes.com.br\/agazeta\/#\/schema\/person\/ff6b39d54d6973bfc57f4140f659b23f","name":"Agazeta.Net","url":"https:\/\/nk7-testes.com.br\/agazeta\/author\/agazeta\/"}]}},"_links":{"self":[{"href":"https:\/\/nk7-testes.com.br\/agazeta\/wp-json\/wp\/v2\/posts\/127917","targetHints":{"allow":["GET"]}}],"collection":[{"href":"https:\/\/nk7-testes.com.br\/agazeta\/wp-json\/wp\/v2\/posts"}],"about":[{"href":"https:\/\/nk7-testes.com.br\/agazeta\/wp-json\/wp\/v2\/types\/post"}],"author":[{"embeddable":true,"href":"https:\/\/nk7-testes.com.br\/agazeta\/wp-json\/wp\/v2\/users\/4"}],"replies":[{"embeddable":true,"href":"https:\/\/nk7-testes.com.br\/agazeta\/wp-json\/wp\/v2\/comments?post=127917"}],"version-history":[{"count":0,"href":"https:\/\/nk7-testes.com.br\/agazeta\/wp-json\/wp\/v2\/posts\/127917\/revisions"}],"wp:featuredmedia":[{"embeddable":true,"href":"https:\/\/nk7-testes.com.br\/agazeta\/wp-json\/wp\/v2\/media\/127928"}],"wp:attachment":[{"href":"https:\/\/nk7-testes.com.br\/agazeta\/wp-json\/wp\/v2\/media?parent=127917"}],"wp:term":[{"taxonomy":"category","embeddable":true,"href":"https:\/\/nk7-testes.com.br\/agazeta\/wp-json\/wp\/v2\/categories?post=127917"},{"taxonomy":"post_tag","embeddable":true,"href":"https:\/\/nk7-testes.com.br\/agazeta\/wp-json\/wp\/v2\/tags?post=127917"}],"curies":[{"name":"wp","href":"https:\/\/api.w.org\/{rel}","templated":true}]}}