{"id":127853,"date":"2024-02-23T12:35:16","date_gmt":"2024-02-23T17:35:16","guid":{"rendered":"https:\/\/nk7-testes.com.br\/?p=127853"},"modified":"2024-02-23T12:37:44","modified_gmt":"2024-02-23T17:37:44","slug":"nivel-do-rio-acre-ultrapassa-cota-de-alerta-apos-registrar-1367-metros-na-terceira-medicao-desta-sexta-feira","status":"publish","type":"post","link":"https:\/\/nk7-testes.com.br\/agazeta\/nivel-do-rio-acre-ultrapassa-cota-de-alerta-apos-registrar-1367-metros-na-terceira-medicao-desta-sexta-feira\/","title":{"rendered":"N\u00edvel do Rio Acre ultrapassa cota de alerta ap\u00f3s registrar 13,67 metros na terceira medi\u00e7\u00e3o desta sexta-feira"},"content":{"rendered":"<p style=\"text-align: justify;\">A Defesa Civil do Munic\u00edpio de Rio Branco, divulgou na tarde desta sexta-feira (23), a terceira medi\u00e7\u00e3o do dia do n\u00edvel do Rio Acre, que mostrou 13,67 metros e com isso, ultrapassou a cota de alerta que \u00e9 13,50 metros. A previs\u00e3o para esta sexta-feira \u00e9 de que chova pelo menos 49,5mm. Por isso, \u00e9 importante que o Rio Acre seja monitorado constantemente para que as fam\u00edlias nas depend\u00eancias sejam avisadas com anteced\u00eancia para que possam se preparar.<\/p>\n<p><img decoding=\"async\" class=\"aligncenter wp-image-127864 size-medium\" src=\"https:\/\/nk7-testes.com.br\/wp-content\/uploads\/2024\/02\/706bfca7-5c43-4895-902c-0f094675a83d-300x239.webp\" alt=\"\" width=\"300\" height=\"239\" srcset=\"https:\/\/nk7-testes.com.br\/agazeta\/wp-content\/uploads\/2024\/02\/706bfca7-5c43-4895-902c-0f094675a83d-300x239.webp 300w, https:\/\/nk7-testes.com.br\/agazeta\/wp-content\/uploads\/2024\/02\/706bfca7-5c43-4895-902c-0f094675a83d-768x612.webp 768w, https:\/\/nk7-testes.com.br\/agazeta\/wp-content\/uploads\/2024\/02\/706bfca7-5c43-4895-902c-0f094675a83d-750x598.webp 750w, https:\/\/nk7-testes.com.br\/agazeta\/wp-content\/uploads\/2024\/02\/706bfca7-5c43-4895-902c-0f094675a83d-jpg.webp 800w\" sizes=\"(max-width: 300px) 100vw, 300px\" \/><\/p>\n<p style=\"text-align: justify;\">Segundo dados do Cigma, baseados no Instituto Nacional de Meteorologia (INMET), \u00a0h\u00e1 dois avisos de chuvas intensas. O primeiro \u00e9 de perigo com in\u00edcio nesta quinta-feira, 22, at\u00e9 \u00e0s 10h5, e fim nesta sexta-feira, 23, \u00e0s 10h, com chuvas entre 30 e 60 mm\/h ou 50 e 100 mm\/dia, ventos intensos (60-100 km\/h).<\/p>\n<p style=\"text-align: justify;\">O segundo \u00e9 de perigo potencial com in\u00edcio nesta quinta-feira, 22, at\u00e9 \u00e0s 11h02 e fim nesta sexta-feira, 23, \u00e0s 10h, com chuvas entre 20 e 30 mm\/h ou at\u00e9 50 mm\/dia, ventos intensos (40-60 km\/h). Os dois s\u00e3o v\u00e1lidos para todos os munic\u00edpios do estado.<\/p>\n<h3 class=\"jeg_post_title\">Estado de alerta<\/h3>\n<p class=\"p1\" style=\"text-align: justify;\"><span class=\"s1\">Antecipando-se \u00e0 possibilidade de enchente do Rio Acre, em virtude da grande quantidade de chuvas que atingiu o estado nesta semana, o governador <a href=\"https:\/\/nk7-testes.com.br\/decreto-que-estabelece-estado-de-alerta-devido-a-enchentes-no-acre-e-assinado-entenda\/\">Gladson Cameli assinou nesta sexta-feira, 23,<\/a> o decreto que declara estado de alerta no Acre.<\/span><\/p>\n<p class=\"p1\" style=\"text-align: justify;\"><span class=\"s1\">O documento prev\u00ea a constitui\u00e7\u00e3o de equipes multidisciplinares para articula\u00e7\u00e3o, coordena\u00e7\u00e3o e atendimento de situa\u00e7\u00f5es emergenciais em raz\u00e3o do per\u00edodo de chuvas. O decreto \u00e9 v\u00e1lido entre os meses de fevereiro e abril deste ano.<\/span><\/p>\n<p class=\"p1\" style=\"text-align: justify;\"><span class=\"s1\">\u201cVamos tomar provid\u00eancias antes que o rio suba mais e desabrigue as pessoas. N\u00e3o podemos politizar essa situa\u00e7\u00e3o, pois estamos falando da vida das pessoas. J\u00e1 acompanhamos de perto, dando o suporte e realizando a\u00e7\u00f5es em Assis Brasil, por exemplo\u201d, afirmou o governador, em entrevista coletiva.<\/span><\/p>\n<h3 class=\"jeg_post_title\">Situa\u00e7\u00e3o de emerg\u00eancia em Assis Brasil<\/h3>\n<p style=\"text-align: justify;\">O prefeito do munic\u00edpio de Assis Brasil, Jerry Correia, decretou na manh\u00e3 desta sexta-feira (23), por meio do Di\u00e1rio Oficial do Estado (DOE), a situa\u00e7\u00e3o anormal, <a href=\"https:\/\/nk7-testes.com.br\/apos-mais-de-250-pessoas-serem-atingidas-pelas-enchentes-em-assis-brasil-prefeitura-decreta-situacao-de-emergencia\/\">caracterizada como situa\u00e7\u00e3o de de emerg\u00eancia<\/a> nas \u00e1reas do munic\u00edpio de Assis Brasil pela ocorr\u00eancia de enxurradas e enchentes.<\/p>\n<p style=\"text-align: justify;\">A decis\u00e3o foi necess\u00e1ria devido aos\u00a0 dois Igarap\u00e9s, entre eles, o Igarap\u00e9 Cascata e o Igarap\u00e9 da On\u00e7a, os quais cortam a cidade de Assis Brasil, transbordaram e atingiram casas, lojas, com\u00e9rcios e outros estabelecimentos. Al\u00e9m disso, considerando que na zona rural a enxurrada cobriu diversas pontes nos ramais, destacando principalmente o Igarap\u00e9 S\u00e3o Pedro.<\/p>\n<p style=\"text-align: justify;\">A Defesa Civil Municipal confirmou que quatro bairros foram atingidos pela enchente e enxurrada na manh\u00e3 de desta quinta-feira (22), e h\u00e1 tamb\u00e9m informa\u00e7\u00f5es de que aproximadamente mais de 250 pessoas atingidas, conforme levantamento realizado pela Coordenadoria Municipal de Defesa Civil e Gabinete do Prefeito.<\/p>\n<p>&nbsp;<\/p>\n","protected":false},"excerpt":{"rendered":"<p>A Defesa Civil do Munic\u00edpio de Rio Branco, divulgou na tarde desta sexta-feira (23), a terceira medi\u00e7\u00e3o do dia do n\u00edvel do Rio Acre, que mostrou 13,67 metros e com isso, ultrapassou a cota de alerta que \u00e9 13,50 metros. A previs\u00e3o para esta sexta-feira \u00e9 de que chova pelo menos 49,5mm. Por isso, \u00e9 [&hellip;]<\/p>\n","protected":false},"author":4,"featured_media":127857,"comment_status":"open","ping_status":"open","sticky":false,"template":"","format":"standard","meta":{"jnews-multi-image_gallery":[],"jnews_single_post":{"source_name":"","source_url":"","via_name":"","via_url":"","override_template":"0","override":[{"template":"custom","single_blog_custom":"110746","parallax":"1","fullscreen":"1","layout":"right-sidebar","sidebar":"default-sidebar","second_sidebar":"default-sidebar","sticky_sidebar":"1","share_position":"top","share_float_style":"share-monocrhome","show_share_counter":"1","show_view_counter":"1","show_featured":"1","show_post_meta":"1","show_post_author":"1","show_post_author_image":"1","show_post_date":"1","post_date_format":"default","post_date_format_custom":"Y\/m\/d","show_post_category":"1","show_post_reading_time":"0","post_reading_time_wpm":"300","show_zoom_button":"0","zoom_button_out_step":"2","zoom_button_in_step":"3","show_post_tag":"1","show_prev_next_post":"1","show_popup_post":"1","number_popup_post":"1","show_author_box":"0","show_post_related":"1","show_inline_post_related":"0"}],"override_image_size":"0","image_override":[{"single_post_thumbnail_size":"crop-500","single_post_gallery_size":"crop-500"}],"trending_post":"0","trending_post_position":"meta","trending_post_label":"Trending","sponsored_post":"0","sponsored_post_label":"Sponsored by","sponsored_post_name":"","sponsored_post_url":"","sponsored_post_logo_enable":"0","sponsored_post_logo":"","sponsored_post_desc":"","disable_ad":"0"},"jnews_primary_category":{"id":"","hide":""},"jnews_social_meta":{"fb_title":"","fb_description":"","fb_image":"","twitter_title":"","twitter_description":"","twitter_image":""},"jnews_review":[],"enable_review":"0","type":"percentage","name":"","summary":"","brand":"","sku":"","good":[{"good_text":""}],"bad":[{"bad_text":""}],"score_override":"0","override_value":"","rating":[{"rating_text":"","rating_number":"10"}],"price":[{"shop":"","price":"","link":"","icon":""}],"footnotes":""},"categories":[54],"tags":[],"class_list":["post-127853","post","type-post","status-publish","format-standard","has-post-thumbnail","hentry","category-cotidiano"],"yoast_head":"<!-- This site is optimized with the Yoast SEO plugin v26.5 - https:\/\/yoast.com\/wordpress\/plugins\/seo\/ -->\n<title>N\u00edvel do Rio Acre ultrapassa cota de alerta ap\u00f3s registrar 13,67 metros na terceira medi\u00e7\u00e3o desta sexta-feira - Agazeta.net<\/title>\n<meta name=\"robots\" content=\"index, follow, max-snippet:-1, max-image-preview:large, max-video-preview:-1\" \/>\n<link rel=\"canonical\" href=\"https:\/\/nk7-testes.com.br\/agazeta\/nivel-do-rio-acre-ultrapassa-cota-de-alerta-apos-registrar-1367-metros-na-terceira-medicao-desta-sexta-feira\/\" \/>\n<meta property=\"og:locale\" content=\"pt_BR\" \/>\n<meta property=\"og:type\" content=\"article\" \/>\n<meta property=\"og:title\" content=\"N\u00edvel do Rio Acre ultrapassa cota de alerta ap\u00f3s registrar 13,67 metros na terceira medi\u00e7\u00e3o desta sexta-feira\" \/>\n<meta property=\"og:description\" content=\"A previs\u00e3o para esta sexta-feira \u00e9 de que chova pelo menos 49,5mm\" \/>\n<meta property=\"og:url\" content=\"https:\/\/nk7-testes.com.br\/agazeta\/nivel-do-rio-acre-ultrapassa-cota-de-alerta-apos-registrar-1367-metros-na-terceira-medicao-desta-sexta-feira\/\" \/>\n<meta property=\"og:site_name\" content=\"Agazeta.net\" \/>\n<meta property=\"article:published_time\" content=\"2024-02-23T17:35:16+00:00\" \/>\n<meta property=\"article:modified_time\" content=\"2024-02-23T17:37:44+00:00\" \/>\n<meta property=\"og:image\" content=\"https:\/\/nk7-testes.com.br\/agazeta\/wp-content\/uploads\/2024\/02\/683654c7-ca8f-4330-9515-003325ff95c0-jpg.webp\" \/>\n\t<meta property=\"og:image:width\" content=\"800\" \/>\n\t<meta property=\"og:image:height\" content=\"444\" \/>\n\t<meta property=\"og:image:type\" content=\"image\/jpeg\" \/>\n<meta name=\"author\" content=\"Agazeta.Net\" \/>\n<meta name=\"twitter:card\" content=\"summary_large_image\" \/>\n<meta name=\"twitter:title\" content=\"N\u00edvel do Rio Acre ultrapassa cota de alerta ap\u00f3s registrar 13,67 metros na terceira medi\u00e7\u00e3o desta sexta-feira\" \/>\n<meta name=\"twitter:description\" content=\"A previs\u00e3o para esta sexta-feira \u00e9 de que chova pelo menos 49,5mm\" \/>\n<meta name=\"twitter:image\" content=\"https:\/\/nk7-testes.com.br\/agazeta\/wp-content\/uploads\/2024\/02\/683654c7-ca8f-4330-9515-003325ff95c0-jpg.webp\" \/>\n<meta name=\"twitter:label1\" content=\"Escrito por\" \/>\n\t<meta name=\"twitter:data1\" content=\"Agazeta.Net\" \/>\n\t<meta name=\"twitter:label2\" content=\"Est. tempo de leitura\" \/>\n\t<meta name=\"twitter:data2\" content=\"2 minutos\" \/>\n<script type=\"application\/ld+json\" class=\"yoast-schema-graph\">{\"@context\":\"https:\/\/schema.org\",\"@graph\":[{\"@type\":\"WebPage\",\"@id\":\"https:\/\/nk7-testes.com.br\/agazeta\/nivel-do-rio-acre-ultrapassa-cota-de-alerta-apos-registrar-1367-metros-na-terceira-medicao-desta-sexta-feira\/\",\"url\":\"https:\/\/nk7-testes.com.br\/agazeta\/nivel-do-rio-acre-ultrapassa-cota-de-alerta-apos-registrar-1367-metros-na-terceira-medicao-desta-sexta-feira\/\",\"name\":\"N\u00edvel do Rio Acre ultrapassa cota de alerta ap\u00f3s registrar 13,67 metros na terceira medi\u00e7\u00e3o desta sexta-feira - Agazeta.net\",\"isPartOf\":{\"@id\":\"https:\/\/nk7-testes.com.br\/agazeta\/#website\"},\"primaryImageOfPage\":{\"@id\":\"https:\/\/nk7-testes.com.br\/agazeta\/nivel-do-rio-acre-ultrapassa-cota-de-alerta-apos-registrar-1367-metros-na-terceira-medicao-desta-sexta-feira\/#primaryimage\"},\"image\":{\"@id\":\"https:\/\/nk7-testes.com.br\/agazeta\/nivel-do-rio-acre-ultrapassa-cota-de-alerta-apos-registrar-1367-metros-na-terceira-medicao-desta-sexta-feira\/#primaryimage\"},\"thumbnailUrl\":\"https:\/\/nk7-testes.com.br\/agazeta\/wp-content\/uploads\/2024\/02\/683654c7-ca8f-4330-9515-003325ff95c0-jpg.webp\",\"datePublished\":\"2024-02-23T17:35:16+00:00\",\"dateModified\":\"2024-02-23T17:37:44+00:00\",\"author\":{\"@id\":\"https:\/\/nk7-testes.com.br\/agazeta\/#\/schema\/person\/ff6b39d54d6973bfc57f4140f659b23f\"},\"breadcrumb\":{\"@id\":\"https:\/\/nk7-testes.com.br\/agazeta\/nivel-do-rio-acre-ultrapassa-cota-de-alerta-apos-registrar-1367-metros-na-terceira-medicao-desta-sexta-feira\/#breadcrumb\"},\"inLanguage\":\"pt-BR\",\"potentialAction\":[{\"@type\":\"ReadAction\",\"target\":[\"https:\/\/nk7-testes.com.br\/agazeta\/nivel-do-rio-acre-ultrapassa-cota-de-alerta-apos-registrar-1367-metros-na-terceira-medicao-desta-sexta-feira\/\"]}]},{\"@type\":\"ImageObject\",\"inLanguage\":\"pt-BR\",\"@id\":\"https:\/\/nk7-testes.com.br\/agazeta\/nivel-do-rio-acre-ultrapassa-cota-de-alerta-apos-registrar-1367-metros-na-terceira-medicao-desta-sexta-feira\/#primaryimage\",\"url\":\"https:\/\/nk7-testes.com.br\/agazeta\/wp-content\/uploads\/2024\/02\/683654c7-ca8f-4330-9515-003325ff95c0-jpg.webp\",\"contentUrl\":\"https:\/\/nk7-testes.com.br\/agazeta\/wp-content\/uploads\/2024\/02\/683654c7-ca8f-4330-9515-003325ff95c0-jpg.webp\",\"width\":800,\"height\":444},{\"@type\":\"BreadcrumbList\",\"@id\":\"https:\/\/nk7-testes.com.br\/agazeta\/nivel-do-rio-acre-ultrapassa-cota-de-alerta-apos-registrar-1367-metros-na-terceira-medicao-desta-sexta-feira\/#breadcrumb\",\"itemListElement\":[{\"@type\":\"ListItem\",\"position\":1,\"name\":\"In\u00edcio\",\"item\":\"https:\/\/nk7-testes.com.br\/agazeta\/\"},{\"@type\":\"ListItem\",\"position\":2,\"name\":\"N\u00edvel do Rio Acre ultrapassa cota de alerta ap\u00f3s registrar 13,67 metros na terceira medi\u00e7\u00e3o desta sexta-feira\"}]},{\"@type\":\"WebSite\",\"@id\":\"https:\/\/nk7-testes.com.br\/agazeta\/#website\",\"url\":\"https:\/\/nk7-testes.com.br\/agazeta\/\",\"name\":\"Agazeta.net\",\"description\":\"Agazeta.net - Not\u00edcias de Rio Branco\/AC\",\"potentialAction\":[{\"@type\":\"SearchAction\",\"target\":{\"@type\":\"EntryPoint\",\"urlTemplate\":\"https:\/\/nk7-testes.com.br\/agazeta\/?s={search_term_string}\"},\"query-input\":{\"@type\":\"PropertyValueSpecification\",\"valueRequired\":true,\"valueName\":\"search_term_string\"}}],\"inLanguage\":\"pt-BR\"},{\"@type\":\"Person\",\"@id\":\"https:\/\/nk7-testes.com.br\/agazeta\/#\/schema\/person\/ff6b39d54d6973bfc57f4140f659b23f\",\"name\":\"Agazeta.Net\",\"url\":\"https:\/\/nk7-testes.com.br\/agazeta\/author\/agazeta\/\"}]}<\/script>\n<!-- \/ Yoast SEO plugin. -->","yoast_head_json":{"title":"N\u00edvel do Rio Acre ultrapassa cota de alerta ap\u00f3s registrar 13,67 metros na terceira medi\u00e7\u00e3o desta sexta-feira - Agazeta.net","robots":{"index":"index","follow":"follow","max-snippet":"max-snippet:-1","max-image-preview":"max-image-preview:large","max-video-preview":"max-video-preview:-1"},"canonical":"https:\/\/nk7-testes.com.br\/agazeta\/nivel-do-rio-acre-ultrapassa-cota-de-alerta-apos-registrar-1367-metros-na-terceira-medicao-desta-sexta-feira\/","og_locale":"pt_BR","og_type":"article","og_title":"N\u00edvel do Rio Acre ultrapassa cota de alerta ap\u00f3s registrar 13,67 metros na terceira medi\u00e7\u00e3o desta sexta-feira","og_description":"A previs\u00e3o para esta sexta-feira \u00e9 de que chova pelo menos 49,5mm","og_url":"https:\/\/nk7-testes.com.br\/agazeta\/nivel-do-rio-acre-ultrapassa-cota-de-alerta-apos-registrar-1367-metros-na-terceira-medicao-desta-sexta-feira\/","og_site_name":"Agazeta.net","article_published_time":"2024-02-23T17:35:16+00:00","article_modified_time":"2024-02-23T17:37:44+00:00","og_image":[{"width":800,"height":444,"url":"https:\/\/nk7-testes.com.br\/agazeta\/wp-content\/uploads\/2024\/02\/683654c7-ca8f-4330-9515-003325ff95c0-jpg.webp","type":"image\/jpeg"}],"author":"Agazeta.Net","twitter_card":"summary_large_image","twitter_title":"N\u00edvel do Rio Acre ultrapassa cota de alerta ap\u00f3s registrar 13,67 metros na terceira medi\u00e7\u00e3o desta sexta-feira","twitter_description":"A previs\u00e3o para esta sexta-feira \u00e9 de que chova pelo menos 49,5mm","twitter_image":"https:\/\/nk7-testes.com.br\/agazeta\/wp-content\/uploads\/2024\/02\/683654c7-ca8f-4330-9515-003325ff95c0-jpg.webp","twitter_misc":{"Escrito por":"Agazeta.Net","Est. tempo de leitura":"2 minutos"},"schema":{"@context":"https:\/\/schema.org","@graph":[{"@type":"WebPage","@id":"https:\/\/nk7-testes.com.br\/agazeta\/nivel-do-rio-acre-ultrapassa-cota-de-alerta-apos-registrar-1367-metros-na-terceira-medicao-desta-sexta-feira\/","url":"https:\/\/nk7-testes.com.br\/agazeta\/nivel-do-rio-acre-ultrapassa-cota-de-alerta-apos-registrar-1367-metros-na-terceira-medicao-desta-sexta-feira\/","name":"N\u00edvel do Rio Acre ultrapassa cota de alerta ap\u00f3s registrar 13,67 metros na terceira medi\u00e7\u00e3o desta sexta-feira - Agazeta.net","isPartOf":{"@id":"https:\/\/nk7-testes.com.br\/agazeta\/#website"},"primaryImageOfPage":{"@id":"https:\/\/nk7-testes.com.br\/agazeta\/nivel-do-rio-acre-ultrapassa-cota-de-alerta-apos-registrar-1367-metros-na-terceira-medicao-desta-sexta-feira\/#primaryimage"},"image":{"@id":"https:\/\/nk7-testes.com.br\/agazeta\/nivel-do-rio-acre-ultrapassa-cota-de-alerta-apos-registrar-1367-metros-na-terceira-medicao-desta-sexta-feira\/#primaryimage"},"thumbnailUrl":"https:\/\/nk7-testes.com.br\/agazeta\/wp-content\/uploads\/2024\/02\/683654c7-ca8f-4330-9515-003325ff95c0-jpg.webp","datePublished":"2024-02-23T17:35:16+00:00","dateModified":"2024-02-23T17:37:44+00:00","author":{"@id":"https:\/\/nk7-testes.com.br\/agazeta\/#\/schema\/person\/ff6b39d54d6973bfc57f4140f659b23f"},"breadcrumb":{"@id":"https:\/\/nk7-testes.com.br\/agazeta\/nivel-do-rio-acre-ultrapassa-cota-de-alerta-apos-registrar-1367-metros-na-terceira-medicao-desta-sexta-feira\/#breadcrumb"},"inLanguage":"pt-BR","potentialAction":[{"@type":"ReadAction","target":["https:\/\/nk7-testes.com.br\/agazeta\/nivel-do-rio-acre-ultrapassa-cota-de-alerta-apos-registrar-1367-metros-na-terceira-medicao-desta-sexta-feira\/"]}]},{"@type":"ImageObject","inLanguage":"pt-BR","@id":"https:\/\/nk7-testes.com.br\/agazeta\/nivel-do-rio-acre-ultrapassa-cota-de-alerta-apos-registrar-1367-metros-na-terceira-medicao-desta-sexta-feira\/#primaryimage","url":"https:\/\/nk7-testes.com.br\/agazeta\/wp-content\/uploads\/2024\/02\/683654c7-ca8f-4330-9515-003325ff95c0-jpg.webp","contentUrl":"https:\/\/nk7-testes.com.br\/agazeta\/wp-content\/uploads\/2024\/02\/683654c7-ca8f-4330-9515-003325ff95c0-jpg.webp","width":800,"height":444},{"@type":"BreadcrumbList","@id":"https:\/\/nk7-testes.com.br\/agazeta\/nivel-do-rio-acre-ultrapassa-cota-de-alerta-apos-registrar-1367-metros-na-terceira-medicao-desta-sexta-feira\/#breadcrumb","itemListElement":[{"@type":"ListItem","position":1,"name":"In\u00edcio","item":"https:\/\/nk7-testes.com.br\/agazeta\/"},{"@type":"ListItem","position":2,"name":"N\u00edvel do Rio Acre ultrapassa cota de alerta ap\u00f3s registrar 13,67 metros na terceira medi\u00e7\u00e3o desta sexta-feira"}]},{"@type":"WebSite","@id":"https:\/\/nk7-testes.com.br\/agazeta\/#website","url":"https:\/\/nk7-testes.com.br\/agazeta\/","name":"Agazeta.net","description":"Agazeta.net - Not\u00edcias de Rio Branco\/AC","potentialAction":[{"@type":"SearchAction","target":{"@type":"EntryPoint","urlTemplate":"https:\/\/nk7-testes.com.br\/agazeta\/?s={search_term_string}"},"query-input":{"@type":"PropertyValueSpecification","valueRequired":true,"valueName":"search_term_string"}}],"inLanguage":"pt-BR"},{"@type":"Person","@id":"https:\/\/nk7-testes.com.br\/agazeta\/#\/schema\/person\/ff6b39d54d6973bfc57f4140f659b23f","name":"Agazeta.Net","url":"https:\/\/nk7-testes.com.br\/agazeta\/author\/agazeta\/"}]}},"_links":{"self":[{"href":"https:\/\/nk7-testes.com.br\/agazeta\/wp-json\/wp\/v2\/posts\/127853","targetHints":{"allow":["GET"]}}],"collection":[{"href":"https:\/\/nk7-testes.com.br\/agazeta\/wp-json\/wp\/v2\/posts"}],"about":[{"href":"https:\/\/nk7-testes.com.br\/agazeta\/wp-json\/wp\/v2\/types\/post"}],"author":[{"embeddable":true,"href":"https:\/\/nk7-testes.com.br\/agazeta\/wp-json\/wp\/v2\/users\/4"}],"replies":[{"embeddable":true,"href":"https:\/\/nk7-testes.com.br\/agazeta\/wp-json\/wp\/v2\/comments?post=127853"}],"version-history":[{"count":0,"href":"https:\/\/nk7-testes.com.br\/agazeta\/wp-json\/wp\/v2\/posts\/127853\/revisions"}],"wp:featuredmedia":[{"embeddable":true,"href":"https:\/\/nk7-testes.com.br\/agazeta\/wp-json\/wp\/v2\/media\/127857"}],"wp:attachment":[{"href":"https:\/\/nk7-testes.com.br\/agazeta\/wp-json\/wp\/v2\/media?parent=127853"}],"wp:term":[{"taxonomy":"category","embeddable":true,"href":"https:\/\/nk7-testes.com.br\/agazeta\/wp-json\/wp\/v2\/categories?post=127853"},{"taxonomy":"post_tag","embeddable":true,"href":"https:\/\/nk7-testes.com.br\/agazeta\/wp-json\/wp\/v2\/tags?post=127853"}],"curies":[{"name":"wp","href":"https:\/\/api.w.org\/{rel}","templated":true}]}}