{"id":127787,"date":"2024-02-23T08:20:25","date_gmt":"2024-02-23T13:20:25","guid":{"rendered":"https:\/\/nk7-testes.com.br\/?p=127787"},"modified":"2024-02-23T08:20:25","modified_gmt":"2024-02-23T13:20:25","slug":"rio-acre-se-aproxima-da-cota-de-alerta-com-1318m-nove-familias-estao-desabrigadas-em-rb","status":"publish","type":"post","link":"https:\/\/nk7-testes.com.br\/agazeta\/rio-acre-se-aproxima-da-cota-de-alerta-com-1318m-nove-familias-estao-desabrigadas-em-rb\/","title":{"rendered":"Rio Acre se aproxima da cota de alerta com 13,18m; nove fam\u00edlias est\u00e3o desabrigadas em RB"},"content":{"rendered":"<p style=\"text-align: justify;\">Com as crescentes chuvas dos \u00faltimos dois dias, o n\u00edvel do Rio Acre se aproxima da cota de alerta com 13,18 metros na manh\u00e3 desta sexta-feira (23), com isso, teve um aumento de quase quatro metros em 24h e nesse momento se aproxima da cota de alerta. Al\u00e9m disso, cerca de nove fam\u00edlias est\u00e3o desabrigadas e consequentemente realocadas pela Defesa Civil de Rio Branco.<\/p>\n<figure id=\"attachment_127793\" aria-describedby=\"caption-attachment-127793\" style=\"width: 368px\" class=\"wp-caption aligncenter\"><img decoding=\"async\" class=\"wp-image-127793\" src=\"https:\/\/nk7-testes.com.br\/wp-content\/uploads\/2024\/02\/WhatsApp-Image-2024-02-23-at-07.16.09-jpeg.webp\" alt=\"\" width=\"368\" height=\"491\" srcset=\"https:\/\/nk7-testes.com.br\/agazeta\/wp-content\/uploads\/2024\/02\/WhatsApp-Image-2024-02-23-at-07.16.09-jpeg.webp 960w, https:\/\/nk7-testes.com.br\/agazeta\/wp-content\/uploads\/2024\/02\/WhatsApp-Image-2024-02-23-at-07.16.09-225x300.webp 225w, https:\/\/nk7-testes.com.br\/agazeta\/wp-content\/uploads\/2024\/02\/WhatsApp-Image-2024-02-23-at-07.16.09-768x1024.webp 768w, https:\/\/nk7-testes.com.br\/agazeta\/wp-content\/uploads\/2024\/02\/WhatsApp-Image-2024-02-23-at-07.16.09-750x1000.webp 750w\" sizes=\"(max-width: 368px) 100vw, 368px\" \/><figcaption id=\"caption-attachment-127793\" class=\"wp-caption-text\">Imagem da Defesa Civil\/ O n\u00edvel do Rio Acre se aproxima da cota de alerta com 13,18<\/figcaption><\/figure>\n<p style=\"text-align: justify;\">A previs\u00e3o para esta sexta-feira \u00e9 de que chova pelo menos 49,5mm. Por isso, \u00e9 importante que o Rio Acre seja monitorado constantemente para que as demais fam\u00edlias nas depend\u00eancias sejam avisadas com anteced\u00eancia para que possam se preparar.<\/p>\n<figure id=\"attachment_127795\" aria-describedby=\"caption-attachment-127795\" style=\"width: 489px\" class=\"wp-caption aligncenter\"><img decoding=\"async\" class=\" wp-image-127795\" src=\"https:\/\/nk7-testes.com.br\/wp-content\/uploads\/2024\/02\/WhatsApp-Image-2024-02-23-at-07.17.22-2-jpeg.webp\" alt=\"\" width=\"489\" height=\"275\" srcset=\"https:\/\/nk7-testes.com.br\/agazeta\/wp-content\/uploads\/2024\/02\/WhatsApp-Image-2024-02-23-at-07.17.22-2-jpeg.webp 1600w, https:\/\/nk7-testes.com.br\/agazeta\/wp-content\/uploads\/2024\/02\/WhatsApp-Image-2024-02-23-at-07.17.22-2-300x169.webp 300w, https:\/\/nk7-testes.com.br\/agazeta\/wp-content\/uploads\/2024\/02\/WhatsApp-Image-2024-02-23-at-07.17.22-2-1024x576.webp 1024w, https:\/\/nk7-testes.com.br\/agazeta\/wp-content\/uploads\/2024\/02\/WhatsApp-Image-2024-02-23-at-07.17.22-2-768x432.webp 768w, https:\/\/nk7-testes.com.br\/agazeta\/wp-content\/uploads\/2024\/02\/WhatsApp-Image-2024-02-23-at-07.17.22-2-1536x864.webp 1536w, https:\/\/nk7-testes.com.br\/agazeta\/wp-content\/uploads\/2024\/02\/WhatsApp-Image-2024-02-23-at-07.17.22-2-750x422.webp 750w, https:\/\/nk7-testes.com.br\/agazeta\/wp-content\/uploads\/2024\/02\/WhatsApp-Image-2024-02-23-at-07.17.22-2-1140x641.webp 1140w\" sizes=\"(max-width: 489px) 100vw, 489px\" \/><figcaption id=\"caption-attachment-127795\" class=\"wp-caption-text\">o n\u00edvel do Rio Acre se aproxima da cota de alerta com 13,18<\/figcaption><\/figure>\n<p style=\"text-align: justify;\">At\u00e9 o momento, cerca de dois igarap\u00e9s no munic\u00edpio transbordaram, o Batista e o S\u00e3o Francisco, que em outros anos protagonizaram grandes enxurradas e desabrigaram diversas fam\u00edlias.<\/p>\n<p style=\"text-align: justify;\">Nesta quinta-feira (22), o munic\u00edpio mais afetado foi Assis Brasil, com um ac\u00famulo de chuva de 177 mil\u00edmetros em 24h, que fez com que o Rio Acre aumentasse em pelo menos sete metros, com isso, mais de sessenta fam\u00edlias j\u00e1 est\u00e3o desabrigadas na regi\u00e3o.<\/p>\n<figure id=\"attachment_127797\" aria-describedby=\"caption-attachment-127797\" style=\"width: 487px\" class=\"wp-caption aligncenter\"><img decoding=\"async\" class=\" wp-image-127797\" src=\"https:\/\/nk7-testes.com.br\/wp-content\/uploads\/2024\/02\/WhatsApp-Image-2024-02-23-at-07.17.21.jpeg\" alt=\"\" width=\"487\" height=\"259\" srcset=\"https:\/\/nk7-testes.com.br\/agazeta\/wp-content\/uploads\/2024\/02\/WhatsApp-Image-2024-02-23-at-07.17.21.jpeg 1080w, https:\/\/nk7-testes.com.br\/agazeta\/wp-content\/uploads\/2024\/02\/WhatsApp-Image-2024-02-23-at-07.17.21-300x159.webp 300w, https:\/\/nk7-testes.com.br\/agazeta\/wp-content\/uploads\/2024\/02\/WhatsApp-Image-2024-02-23-at-07.17.21-1024x543.webp 1024w, https:\/\/nk7-testes.com.br\/agazeta\/wp-content\/uploads\/2024\/02\/WhatsApp-Image-2024-02-23-at-07.17.21-768x407.webp 768w, https:\/\/nk7-testes.com.br\/agazeta\/wp-content\/uploads\/2024\/02\/WhatsApp-Image-2024-02-23-at-07.17.21-750x398.webp 750w\" sizes=\"(max-width: 487px) 100vw, 487px\" \/><figcaption id=\"caption-attachment-127797\" class=\"wp-caption-text\">Imagem da Defesa Civil<\/figcaption><\/figure>\n<p style=\"text-align: justify;\">A cidade recebe ajuda por meio de pequenas embarca\u00e7\u00f5es, v\u00e1rios pontos, como ramais foram interditados. Al\u00e9m disso, outros munic\u00edpios j\u00e1 se preparam para maiores consequ\u00eancias, como Epitaciol\u00e2ndia, que confirmou a cria\u00e7\u00e3o de uma sala de situa\u00e7\u00e3o para fazer o monitoramento e estrat\u00e9gias para minimizar as consequ\u00eancias da cheia.<\/p>\n<p style=\"text-align: justify;\"><em>Mat\u00e9ria em v\u00eddeo produzida pela rep\u00f3rter D\u00e9borah Ribeiro para a TV Gazeta<\/em><\/p>\n","protected":false},"excerpt":{"rendered":"<p>Com as crescentes chuvas dos \u00faltimos dois dias, o n\u00edvel do Rio Acre se aproxima da cota de alerta com 13,18 metros na manh\u00e3 desta sexta-feira (23), com isso, teve um aumento de quase quatro metros em 24h e nesse momento se aproxima da cota de alerta. Al\u00e9m disso, cerca de nove fam\u00edlias est\u00e3o desabrigadas [&hellip;]<\/p>\n","protected":false},"author":4,"featured_media":127791,"comment_status":"open","ping_status":"open","sticky":false,"template":"","format":"standard","meta":{"jnews-multi-image_gallery":[],"jnews_single_post":{"source_name":"","source_url":"","via_name":"","via_url":"","override_template":"0","override":[{"template":"custom","single_blog_custom":"110746","parallax":"1","fullscreen":"1","layout":"right-sidebar","sidebar":"default-sidebar","second_sidebar":"default-sidebar","sticky_sidebar":"1","share_position":"top","share_float_style":"share-monocrhome","show_share_counter":"1","show_view_counter":"1","show_featured":"1","show_post_meta":"1","show_post_author":"1","show_post_author_image":"1","show_post_date":"1","post_date_format":"default","post_date_format_custom":"Y\/m\/d","show_post_category":"1","show_post_reading_time":"0","post_reading_time_wpm":"300","show_zoom_button":"0","zoom_button_out_step":"2","zoom_button_in_step":"3","show_post_tag":"1","show_prev_next_post":"1","show_popup_post":"1","number_popup_post":"1","show_author_box":"0","show_post_related":"1","show_inline_post_related":"0"}],"override_image_size":"0","image_override":[{"single_post_thumbnail_size":"crop-500","single_post_gallery_size":"crop-500"}],"trending_post":"0","trending_post_position":"meta","trending_post_label":"Trending","sponsored_post":"0","sponsored_post_label":"Sponsored by","sponsored_post_name":"","sponsored_post_url":"","sponsored_post_logo_enable":"0","sponsored_post_logo":"","sponsored_post_desc":"","disable_ad":"0"},"jnews_primary_category":{"id":"","hide":""},"jnews_social_meta":{"fb_title":"","fb_description":"","fb_image":"","twitter_title":"","twitter_description":"","twitter_image":""},"jnews_review":[],"enable_review":"0","type":"percentage","name":"","summary":"","brand":"","sku":"","good":[{"good_text":""}],"bad":[{"bad_text":""}],"score_override":"0","override_value":"","rating":[{"rating_text":"","rating_number":"10"}],"price":[{"shop":"","price":"","link":"","icon":""}],"footnotes":""},"categories":[54],"tags":[152],"class_list":["post-127787","post","type-post","status-publish","format-standard","has-post-thumbnail","hentry","category-cotidiano","tag-destaque"],"yoast_head":"<!-- This site is optimized with the Yoast SEO plugin v26.5 - https:\/\/yoast.com\/wordpress\/plugins\/seo\/ -->\n<title>Rio Acre se aproxima da cota de alerta com 13,18m; nove fam\u00edlias est\u00e3o desabrigadas em RB - Agazeta.net<\/title>\n<meta name=\"robots\" content=\"index, follow, max-snippet:-1, max-image-preview:large, max-video-preview:-1\" \/>\n<link rel=\"canonical\" href=\"https:\/\/nk7-testes.com.br\/agazeta\/rio-acre-se-aproxima-da-cota-de-alerta-com-1318m-nove-familias-estao-desabrigadas-em-rb\/\" \/>\n<meta property=\"og:locale\" content=\"pt_BR\" \/>\n<meta property=\"og:type\" content=\"article\" \/>\n<meta property=\"og:title\" content=\"Rio Acre se aproxima da cota de alerta com 13,18m; nove fam\u00edlias est\u00e3o desabrigadas em RB - Agazeta.net\" \/>\n<meta property=\"og:description\" content=\"Com as crescentes chuvas dos \u00faltimos dois dias, o n\u00edvel do Rio Acre se aproxima da cota de alerta com 13,18 metros na manh\u00e3 desta sexta-feira (23), com isso, teve um aumento de quase quatro metros em 24h e nesse momento se aproxima da cota de alerta. Al\u00e9m disso, cerca de nove fam\u00edlias est\u00e3o desabrigadas [&hellip;]\" \/>\n<meta property=\"og:url\" content=\"https:\/\/nk7-testes.com.br\/agazeta\/rio-acre-se-aproxima-da-cota-de-alerta-com-1318m-nove-familias-estao-desabrigadas-em-rb\/\" \/>\n<meta property=\"og:site_name\" content=\"Agazeta.net\" \/>\n<meta property=\"article:published_time\" content=\"2024-02-23T13:20:25+00:00\" \/>\n<meta property=\"og:image\" content=\"https:\/\/nk7-testes.com.br\/agazeta\/wp-content\/uploads\/2024\/02\/WhatsApp-Image-2024-02-23-at-07.17.22-jpeg.webp\" \/>\n\t<meta property=\"og:image:width\" content=\"1600\" \/>\n\t<meta property=\"og:image:height\" content=\"900\" \/>\n\t<meta property=\"og:image:type\" content=\"image\/jpeg\" \/>\n<meta name=\"author\" content=\"Agazeta.Net\" \/>\n<meta name=\"twitter:card\" content=\"summary_large_image\" \/>\n<meta name=\"twitter:label1\" content=\"Escrito por\" \/>\n\t<meta name=\"twitter:data1\" content=\"Agazeta.Net\" \/>\n\t<meta name=\"twitter:label2\" content=\"Est. tempo de leitura\" \/>\n\t<meta name=\"twitter:data2\" content=\"2 minutos\" \/>\n<script type=\"application\/ld+json\" class=\"yoast-schema-graph\">{\"@context\":\"https:\/\/schema.org\",\"@graph\":[{\"@type\":\"WebPage\",\"@id\":\"https:\/\/nk7-testes.com.br\/agazeta\/rio-acre-se-aproxima-da-cota-de-alerta-com-1318m-nove-familias-estao-desabrigadas-em-rb\/\",\"url\":\"https:\/\/nk7-testes.com.br\/agazeta\/rio-acre-se-aproxima-da-cota-de-alerta-com-1318m-nove-familias-estao-desabrigadas-em-rb\/\",\"name\":\"Rio Acre se aproxima da cota de alerta com 13,18m; nove fam\u00edlias est\u00e3o desabrigadas em RB - Agazeta.net\",\"isPartOf\":{\"@id\":\"https:\/\/nk7-testes.com.br\/agazeta\/#website\"},\"primaryImageOfPage\":{\"@id\":\"https:\/\/nk7-testes.com.br\/agazeta\/rio-acre-se-aproxima-da-cota-de-alerta-com-1318m-nove-familias-estao-desabrigadas-em-rb\/#primaryimage\"},\"image\":{\"@id\":\"https:\/\/nk7-testes.com.br\/agazeta\/rio-acre-se-aproxima-da-cota-de-alerta-com-1318m-nove-familias-estao-desabrigadas-em-rb\/#primaryimage\"},\"thumbnailUrl\":\"https:\/\/nk7-testes.com.br\/agazeta\/wp-content\/uploads\/2024\/02\/WhatsApp-Image-2024-02-23-at-07.17.22-jpeg.webp\",\"datePublished\":\"2024-02-23T13:20:25+00:00\",\"author\":{\"@id\":\"https:\/\/nk7-testes.com.br\/agazeta\/#\/schema\/person\/ff6b39d54d6973bfc57f4140f659b23f\"},\"breadcrumb\":{\"@id\":\"https:\/\/nk7-testes.com.br\/agazeta\/rio-acre-se-aproxima-da-cota-de-alerta-com-1318m-nove-familias-estao-desabrigadas-em-rb\/#breadcrumb\"},\"inLanguage\":\"pt-BR\",\"potentialAction\":[{\"@type\":\"ReadAction\",\"target\":[\"https:\/\/nk7-testes.com.br\/agazeta\/rio-acre-se-aproxima-da-cota-de-alerta-com-1318m-nove-familias-estao-desabrigadas-em-rb\/\"]}]},{\"@type\":\"ImageObject\",\"inLanguage\":\"pt-BR\",\"@id\":\"https:\/\/nk7-testes.com.br\/agazeta\/rio-acre-se-aproxima-da-cota-de-alerta-com-1318m-nove-familias-estao-desabrigadas-em-rb\/#primaryimage\",\"url\":\"https:\/\/nk7-testes.com.br\/agazeta\/wp-content\/uploads\/2024\/02\/WhatsApp-Image-2024-02-23-at-07.17.22-jpeg.webp\",\"contentUrl\":\"https:\/\/nk7-testes.com.br\/agazeta\/wp-content\/uploads\/2024\/02\/WhatsApp-Image-2024-02-23-at-07.17.22-jpeg.webp\",\"width\":1600,\"height\":900,\"caption\":\"Imagem da Defesa Civil\"},{\"@type\":\"BreadcrumbList\",\"@id\":\"https:\/\/nk7-testes.com.br\/agazeta\/rio-acre-se-aproxima-da-cota-de-alerta-com-1318m-nove-familias-estao-desabrigadas-em-rb\/#breadcrumb\",\"itemListElement\":[{\"@type\":\"ListItem\",\"position\":1,\"name\":\"In\u00edcio\",\"item\":\"https:\/\/nk7-testes.com.br\/agazeta\/\"},{\"@type\":\"ListItem\",\"position\":2,\"name\":\"Rio Acre se aproxima da cota de alerta com 13,18m; nove fam\u00edlias est\u00e3o desabrigadas em RB\"}]},{\"@type\":\"WebSite\",\"@id\":\"https:\/\/nk7-testes.com.br\/agazeta\/#website\",\"url\":\"https:\/\/nk7-testes.com.br\/agazeta\/\",\"name\":\"Agazeta.net\",\"description\":\"Agazeta.net - Not\u00edcias de Rio Branco\/AC\",\"potentialAction\":[{\"@type\":\"SearchAction\",\"target\":{\"@type\":\"EntryPoint\",\"urlTemplate\":\"https:\/\/nk7-testes.com.br\/agazeta\/?s={search_term_string}\"},\"query-input\":{\"@type\":\"PropertyValueSpecification\",\"valueRequired\":true,\"valueName\":\"search_term_string\"}}],\"inLanguage\":\"pt-BR\"},{\"@type\":\"Person\",\"@id\":\"https:\/\/nk7-testes.com.br\/agazeta\/#\/schema\/person\/ff6b39d54d6973bfc57f4140f659b23f\",\"name\":\"Agazeta.Net\",\"url\":\"https:\/\/nk7-testes.com.br\/agazeta\/author\/agazeta\/\"}]}<\/script>\n<!-- \/ Yoast SEO plugin. -->","yoast_head_json":{"title":"Rio Acre se aproxima da cota de alerta com 13,18m; nove fam\u00edlias est\u00e3o desabrigadas em RB - Agazeta.net","robots":{"index":"index","follow":"follow","max-snippet":"max-snippet:-1","max-image-preview":"max-image-preview:large","max-video-preview":"max-video-preview:-1"},"canonical":"https:\/\/nk7-testes.com.br\/agazeta\/rio-acre-se-aproxima-da-cota-de-alerta-com-1318m-nove-familias-estao-desabrigadas-em-rb\/","og_locale":"pt_BR","og_type":"article","og_title":"Rio Acre se aproxima da cota de alerta com 13,18m; nove fam\u00edlias est\u00e3o desabrigadas em RB - Agazeta.net","og_description":"Com as crescentes chuvas dos \u00faltimos dois dias, o n\u00edvel do Rio Acre se aproxima da cota de alerta com 13,18 metros na manh\u00e3 desta sexta-feira (23), com isso, teve um aumento de quase quatro metros em 24h e nesse momento se aproxima da cota de alerta. Al\u00e9m disso, cerca de nove fam\u00edlias est\u00e3o desabrigadas [&hellip;]","og_url":"https:\/\/nk7-testes.com.br\/agazeta\/rio-acre-se-aproxima-da-cota-de-alerta-com-1318m-nove-familias-estao-desabrigadas-em-rb\/","og_site_name":"Agazeta.net","article_published_time":"2024-02-23T13:20:25+00:00","og_image":[{"width":1600,"height":900,"url":"https:\/\/nk7-testes.com.br\/agazeta\/wp-content\/uploads\/2024\/02\/WhatsApp-Image-2024-02-23-at-07.17.22-jpeg.webp","type":"image\/jpeg"}],"author":"Agazeta.Net","twitter_card":"summary_large_image","twitter_misc":{"Escrito por":"Agazeta.Net","Est. tempo de leitura":"2 minutos"},"schema":{"@context":"https:\/\/schema.org","@graph":[{"@type":"WebPage","@id":"https:\/\/nk7-testes.com.br\/agazeta\/rio-acre-se-aproxima-da-cota-de-alerta-com-1318m-nove-familias-estao-desabrigadas-em-rb\/","url":"https:\/\/nk7-testes.com.br\/agazeta\/rio-acre-se-aproxima-da-cota-de-alerta-com-1318m-nove-familias-estao-desabrigadas-em-rb\/","name":"Rio Acre se aproxima da cota de alerta com 13,18m; nove fam\u00edlias est\u00e3o desabrigadas em RB - Agazeta.net","isPartOf":{"@id":"https:\/\/nk7-testes.com.br\/agazeta\/#website"},"primaryImageOfPage":{"@id":"https:\/\/nk7-testes.com.br\/agazeta\/rio-acre-se-aproxima-da-cota-de-alerta-com-1318m-nove-familias-estao-desabrigadas-em-rb\/#primaryimage"},"image":{"@id":"https:\/\/nk7-testes.com.br\/agazeta\/rio-acre-se-aproxima-da-cota-de-alerta-com-1318m-nove-familias-estao-desabrigadas-em-rb\/#primaryimage"},"thumbnailUrl":"https:\/\/nk7-testes.com.br\/agazeta\/wp-content\/uploads\/2024\/02\/WhatsApp-Image-2024-02-23-at-07.17.22-jpeg.webp","datePublished":"2024-02-23T13:20:25+00:00","author":{"@id":"https:\/\/nk7-testes.com.br\/agazeta\/#\/schema\/person\/ff6b39d54d6973bfc57f4140f659b23f"},"breadcrumb":{"@id":"https:\/\/nk7-testes.com.br\/agazeta\/rio-acre-se-aproxima-da-cota-de-alerta-com-1318m-nove-familias-estao-desabrigadas-em-rb\/#breadcrumb"},"inLanguage":"pt-BR","potentialAction":[{"@type":"ReadAction","target":["https:\/\/nk7-testes.com.br\/agazeta\/rio-acre-se-aproxima-da-cota-de-alerta-com-1318m-nove-familias-estao-desabrigadas-em-rb\/"]}]},{"@type":"ImageObject","inLanguage":"pt-BR","@id":"https:\/\/nk7-testes.com.br\/agazeta\/rio-acre-se-aproxima-da-cota-de-alerta-com-1318m-nove-familias-estao-desabrigadas-em-rb\/#primaryimage","url":"https:\/\/nk7-testes.com.br\/agazeta\/wp-content\/uploads\/2024\/02\/WhatsApp-Image-2024-02-23-at-07.17.22-jpeg.webp","contentUrl":"https:\/\/nk7-testes.com.br\/agazeta\/wp-content\/uploads\/2024\/02\/WhatsApp-Image-2024-02-23-at-07.17.22-jpeg.webp","width":1600,"height":900,"caption":"Imagem da Defesa Civil"},{"@type":"BreadcrumbList","@id":"https:\/\/nk7-testes.com.br\/agazeta\/rio-acre-se-aproxima-da-cota-de-alerta-com-1318m-nove-familias-estao-desabrigadas-em-rb\/#breadcrumb","itemListElement":[{"@type":"ListItem","position":1,"name":"In\u00edcio","item":"https:\/\/nk7-testes.com.br\/agazeta\/"},{"@type":"ListItem","position":2,"name":"Rio Acre se aproxima da cota de alerta com 13,18m; nove fam\u00edlias est\u00e3o desabrigadas em RB"}]},{"@type":"WebSite","@id":"https:\/\/nk7-testes.com.br\/agazeta\/#website","url":"https:\/\/nk7-testes.com.br\/agazeta\/","name":"Agazeta.net","description":"Agazeta.net - Not\u00edcias de Rio Branco\/AC","potentialAction":[{"@type":"SearchAction","target":{"@type":"EntryPoint","urlTemplate":"https:\/\/nk7-testes.com.br\/agazeta\/?s={search_term_string}"},"query-input":{"@type":"PropertyValueSpecification","valueRequired":true,"valueName":"search_term_string"}}],"inLanguage":"pt-BR"},{"@type":"Person","@id":"https:\/\/nk7-testes.com.br\/agazeta\/#\/schema\/person\/ff6b39d54d6973bfc57f4140f659b23f","name":"Agazeta.Net","url":"https:\/\/nk7-testes.com.br\/agazeta\/author\/agazeta\/"}]}},"_links":{"self":[{"href":"https:\/\/nk7-testes.com.br\/agazeta\/wp-json\/wp\/v2\/posts\/127787","targetHints":{"allow":["GET"]}}],"collection":[{"href":"https:\/\/nk7-testes.com.br\/agazeta\/wp-json\/wp\/v2\/posts"}],"about":[{"href":"https:\/\/nk7-testes.com.br\/agazeta\/wp-json\/wp\/v2\/types\/post"}],"author":[{"embeddable":true,"href":"https:\/\/nk7-testes.com.br\/agazeta\/wp-json\/wp\/v2\/users\/4"}],"replies":[{"embeddable":true,"href":"https:\/\/nk7-testes.com.br\/agazeta\/wp-json\/wp\/v2\/comments?post=127787"}],"version-history":[{"count":0,"href":"https:\/\/nk7-testes.com.br\/agazeta\/wp-json\/wp\/v2\/posts\/127787\/revisions"}],"wp:featuredmedia":[{"embeddable":true,"href":"https:\/\/nk7-testes.com.br\/agazeta\/wp-json\/wp\/v2\/media\/127791"}],"wp:attachment":[{"href":"https:\/\/nk7-testes.com.br\/agazeta\/wp-json\/wp\/v2\/media?parent=127787"}],"wp:term":[{"taxonomy":"category","embeddable":true,"href":"https:\/\/nk7-testes.com.br\/agazeta\/wp-json\/wp\/v2\/categories?post=127787"},{"taxonomy":"post_tag","embeddable":true,"href":"https:\/\/nk7-testes.com.br\/agazeta\/wp-json\/wp\/v2\/tags?post=127787"}],"curies":[{"name":"wp","href":"https:\/\/api.w.org\/{rel}","templated":true}]}}