{"id":127443,"date":"2024-02-16T15:56:18","date_gmt":"2024-02-16T20:56:18","guid":{"rendered":"https:\/\/nk7-testes.com.br\/?p=127443"},"modified":"2024-02-16T16:00:39","modified_gmt":"2024-02-16T21:00:39","slug":"trabalho-espetacular-diz-bocalom-durante-visita-a-tv-gazeta-para-agradecer-transmissao-do-carnaval","status":"publish","type":"post","link":"https:\/\/nk7-testes.com.br\/agazeta\/trabalho-espetacular-diz-bocalom-durante-visita-a-tv-gazeta-para-agradecer-transmissao-do-carnaval\/","title":{"rendered":"&#8220;Trabalho espetacular&#8221;, diz Bocalom durante visita \u00e0 TV Gazeta para agradecer transmiss\u00e3o do Carnaval"},"content":{"rendered":"<p style=\"text-align: justify;\">Na tarde desta sexta-feira (19), o prefeito de Rio Branco, Ti\u00e3o Bocalom (PP), visitou o pr\u00e9dio da TV Gazeta, afiliada \u00e0 Record no Acre, para agradecer pela transmiss\u00e3o do Carnaval &#8220;Rio Branco Folia, Tradi\u00e7\u00e3o e Alegria&#8217;, que encerrou ter\u00e7a-feira (13).<\/p>\n<p style=\"text-align: justify;\">De acordo com o prefeito, a equipe da TV Gazeta fez um trabalho espetacular durantes as cinco noites de cobertura do evento. Al\u00e9m disso, afirmou que a divulga\u00e7\u00e3o e promo\u00e7\u00e3o do Carnaval foram essenciais para o sucesso da festa.<\/p>\n<figure id=\"attachment_127444\" aria-describedby=\"caption-attachment-127444\" style=\"width: 508px\" class=\"wp-caption aligncenter\"><img decoding=\"async\" class=\"wp-image-127444 \" src=\"https:\/\/nk7-testes.com.br\/wp-content\/uploads\/2024\/02\/WhatsApp-Image-2024-02-16-at-15.28.03-jpeg.webp\" alt=\"\" width=\"508\" height=\"381\" srcset=\"https:\/\/nk7-testes.com.br\/agazeta\/wp-content\/uploads\/2024\/02\/WhatsApp-Image-2024-02-16-at-15.28.03-jpeg.webp 1600w, https:\/\/nk7-testes.com.br\/agazeta\/wp-content\/uploads\/2024\/02\/WhatsApp-Image-2024-02-16-at-15.28.03-300x225.webp 300w, https:\/\/nk7-testes.com.br\/agazeta\/wp-content\/uploads\/2024\/02\/WhatsApp-Image-2024-02-16-at-15.28.03-1024x768.webp 1024w, https:\/\/nk7-testes.com.br\/agazeta\/wp-content\/uploads\/2024\/02\/WhatsApp-Image-2024-02-16-at-15.28.03-768x576.webp 768w, https:\/\/nk7-testes.com.br\/agazeta\/wp-content\/uploads\/2024\/02\/WhatsApp-Image-2024-02-16-at-15.28.03-1536x1152.webp 1536w, https:\/\/nk7-testes.com.br\/agazeta\/wp-content\/uploads\/2024\/02\/WhatsApp-Image-2024-02-16-at-15.28.03-750x563.webp 750w, https:\/\/nk7-testes.com.br\/agazeta\/wp-content\/uploads\/2024\/02\/WhatsApp-Image-2024-02-16-at-15.28.03-1140x855.webp 1140w\" sizes=\"(max-width: 508px) 100vw, 508px\" \/><figcaption id=\"caption-attachment-127444\" class=\"wp-caption-text\">Imagem: Felipe Souza<\/figcaption><\/figure>\n<p style=\"text-align: justify;\">&#8220;A TV Gazeta fez um trabalho espetacular na divulga\u00e7\u00e3o e promo\u00e7\u00e3o do nosso Carnaval. Foi sucesso total. Ent\u00e3o, eu fiz quest\u00e3o de vir aqui \u00e0 TV Gazeta para agradecer, porque realmente transmiss\u00e3o ao vivo divulgou e ajudou muito. Por isso, n\u00f3s tivemos um Carnaval t\u00e3o tranquilo, com muita gente. Eu acredito que tenha sido o melhor Carnaval que Rio Branco j\u00e1 teve at\u00e9 hoje e eu estou feliz com isso&#8221;, conta Bocalom.<\/p>\n<figure id=\"attachment_127445\" aria-describedby=\"caption-attachment-127445\" style=\"width: 505px\" class=\"wp-caption aligncenter\"><img decoding=\"async\" class=\"wp-image-127445 \" src=\"https:\/\/nk7-testes.com.br\/wp-content\/uploads\/2024\/02\/WhatsApp-Image-2024-02-16-at-15.28.03-1-jpeg.webp\" alt=\"\" width=\"505\" height=\"465\" srcset=\"https:\/\/nk7-testes.com.br\/agazeta\/wp-content\/uploads\/2024\/02\/WhatsApp-Image-2024-02-16-at-15.28.03-1-jpeg.webp 1170w, https:\/\/nk7-testes.com.br\/agazeta\/wp-content\/uploads\/2024\/02\/WhatsApp-Image-2024-02-16-at-15.28.03-1-300x276.webp 300w, https:\/\/nk7-testes.com.br\/agazeta\/wp-content\/uploads\/2024\/02\/WhatsApp-Image-2024-02-16-at-15.28.03-1-1024x943.webp 1024w, https:\/\/nk7-testes.com.br\/agazeta\/wp-content\/uploads\/2024\/02\/WhatsApp-Image-2024-02-16-at-15.28.03-1-768x708.webp 768w, https:\/\/nk7-testes.com.br\/agazeta\/wp-content\/uploads\/2024\/02\/WhatsApp-Image-2024-02-16-at-15.28.03-1-750x691.webp 750w, https:\/\/nk7-testes.com.br\/agazeta\/wp-content\/uploads\/2024\/02\/WhatsApp-Image-2024-02-16-at-15.28.03-1-1140x1050.webp 1140w\" sizes=\"(max-width: 505px) 100vw, 505px\" \/><figcaption id=\"caption-attachment-127445\" class=\"wp-caption-text\">Imagem: Assessoria<\/figcaption><\/figure>\n<p style=\"text-align: justify;\">Bocalom deixa claro que o evento este ano superou todas as expectativas de tudo mundo da organiza\u00e7\u00e3o, n\u00e3o s\u00f3 as dele, pois m\u00e3o esperavam o enorme sucesso que foi.<\/p>\n<p style=\"text-align: justify;\">&#8220;Superou e superou muito, n\u00e3o s\u00f3 as minhas, mas de todo mundo. Todos eles ficaram entusiasmados com o resultado final. Ningu\u00e9m esperava tamanho sucesso como foi&#8221;, afirma.<\/p>\n<figure id=\"attachment_127446\" aria-describedby=\"caption-attachment-127446\" style=\"width: 506px\" class=\"wp-caption aligncenter\"><img decoding=\"async\" class=\"wp-image-127446 \" src=\"https:\/\/nk7-testes.com.br\/wp-content\/uploads\/2024\/02\/WhatsApp-Image-2024-02-16-at-15.28.09-jpeg.webp\" alt=\"\" width=\"506\" height=\"478\" srcset=\"https:\/\/nk7-testes.com.br\/agazeta\/wp-content\/uploads\/2024\/02\/WhatsApp-Image-2024-02-16-at-15.28.09-jpeg.webp 1170w, https:\/\/nk7-testes.com.br\/agazeta\/wp-content\/uploads\/2024\/02\/WhatsApp-Image-2024-02-16-at-15.28.09-300x284.webp 300w, https:\/\/nk7-testes.com.br\/agazeta\/wp-content\/uploads\/2024\/02\/WhatsApp-Image-2024-02-16-at-15.28.09-1024x968.webp 1024w, https:\/\/nk7-testes.com.br\/agazeta\/wp-content\/uploads\/2024\/02\/WhatsApp-Image-2024-02-16-at-15.28.09-768x726.webp 768w, https:\/\/nk7-testes.com.br\/agazeta\/wp-content\/uploads\/2024\/02\/WhatsApp-Image-2024-02-16-at-15.28.09-750x709.webp 750w, https:\/\/nk7-testes.com.br\/agazeta\/wp-content\/uploads\/2024\/02\/WhatsApp-Image-2024-02-16-at-15.28.09-1140x1078.webp 1140w\" sizes=\"(max-width: 506px) 100vw, 506px\" \/><figcaption id=\"caption-attachment-127446\" class=\"wp-caption-text\">Imagem: Assessoria<\/figcaption><\/figure>\n<h4>Pr\u00f3xima festividade<\/h4>\n<p style=\"text-align: justify;\">Quando questionado sobre a pr\u00f3xima festividade, a Festa Junina, o prefeito da capital acreana conta que pretende fazer uma linda festa para a popula\u00e7\u00e3o rio-branquense e que, junto a Funda\u00e7\u00e3o Garibaldi Brasil (FGB), vai dar todo o suporte necess\u00e1rio.<\/p>\n<p style=\"text-align: justify;\">&#8220;Tamb\u00e9m da mesma forma, atrav\u00e9s da Funda\u00e7\u00e3o Garibaldi Brasil, a gente vai dar suporte e apoio \u00e0s organiza\u00e7\u00f5es que promovem as Festas Juninas. N\u00f3s queremos tamb\u00e9m uma Festa Junina muito animada, onde todos participem, porque tamb\u00e9m \u00e9 uma festa da fam\u00edlia. As Festas Juninas resgatam o caipira, l\u00e1 da ro\u00e7a, que \u00e9 exatamente quem bota comida na mesa da gente aqui na cidade. \u00c9 uma festa popular que tamb\u00e9m merece ajuda e a Prefeitura vai continuar ajudando&#8221;, salienta.<\/p>\n<figure id=\"attachment_127447\" aria-describedby=\"caption-attachment-127447\" style=\"width: 516px\" class=\"wp-caption aligncenter\"><img decoding=\"async\" class=\"wp-image-127447 \" src=\"https:\/\/nk7-testes.com.br\/wp-content\/uploads\/2024\/02\/WhatsApp-Image-2024-02-16-at-15.28.10-jpeg.webp\" alt=\"\" width=\"516\" height=\"486\" srcset=\"https:\/\/nk7-testes.com.br\/agazeta\/wp-content\/uploads\/2024\/02\/WhatsApp-Image-2024-02-16-at-15.28.10-jpeg.webp 1170w, https:\/\/nk7-testes.com.br\/agazeta\/wp-content\/uploads\/2024\/02\/WhatsApp-Image-2024-02-16-at-15.28.10-300x283.webp 300w, https:\/\/nk7-testes.com.br\/agazeta\/wp-content\/uploads\/2024\/02\/WhatsApp-Image-2024-02-16-at-15.28.10-1024x965.webp 1024w, https:\/\/nk7-testes.com.br\/agazeta\/wp-content\/uploads\/2024\/02\/WhatsApp-Image-2024-02-16-at-15.28.10-768x724.webp 768w, https:\/\/nk7-testes.com.br\/agazeta\/wp-content\/uploads\/2024\/02\/WhatsApp-Image-2024-02-16-at-15.28.10-750x707.webp 750w, https:\/\/nk7-testes.com.br\/agazeta\/wp-content\/uploads\/2024\/02\/WhatsApp-Image-2024-02-16-at-15.28.10-1140x1075.webp 1140w\" sizes=\"(max-width: 516px) 100vw, 516px\" \/><figcaption id=\"caption-attachment-127447\" class=\"wp-caption-text\">Imagem: Assessoria<\/figcaption><\/figure>\n","protected":false},"excerpt":{"rendered":"<p>Na tarde desta sexta-feira (19), o prefeito de Rio Branco, Ti\u00e3o Bocalom (PP), visitou o pr\u00e9dio da TV Gazeta, afiliada \u00e0 Record no Acre, para agradecer pela transmiss\u00e3o do Carnaval &#8220;Rio Branco Folia, Tradi\u00e7\u00e3o e Alegria&#8217;, que encerrou ter\u00e7a-feira (13). De acordo com o prefeito, a equipe da TV Gazeta fez um trabalho espetacular durantes [&hellip;]<\/p>\n","protected":false},"author":4,"featured_media":127448,"comment_status":"open","ping_status":"open","sticky":false,"template":"","format":"standard","meta":{"jnews-multi-image_gallery":[],"jnews_single_post":{"source_name":"","source_url":"","via_name":"","via_url":"","override_template":"0","override":[{"template":"custom","single_blog_custom":"110746","parallax":"1","fullscreen":"1","layout":"right-sidebar","sidebar":"default-sidebar","second_sidebar":"default-sidebar","sticky_sidebar":"1","share_position":"top","share_float_style":"share-monocrhome","show_share_counter":"1","show_view_counter":"1","show_featured":"1","show_post_meta":"1","show_post_author":"1","show_post_author_image":"1","show_post_date":"1","post_date_format":"default","post_date_format_custom":"Y\/m\/d","show_post_category":"1","show_post_reading_time":"0","post_reading_time_wpm":"300","show_zoom_button":"0","zoom_button_out_step":"2","zoom_button_in_step":"3","show_post_tag":"1","show_prev_next_post":"1","show_popup_post":"1","number_popup_post":"1","show_author_box":"0","show_post_related":"1","show_inline_post_related":"0"}],"override_image_size":"0","image_override":[{"single_post_thumbnail_size":"crop-500","single_post_gallery_size":"crop-500"}],"trending_post":"0","trending_post_position":"meta","trending_post_label":"Trending","sponsored_post":"0","sponsored_post_label":"Sponsored by","sponsored_post_name":"","sponsored_post_url":"","sponsored_post_logo_enable":"0","sponsored_post_logo":"","sponsored_post_desc":"","disable_ad":"0"},"jnews_primary_category":{"id":"","hide":""},"jnews_social_meta":{"fb_title":"","fb_description":"","fb_image":"","twitter_title":"","twitter_description":"","twitter_image":""},"jnews_review":[],"enable_review":"0","type":"percentage","name":"","summary":"","brand":"","sku":"","good":[{"good_text":""}],"bad":[{"bad_text":""}],"score_override":"0","override_value":"","rating":[{"rating_text":"","rating_number":"10"}],"price":[{"shop":"","price":"","link":"","icon":""}],"footnotes":""},"categories":[54],"tags":[],"class_list":["post-127443","post","type-post","status-publish","format-standard","has-post-thumbnail","hentry","category-cotidiano"],"yoast_head":"<!-- This site is optimized with the Yoast SEO plugin v26.5 - https:\/\/yoast.com\/wordpress\/plugins\/seo\/ -->\n<title>&quot;Trabalho espetacular&quot;, diz Bocalom durante visita \u00e0 TV Gazeta para agradecer transmiss\u00e3o do Carnaval - Agazeta.net<\/title>\n<meta name=\"robots\" content=\"index, follow, max-snippet:-1, max-image-preview:large, max-video-preview:-1\" \/>\n<link rel=\"canonical\" href=\"https:\/\/nk7-testes.com.br\/agazeta\/trabalho-espetacular-diz-bocalom-durante-visita-a-tv-gazeta-para-agradecer-transmissao-do-carnaval\/\" \/>\n<meta property=\"og:locale\" content=\"pt_BR\" \/>\n<meta property=\"og:type\" content=\"article\" \/>\n<meta property=\"og:title\" content=\"&quot;Trabalho espetacular&quot;, diz Bocalom durante visita \u00e0 TV Gazeta para agradecer transmiss\u00e3o do Carnaval\" \/>\n<meta property=\"og:description\" content=\"Visita ocorreu na tarde desta sexta-feira (16) no pr\u00e9dio da TV Gazeta, afiliada \u00e0 Record no Acre\" \/>\n<meta property=\"og:url\" content=\"https:\/\/nk7-testes.com.br\/agazeta\/trabalho-espetacular-diz-bocalom-durante-visita-a-tv-gazeta-para-agradecer-transmissao-do-carnaval\/\" \/>\n<meta property=\"og:site_name\" content=\"Agazeta.net\" \/>\n<meta property=\"article:published_time\" content=\"2024-02-16T20:56:18+00:00\" \/>\n<meta property=\"article:modified_time\" content=\"2024-02-16T21:00:39+00:00\" \/>\n<meta property=\"og:image\" content=\"https:\/\/nk7-testes.com.br\/agazeta\/wp-content\/uploads\/2024\/02\/WhatsApp-Image-2024-02-16-at-15.27.59-jpeg.webp\" \/>\n\t<meta property=\"og:image:width\" content=\"800\" \/>\n\t<meta property=\"og:image:height\" content=\"400\" \/>\n\t<meta property=\"og:image:type\" content=\"image\/jpeg\" \/>\n<meta name=\"author\" content=\"Agazeta.Net\" \/>\n<meta name=\"twitter:card\" content=\"summary_large_image\" \/>\n<meta name=\"twitter:label1\" content=\"Escrito por\" \/>\n\t<meta name=\"twitter:data1\" content=\"Agazeta.Net\" \/>\n\t<meta name=\"twitter:label2\" content=\"Est. tempo de leitura\" \/>\n\t<meta name=\"twitter:data2\" content=\"2 minutos\" \/>\n<script type=\"application\/ld+json\" class=\"yoast-schema-graph\">{\"@context\":\"https:\/\/schema.org\",\"@graph\":[{\"@type\":\"WebPage\",\"@id\":\"https:\/\/nk7-testes.com.br\/agazeta\/trabalho-espetacular-diz-bocalom-durante-visita-a-tv-gazeta-para-agradecer-transmissao-do-carnaval\/\",\"url\":\"https:\/\/nk7-testes.com.br\/agazeta\/trabalho-espetacular-diz-bocalom-durante-visita-a-tv-gazeta-para-agradecer-transmissao-do-carnaval\/\",\"name\":\"\\\"Trabalho espetacular\\\", diz Bocalom durante visita \u00e0 TV Gazeta para agradecer transmiss\u00e3o do Carnaval - Agazeta.net\",\"isPartOf\":{\"@id\":\"https:\/\/nk7-testes.com.br\/agazeta\/#website\"},\"primaryImageOfPage\":{\"@id\":\"https:\/\/nk7-testes.com.br\/agazeta\/trabalho-espetacular-diz-bocalom-durante-visita-a-tv-gazeta-para-agradecer-transmissao-do-carnaval\/#primaryimage\"},\"image\":{\"@id\":\"https:\/\/nk7-testes.com.br\/agazeta\/trabalho-espetacular-diz-bocalom-durante-visita-a-tv-gazeta-para-agradecer-transmissao-do-carnaval\/#primaryimage\"},\"thumbnailUrl\":\"https:\/\/nk7-testes.com.br\/agazeta\/wp-content\/uploads\/2024\/02\/WhatsApp-Image-2024-02-16-at-15.27.59-jpeg.webp\",\"datePublished\":\"2024-02-16T20:56:18+00:00\",\"dateModified\":\"2024-02-16T21:00:39+00:00\",\"author\":{\"@id\":\"https:\/\/nk7-testes.com.br\/agazeta\/#\/schema\/person\/ff6b39d54d6973bfc57f4140f659b23f\"},\"breadcrumb\":{\"@id\":\"https:\/\/nk7-testes.com.br\/agazeta\/trabalho-espetacular-diz-bocalom-durante-visita-a-tv-gazeta-para-agradecer-transmissao-do-carnaval\/#breadcrumb\"},\"inLanguage\":\"pt-BR\",\"potentialAction\":[{\"@type\":\"ReadAction\",\"target\":[\"https:\/\/nk7-testes.com.br\/agazeta\/trabalho-espetacular-diz-bocalom-durante-visita-a-tv-gazeta-para-agradecer-transmissao-do-carnaval\/\"]}]},{\"@type\":\"ImageObject\",\"inLanguage\":\"pt-BR\",\"@id\":\"https:\/\/nk7-testes.com.br\/agazeta\/trabalho-espetacular-diz-bocalom-durante-visita-a-tv-gazeta-para-agradecer-transmissao-do-carnaval\/#primaryimage\",\"url\":\"https:\/\/nk7-testes.com.br\/agazeta\/wp-content\/uploads\/2024\/02\/WhatsApp-Image-2024-02-16-at-15.27.59-jpeg.webp\",\"contentUrl\":\"https:\/\/nk7-testes.com.br\/agazeta\/wp-content\/uploads\/2024\/02\/WhatsApp-Image-2024-02-16-at-15.27.59-jpeg.webp\",\"width\":800,\"height\":400,\"caption\":\"Imagem: Felipe Souza\"},{\"@type\":\"BreadcrumbList\",\"@id\":\"https:\/\/nk7-testes.com.br\/agazeta\/trabalho-espetacular-diz-bocalom-durante-visita-a-tv-gazeta-para-agradecer-transmissao-do-carnaval\/#breadcrumb\",\"itemListElement\":[{\"@type\":\"ListItem\",\"position\":1,\"name\":\"In\u00edcio\",\"item\":\"https:\/\/nk7-testes.com.br\/agazeta\/\"},{\"@type\":\"ListItem\",\"position\":2,\"name\":\"&#8220;Trabalho espetacular&#8221;, diz Bocalom durante visita \u00e0 TV Gazeta para agradecer transmiss\u00e3o do Carnaval\"}]},{\"@type\":\"WebSite\",\"@id\":\"https:\/\/nk7-testes.com.br\/agazeta\/#website\",\"url\":\"https:\/\/nk7-testes.com.br\/agazeta\/\",\"name\":\"Agazeta.net\",\"description\":\"Agazeta.net - Not\u00edcias de Rio Branco\/AC\",\"potentialAction\":[{\"@type\":\"SearchAction\",\"target\":{\"@type\":\"EntryPoint\",\"urlTemplate\":\"https:\/\/nk7-testes.com.br\/agazeta\/?s={search_term_string}\"},\"query-input\":{\"@type\":\"PropertyValueSpecification\",\"valueRequired\":true,\"valueName\":\"search_term_string\"}}],\"inLanguage\":\"pt-BR\"},{\"@type\":\"Person\",\"@id\":\"https:\/\/nk7-testes.com.br\/agazeta\/#\/schema\/person\/ff6b39d54d6973bfc57f4140f659b23f\",\"name\":\"Agazeta.Net\",\"url\":\"https:\/\/nk7-testes.com.br\/agazeta\/author\/agazeta\/\"}]}<\/script>\n<!-- \/ Yoast SEO plugin. -->","yoast_head_json":{"title":"\"Trabalho espetacular\", diz Bocalom durante visita \u00e0 TV Gazeta para agradecer transmiss\u00e3o do Carnaval - Agazeta.net","robots":{"index":"index","follow":"follow","max-snippet":"max-snippet:-1","max-image-preview":"max-image-preview:large","max-video-preview":"max-video-preview:-1"},"canonical":"https:\/\/nk7-testes.com.br\/agazeta\/trabalho-espetacular-diz-bocalom-durante-visita-a-tv-gazeta-para-agradecer-transmissao-do-carnaval\/","og_locale":"pt_BR","og_type":"article","og_title":"\"Trabalho espetacular\", diz Bocalom durante visita \u00e0 TV Gazeta para agradecer transmiss\u00e3o do Carnaval","og_description":"Visita ocorreu na tarde desta sexta-feira (16) no pr\u00e9dio da TV Gazeta, afiliada \u00e0 Record no Acre","og_url":"https:\/\/nk7-testes.com.br\/agazeta\/trabalho-espetacular-diz-bocalom-durante-visita-a-tv-gazeta-para-agradecer-transmissao-do-carnaval\/","og_site_name":"Agazeta.net","article_published_time":"2024-02-16T20:56:18+00:00","article_modified_time":"2024-02-16T21:00:39+00:00","og_image":[{"width":800,"height":400,"url":"https:\/\/nk7-testes.com.br\/agazeta\/wp-content\/uploads\/2024\/02\/WhatsApp-Image-2024-02-16-at-15.27.59-jpeg.webp","type":"image\/jpeg"}],"author":"Agazeta.Net","twitter_card":"summary_large_image","twitter_misc":{"Escrito por":"Agazeta.Net","Est. tempo de leitura":"2 minutos"},"schema":{"@context":"https:\/\/schema.org","@graph":[{"@type":"WebPage","@id":"https:\/\/nk7-testes.com.br\/agazeta\/trabalho-espetacular-diz-bocalom-durante-visita-a-tv-gazeta-para-agradecer-transmissao-do-carnaval\/","url":"https:\/\/nk7-testes.com.br\/agazeta\/trabalho-espetacular-diz-bocalom-durante-visita-a-tv-gazeta-para-agradecer-transmissao-do-carnaval\/","name":"\"Trabalho espetacular\", diz Bocalom durante visita \u00e0 TV Gazeta para agradecer transmiss\u00e3o do Carnaval - Agazeta.net","isPartOf":{"@id":"https:\/\/nk7-testes.com.br\/agazeta\/#website"},"primaryImageOfPage":{"@id":"https:\/\/nk7-testes.com.br\/agazeta\/trabalho-espetacular-diz-bocalom-durante-visita-a-tv-gazeta-para-agradecer-transmissao-do-carnaval\/#primaryimage"},"image":{"@id":"https:\/\/nk7-testes.com.br\/agazeta\/trabalho-espetacular-diz-bocalom-durante-visita-a-tv-gazeta-para-agradecer-transmissao-do-carnaval\/#primaryimage"},"thumbnailUrl":"https:\/\/nk7-testes.com.br\/agazeta\/wp-content\/uploads\/2024\/02\/WhatsApp-Image-2024-02-16-at-15.27.59-jpeg.webp","datePublished":"2024-02-16T20:56:18+00:00","dateModified":"2024-02-16T21:00:39+00:00","author":{"@id":"https:\/\/nk7-testes.com.br\/agazeta\/#\/schema\/person\/ff6b39d54d6973bfc57f4140f659b23f"},"breadcrumb":{"@id":"https:\/\/nk7-testes.com.br\/agazeta\/trabalho-espetacular-diz-bocalom-durante-visita-a-tv-gazeta-para-agradecer-transmissao-do-carnaval\/#breadcrumb"},"inLanguage":"pt-BR","potentialAction":[{"@type":"ReadAction","target":["https:\/\/nk7-testes.com.br\/agazeta\/trabalho-espetacular-diz-bocalom-durante-visita-a-tv-gazeta-para-agradecer-transmissao-do-carnaval\/"]}]},{"@type":"ImageObject","inLanguage":"pt-BR","@id":"https:\/\/nk7-testes.com.br\/agazeta\/trabalho-espetacular-diz-bocalom-durante-visita-a-tv-gazeta-para-agradecer-transmissao-do-carnaval\/#primaryimage","url":"https:\/\/nk7-testes.com.br\/agazeta\/wp-content\/uploads\/2024\/02\/WhatsApp-Image-2024-02-16-at-15.27.59-jpeg.webp","contentUrl":"https:\/\/nk7-testes.com.br\/agazeta\/wp-content\/uploads\/2024\/02\/WhatsApp-Image-2024-02-16-at-15.27.59-jpeg.webp","width":800,"height":400,"caption":"Imagem: Felipe Souza"},{"@type":"BreadcrumbList","@id":"https:\/\/nk7-testes.com.br\/agazeta\/trabalho-espetacular-diz-bocalom-durante-visita-a-tv-gazeta-para-agradecer-transmissao-do-carnaval\/#breadcrumb","itemListElement":[{"@type":"ListItem","position":1,"name":"In\u00edcio","item":"https:\/\/nk7-testes.com.br\/agazeta\/"},{"@type":"ListItem","position":2,"name":"&#8220;Trabalho espetacular&#8221;, diz Bocalom durante visita \u00e0 TV Gazeta para agradecer transmiss\u00e3o do Carnaval"}]},{"@type":"WebSite","@id":"https:\/\/nk7-testes.com.br\/agazeta\/#website","url":"https:\/\/nk7-testes.com.br\/agazeta\/","name":"Agazeta.net","description":"Agazeta.net - Not\u00edcias de Rio Branco\/AC","potentialAction":[{"@type":"SearchAction","target":{"@type":"EntryPoint","urlTemplate":"https:\/\/nk7-testes.com.br\/agazeta\/?s={search_term_string}"},"query-input":{"@type":"PropertyValueSpecification","valueRequired":true,"valueName":"search_term_string"}}],"inLanguage":"pt-BR"},{"@type":"Person","@id":"https:\/\/nk7-testes.com.br\/agazeta\/#\/schema\/person\/ff6b39d54d6973bfc57f4140f659b23f","name":"Agazeta.Net","url":"https:\/\/nk7-testes.com.br\/agazeta\/author\/agazeta\/"}]}},"_links":{"self":[{"href":"https:\/\/nk7-testes.com.br\/agazeta\/wp-json\/wp\/v2\/posts\/127443","targetHints":{"allow":["GET"]}}],"collection":[{"href":"https:\/\/nk7-testes.com.br\/agazeta\/wp-json\/wp\/v2\/posts"}],"about":[{"href":"https:\/\/nk7-testes.com.br\/agazeta\/wp-json\/wp\/v2\/types\/post"}],"author":[{"embeddable":true,"href":"https:\/\/nk7-testes.com.br\/agazeta\/wp-json\/wp\/v2\/users\/4"}],"replies":[{"embeddable":true,"href":"https:\/\/nk7-testes.com.br\/agazeta\/wp-json\/wp\/v2\/comments?post=127443"}],"version-history":[{"count":0,"href":"https:\/\/nk7-testes.com.br\/agazeta\/wp-json\/wp\/v2\/posts\/127443\/revisions"}],"wp:featuredmedia":[{"embeddable":true,"href":"https:\/\/nk7-testes.com.br\/agazeta\/wp-json\/wp\/v2\/media\/127448"}],"wp:attachment":[{"href":"https:\/\/nk7-testes.com.br\/agazeta\/wp-json\/wp\/v2\/media?parent=127443"}],"wp:term":[{"taxonomy":"category","embeddable":true,"href":"https:\/\/nk7-testes.com.br\/agazeta\/wp-json\/wp\/v2\/categories?post=127443"},{"taxonomy":"post_tag","embeddable":true,"href":"https:\/\/nk7-testes.com.br\/agazeta\/wp-json\/wp\/v2\/tags?post=127443"}],"curies":[{"name":"wp","href":"https:\/\/api.w.org\/{rel}","templated":true}]}}