{"id":127437,"date":"2024-02-16T15:14:36","date_gmt":"2024-02-16T20:14:36","guid":{"rendered":"https:\/\/nk7-testes.com.br\/?p=127437"},"modified":"2024-02-16T15:14:36","modified_gmt":"2024-02-16T20:14:36","slug":"acre-registra-quase-30-fugas-de-unidades-prisionais-entre-2023-e-2024-segundo-iapen","status":"publish","type":"post","link":"https:\/\/nk7-testes.com.br\/agazeta\/acre-registra-quase-30-fugas-de-unidades-prisionais-entre-2023-e-2024-segundo-iapen\/","title":{"rendered":"Acre registra quase 30 fugas de unidades prisionais entre 2023 e 2024, segundo Iapen"},"content":{"rendered":"<p style=\"text-align: justify;\">Dados enviados ao <strong>Agazeta.net <\/strong>nesta sexta-feita (16), colhidos pelo Instituto de Administra\u00e7\u00e3o Penitenci\u00e1ria (Iapen), apontam que ao todo, em 2023 e 2024, 28 presos fugiram de unidades prisionais no Acre. Deste n\u00famero, 16 foram recapturados at\u00e9 o momento.<\/p>\n<p style=\"text-align: justify;\">Neste mesmo per\u00edodo, al\u00e9m das fugas concretizadas, tamb\u00e9m foram registradas 24 tentativas nos pres\u00eddios em territ\u00f3rio acreano.<\/p>\n<p style=\"text-align: justify;\">De acordo com a Assessoria do Iapen, as buscas aos 12 detentos que ainda n\u00e3o foram recapturados s\u00e3o feitas pelas for\u00e7as de seguran\u00e7a do Estado, em um trabalho integrado. Explica, ainda, que os trabalhos dentro das unidades foram intensificados, a fim de evitar novas fugas.<\/p>\n<p style=\"text-align: justify;\">&#8220;As buscas aos detentos seguem sendo feitas pelas for\u00e7as de seguran\u00e7a, com um trabalho integrado. Para evitarmos novas fugas, os trabalhos preventivos foram intensificados dentro dos pres\u00eddios com a\u00e7\u00f5es de varredura nas celas, rondas constantes, revistas e retirada de il\u00edcitos de dentro das celas&#8221;, salienta a Assessoria.<\/p>\n<figure id=\"attachment_127441\" aria-describedby=\"caption-attachment-127441\" style=\"width: 497px\" class=\"wp-caption aligncenter\"><img decoding=\"async\" class=\"wp-image-127441 \" src=\"https:\/\/nk7-testes.com.br\/wp-content\/uploads\/2024\/02\/3-GUR_6576-1024x682-1-jpg.webp\" alt=\"\" width=\"497\" height=\"331\" srcset=\"https:\/\/nk7-testes.com.br\/agazeta\/wp-content\/uploads\/2024\/02\/3-GUR_6576-1024x682-1-jpg.webp 1024w, https:\/\/nk7-testes.com.br\/agazeta\/wp-content\/uploads\/2024\/02\/3-GUR_6576-1024x682-1-300x200.webp 300w, https:\/\/nk7-testes.com.br\/agazeta\/wp-content\/uploads\/2024\/02\/3-GUR_6576-1024x682-1-768x512.webp 768w, https:\/\/nk7-testes.com.br\/agazeta\/wp-content\/uploads\/2024\/02\/3-GUR_6576-1024x682-1-750x500.webp 750w\" sizes=\"(max-width: 497px) 100vw, 497px\" \/><figcaption id=\"caption-attachment-127441\" class=\"wp-caption-text\">Foto: Diego Gurgel\/Secom<\/figcaption><\/figure>\n<h4>Mortes<\/h4>\n<p style=\"text-align: justify;\">Em 2023 e 2024 foram registradas 19 mortes de detentos nos pres\u00eddios, sendo que destes 19, 03 faleceram no Hospital de Urg\u00eancia e Emerg\u00eancia de Rio Branco (Huerb). As causas, em sua maioria, foram mortes violentas, com 10. Das restantes, cinco foram por doen\u00e7as e quatro, ainda est\u00e3o em investiga\u00e7\u00e3o.<\/p>\n<h4>A\u00e7\u00f5es<\/h4>\n<p style=\"text-align: justify;\">O governo do Acre, junto ao Iapen, realiza opera\u00e7\u00f5es de preven\u00e7\u00e3o e apreens\u00e3o de objetos proibidos no Complexo Penitenci\u00e1rio de Rio Branco e demais unidades do estado. Al\u00e9m disso, o Instituto faz outras atividades de preven\u00e7\u00e3o, para proporcionar um ambiente mais seguro aos reeducandos.<\/p>\n<p style=\"text-align: justify;\">Os policiais penais que participam das opera\u00e7\u00f5es atuam em for\u00e7a-tarefa, isto \u00e9, agrupamento de diversas unidades para a execu\u00e7\u00e3o do objetivo.<\/p>\n<figure id=\"attachment_127440\" aria-describedby=\"caption-attachment-127440\" style=\"width: 513px\" class=\"wp-caption aligncenter\"><img decoding=\"async\" class=\"wp-image-127440 \" src=\"https:\/\/nk7-testes.com.br\/wp-content\/uploads\/2024\/02\/5-GUR_6610-1024x682-1-jpg.webp\" alt=\"\" width=\"513\" height=\"341\" srcset=\"https:\/\/nk7-testes.com.br\/agazeta\/wp-content\/uploads\/2024\/02\/5-GUR_6610-1024x682-1-jpg.webp 1024w, https:\/\/nk7-testes.com.br\/agazeta\/wp-content\/uploads\/2024\/02\/5-GUR_6610-1024x682-1-300x200.webp 300w, https:\/\/nk7-testes.com.br\/agazeta\/wp-content\/uploads\/2024\/02\/5-GUR_6610-1024x682-1-768x512.webp 768w, https:\/\/nk7-testes.com.br\/agazeta\/wp-content\/uploads\/2024\/02\/5-GUR_6610-1024x682-1-750x500.webp 750w\" sizes=\"(max-width: 513px) 100vw, 513px\" \/><figcaption id=\"caption-attachment-127440\" class=\"wp-caption-text\">Foto: Diego Gurgel\/Secom<\/figcaption><\/figure>\n","protected":false},"excerpt":{"rendered":"<p>Dados enviados ao Agazeta.net nesta sexta-feita (16), colhidos pelo Instituto de Administra\u00e7\u00e3o Penitenci\u00e1ria (Iapen), apontam que ao todo, em 2023 e 2024, 28 presos fugiram de unidades prisionais no Acre. Deste n\u00famero, 16 foram recapturados at\u00e9 o momento. Neste mesmo per\u00edodo, al\u00e9m das fugas concretizadas, tamb\u00e9m foram registradas 24 tentativas nos pres\u00eddios em territ\u00f3rio acreano. [&hellip;]<\/p>\n","protected":false},"author":4,"featured_media":127438,"comment_status":"open","ping_status":"open","sticky":false,"template":"","format":"standard","meta":{"jnews-multi-image_gallery":[],"jnews_single_post":{"source_name":"","source_url":"","via_name":"","via_url":"","override_template":"0","override":[{"template":"custom","single_blog_custom":"110746","parallax":"1","fullscreen":"1","layout":"right-sidebar","sidebar":"default-sidebar","second_sidebar":"default-sidebar","sticky_sidebar":"1","share_position":"top","share_float_style":"share-monocrhome","show_share_counter":"1","show_view_counter":"1","show_featured":"1","show_post_meta":"1","show_post_author":"1","show_post_author_image":"1","show_post_date":"1","post_date_format":"default","post_date_format_custom":"Y\/m\/d","show_post_category":"1","show_post_reading_time":"0","post_reading_time_wpm":"300","show_zoom_button":"0","zoom_button_out_step":"2","zoom_button_in_step":"3","show_post_tag":"1","show_prev_next_post":"1","show_popup_post":"1","number_popup_post":"1","show_author_box":"0","show_post_related":"1","show_inline_post_related":"0"}],"override_image_size":"0","image_override":[{"single_post_thumbnail_size":"crop-500","single_post_gallery_size":"crop-500"}],"trending_post":"0","trending_post_position":"meta","trending_post_label":"Trending","sponsored_post":"0","sponsored_post_label":"Sponsored by","sponsored_post_name":"","sponsored_post_url":"","sponsored_post_logo_enable":"0","sponsored_post_logo":"","sponsored_post_desc":"","disable_ad":"0"},"jnews_primary_category":{"id":"","hide":""},"jnews_social_meta":{"fb_title":"","fb_description":"","fb_image":"","twitter_title":"","twitter_description":"","twitter_image":""},"jnews_review":[],"enable_review":"0","type":"percentage","name":"","summary":"","brand":"","sku":"","good":[{"good_text":""}],"bad":[{"bad_text":""}],"score_override":"0","override_value":"","rating":[{"rating_text":"","rating_number":"10"}],"price":[{"shop":"","price":"","link":"","icon":""}],"footnotes":""},"categories":[54],"tags":[152],"class_list":["post-127437","post","type-post","status-publish","format-standard","has-post-thumbnail","hentry","category-cotidiano","tag-destaque"],"yoast_head":"<!-- This site is optimized with the Yoast SEO plugin v26.5 - https:\/\/yoast.com\/wordpress\/plugins\/seo\/ -->\n<title>Acre registra quase 30 fugas de unidades prisionais entre 2023 e 2024, segundo Iapen - Agazeta.net<\/title>\n<meta name=\"robots\" content=\"index, follow, max-snippet:-1, max-image-preview:large, max-video-preview:-1\" \/>\n<link rel=\"canonical\" href=\"https:\/\/nk7-testes.com.br\/agazeta\/acre-registra-quase-30-fugas-de-unidades-prisionais-entre-2023-e-2024-segundo-iapen\/\" \/>\n<meta property=\"og:locale\" content=\"pt_BR\" \/>\n<meta property=\"og:type\" content=\"article\" \/>\n<meta property=\"og:title\" content=\"Acre registra quase 30 fugas de unidades prisionais entre 2023 e 2024, segundo Iapen\" \/>\n<meta property=\"og:description\" content=\"No mesmo per\u00edodo tamb\u00e9m foram registradas 19 mortes de detentos nos pres\u00eddios do Estado\" \/>\n<meta property=\"og:url\" content=\"https:\/\/nk7-testes.com.br\/agazeta\/acre-registra-quase-30-fugas-de-unidades-prisionais-entre-2023-e-2024-segundo-iapen\/\" \/>\n<meta property=\"og:site_name\" content=\"Agazeta.net\" \/>\n<meta property=\"article:published_time\" content=\"2024-02-16T20:14:36+00:00\" \/>\n<meta property=\"og:image\" content=\"https:\/\/nk7-testes.com.br\/agazeta\/wp-content\/uploads\/2024\/02\/4-GUR_6590-scaled-1-jpg.webp\" \/>\n\t<meta property=\"og:image:width\" content=\"800\" \/>\n\t<meta property=\"og:image:height\" content=\"401\" \/>\n\t<meta property=\"og:image:type\" content=\"image\/jpeg\" \/>\n<meta name=\"author\" content=\"Agazeta.Net\" \/>\n<meta name=\"twitter:card\" content=\"summary_large_image\" \/>\n<meta name=\"twitter:label1\" content=\"Escrito por\" \/>\n\t<meta name=\"twitter:data1\" content=\"Agazeta.Net\" \/>\n\t<meta name=\"twitter:label2\" content=\"Est. tempo de leitura\" \/>\n\t<meta name=\"twitter:data2\" content=\"2 minutos\" \/>\n<script type=\"application\/ld+json\" class=\"yoast-schema-graph\">{\"@context\":\"https:\/\/schema.org\",\"@graph\":[{\"@type\":\"WebPage\",\"@id\":\"https:\/\/nk7-testes.com.br\/agazeta\/acre-registra-quase-30-fugas-de-unidades-prisionais-entre-2023-e-2024-segundo-iapen\/\",\"url\":\"https:\/\/nk7-testes.com.br\/agazeta\/acre-registra-quase-30-fugas-de-unidades-prisionais-entre-2023-e-2024-segundo-iapen\/\",\"name\":\"Acre registra quase 30 fugas de unidades prisionais entre 2023 e 2024, segundo Iapen - Agazeta.net\",\"isPartOf\":{\"@id\":\"https:\/\/nk7-testes.com.br\/agazeta\/#website\"},\"primaryImageOfPage\":{\"@id\":\"https:\/\/nk7-testes.com.br\/agazeta\/acre-registra-quase-30-fugas-de-unidades-prisionais-entre-2023-e-2024-segundo-iapen\/#primaryimage\"},\"image\":{\"@id\":\"https:\/\/nk7-testes.com.br\/agazeta\/acre-registra-quase-30-fugas-de-unidades-prisionais-entre-2023-e-2024-segundo-iapen\/#primaryimage\"},\"thumbnailUrl\":\"https:\/\/nk7-testes.com.br\/agazeta\/wp-content\/uploads\/2024\/02\/4-GUR_6590-scaled-1-jpg.webp\",\"datePublished\":\"2024-02-16T20:14:36+00:00\",\"author\":{\"@id\":\"https:\/\/nk7-testes.com.br\/agazeta\/#\/schema\/person\/ff6b39d54d6973bfc57f4140f659b23f\"},\"breadcrumb\":{\"@id\":\"https:\/\/nk7-testes.com.br\/agazeta\/acre-registra-quase-30-fugas-de-unidades-prisionais-entre-2023-e-2024-segundo-iapen\/#breadcrumb\"},\"inLanguage\":\"pt-BR\",\"potentialAction\":[{\"@type\":\"ReadAction\",\"target\":[\"https:\/\/nk7-testes.com.br\/agazeta\/acre-registra-quase-30-fugas-de-unidades-prisionais-entre-2023-e-2024-segundo-iapen\/\"]}]},{\"@type\":\"ImageObject\",\"inLanguage\":\"pt-BR\",\"@id\":\"https:\/\/nk7-testes.com.br\/agazeta\/acre-registra-quase-30-fugas-de-unidades-prisionais-entre-2023-e-2024-segundo-iapen\/#primaryimage\",\"url\":\"https:\/\/nk7-testes.com.br\/agazeta\/wp-content\/uploads\/2024\/02\/4-GUR_6590-scaled-1-jpg.webp\",\"contentUrl\":\"https:\/\/nk7-testes.com.br\/agazeta\/wp-content\/uploads\/2024\/02\/4-GUR_6590-scaled-1-jpg.webp\",\"width\":800,\"height\":401,\"caption\":\"Foto: Diego Gurgel\/Secom\"},{\"@type\":\"BreadcrumbList\",\"@id\":\"https:\/\/nk7-testes.com.br\/agazeta\/acre-registra-quase-30-fugas-de-unidades-prisionais-entre-2023-e-2024-segundo-iapen\/#breadcrumb\",\"itemListElement\":[{\"@type\":\"ListItem\",\"position\":1,\"name\":\"In\u00edcio\",\"item\":\"https:\/\/nk7-testes.com.br\/agazeta\/\"},{\"@type\":\"ListItem\",\"position\":2,\"name\":\"Acre registra quase 30 fugas de unidades prisionais entre 2023 e 2024, segundo Iapen\"}]},{\"@type\":\"WebSite\",\"@id\":\"https:\/\/nk7-testes.com.br\/agazeta\/#website\",\"url\":\"https:\/\/nk7-testes.com.br\/agazeta\/\",\"name\":\"Agazeta.net\",\"description\":\"Agazeta.net - Not\u00edcias de Rio Branco\/AC\",\"potentialAction\":[{\"@type\":\"SearchAction\",\"target\":{\"@type\":\"EntryPoint\",\"urlTemplate\":\"https:\/\/nk7-testes.com.br\/agazeta\/?s={search_term_string}\"},\"query-input\":{\"@type\":\"PropertyValueSpecification\",\"valueRequired\":true,\"valueName\":\"search_term_string\"}}],\"inLanguage\":\"pt-BR\"},{\"@type\":\"Person\",\"@id\":\"https:\/\/nk7-testes.com.br\/agazeta\/#\/schema\/person\/ff6b39d54d6973bfc57f4140f659b23f\",\"name\":\"Agazeta.Net\",\"url\":\"https:\/\/nk7-testes.com.br\/agazeta\/author\/agazeta\/\"}]}<\/script>\n<!-- \/ Yoast SEO plugin. -->","yoast_head_json":{"title":"Acre registra quase 30 fugas de unidades prisionais entre 2023 e 2024, segundo Iapen - Agazeta.net","robots":{"index":"index","follow":"follow","max-snippet":"max-snippet:-1","max-image-preview":"max-image-preview:large","max-video-preview":"max-video-preview:-1"},"canonical":"https:\/\/nk7-testes.com.br\/agazeta\/acre-registra-quase-30-fugas-de-unidades-prisionais-entre-2023-e-2024-segundo-iapen\/","og_locale":"pt_BR","og_type":"article","og_title":"Acre registra quase 30 fugas de unidades prisionais entre 2023 e 2024, segundo Iapen","og_description":"No mesmo per\u00edodo tamb\u00e9m foram registradas 19 mortes de detentos nos pres\u00eddios do Estado","og_url":"https:\/\/nk7-testes.com.br\/agazeta\/acre-registra-quase-30-fugas-de-unidades-prisionais-entre-2023-e-2024-segundo-iapen\/","og_site_name":"Agazeta.net","article_published_time":"2024-02-16T20:14:36+00:00","og_image":[{"width":800,"height":401,"url":"https:\/\/nk7-testes.com.br\/agazeta\/wp-content\/uploads\/2024\/02\/4-GUR_6590-scaled-1-jpg.webp","type":"image\/jpeg"}],"author":"Agazeta.Net","twitter_card":"summary_large_image","twitter_misc":{"Escrito por":"Agazeta.Net","Est. tempo de leitura":"2 minutos"},"schema":{"@context":"https:\/\/schema.org","@graph":[{"@type":"WebPage","@id":"https:\/\/nk7-testes.com.br\/agazeta\/acre-registra-quase-30-fugas-de-unidades-prisionais-entre-2023-e-2024-segundo-iapen\/","url":"https:\/\/nk7-testes.com.br\/agazeta\/acre-registra-quase-30-fugas-de-unidades-prisionais-entre-2023-e-2024-segundo-iapen\/","name":"Acre registra quase 30 fugas de unidades prisionais entre 2023 e 2024, segundo Iapen - Agazeta.net","isPartOf":{"@id":"https:\/\/nk7-testes.com.br\/agazeta\/#website"},"primaryImageOfPage":{"@id":"https:\/\/nk7-testes.com.br\/agazeta\/acre-registra-quase-30-fugas-de-unidades-prisionais-entre-2023-e-2024-segundo-iapen\/#primaryimage"},"image":{"@id":"https:\/\/nk7-testes.com.br\/agazeta\/acre-registra-quase-30-fugas-de-unidades-prisionais-entre-2023-e-2024-segundo-iapen\/#primaryimage"},"thumbnailUrl":"https:\/\/nk7-testes.com.br\/agazeta\/wp-content\/uploads\/2024\/02\/4-GUR_6590-scaled-1-jpg.webp","datePublished":"2024-02-16T20:14:36+00:00","author":{"@id":"https:\/\/nk7-testes.com.br\/agazeta\/#\/schema\/person\/ff6b39d54d6973bfc57f4140f659b23f"},"breadcrumb":{"@id":"https:\/\/nk7-testes.com.br\/agazeta\/acre-registra-quase-30-fugas-de-unidades-prisionais-entre-2023-e-2024-segundo-iapen\/#breadcrumb"},"inLanguage":"pt-BR","potentialAction":[{"@type":"ReadAction","target":["https:\/\/nk7-testes.com.br\/agazeta\/acre-registra-quase-30-fugas-de-unidades-prisionais-entre-2023-e-2024-segundo-iapen\/"]}]},{"@type":"ImageObject","inLanguage":"pt-BR","@id":"https:\/\/nk7-testes.com.br\/agazeta\/acre-registra-quase-30-fugas-de-unidades-prisionais-entre-2023-e-2024-segundo-iapen\/#primaryimage","url":"https:\/\/nk7-testes.com.br\/agazeta\/wp-content\/uploads\/2024\/02\/4-GUR_6590-scaled-1-jpg.webp","contentUrl":"https:\/\/nk7-testes.com.br\/agazeta\/wp-content\/uploads\/2024\/02\/4-GUR_6590-scaled-1-jpg.webp","width":800,"height":401,"caption":"Foto: Diego Gurgel\/Secom"},{"@type":"BreadcrumbList","@id":"https:\/\/nk7-testes.com.br\/agazeta\/acre-registra-quase-30-fugas-de-unidades-prisionais-entre-2023-e-2024-segundo-iapen\/#breadcrumb","itemListElement":[{"@type":"ListItem","position":1,"name":"In\u00edcio","item":"https:\/\/nk7-testes.com.br\/agazeta\/"},{"@type":"ListItem","position":2,"name":"Acre registra quase 30 fugas de unidades prisionais entre 2023 e 2024, segundo Iapen"}]},{"@type":"WebSite","@id":"https:\/\/nk7-testes.com.br\/agazeta\/#website","url":"https:\/\/nk7-testes.com.br\/agazeta\/","name":"Agazeta.net","description":"Agazeta.net - Not\u00edcias de Rio Branco\/AC","potentialAction":[{"@type":"SearchAction","target":{"@type":"EntryPoint","urlTemplate":"https:\/\/nk7-testes.com.br\/agazeta\/?s={search_term_string}"},"query-input":{"@type":"PropertyValueSpecification","valueRequired":true,"valueName":"search_term_string"}}],"inLanguage":"pt-BR"},{"@type":"Person","@id":"https:\/\/nk7-testes.com.br\/agazeta\/#\/schema\/person\/ff6b39d54d6973bfc57f4140f659b23f","name":"Agazeta.Net","url":"https:\/\/nk7-testes.com.br\/agazeta\/author\/agazeta\/"}]}},"_links":{"self":[{"href":"https:\/\/nk7-testes.com.br\/agazeta\/wp-json\/wp\/v2\/posts\/127437","targetHints":{"allow":["GET"]}}],"collection":[{"href":"https:\/\/nk7-testes.com.br\/agazeta\/wp-json\/wp\/v2\/posts"}],"about":[{"href":"https:\/\/nk7-testes.com.br\/agazeta\/wp-json\/wp\/v2\/types\/post"}],"author":[{"embeddable":true,"href":"https:\/\/nk7-testes.com.br\/agazeta\/wp-json\/wp\/v2\/users\/4"}],"replies":[{"embeddable":true,"href":"https:\/\/nk7-testes.com.br\/agazeta\/wp-json\/wp\/v2\/comments?post=127437"}],"version-history":[{"count":0,"href":"https:\/\/nk7-testes.com.br\/agazeta\/wp-json\/wp\/v2\/posts\/127437\/revisions"}],"wp:featuredmedia":[{"embeddable":true,"href":"https:\/\/nk7-testes.com.br\/agazeta\/wp-json\/wp\/v2\/media\/127438"}],"wp:attachment":[{"href":"https:\/\/nk7-testes.com.br\/agazeta\/wp-json\/wp\/v2\/media?parent=127437"}],"wp:term":[{"taxonomy":"category","embeddable":true,"href":"https:\/\/nk7-testes.com.br\/agazeta\/wp-json\/wp\/v2\/categories?post=127437"},{"taxonomy":"post_tag","embeddable":true,"href":"https:\/\/nk7-testes.com.br\/agazeta\/wp-json\/wp\/v2\/tags?post=127437"}],"curies":[{"name":"wp","href":"https:\/\/api.w.org\/{rel}","templated":true}]}}