{"id":127392,"date":"2024-02-15T16:06:53","date_gmt":"2024-02-15T21:06:53","guid":{"rendered":"https:\/\/nk7-testes.com.br\/?p=127392"},"modified":"2024-02-15T16:06:53","modified_gmt":"2024-02-15T21:06:53","slug":"resultado-final-dos-inscritos-na-lei-paulo-gustavo-no-acre-e-divulgado-pela-fem-veja-lista","status":"publish","type":"post","link":"https:\/\/nk7-testes.com.br\/agazeta\/resultado-final-dos-inscritos-na-lei-paulo-gustavo-no-acre-e-divulgado-pela-fem-veja-lista\/","title":{"rendered":"Resultado final dos inscritos na Lei Paulo Gustavo no Acre \u00e9 divulgado pela FEM; veja lista"},"content":{"rendered":"<p style=\"text-align: justify;\">Nesta quinta-feira\u00a0 (15), atrav\u00e9s do Di\u00e1rio Oficial do Estado (DOE), a Funda\u00e7\u00e3o de Cultura Elias Mansour (FEM) divulgou o resultado final das notas de avalia\u00e7\u00e3o dos projetos inscritos no edital de Arte e Patrim\u00f4nio Lei Paulo Gustavo n\u00b0007\/2023.<\/p>\n<p style=\"text-align: justify;\">O quadro de vagas est\u00e1 divido entre os munic\u00edpios do Acre. Para saber mais e conferir a lista, os candidatos inscritos devem acessar a edi\u00e7\u00e3o desta quinta-feira do DOE. <a href=\"file:\/\/\/C:\/Users\/Tv%2001\/Downloads\/DO17080030253475.pdf\">Clique<\/a> e confira.<\/p>\n<h4 class=\"jeg_post_title\">Maior investimento no setor cultural na hist\u00f3ria do Acre<\/h4>\n<p style=\"text-align: justify;\">Uma tarde de celebra\u00e7\u00e3o e esperan\u00e7a ficou marcada no Museu dos Povos Acreanos no dia 9 de outubro do ano passado, em Rio Branco, quando o governador Gladson Cameli anunciou o maior investimento j\u00e1 destinado \u00e0 cultura na hist\u00f3ria do Acre, com R$ 22 milh\u00f5es em recursos.<\/p>\n<p style=\"text-align: justify;\">O evento, organizado pela Funda\u00e7\u00e3o de Cultura Elias Mansour (FEM), marcou o lan\u00e7amento dos editais da Lei Paulo Gustavo no estado, um marco significativo para os trabalhadores e trabalhadoras da cultura que enfrentaram grandes desafios durante a pandemia da Covid-19.<\/p>\n<p>https:\/\/nk7-testes.com.br\/lei-paulo-gustavo-e-o-maior-investimento-no-setor-cultural-na-historia-do-acre-r-22-milhoes\/<\/p>\n","protected":false},"excerpt":{"rendered":"<p>Nesta quinta-feira\u00a0 (15), atrav\u00e9s do Di\u00e1rio Oficial do Estado (DOE), a Funda\u00e7\u00e3o de Cultura Elias Mansour (FEM) divulgou o resultado final das notas de avalia\u00e7\u00e3o dos projetos inscritos no edital de Arte e Patrim\u00f4nio Lei Paulo Gustavo n\u00b0007\/2023. O quadro de vagas est\u00e1 divido entre os munic\u00edpios do Acre. Para saber mais e conferir a [&hellip;]<\/p>\n","protected":false},"author":4,"featured_media":127393,"comment_status":"open","ping_status":"open","sticky":false,"template":"","format":"standard","meta":{"jnews-multi-image_gallery":[],"jnews_single_post":{"source_name":"","source_url":"","via_name":"","via_url":"","override_template":"0","override":[{"template":"custom","single_blog_custom":"110746","parallax":"1","fullscreen":"1","layout":"right-sidebar","sidebar":"default-sidebar","second_sidebar":"default-sidebar","sticky_sidebar":"1","share_position":"top","share_float_style":"share-monocrhome","show_share_counter":"1","show_view_counter":"1","show_featured":"1","show_post_meta":"1","show_post_author":"1","show_post_author_image":"1","show_post_date":"1","post_date_format":"default","post_date_format_custom":"Y\/m\/d","show_post_category":"1","show_post_reading_time":"0","post_reading_time_wpm":"300","show_zoom_button":"0","zoom_button_out_step":"2","zoom_button_in_step":"3","show_post_tag":"1","show_prev_next_post":"1","show_popup_post":"1","number_popup_post":"1","show_author_box":"0","show_post_related":"1","show_inline_post_related":"0"}],"override_image_size":"0","image_override":[{"single_post_thumbnail_size":"crop-500","single_post_gallery_size":"crop-500"}],"trending_post":"0","trending_post_position":"meta","trending_post_label":"Trending","sponsored_post":"0","sponsored_post_label":"Sponsored by","sponsored_post_name":"","sponsored_post_url":"","sponsored_post_logo_enable":"0","sponsored_post_logo":"","sponsored_post_desc":"","disable_ad":"0"},"jnews_primary_category":{"id":"","hide":""},"jnews_social_meta":{"fb_title":"","fb_description":"","fb_image":"","twitter_title":"","twitter_description":"","twitter_image":""},"jnews_review":[],"enable_review":"0","type":"percentage","name":"","summary":"","brand":"","sku":"","good":[{"good_text":""}],"bad":[{"bad_text":""}],"score_override":"0","override_value":"","rating":[{"rating_text":"","rating_number":"10"}],"price":[{"shop":"","price":"","link":"","icon":""}],"footnotes":""},"categories":[54],"tags":[],"class_list":["post-127392","post","type-post","status-publish","format-standard","has-post-thumbnail","hentry","category-cotidiano"],"yoast_head":"<!-- This site is optimized with the Yoast SEO plugin v26.5 - https:\/\/yoast.com\/wordpress\/plugins\/seo\/ -->\n<title>Resultado final dos inscritos na Lei Paulo Gustavo no Acre \u00e9 divulgado pela FEM; veja lista - Agazeta.net<\/title>\n<meta name=\"robots\" content=\"index, follow, max-snippet:-1, max-image-preview:large, max-video-preview:-1\" \/>\n<link rel=\"canonical\" href=\"https:\/\/nk7-testes.com.br\/agazeta\/resultado-final-dos-inscritos-na-lei-paulo-gustavo-no-acre-e-divulgado-pela-fem-veja-lista\/\" \/>\n<meta property=\"og:locale\" content=\"pt_BR\" \/>\n<meta property=\"og:type\" content=\"article\" \/>\n<meta property=\"og:title\" content=\"Resultado final dos inscritos na Lei Paulo Gustavo no Acre \u00e9 divulgado pela FEM; veja lista\" \/>\n<meta property=\"og:description\" content=\"Lista foi publicada atrav\u00e9s do Di\u00e1rio Oficial do Estado (DOE) desta quinta-feira (15)\" \/>\n<meta property=\"og:url\" content=\"https:\/\/nk7-testes.com.br\/agazeta\/resultado-final-dos-inscritos-na-lei-paulo-gustavo-no-acre-e-divulgado-pela-fem-veja-lista\/\" \/>\n<meta property=\"og:site_name\" content=\"Agazeta.net\" \/>\n<meta property=\"article:published_time\" content=\"2024-02-15T21:06:53+00:00\" \/>\n<meta property=\"og:image\" content=\"https:\/\/nk7-testes.com.br\/agazeta\/wp-content\/uploads\/2024\/02\/98b994_5cde750dc1274fcc937ccea5b5fe2ee5_mv2-jpg.webp\" \/>\n\t<meta property=\"og:image:width\" content=\"800\" \/>\n\t<meta property=\"og:image:height\" content=\"399\" \/>\n\t<meta property=\"og:image:type\" content=\"image\/jpeg\" \/>\n<meta name=\"author\" content=\"Agazeta.Net\" \/>\n<meta name=\"twitter:card\" content=\"summary_large_image\" \/>\n<meta name=\"twitter:label1\" content=\"Escrito por\" \/>\n\t<meta name=\"twitter:data1\" content=\"Agazeta.Net\" \/>\n\t<meta name=\"twitter:label2\" content=\"Est. tempo de leitura\" \/>\n\t<meta name=\"twitter:data2\" content=\"1 minuto\" \/>\n<script type=\"application\/ld+json\" class=\"yoast-schema-graph\">{\"@context\":\"https:\/\/schema.org\",\"@graph\":[{\"@type\":\"WebPage\",\"@id\":\"https:\/\/nk7-testes.com.br\/agazeta\/resultado-final-dos-inscritos-na-lei-paulo-gustavo-no-acre-e-divulgado-pela-fem-veja-lista\/\",\"url\":\"https:\/\/nk7-testes.com.br\/agazeta\/resultado-final-dos-inscritos-na-lei-paulo-gustavo-no-acre-e-divulgado-pela-fem-veja-lista\/\",\"name\":\"Resultado final dos inscritos na Lei Paulo Gustavo no Acre \u00e9 divulgado pela FEM; veja lista - Agazeta.net\",\"isPartOf\":{\"@id\":\"https:\/\/nk7-testes.com.br\/agazeta\/#website\"},\"primaryImageOfPage\":{\"@id\":\"https:\/\/nk7-testes.com.br\/agazeta\/resultado-final-dos-inscritos-na-lei-paulo-gustavo-no-acre-e-divulgado-pela-fem-veja-lista\/#primaryimage\"},\"image\":{\"@id\":\"https:\/\/nk7-testes.com.br\/agazeta\/resultado-final-dos-inscritos-na-lei-paulo-gustavo-no-acre-e-divulgado-pela-fem-veja-lista\/#primaryimage\"},\"thumbnailUrl\":\"https:\/\/nk7-testes.com.br\/agazeta\/wp-content\/uploads\/2024\/02\/98b994_5cde750dc1274fcc937ccea5b5fe2ee5_mv2-jpg.webp\",\"datePublished\":\"2024-02-15T21:06:53+00:00\",\"author\":{\"@id\":\"https:\/\/nk7-testes.com.br\/agazeta\/#\/schema\/person\/ff6b39d54d6973bfc57f4140f659b23f\"},\"breadcrumb\":{\"@id\":\"https:\/\/nk7-testes.com.br\/agazeta\/resultado-final-dos-inscritos-na-lei-paulo-gustavo-no-acre-e-divulgado-pela-fem-veja-lista\/#breadcrumb\"},\"inLanguage\":\"pt-BR\",\"potentialAction\":[{\"@type\":\"ReadAction\",\"target\":[\"https:\/\/nk7-testes.com.br\/agazeta\/resultado-final-dos-inscritos-na-lei-paulo-gustavo-no-acre-e-divulgado-pela-fem-veja-lista\/\"]}]},{\"@type\":\"ImageObject\",\"inLanguage\":\"pt-BR\",\"@id\":\"https:\/\/nk7-testes.com.br\/agazeta\/resultado-final-dos-inscritos-na-lei-paulo-gustavo-no-acre-e-divulgado-pela-fem-veja-lista\/#primaryimage\",\"url\":\"https:\/\/nk7-testes.com.br\/agazeta\/wp-content\/uploads\/2024\/02\/98b994_5cde750dc1274fcc937ccea5b5fe2ee5_mv2-jpg.webp\",\"contentUrl\":\"https:\/\/nk7-testes.com.br\/agazeta\/wp-content\/uploads\/2024\/02\/98b994_5cde750dc1274fcc937ccea5b5fe2ee5_mv2-jpg.webp\",\"width\":800,\"height\":399},{\"@type\":\"BreadcrumbList\",\"@id\":\"https:\/\/nk7-testes.com.br\/agazeta\/resultado-final-dos-inscritos-na-lei-paulo-gustavo-no-acre-e-divulgado-pela-fem-veja-lista\/#breadcrumb\",\"itemListElement\":[{\"@type\":\"ListItem\",\"position\":1,\"name\":\"In\u00edcio\",\"item\":\"https:\/\/nk7-testes.com.br\/agazeta\/\"},{\"@type\":\"ListItem\",\"position\":2,\"name\":\"Resultado final dos inscritos na Lei Paulo Gustavo no Acre \u00e9 divulgado pela FEM; veja lista\"}]},{\"@type\":\"WebSite\",\"@id\":\"https:\/\/nk7-testes.com.br\/agazeta\/#website\",\"url\":\"https:\/\/nk7-testes.com.br\/agazeta\/\",\"name\":\"Agazeta.net\",\"description\":\"Agazeta.net - Not\u00edcias de Rio Branco\/AC\",\"potentialAction\":[{\"@type\":\"SearchAction\",\"target\":{\"@type\":\"EntryPoint\",\"urlTemplate\":\"https:\/\/nk7-testes.com.br\/agazeta\/?s={search_term_string}\"},\"query-input\":{\"@type\":\"PropertyValueSpecification\",\"valueRequired\":true,\"valueName\":\"search_term_string\"}}],\"inLanguage\":\"pt-BR\"},{\"@type\":\"Person\",\"@id\":\"https:\/\/nk7-testes.com.br\/agazeta\/#\/schema\/person\/ff6b39d54d6973bfc57f4140f659b23f\",\"name\":\"Agazeta.Net\",\"url\":\"https:\/\/nk7-testes.com.br\/agazeta\/author\/agazeta\/\"}]}<\/script>\n<!-- \/ Yoast SEO plugin. -->","yoast_head_json":{"title":"Resultado final dos inscritos na Lei Paulo Gustavo no Acre \u00e9 divulgado pela FEM; veja lista - Agazeta.net","robots":{"index":"index","follow":"follow","max-snippet":"max-snippet:-1","max-image-preview":"max-image-preview:large","max-video-preview":"max-video-preview:-1"},"canonical":"https:\/\/nk7-testes.com.br\/agazeta\/resultado-final-dos-inscritos-na-lei-paulo-gustavo-no-acre-e-divulgado-pela-fem-veja-lista\/","og_locale":"pt_BR","og_type":"article","og_title":"Resultado final dos inscritos na Lei Paulo Gustavo no Acre \u00e9 divulgado pela FEM; veja lista","og_description":"Lista foi publicada atrav\u00e9s do Di\u00e1rio Oficial do Estado (DOE) desta quinta-feira (15)","og_url":"https:\/\/nk7-testes.com.br\/agazeta\/resultado-final-dos-inscritos-na-lei-paulo-gustavo-no-acre-e-divulgado-pela-fem-veja-lista\/","og_site_name":"Agazeta.net","article_published_time":"2024-02-15T21:06:53+00:00","og_image":[{"width":800,"height":399,"url":"https:\/\/nk7-testes.com.br\/agazeta\/wp-content\/uploads\/2024\/02\/98b994_5cde750dc1274fcc937ccea5b5fe2ee5_mv2-jpg.webp","type":"image\/jpeg"}],"author":"Agazeta.Net","twitter_card":"summary_large_image","twitter_misc":{"Escrito por":"Agazeta.Net","Est. tempo de leitura":"1 minuto"},"schema":{"@context":"https:\/\/schema.org","@graph":[{"@type":"WebPage","@id":"https:\/\/nk7-testes.com.br\/agazeta\/resultado-final-dos-inscritos-na-lei-paulo-gustavo-no-acre-e-divulgado-pela-fem-veja-lista\/","url":"https:\/\/nk7-testes.com.br\/agazeta\/resultado-final-dos-inscritos-na-lei-paulo-gustavo-no-acre-e-divulgado-pela-fem-veja-lista\/","name":"Resultado final dos inscritos na Lei Paulo Gustavo no Acre \u00e9 divulgado pela FEM; veja lista - Agazeta.net","isPartOf":{"@id":"https:\/\/nk7-testes.com.br\/agazeta\/#website"},"primaryImageOfPage":{"@id":"https:\/\/nk7-testes.com.br\/agazeta\/resultado-final-dos-inscritos-na-lei-paulo-gustavo-no-acre-e-divulgado-pela-fem-veja-lista\/#primaryimage"},"image":{"@id":"https:\/\/nk7-testes.com.br\/agazeta\/resultado-final-dos-inscritos-na-lei-paulo-gustavo-no-acre-e-divulgado-pela-fem-veja-lista\/#primaryimage"},"thumbnailUrl":"https:\/\/nk7-testes.com.br\/agazeta\/wp-content\/uploads\/2024\/02\/98b994_5cde750dc1274fcc937ccea5b5fe2ee5_mv2-jpg.webp","datePublished":"2024-02-15T21:06:53+00:00","author":{"@id":"https:\/\/nk7-testes.com.br\/agazeta\/#\/schema\/person\/ff6b39d54d6973bfc57f4140f659b23f"},"breadcrumb":{"@id":"https:\/\/nk7-testes.com.br\/agazeta\/resultado-final-dos-inscritos-na-lei-paulo-gustavo-no-acre-e-divulgado-pela-fem-veja-lista\/#breadcrumb"},"inLanguage":"pt-BR","potentialAction":[{"@type":"ReadAction","target":["https:\/\/nk7-testes.com.br\/agazeta\/resultado-final-dos-inscritos-na-lei-paulo-gustavo-no-acre-e-divulgado-pela-fem-veja-lista\/"]}]},{"@type":"ImageObject","inLanguage":"pt-BR","@id":"https:\/\/nk7-testes.com.br\/agazeta\/resultado-final-dos-inscritos-na-lei-paulo-gustavo-no-acre-e-divulgado-pela-fem-veja-lista\/#primaryimage","url":"https:\/\/nk7-testes.com.br\/agazeta\/wp-content\/uploads\/2024\/02\/98b994_5cde750dc1274fcc937ccea5b5fe2ee5_mv2-jpg.webp","contentUrl":"https:\/\/nk7-testes.com.br\/agazeta\/wp-content\/uploads\/2024\/02\/98b994_5cde750dc1274fcc937ccea5b5fe2ee5_mv2-jpg.webp","width":800,"height":399},{"@type":"BreadcrumbList","@id":"https:\/\/nk7-testes.com.br\/agazeta\/resultado-final-dos-inscritos-na-lei-paulo-gustavo-no-acre-e-divulgado-pela-fem-veja-lista\/#breadcrumb","itemListElement":[{"@type":"ListItem","position":1,"name":"In\u00edcio","item":"https:\/\/nk7-testes.com.br\/agazeta\/"},{"@type":"ListItem","position":2,"name":"Resultado final dos inscritos na Lei Paulo Gustavo no Acre \u00e9 divulgado pela FEM; veja lista"}]},{"@type":"WebSite","@id":"https:\/\/nk7-testes.com.br\/agazeta\/#website","url":"https:\/\/nk7-testes.com.br\/agazeta\/","name":"Agazeta.net","description":"Agazeta.net - Not\u00edcias de Rio Branco\/AC","potentialAction":[{"@type":"SearchAction","target":{"@type":"EntryPoint","urlTemplate":"https:\/\/nk7-testes.com.br\/agazeta\/?s={search_term_string}"},"query-input":{"@type":"PropertyValueSpecification","valueRequired":true,"valueName":"search_term_string"}}],"inLanguage":"pt-BR"},{"@type":"Person","@id":"https:\/\/nk7-testes.com.br\/agazeta\/#\/schema\/person\/ff6b39d54d6973bfc57f4140f659b23f","name":"Agazeta.Net","url":"https:\/\/nk7-testes.com.br\/agazeta\/author\/agazeta\/"}]}},"_links":{"self":[{"href":"https:\/\/nk7-testes.com.br\/agazeta\/wp-json\/wp\/v2\/posts\/127392","targetHints":{"allow":["GET"]}}],"collection":[{"href":"https:\/\/nk7-testes.com.br\/agazeta\/wp-json\/wp\/v2\/posts"}],"about":[{"href":"https:\/\/nk7-testes.com.br\/agazeta\/wp-json\/wp\/v2\/types\/post"}],"author":[{"embeddable":true,"href":"https:\/\/nk7-testes.com.br\/agazeta\/wp-json\/wp\/v2\/users\/4"}],"replies":[{"embeddable":true,"href":"https:\/\/nk7-testes.com.br\/agazeta\/wp-json\/wp\/v2\/comments?post=127392"}],"version-history":[{"count":0,"href":"https:\/\/nk7-testes.com.br\/agazeta\/wp-json\/wp\/v2\/posts\/127392\/revisions"}],"wp:featuredmedia":[{"embeddable":true,"href":"https:\/\/nk7-testes.com.br\/agazeta\/wp-json\/wp\/v2\/media\/127393"}],"wp:attachment":[{"href":"https:\/\/nk7-testes.com.br\/agazeta\/wp-json\/wp\/v2\/media?parent=127392"}],"wp:term":[{"taxonomy":"category","embeddable":true,"href":"https:\/\/nk7-testes.com.br\/agazeta\/wp-json\/wp\/v2\/categories?post=127392"},{"taxonomy":"post_tag","embeddable":true,"href":"https:\/\/nk7-testes.com.br\/agazeta\/wp-json\/wp\/v2\/tags?post=127392"}],"curies":[{"name":"wp","href":"https:\/\/api.w.org\/{rel}","templated":true}]}}