{"id":127201,"date":"2024-02-12T23:47:35","date_gmt":"2024-02-13T04:47:35","guid":{"rendered":"https:\/\/nk7-testes.com.br\/?p=127201"},"modified":"2024-02-12T23:48:18","modified_gmt":"2024-02-13T04:48:18","slug":"comidas-tipicas-e-artesanato-movimentam-feira-da-economia-solidaria-no-carnaval-de-rio-branco","status":"publish","type":"post","link":"https:\/\/nk7-testes.com.br\/agazeta\/comidas-tipicas-e-artesanato-movimentam-feira-da-economia-solidaria-no-carnaval-de-rio-branco\/","title":{"rendered":"Comidas t\u00edpicas e artesanato movimentam Feira da Economia Solid\u00e1ria no Carnaval de Rio Branco"},"content":{"rendered":"<p style=\"text-align: justify;\">Nesta segunda-feira (12), pen\u00faltima noite Carnaval 2024 na Pra\u00e7a da Revolu\u00e7\u00e3o, um dos principais locais que a popula\u00e7\u00e3o deve ir \u00e9 na Feira da Economia Solid\u00e1ria, um espa\u00e7o para v\u00e1rios empres\u00e1rios independentes locais do ramo aliment\u00edcio e de artesanato.<\/p>\n<p style=\"text-align: justify;\">Devido \u00e0 grande participa\u00e7\u00e3o da popula\u00e7\u00e3o, a vendedora de salgados F\u00e1tima Taborga, de 64 anos, conta que todos os anos participa do Carnaval. Segundo ela, trabalha h\u00e1 cinco anos com salgado, mas faz parte da feira h\u00e1 28.<\/p>\n<p style=\"text-align: justify;\">&#8220;Todo ano a gente participa do Carnaval, e esse ano est\u00e1 muito melhor que ano passado, com certeza. Est\u00e1 bem organizado. \u00c9 tanto que a gente t\u00e1 aqui e o barulho est\u00e1 l\u00e1. Ent\u00e3o , o pessoal vem mesmo, a fam\u00edlia vem mesmo. A seguran\u00e7a est\u00e1 \u00f3tima, se eu puder dar nota mil, eu dou 100%&#8221;, afirma Taborga.<\/p>\n<p>Ela destaca que h\u00e1 uns cinco anos a festividade n\u00e3o era t\u00e3o boa quanto agora. De acordo com a salgadeira, acontecia muita briga, o som incomodava. J\u00e1 hoje, at\u00e9 as crian\u00e7as participam e ficam at\u00e9 tarde da noite com os pais.<\/p>\n<p style=\"text-align: justify;\">&#8220;Eu posso te dizer que, h\u00e1 pelo menos 5 anos, n\u00e3o era t\u00e3o bom. Nos outros anos tinha muita briga, muita bebida, o som era perto, ningu\u00e9m escutava ningu\u00e9m, os fregueses ficavam reclamando, e hoje os pais est\u00e3o trazendo as crian\u00e7as e ficam at\u00e9 onze horas, meia noite, e ano passado os as crian\u00e7as ficam at\u00e9 \u00e0s 19 horas. Eu dou meus parab\u00e9ns para nosso prefeito, porque esse ano n\u00e3o ouvi falar de briga, de nada&#8221;, ressalta.<\/p>\n<figure id=\"attachment_127203\" aria-describedby=\"caption-attachment-127203\" style=\"width: 604px\" class=\"wp-caption aligncenter\"><img decoding=\"async\" class=\"wp-image-127203 \" src=\"https:\/\/nk7-testes.com.br\/wp-content\/uploads\/2024\/02\/feira-2.jpg\" alt=\"\" width=\"604\" height=\"340\" srcset=\"https:\/\/nk7-testes.com.br\/agazeta\/wp-content\/uploads\/2024\/02\/feira-2.jpg 1600w, https:\/\/nk7-testes.com.br\/agazeta\/wp-content\/uploads\/2024\/02\/feira-2-300x169.jpg 300w, https:\/\/nk7-testes.com.br\/agazeta\/wp-content\/uploads\/2024\/02\/feira-2-1024x577.jpg 1024w, https:\/\/nk7-testes.com.br\/agazeta\/wp-content\/uploads\/2024\/02\/feira-2-768x432.jpg 768w, https:\/\/nk7-testes.com.br\/agazeta\/wp-content\/uploads\/2024\/02\/feira-2-1536x865.jpg 1536w, https:\/\/nk7-testes.com.br\/agazeta\/wp-content\/uploads\/2024\/02\/feira-2-750x422.jpg 750w, https:\/\/nk7-testes.com.br\/agazeta\/wp-content\/uploads\/2024\/02\/feira-2-1140x642.jpg 1140w\" sizes=\"(max-width: 604px) 100vw, 604px\" \/><figcaption id=\"caption-attachment-127203\" class=\"wp-caption-text\">Imagem: Pedro Amorim<\/figcaption><\/figure>\n<p style=\"text-align: justify;\">A tamb\u00e9m vendedora de salgados Maria Jos\u00e9, de 42 anos, disse que trabalha com os feitos desde 1994. Apesar de n\u00e3o ir todos os anos, esse em especial ela optou por estar presente no Carnaval organizado pela Prefeitura de Rio Branco, nas tendas da Feira da Economia Solid\u00e1ria.<\/p>\n<p style=\"text-align: justify;\">&#8220;Trabalho com salgados desde 1994. N\u00e3o venho todos os anos, mas como esse foi aqui na Pra\u00e7a, no Centro, eu estou trabalhando&#8221;, comenta Maria Jos\u00e9.<\/p>\n<p style=\"text-align: justify;\">Assim como F\u00e1tima Taborga, Jos\u00e9 tamb\u00e9m afirma que o movimento est\u00e1 \u00f3timo nesta folia de 2024. Al\u00e9m disso, elogia a seguran\u00e7a e a organiza\u00e7\u00e3o do evento.<\/p>\n<p style=\"text-align: justify;\">&#8220;O movimento aqui est\u00e1 bom. Tem o que vender e o ambiente est\u00e1 muito seguro, muita seguran\u00e7a, muito organizado, o prefeito est\u00e1 de parab\u00e9ns. Eu tenho uma barraquinha de pastel que fica aqui na pracinha, eu vendo de segunda a segunda. Ent\u00e3o, est\u00e1 muito bom para vender&#8221;, conclui.<\/p>\n<p style=\"text-align: justify;\">J\u00e1 Kelly Nery, de 42 anos, vende artesanato e mi\u00e7angas em sua estande na Feira da Economia Solid\u00e1ria. Apesar da grande movimenta\u00e7\u00e3o de pessoas na Pra\u00e7a da Revolu\u00e7\u00e3o, ela afirma que as vendas n\u00e3o est\u00e3o t\u00e3o boas quanto esperava, mas que, com o passar dos dias, melhoram.<\/p>\n<p style=\"text-align: justify;\">&#8220;\u00c9 a primeira vez que eu venho para o Carnaval. Estamos desde o primeiro dia e achamos que foi muito devagar. O segundo dia melhorou. Ontem, se n\u00e3o fosse a chuva , era o dia que tinha mais movimento&#8221;, detalha Nery.<\/p>\n<p style=\"text-align: justify;\">De acordo com a artes\u00e3, em todas as f\u00e9rias que ocorrem em Rio Branco ela vai vender os produtos. Como o Carnaval \u00e9 uma festa grande, n\u00e3o iria ficar de fora.<\/p>\n<p style=\"text-align: justify;\">&#8220;Est\u00e1 bem seguro por aqui. Se der certo agora, pretendemos voltar nos pr\u00f3ximo ano. Estamos sempre pelas feiras, no Casar\u00e3o, no Horto, onde estiver feira, estaremos l\u00e1. A gente achava que ia ser melhor, mas t\u00e1 indo&#8221;, informa.<\/p>\n<p><em><strong>Com informa\u00e7\u00f5es do rep\u00f3rter Pedro Amorim para o Agazeta.nete<\/strong><\/em><\/p>\n","protected":false},"excerpt":{"rendered":"<p>Nesta segunda-feira (12), pen\u00faltima noite Carnaval 2024 na Pra\u00e7a da Revolu\u00e7\u00e3o, um dos principais locais que a popula\u00e7\u00e3o deve ir \u00e9 na Feira da Economia Solid\u00e1ria, um espa\u00e7o para v\u00e1rios empres\u00e1rios independentes locais do ramo aliment\u00edcio e de artesanato. Devido \u00e0 grande participa\u00e7\u00e3o da popula\u00e7\u00e3o, a vendedora de salgados F\u00e1tima Taborga, de 64 anos, conta [&hellip;]<\/p>\n","protected":false},"author":4,"featured_media":127202,"comment_status":"open","ping_status":"open","sticky":false,"template":"","format":"standard","meta":{"jnews-multi-image_gallery":[],"jnews_single_post":{"source_name":"","source_url":"","via_name":"","via_url":"","override_template":"0","override":[{"template":"custom","single_blog_custom":"110746","parallax":"1","fullscreen":"1","layout":"right-sidebar","sidebar":"default-sidebar","second_sidebar":"default-sidebar","sticky_sidebar":"1","share_position":"top","share_float_style":"share-monocrhome","show_share_counter":"1","show_view_counter":"1","show_featured":"1","show_post_meta":"1","show_post_author":"1","show_post_author_image":"1","show_post_date":"1","post_date_format":"default","post_date_format_custom":"Y\/m\/d","show_post_category":"1","show_post_reading_time":"0","post_reading_time_wpm":"300","show_zoom_button":"0","zoom_button_out_step":"2","zoom_button_in_step":"3","show_post_tag":"1","show_prev_next_post":"1","show_popup_post":"1","number_popup_post":"1","show_author_box":"0","show_post_related":"1","show_inline_post_related":"0"}],"override_image_size":"0","image_override":[{"single_post_thumbnail_size":"crop-500","single_post_gallery_size":"crop-500"}],"trending_post":"0","trending_post_position":"meta","trending_post_label":"Trending","sponsored_post":"0","sponsored_post_label":"Sponsored by","sponsored_post_name":"","sponsored_post_url":"","sponsored_post_logo_enable":"0","sponsored_post_logo":"","sponsored_post_desc":"","disable_ad":"0"},"jnews_primary_category":{"id":"","hide":""},"jnews_social_meta":{"fb_title":"","fb_description":"","fb_image":"","twitter_title":"","twitter_description":"","twitter_image":""},"jnews_review":[],"enable_review":"0","type":"percentage","name":"","summary":"","brand":"","sku":"","good":[{"good_text":""}],"bad":[{"bad_text":""}],"score_override":"0","override_value":"","rating":[{"rating_text":"","rating_number":"10"}],"price":[{"shop":"","price":"","link":"","icon":""}],"footnotes":""},"categories":[54],"tags":[],"class_list":["post-127201","post","type-post","status-publish","format-standard","has-post-thumbnail","hentry","category-cotidiano"],"yoast_head":"<!-- This site is optimized with the Yoast SEO plugin v26.5 - https:\/\/yoast.com\/wordpress\/plugins\/seo\/ -->\n<title>Comidas t\u00edpicas e artesanato movimentam Feira da Economia Solid\u00e1ria no Carnaval de Rio Branco - Agazeta.net<\/title>\n<meta name=\"robots\" content=\"index, follow, max-snippet:-1, max-image-preview:large, max-video-preview:-1\" \/>\n<link rel=\"canonical\" href=\"https:\/\/nk7-testes.com.br\/agazeta\/comidas-tipicas-e-artesanato-movimentam-feira-da-economia-solidaria-no-carnaval-de-rio-branco\/\" \/>\n<meta property=\"og:locale\" content=\"pt_BR\" \/>\n<meta property=\"og:type\" content=\"article\" \/>\n<meta property=\"og:title\" content=\"Comidas t\u00edpicas e artesanato movimentam Feira da Economia Solid\u00e1ria no Carnaval de Rio Branco\" \/>\n<meta property=\"og:description\" content=\"A vendedora de salgados F\u00e1tima Taborga, de 64 anos, conta que todos os anos participa do Carnaval\" \/>\n<meta property=\"og:url\" content=\"https:\/\/nk7-testes.com.br\/agazeta\/comidas-tipicas-e-artesanato-movimentam-feira-da-economia-solidaria-no-carnaval-de-rio-branco\/\" \/>\n<meta property=\"og:site_name\" content=\"Agazeta.net\" \/>\n<meta property=\"article:published_time\" content=\"2024-02-13T04:47:35+00:00\" \/>\n<meta property=\"article:modified_time\" content=\"2024-02-13T04:48:18+00:00\" \/>\n<meta property=\"og:image\" content=\"https:\/\/nk7-testes.com.br\/agazeta\/wp-content\/uploads\/2024\/02\/feira.jpg\" \/>\n\t<meta property=\"og:image:width\" content=\"800\" \/>\n\t<meta property=\"og:image:height\" content=\"402\" \/>\n\t<meta property=\"og:image:type\" content=\"image\/jpeg\" \/>\n<meta name=\"author\" content=\"Agazeta.Net\" \/>\n<meta name=\"twitter:card\" content=\"summary_large_image\" \/>\n<meta name=\"twitter:label1\" content=\"Escrito por\" \/>\n\t<meta name=\"twitter:data1\" content=\"Agazeta.Net\" \/>\n\t<meta name=\"twitter:label2\" content=\"Est. tempo de leitura\" \/>\n\t<meta name=\"twitter:data2\" content=\"3 minutos\" \/>\n<script type=\"application\/ld+json\" class=\"yoast-schema-graph\">{\"@context\":\"https:\/\/schema.org\",\"@graph\":[{\"@type\":\"WebPage\",\"@id\":\"https:\/\/nk7-testes.com.br\/agazeta\/comidas-tipicas-e-artesanato-movimentam-feira-da-economia-solidaria-no-carnaval-de-rio-branco\/\",\"url\":\"https:\/\/nk7-testes.com.br\/agazeta\/comidas-tipicas-e-artesanato-movimentam-feira-da-economia-solidaria-no-carnaval-de-rio-branco\/\",\"name\":\"Comidas t\u00edpicas e artesanato movimentam Feira da Economia Solid\u00e1ria no Carnaval de Rio Branco - Agazeta.net\",\"isPartOf\":{\"@id\":\"https:\/\/nk7-testes.com.br\/agazeta\/#website\"},\"primaryImageOfPage\":{\"@id\":\"https:\/\/nk7-testes.com.br\/agazeta\/comidas-tipicas-e-artesanato-movimentam-feira-da-economia-solidaria-no-carnaval-de-rio-branco\/#primaryimage\"},\"image\":{\"@id\":\"https:\/\/nk7-testes.com.br\/agazeta\/comidas-tipicas-e-artesanato-movimentam-feira-da-economia-solidaria-no-carnaval-de-rio-branco\/#primaryimage\"},\"thumbnailUrl\":\"https:\/\/nk7-testes.com.br\/agazeta\/wp-content\/uploads\/2024\/02\/feira.jpg\",\"datePublished\":\"2024-02-13T04:47:35+00:00\",\"dateModified\":\"2024-02-13T04:48:18+00:00\",\"author\":{\"@id\":\"https:\/\/nk7-testes.com.br\/agazeta\/#\/schema\/person\/ff6b39d54d6973bfc57f4140f659b23f\"},\"breadcrumb\":{\"@id\":\"https:\/\/nk7-testes.com.br\/agazeta\/comidas-tipicas-e-artesanato-movimentam-feira-da-economia-solidaria-no-carnaval-de-rio-branco\/#breadcrumb\"},\"inLanguage\":\"pt-BR\",\"potentialAction\":[{\"@type\":\"ReadAction\",\"target\":[\"https:\/\/nk7-testes.com.br\/agazeta\/comidas-tipicas-e-artesanato-movimentam-feira-da-economia-solidaria-no-carnaval-de-rio-branco\/\"]}]},{\"@type\":\"ImageObject\",\"inLanguage\":\"pt-BR\",\"@id\":\"https:\/\/nk7-testes.com.br\/agazeta\/comidas-tipicas-e-artesanato-movimentam-feira-da-economia-solidaria-no-carnaval-de-rio-branco\/#primaryimage\",\"url\":\"https:\/\/nk7-testes.com.br\/agazeta\/wp-content\/uploads\/2024\/02\/feira.jpg\",\"contentUrl\":\"https:\/\/nk7-testes.com.br\/agazeta\/wp-content\/uploads\/2024\/02\/feira.jpg\",\"width\":800,\"height\":402,\"caption\":\"Imagem: Pedro Amorim\"},{\"@type\":\"BreadcrumbList\",\"@id\":\"https:\/\/nk7-testes.com.br\/agazeta\/comidas-tipicas-e-artesanato-movimentam-feira-da-economia-solidaria-no-carnaval-de-rio-branco\/#breadcrumb\",\"itemListElement\":[{\"@type\":\"ListItem\",\"position\":1,\"name\":\"In\u00edcio\",\"item\":\"https:\/\/nk7-testes.com.br\/agazeta\/\"},{\"@type\":\"ListItem\",\"position\":2,\"name\":\"Comidas t\u00edpicas e artesanato movimentam Feira da Economia Solid\u00e1ria no Carnaval de Rio Branco\"}]},{\"@type\":\"WebSite\",\"@id\":\"https:\/\/nk7-testes.com.br\/agazeta\/#website\",\"url\":\"https:\/\/nk7-testes.com.br\/agazeta\/\",\"name\":\"Agazeta.net\",\"description\":\"Agazeta.net - Not\u00edcias de Rio Branco\/AC\",\"potentialAction\":[{\"@type\":\"SearchAction\",\"target\":{\"@type\":\"EntryPoint\",\"urlTemplate\":\"https:\/\/nk7-testes.com.br\/agazeta\/?s={search_term_string}\"},\"query-input\":{\"@type\":\"PropertyValueSpecification\",\"valueRequired\":true,\"valueName\":\"search_term_string\"}}],\"inLanguage\":\"pt-BR\"},{\"@type\":\"Person\",\"@id\":\"https:\/\/nk7-testes.com.br\/agazeta\/#\/schema\/person\/ff6b39d54d6973bfc57f4140f659b23f\",\"name\":\"Agazeta.Net\",\"url\":\"https:\/\/nk7-testes.com.br\/agazeta\/author\/agazeta\/\"}]}<\/script>\n<!-- \/ Yoast SEO plugin. -->","yoast_head_json":{"title":"Comidas t\u00edpicas e artesanato movimentam Feira da Economia Solid\u00e1ria no Carnaval de Rio Branco - Agazeta.net","robots":{"index":"index","follow":"follow","max-snippet":"max-snippet:-1","max-image-preview":"max-image-preview:large","max-video-preview":"max-video-preview:-1"},"canonical":"https:\/\/nk7-testes.com.br\/agazeta\/comidas-tipicas-e-artesanato-movimentam-feira-da-economia-solidaria-no-carnaval-de-rio-branco\/","og_locale":"pt_BR","og_type":"article","og_title":"Comidas t\u00edpicas e artesanato movimentam Feira da Economia Solid\u00e1ria no Carnaval de Rio Branco","og_description":"A vendedora de salgados F\u00e1tima Taborga, de 64 anos, conta que todos os anos participa do Carnaval","og_url":"https:\/\/nk7-testes.com.br\/agazeta\/comidas-tipicas-e-artesanato-movimentam-feira-da-economia-solidaria-no-carnaval-de-rio-branco\/","og_site_name":"Agazeta.net","article_published_time":"2024-02-13T04:47:35+00:00","article_modified_time":"2024-02-13T04:48:18+00:00","og_image":[{"width":800,"height":402,"url":"https:\/\/nk7-testes.com.br\/agazeta\/wp-content\/uploads\/2024\/02\/feira.jpg","type":"image\/jpeg"}],"author":"Agazeta.Net","twitter_card":"summary_large_image","twitter_misc":{"Escrito por":"Agazeta.Net","Est. tempo de leitura":"3 minutos"},"schema":{"@context":"https:\/\/schema.org","@graph":[{"@type":"WebPage","@id":"https:\/\/nk7-testes.com.br\/agazeta\/comidas-tipicas-e-artesanato-movimentam-feira-da-economia-solidaria-no-carnaval-de-rio-branco\/","url":"https:\/\/nk7-testes.com.br\/agazeta\/comidas-tipicas-e-artesanato-movimentam-feira-da-economia-solidaria-no-carnaval-de-rio-branco\/","name":"Comidas t\u00edpicas e artesanato movimentam Feira da Economia Solid\u00e1ria no Carnaval de Rio Branco - Agazeta.net","isPartOf":{"@id":"https:\/\/nk7-testes.com.br\/agazeta\/#website"},"primaryImageOfPage":{"@id":"https:\/\/nk7-testes.com.br\/agazeta\/comidas-tipicas-e-artesanato-movimentam-feira-da-economia-solidaria-no-carnaval-de-rio-branco\/#primaryimage"},"image":{"@id":"https:\/\/nk7-testes.com.br\/agazeta\/comidas-tipicas-e-artesanato-movimentam-feira-da-economia-solidaria-no-carnaval-de-rio-branco\/#primaryimage"},"thumbnailUrl":"https:\/\/nk7-testes.com.br\/agazeta\/wp-content\/uploads\/2024\/02\/feira.jpg","datePublished":"2024-02-13T04:47:35+00:00","dateModified":"2024-02-13T04:48:18+00:00","author":{"@id":"https:\/\/nk7-testes.com.br\/agazeta\/#\/schema\/person\/ff6b39d54d6973bfc57f4140f659b23f"},"breadcrumb":{"@id":"https:\/\/nk7-testes.com.br\/agazeta\/comidas-tipicas-e-artesanato-movimentam-feira-da-economia-solidaria-no-carnaval-de-rio-branco\/#breadcrumb"},"inLanguage":"pt-BR","potentialAction":[{"@type":"ReadAction","target":["https:\/\/nk7-testes.com.br\/agazeta\/comidas-tipicas-e-artesanato-movimentam-feira-da-economia-solidaria-no-carnaval-de-rio-branco\/"]}]},{"@type":"ImageObject","inLanguage":"pt-BR","@id":"https:\/\/nk7-testes.com.br\/agazeta\/comidas-tipicas-e-artesanato-movimentam-feira-da-economia-solidaria-no-carnaval-de-rio-branco\/#primaryimage","url":"https:\/\/nk7-testes.com.br\/agazeta\/wp-content\/uploads\/2024\/02\/feira.jpg","contentUrl":"https:\/\/nk7-testes.com.br\/agazeta\/wp-content\/uploads\/2024\/02\/feira.jpg","width":800,"height":402,"caption":"Imagem: Pedro Amorim"},{"@type":"BreadcrumbList","@id":"https:\/\/nk7-testes.com.br\/agazeta\/comidas-tipicas-e-artesanato-movimentam-feira-da-economia-solidaria-no-carnaval-de-rio-branco\/#breadcrumb","itemListElement":[{"@type":"ListItem","position":1,"name":"In\u00edcio","item":"https:\/\/nk7-testes.com.br\/agazeta\/"},{"@type":"ListItem","position":2,"name":"Comidas t\u00edpicas e artesanato movimentam Feira da Economia Solid\u00e1ria no Carnaval de Rio Branco"}]},{"@type":"WebSite","@id":"https:\/\/nk7-testes.com.br\/agazeta\/#website","url":"https:\/\/nk7-testes.com.br\/agazeta\/","name":"Agazeta.net","description":"Agazeta.net - Not\u00edcias de Rio Branco\/AC","potentialAction":[{"@type":"SearchAction","target":{"@type":"EntryPoint","urlTemplate":"https:\/\/nk7-testes.com.br\/agazeta\/?s={search_term_string}"},"query-input":{"@type":"PropertyValueSpecification","valueRequired":true,"valueName":"search_term_string"}}],"inLanguage":"pt-BR"},{"@type":"Person","@id":"https:\/\/nk7-testes.com.br\/agazeta\/#\/schema\/person\/ff6b39d54d6973bfc57f4140f659b23f","name":"Agazeta.Net","url":"https:\/\/nk7-testes.com.br\/agazeta\/author\/agazeta\/"}]}},"_links":{"self":[{"href":"https:\/\/nk7-testes.com.br\/agazeta\/wp-json\/wp\/v2\/posts\/127201","targetHints":{"allow":["GET"]}}],"collection":[{"href":"https:\/\/nk7-testes.com.br\/agazeta\/wp-json\/wp\/v2\/posts"}],"about":[{"href":"https:\/\/nk7-testes.com.br\/agazeta\/wp-json\/wp\/v2\/types\/post"}],"author":[{"embeddable":true,"href":"https:\/\/nk7-testes.com.br\/agazeta\/wp-json\/wp\/v2\/users\/4"}],"replies":[{"embeddable":true,"href":"https:\/\/nk7-testes.com.br\/agazeta\/wp-json\/wp\/v2\/comments?post=127201"}],"version-history":[{"count":0,"href":"https:\/\/nk7-testes.com.br\/agazeta\/wp-json\/wp\/v2\/posts\/127201\/revisions"}],"wp:featuredmedia":[{"embeddable":true,"href":"https:\/\/nk7-testes.com.br\/agazeta\/wp-json\/wp\/v2\/media\/127202"}],"wp:attachment":[{"href":"https:\/\/nk7-testes.com.br\/agazeta\/wp-json\/wp\/v2\/media?parent=127201"}],"wp:term":[{"taxonomy":"category","embeddable":true,"href":"https:\/\/nk7-testes.com.br\/agazeta\/wp-json\/wp\/v2\/categories?post=127201"},{"taxonomy":"post_tag","embeddable":true,"href":"https:\/\/nk7-testes.com.br\/agazeta\/wp-json\/wp\/v2\/tags?post=127201"}],"curies":[{"name":"wp","href":"https:\/\/api.w.org\/{rel}","templated":true}]}}