{"id":127175,"date":"2024-02-12T15:36:08","date_gmt":"2024-02-12T20:36:08","guid":{"rendered":"https:\/\/nk7-testes.com.br\/?p=127175"},"modified":"2024-04-26T07:56:39","modified_gmt":"2024-04-26T12:56:39","slug":"acre-esta-andando-para-tras-diz-jorge-viana-sobre-migracao-de-acreanos-para-outros-estados","status":"publish","type":"post","link":"https:\/\/nk7-testes.com.br\/agazeta\/acre-esta-andando-para-tras-diz-jorge-viana-sobre-migracao-de-acreanos-para-outros-estados\/","title":{"rendered":"&#8220;Acre est\u00e1 andando para tr\u00e1s&#8221;, diz Jorge Viana sobre migra\u00e7\u00e3o de acreanos para outros estados"},"content":{"rendered":"<p>Por\u00a0<strong>Jo\u00e3o Cardoso<\/strong><\/p>\n<p style=\"text-align: justify;\">O ex-governador do Acre e atual presidente da Ag\u00eancia Brasileira de Promo\u00e7\u00e3o de Exporta\u00e7\u00f5es e Investimentos (ApexBrasil), Jorge Viana (PT), em entrevista \u00e0 TV Gazeta nesta segunda-feira (12), afirmou que o Estado anda para tr\u00e1s com os acreanos indo embora para outros Estados do pa\u00eds.<\/p>\n<p style=\"text-align: justify;\">&#8220;Eu estou com 64 anos. J\u00e1 sou av\u00f4, tenho minhas filhas, minha vida, mas o que n\u00e3o me conformo \u00e9 que o Acre est\u00e1 andando para tr\u00e1s. A quantidade de gente que foi embora para Para\u00edba e Santa Catarina&#8230; e foi agora. O Acre perdeu o protagonismo que tinha. Cad\u00ea os senadores? Cad\u00ea os deputados federais?&#8221;, conta Viana.<\/p>\n<p style=\"text-align: justify;\">Segundo o presidente da Apex, no governo do ex-presidente Jair Bolsonaro (PL) a maioria parlamentares eleitos era de apoio do Bolsonaro, mas n\u00e3o fizeram nenhuma mudan\u00e7a no Acre. Viana possivelmente insinua uma falta de trabalho em equipe.<\/p>\n<p style=\"text-align: justify;\">&#8220;No governo passado, eles ganharam tudo, tinham tudo na m\u00e3o e elegeram todo mundo, e cad\u00ea as mudan\u00e7as? Eu, na minha \u00e9poca, fui trabalhar com Fernando Henrique Cardoso, que era brigado o PSDB com PT, depois o Lula me ajudou muito&#8221;, destaca.<\/p>\n<h4><em>Fake News<\/em><\/h4>\n<p style=\"text-align: justify;\">Ainda na participa\u00e7\u00e3o no programa Gazeta Entrevista, Jorge Viana aproveitou e falou a respeito das <em>fake news<\/em> e como elas ajudaram a eleger Jair Bolsonaro em 2018. Al\u00e9m disso, ele afirmou que essas ferramentas de desinforma\u00e7\u00e3o foram muito bem utilizadas nas redes sociais.<\/p>\n<p style=\"text-align: justify;\">&#8220;O Brasil entrou em uma fase de hipocrisia. Resolveram dizer que estavam roubando o Brasil, que a fam\u00edlia do Lula era isso, era aquilo, e o pessoal come\u00e7ou a acreditar em um neg\u00f3cio desse. Porque, com as redes sociais do jeito que estavam, o pessoal usou com muita compet\u00eancia para fazer maldade. Isso veio de fora do Brasil&#8221;, salienta o ex-governador.<\/p>\n","protected":false},"excerpt":{"rendered":"<p>Por\u00a0Jo\u00e3o Cardoso O ex-governador do Acre e atual presidente da Ag\u00eancia Brasileira de Promo\u00e7\u00e3o de Exporta\u00e7\u00f5es e Investimentos (ApexBrasil), Jorge Viana (PT), em entrevista \u00e0 TV Gazeta nesta segunda-feira (12), afirmou que o Estado anda para tr\u00e1s com os acreanos indo embora para outros Estados do pa\u00eds. &#8220;Eu estou com 64 anos. J\u00e1 sou av\u00f4, [&hellip;]<\/p>\n","protected":false},"author":4,"featured_media":127176,"comment_status":"open","ping_status":"open","sticky":false,"template":"","format":"standard","meta":{"jnews-multi-image_gallery":[],"jnews_single_post":{"source_name":"","source_url":"","via_name":"","via_url":"","override_template":"0","override":[{"template":"custom","single_blog_custom":"110746","parallax":"1","fullscreen":"1","layout":"right-sidebar","sidebar":"default-sidebar","second_sidebar":"default-sidebar","sticky_sidebar":"1","share_position":"top","share_float_style":"share-monocrhome","show_share_counter":"1","show_view_counter":"1","show_featured":"1","show_post_meta":"1","show_post_author":"1","show_post_author_image":"1","show_post_date":"1","post_date_format":"default","post_date_format_custom":"Y\/m\/d","show_post_category":"1","show_post_reading_time":"0","post_reading_time_wpm":"300","show_zoom_button":"0","zoom_button_out_step":"2","zoom_button_in_step":"3","show_post_tag":"1","show_prev_next_post":"1","show_popup_post":"1","number_popup_post":"1","show_author_box":"0","show_post_related":"1","show_inline_post_related":"0"}],"override_image_size":"0","image_override":[{"single_post_thumbnail_size":"crop-500","single_post_gallery_size":"crop-500"}],"trending_post":"0","trending_post_position":"meta","trending_post_label":"Trending","sponsored_post":"0","sponsored_post_label":"Sponsored by","sponsored_post_name":"","sponsored_post_url":"","sponsored_post_logo_enable":"0","sponsored_post_logo":"","sponsored_post_desc":"","disable_ad":"0"},"jnews_primary_category":{"id":"","hide":""},"jnews_social_meta":{"fb_title":"","fb_description":"","fb_image":"","twitter_title":"","twitter_description":"","twitter_image":""},"jnews_review":[],"enable_review":"0","type":"percentage","name":"","summary":"","brand":"","sku":"","good":[{"good_text":""}],"bad":[{"bad_text":""}],"score_override":"0","override_value":"","rating":[{"rating_text":"","rating_number":"10"}],"price":[{"shop":"","price":"","link":"","icon":""}],"footnotes":""},"categories":[54],"tags":[],"class_list":["post-127175","post","type-post","status-publish","format-standard","has-post-thumbnail","hentry","category-cotidiano"],"yoast_head":"<!-- This site is optimized with the Yoast SEO plugin v26.5 - https:\/\/yoast.com\/wordpress\/plugins\/seo\/ -->\n<title>&quot;Acre est\u00e1 andando para tr\u00e1s&quot;, diz Jorge Viana sobre migra\u00e7\u00e3o de acreanos para outros estados - Agazeta.net<\/title>\n<meta name=\"robots\" content=\"index, follow, max-snippet:-1, max-image-preview:large, max-video-preview:-1\" \/>\n<link rel=\"canonical\" href=\"https:\/\/nk7-testes.com.br\/agazeta\/acre-esta-andando-para-tras-diz-jorge-viana-sobre-migracao-de-acreanos-para-outros-estados\/\" \/>\n<meta property=\"og:locale\" content=\"pt_BR\" \/>\n<meta property=\"og:type\" content=\"article\" \/>\n<meta property=\"og:title\" content=\"&quot;Acre est\u00e1 andando para tr\u00e1s&quot;, diz Jorge Viana sobre migra\u00e7\u00e3o de acreanos para outros estados\" \/>\n<meta property=\"og:description\" content=\"Em entrevista \u00e0 TV Gazeta, o ex-governador aproveitou para fazer sobre o efeito das fake news no Brasil\" \/>\n<meta property=\"og:url\" content=\"https:\/\/nk7-testes.com.br\/agazeta\/acre-esta-andando-para-tras-diz-jorge-viana-sobre-migracao-de-acreanos-para-outros-estados\/\" \/>\n<meta property=\"og:site_name\" content=\"Agazeta.net\" \/>\n<meta property=\"article:published_time\" content=\"2024-02-12T20:36:08+00:00\" \/>\n<meta property=\"article:modified_time\" content=\"2024-04-26T12:56:39+00:00\" \/>\n<meta property=\"og:image\" content=\"https:\/\/nk7-testes.com.br\/agazeta\/wp-content\/uploads\/2024\/02\/jorge.jpg\" \/>\n\t<meta property=\"og:image:width\" content=\"800\" \/>\n\t<meta property=\"og:image:height\" content=\"403\" \/>\n\t<meta property=\"og:image:type\" content=\"image\/jpeg\" \/>\n<meta name=\"author\" content=\"Agazeta.Net\" \/>\n<meta name=\"twitter:card\" content=\"summary_large_image\" \/>\n<meta name=\"twitter:label1\" content=\"Escrito por\" \/>\n\t<meta name=\"twitter:data1\" content=\"Agazeta.Net\" \/>\n\t<meta name=\"twitter:label2\" content=\"Est. tempo de leitura\" \/>\n\t<meta name=\"twitter:data2\" content=\"2 minutos\" \/>\n<script type=\"application\/ld+json\" class=\"yoast-schema-graph\">{\"@context\":\"https:\/\/schema.org\",\"@graph\":[{\"@type\":\"WebPage\",\"@id\":\"https:\/\/nk7-testes.com.br\/agazeta\/acre-esta-andando-para-tras-diz-jorge-viana-sobre-migracao-de-acreanos-para-outros-estados\/\",\"url\":\"https:\/\/nk7-testes.com.br\/agazeta\/acre-esta-andando-para-tras-diz-jorge-viana-sobre-migracao-de-acreanos-para-outros-estados\/\",\"name\":\"\\\"Acre est\u00e1 andando para tr\u00e1s\\\", diz Jorge Viana sobre migra\u00e7\u00e3o de acreanos para outros estados - Agazeta.net\",\"isPartOf\":{\"@id\":\"https:\/\/nk7-testes.com.br\/agazeta\/#website\"},\"primaryImageOfPage\":{\"@id\":\"https:\/\/nk7-testes.com.br\/agazeta\/acre-esta-andando-para-tras-diz-jorge-viana-sobre-migracao-de-acreanos-para-outros-estados\/#primaryimage\"},\"image\":{\"@id\":\"https:\/\/nk7-testes.com.br\/agazeta\/acre-esta-andando-para-tras-diz-jorge-viana-sobre-migracao-de-acreanos-para-outros-estados\/#primaryimage\"},\"thumbnailUrl\":\"https:\/\/nk7-testes.com.br\/agazeta\/wp-content\/uploads\/2024\/02\/jorge.jpg\",\"datePublished\":\"2024-02-12T20:36:08+00:00\",\"dateModified\":\"2024-04-26T12:56:39+00:00\",\"author\":{\"@id\":\"https:\/\/nk7-testes.com.br\/agazeta\/#\/schema\/person\/ff6b39d54d6973bfc57f4140f659b23f\"},\"breadcrumb\":{\"@id\":\"https:\/\/nk7-testes.com.br\/agazeta\/acre-esta-andando-para-tras-diz-jorge-viana-sobre-migracao-de-acreanos-para-outros-estados\/#breadcrumb\"},\"inLanguage\":\"pt-BR\",\"potentialAction\":[{\"@type\":\"ReadAction\",\"target\":[\"https:\/\/nk7-testes.com.br\/agazeta\/acre-esta-andando-para-tras-diz-jorge-viana-sobre-migracao-de-acreanos-para-outros-estados\/\"]}]},{\"@type\":\"ImageObject\",\"inLanguage\":\"pt-BR\",\"@id\":\"https:\/\/nk7-testes.com.br\/agazeta\/acre-esta-andando-para-tras-diz-jorge-viana-sobre-migracao-de-acreanos-para-outros-estados\/#primaryimage\",\"url\":\"https:\/\/nk7-testes.com.br\/agazeta\/wp-content\/uploads\/2024\/02\/jorge.jpg\",\"contentUrl\":\"https:\/\/nk7-testes.com.br\/agazeta\/wp-content\/uploads\/2024\/02\/jorge.jpg\",\"width\":800,\"height\":403,\"caption\":\"Imagem: Reprodu\u00e7\u00e3o\"},{\"@type\":\"BreadcrumbList\",\"@id\":\"https:\/\/nk7-testes.com.br\/agazeta\/acre-esta-andando-para-tras-diz-jorge-viana-sobre-migracao-de-acreanos-para-outros-estados\/#breadcrumb\",\"itemListElement\":[{\"@type\":\"ListItem\",\"position\":1,\"name\":\"In\u00edcio\",\"item\":\"https:\/\/nk7-testes.com.br\/agazeta\/\"},{\"@type\":\"ListItem\",\"position\":2,\"name\":\"&#8220;Acre est\u00e1 andando para tr\u00e1s&#8221;, diz Jorge Viana sobre migra\u00e7\u00e3o de acreanos para outros estados\"}]},{\"@type\":\"WebSite\",\"@id\":\"https:\/\/nk7-testes.com.br\/agazeta\/#website\",\"url\":\"https:\/\/nk7-testes.com.br\/agazeta\/\",\"name\":\"Agazeta.net\",\"description\":\"Agazeta.net - Not\u00edcias de Rio Branco\/AC\",\"potentialAction\":[{\"@type\":\"SearchAction\",\"target\":{\"@type\":\"EntryPoint\",\"urlTemplate\":\"https:\/\/nk7-testes.com.br\/agazeta\/?s={search_term_string}\"},\"query-input\":{\"@type\":\"PropertyValueSpecification\",\"valueRequired\":true,\"valueName\":\"search_term_string\"}}],\"inLanguage\":\"pt-BR\"},{\"@type\":\"Person\",\"@id\":\"https:\/\/nk7-testes.com.br\/agazeta\/#\/schema\/person\/ff6b39d54d6973bfc57f4140f659b23f\",\"name\":\"Agazeta.Net\",\"url\":\"https:\/\/nk7-testes.com.br\/agazeta\/author\/agazeta\/\"}]}<\/script>\n<!-- \/ Yoast SEO plugin. -->","yoast_head_json":{"title":"\"Acre est\u00e1 andando para tr\u00e1s\", diz Jorge Viana sobre migra\u00e7\u00e3o de acreanos para outros estados - Agazeta.net","robots":{"index":"index","follow":"follow","max-snippet":"max-snippet:-1","max-image-preview":"max-image-preview:large","max-video-preview":"max-video-preview:-1"},"canonical":"https:\/\/nk7-testes.com.br\/agazeta\/acre-esta-andando-para-tras-diz-jorge-viana-sobre-migracao-de-acreanos-para-outros-estados\/","og_locale":"pt_BR","og_type":"article","og_title":"\"Acre est\u00e1 andando para tr\u00e1s\", diz Jorge Viana sobre migra\u00e7\u00e3o de acreanos para outros estados","og_description":"Em entrevista \u00e0 TV Gazeta, o ex-governador aproveitou para fazer sobre o efeito das fake news no Brasil","og_url":"https:\/\/nk7-testes.com.br\/agazeta\/acre-esta-andando-para-tras-diz-jorge-viana-sobre-migracao-de-acreanos-para-outros-estados\/","og_site_name":"Agazeta.net","article_published_time":"2024-02-12T20:36:08+00:00","article_modified_time":"2024-04-26T12:56:39+00:00","og_image":[{"width":800,"height":403,"url":"https:\/\/nk7-testes.com.br\/agazeta\/wp-content\/uploads\/2024\/02\/jorge.jpg","type":"image\/jpeg"}],"author":"Agazeta.Net","twitter_card":"summary_large_image","twitter_misc":{"Escrito por":"Agazeta.Net","Est. tempo de leitura":"2 minutos"},"schema":{"@context":"https:\/\/schema.org","@graph":[{"@type":"WebPage","@id":"https:\/\/nk7-testes.com.br\/agazeta\/acre-esta-andando-para-tras-diz-jorge-viana-sobre-migracao-de-acreanos-para-outros-estados\/","url":"https:\/\/nk7-testes.com.br\/agazeta\/acre-esta-andando-para-tras-diz-jorge-viana-sobre-migracao-de-acreanos-para-outros-estados\/","name":"\"Acre est\u00e1 andando para tr\u00e1s\", diz Jorge Viana sobre migra\u00e7\u00e3o de acreanos para outros estados - Agazeta.net","isPartOf":{"@id":"https:\/\/nk7-testes.com.br\/agazeta\/#website"},"primaryImageOfPage":{"@id":"https:\/\/nk7-testes.com.br\/agazeta\/acre-esta-andando-para-tras-diz-jorge-viana-sobre-migracao-de-acreanos-para-outros-estados\/#primaryimage"},"image":{"@id":"https:\/\/nk7-testes.com.br\/agazeta\/acre-esta-andando-para-tras-diz-jorge-viana-sobre-migracao-de-acreanos-para-outros-estados\/#primaryimage"},"thumbnailUrl":"https:\/\/nk7-testes.com.br\/agazeta\/wp-content\/uploads\/2024\/02\/jorge.jpg","datePublished":"2024-02-12T20:36:08+00:00","dateModified":"2024-04-26T12:56:39+00:00","author":{"@id":"https:\/\/nk7-testes.com.br\/agazeta\/#\/schema\/person\/ff6b39d54d6973bfc57f4140f659b23f"},"breadcrumb":{"@id":"https:\/\/nk7-testes.com.br\/agazeta\/acre-esta-andando-para-tras-diz-jorge-viana-sobre-migracao-de-acreanos-para-outros-estados\/#breadcrumb"},"inLanguage":"pt-BR","potentialAction":[{"@type":"ReadAction","target":["https:\/\/nk7-testes.com.br\/agazeta\/acre-esta-andando-para-tras-diz-jorge-viana-sobre-migracao-de-acreanos-para-outros-estados\/"]}]},{"@type":"ImageObject","inLanguage":"pt-BR","@id":"https:\/\/nk7-testes.com.br\/agazeta\/acre-esta-andando-para-tras-diz-jorge-viana-sobre-migracao-de-acreanos-para-outros-estados\/#primaryimage","url":"https:\/\/nk7-testes.com.br\/agazeta\/wp-content\/uploads\/2024\/02\/jorge.jpg","contentUrl":"https:\/\/nk7-testes.com.br\/agazeta\/wp-content\/uploads\/2024\/02\/jorge.jpg","width":800,"height":403,"caption":"Imagem: Reprodu\u00e7\u00e3o"},{"@type":"BreadcrumbList","@id":"https:\/\/nk7-testes.com.br\/agazeta\/acre-esta-andando-para-tras-diz-jorge-viana-sobre-migracao-de-acreanos-para-outros-estados\/#breadcrumb","itemListElement":[{"@type":"ListItem","position":1,"name":"In\u00edcio","item":"https:\/\/nk7-testes.com.br\/agazeta\/"},{"@type":"ListItem","position":2,"name":"&#8220;Acre est\u00e1 andando para tr\u00e1s&#8221;, diz Jorge Viana sobre migra\u00e7\u00e3o de acreanos para outros estados"}]},{"@type":"WebSite","@id":"https:\/\/nk7-testes.com.br\/agazeta\/#website","url":"https:\/\/nk7-testes.com.br\/agazeta\/","name":"Agazeta.net","description":"Agazeta.net - Not\u00edcias de Rio Branco\/AC","potentialAction":[{"@type":"SearchAction","target":{"@type":"EntryPoint","urlTemplate":"https:\/\/nk7-testes.com.br\/agazeta\/?s={search_term_string}"},"query-input":{"@type":"PropertyValueSpecification","valueRequired":true,"valueName":"search_term_string"}}],"inLanguage":"pt-BR"},{"@type":"Person","@id":"https:\/\/nk7-testes.com.br\/agazeta\/#\/schema\/person\/ff6b39d54d6973bfc57f4140f659b23f","name":"Agazeta.Net","url":"https:\/\/nk7-testes.com.br\/agazeta\/author\/agazeta\/"}]}},"_links":{"self":[{"href":"https:\/\/nk7-testes.com.br\/agazeta\/wp-json\/wp\/v2\/posts\/127175","targetHints":{"allow":["GET"]}}],"collection":[{"href":"https:\/\/nk7-testes.com.br\/agazeta\/wp-json\/wp\/v2\/posts"}],"about":[{"href":"https:\/\/nk7-testes.com.br\/agazeta\/wp-json\/wp\/v2\/types\/post"}],"author":[{"embeddable":true,"href":"https:\/\/nk7-testes.com.br\/agazeta\/wp-json\/wp\/v2\/users\/4"}],"replies":[{"embeddable":true,"href":"https:\/\/nk7-testes.com.br\/agazeta\/wp-json\/wp\/v2\/comments?post=127175"}],"version-history":[{"count":0,"href":"https:\/\/nk7-testes.com.br\/agazeta\/wp-json\/wp\/v2\/posts\/127175\/revisions"}],"wp:featuredmedia":[{"embeddable":true,"href":"https:\/\/nk7-testes.com.br\/agazeta\/wp-json\/wp\/v2\/media\/127176"}],"wp:attachment":[{"href":"https:\/\/nk7-testes.com.br\/agazeta\/wp-json\/wp\/v2\/media?parent=127175"}],"wp:term":[{"taxonomy":"category","embeddable":true,"href":"https:\/\/nk7-testes.com.br\/agazeta\/wp-json\/wp\/v2\/categories?post=127175"},{"taxonomy":"post_tag","embeddable":true,"href":"https:\/\/nk7-testes.com.br\/agazeta\/wp-json\/wp\/v2\/tags?post=127175"}],"curies":[{"name":"wp","href":"https:\/\/api.w.org\/{rel}","templated":true}]}}