{"id":127104,"date":"2024-02-09T23:03:32","date_gmt":"2024-02-10T04:03:32","guid":{"rendered":"https:\/\/nk7-testes.com.br\/?p=127104"},"modified":"2024-02-09T23:03:32","modified_gmt":"2024-02-10T04:03:32","slug":"rainha-do-carnaval-2024-afirma-ter-sofrido-com-palavras-de-odio-muito-julgamento","status":"publish","type":"post","link":"https:\/\/nk7-testes.com.br\/agazeta\/rainha-do-carnaval-2024-afirma-ter-sofrido-com-palavras-de-odio-muito-julgamento\/","title":{"rendered":"Rainha do Carnaval 2024 afirma ter sofrido com palavras de \u00f3dio: &#8216;Muito\u00a0julgamento&#8217;"},"content":{"rendered":"<p style=\"text-align: justify;\">Na noite desta sexta-feira (9), o Carnaval &#8216;Rio Branco Folia, Tradi\u00e7\u00e3o e Alegria&#8217; teve in\u00edcio e, para abrir o evento com chave de ouro, foram escolhidos o Rei Momo e Rainha do Carnaval 2024. Pela segunda vez, Karol Bombom venceu a competi\u00e7\u00e3o e se consagrou bicampe\u00e3.<\/p>\n<p style=\"text-align: justify;\">&#8220;Primeiramente, eu queria agradecer ao meu pai que est\u00e1 l\u00e1 em cima, que eu sei que eu s\u00f3 estou aqui gra\u00e7as a ele e a todo mundo que est\u00e1 aqui torcendo por mim, mas eu pedi a palavra. Obrigada, Jesus&#8221;, agradeceu a vitoriosa da noite.<\/p>\n<figure id=\"attachment_127098\" aria-describedby=\"caption-attachment-127098\" style=\"width: 597px\" class=\"wp-caption aligncenter\"><img decoding=\"async\" class=\"wp-image-127098 \" src=\"https:\/\/nk7-testes.com.br\/wp-content\/uploads\/2024\/02\/rainha.jpg\" alt=\"\" width=\"597\" height=\"448\" srcset=\"https:\/\/nk7-testes.com.br\/agazeta\/wp-content\/uploads\/2024\/02\/rainha.jpg 1600w, https:\/\/nk7-testes.com.br\/agazeta\/wp-content\/uploads\/2024\/02\/rainha-300x225.jpg 300w, https:\/\/nk7-testes.com.br\/agazeta\/wp-content\/uploads\/2024\/02\/rainha-1024x768.jpg 1024w, https:\/\/nk7-testes.com.br\/agazeta\/wp-content\/uploads\/2024\/02\/rainha-768x576.jpg 768w, https:\/\/nk7-testes.com.br\/agazeta\/wp-content\/uploads\/2024\/02\/rainha-1536x1152.jpg 1536w, https:\/\/nk7-testes.com.br\/agazeta\/wp-content\/uploads\/2024\/02\/rainha-750x563.jpg 750w, https:\/\/nk7-testes.com.br\/agazeta\/wp-content\/uploads\/2024\/02\/rainha-1140x855.jpg 1140w\" sizes=\"(max-width: 597px) 100vw, 597px\" \/><figcaption id=\"caption-attachment-127098\" class=\"wp-caption-text\">Imagem: Gisele Almeida\/Agazeta.net<\/figcaption><\/figure>\n<p style=\"text-align: justify;\">Apesar disso, em entrevista ela contou que, nos \u00faltimos dias, sofreu com muito julgamento e palavras de \u00f3dio vindas do p\u00fablico. Segundo Bombom, n\u00e3o s\u00f3 ela sofre com isso, mas tamb\u00e9m as outras participantes da competi\u00e7\u00e3o. Mesmo com as cr\u00edticas, n\u00e3o deixou se abalar.<\/p>\n<p style=\"text-align: justify;\">&#8220;Nesses \u00faltimos dias, n\u00e3o s\u00f3 eu, como as outras candidatas, n\u00f3s temos recebido muitas palavras de \u00f3dio, muito julgamento, coisas que n\u00e3o s\u00e3o de nosso merecimento, porque quem est\u00e1 aqui sabe qual \u00e9 o peso de estar aqui. E eu s\u00f3 queria dizer para voc\u00eas que para estar aqui n\u00e3o tem estere\u00f3tipo, gente, n\u00e3o tem corpo, n\u00e3o tem cor, n\u00e3o tem cabelo. N\u00e3o s\u00f3 eu, mas como as meninas, todas n\u00f3s, estamos aqui por amor e eu acho que conhe\u00e7o o conforto&#8221;, relatou Karol Bombom.<\/p>\n<figure id=\"attachment_127105\" aria-describedby=\"caption-attachment-127105\" style=\"width: 604px\" class=\"wp-caption aligncenter\"><img decoding=\"async\" class=\"wp-image-127105 \" src=\"https:\/\/nk7-testes.com.br\/wp-content\/uploads\/2024\/02\/finalistas-rainhas.jpg\" alt=\"\" width=\"604\" height=\"465\" srcset=\"https:\/\/nk7-testes.com.br\/agazeta\/wp-content\/uploads\/2024\/02\/finalistas-rainhas.jpg 1427w, https:\/\/nk7-testes.com.br\/agazeta\/wp-content\/uploads\/2024\/02\/finalistas-rainhas-300x231.jpg 300w, https:\/\/nk7-testes.com.br\/agazeta\/wp-content\/uploads\/2024\/02\/finalistas-rainhas-1024x787.jpg 1024w, https:\/\/nk7-testes.com.br\/agazeta\/wp-content\/uploads\/2024\/02\/finalistas-rainhas-768x590.jpg 768w, https:\/\/nk7-testes.com.br\/agazeta\/wp-content\/uploads\/2024\/02\/finalistas-rainhas-750x577.jpg 750w, https:\/\/nk7-testes.com.br\/agazeta\/wp-content\/uploads\/2024\/02\/finalistas-rainhas-1140x876.jpg 1140w\" sizes=\"(max-width: 604px) 100vw, 604px\" \/><figcaption id=\"caption-attachment-127105\" class=\"wp-caption-text\">Imagem: Gisele Almeida\/Agazeta.net<\/figcaption><\/figure>\n","protected":false},"excerpt":{"rendered":"<p>Na noite desta sexta-feira (9), o Carnaval &#8216;Rio Branco Folia, Tradi\u00e7\u00e3o e Alegria&#8217; teve in\u00edcio e, para abrir o evento com chave de ouro, foram escolhidos o Rei Momo e Rainha do Carnaval 2024. Pela segunda vez, Karol Bombom venceu a competi\u00e7\u00e3o e se consagrou bicampe\u00e3. &#8220;Primeiramente, eu queria agradecer ao meu pai que est\u00e1 [&hellip;]<\/p>\n","protected":false},"author":4,"featured_media":127106,"comment_status":"open","ping_status":"open","sticky":false,"template":"","format":"standard","meta":{"jnews-multi-image_gallery":[],"jnews_single_post":{"source_name":"","source_url":"","via_name":"","via_url":"","override_template":"0","override":[{"template":"custom","single_blog_custom":"110746","parallax":"1","fullscreen":"1","layout":"right-sidebar","sidebar":"default-sidebar","second_sidebar":"default-sidebar","sticky_sidebar":"1","share_position":"top","share_float_style":"share-monocrhome","show_share_counter":"1","show_view_counter":"1","show_featured":"1","show_post_meta":"1","show_post_author":"1","show_post_author_image":"1","show_post_date":"1","post_date_format":"default","post_date_format_custom":"Y\/m\/d","show_post_category":"1","show_post_reading_time":"0","post_reading_time_wpm":"300","show_zoom_button":"0","zoom_button_out_step":"2","zoom_button_in_step":"3","show_post_tag":"1","show_prev_next_post":"1","show_popup_post":"1","number_popup_post":"1","show_author_box":"0","show_post_related":"1","show_inline_post_related":"0"}],"override_image_size":"0","image_override":[{"single_post_thumbnail_size":"crop-500","single_post_gallery_size":"crop-500"}],"trending_post":"0","trending_post_position":"meta","trending_post_label":"Trending","sponsored_post":"0","sponsored_post_label":"Sponsored by","sponsored_post_name":"","sponsored_post_url":"","sponsored_post_logo_enable":"0","sponsored_post_logo":"","sponsored_post_desc":"","disable_ad":"0"},"jnews_primary_category":{"id":"","hide":""},"jnews_social_meta":{"fb_title":"","fb_description":"","fb_image":"","twitter_title":"","twitter_description":"","twitter_image":""},"jnews_review":[],"enable_review":"0","type":"percentage","name":"","summary":"","brand":"","sku":"","good":[{"good_text":""}],"bad":[{"bad_text":""}],"score_override":"0","override_value":"","rating":[{"rating_text":"","rating_number":"10"}],"price":[{"shop":"","price":"","link":"","icon":""}],"footnotes":""},"categories":[54],"tags":[152],"class_list":["post-127104","post","type-post","status-publish","format-standard","has-post-thumbnail","hentry","category-cotidiano","tag-destaque"],"yoast_head":"<!-- This site is optimized with the Yoast SEO plugin v26.5 - https:\/\/yoast.com\/wordpress\/plugins\/seo\/ -->\n<title>Rainha do Carnaval 2024 afirma ter sofrido com palavras de \u00f3dio: &#039;Muito\u00a0julgamento&#039; - Agazeta.net<\/title>\n<meta name=\"robots\" content=\"index, follow, max-snippet:-1, max-image-preview:large, max-video-preview:-1\" \/>\n<link rel=\"canonical\" href=\"https:\/\/nk7-testes.com.br\/agazeta\/rainha-do-carnaval-2024-afirma-ter-sofrido-com-palavras-de-odio-muito-julgamento\/\" \/>\n<meta property=\"og:locale\" content=\"pt_BR\" \/>\n<meta property=\"og:type\" content=\"article\" \/>\n<meta property=\"og:title\" content=\"Rainha do Carnaval 2024 afirma ter sofrido com palavras de \u00f3dio: &#039;Muito\u00a0julgamento&#039;\" \/>\n<meta property=\"og:description\" content=\"Pela segunda vez, Karol Bombom venceu a competi\u00e7\u00e3o e se consagrou bicampe\u00e3\" \/>\n<meta property=\"og:url\" content=\"https:\/\/nk7-testes.com.br\/agazeta\/rainha-do-carnaval-2024-afirma-ter-sofrido-com-palavras-de-odio-muito-julgamento\/\" \/>\n<meta property=\"og:site_name\" content=\"Agazeta.net\" \/>\n<meta property=\"article:published_time\" content=\"2024-02-10T04:03:32+00:00\" \/>\n<meta property=\"og:image\" content=\"https:\/\/nk7-testes.com.br\/agazeta\/wp-content\/uploads\/2024\/02\/rainha-2.jpg\" \/>\n\t<meta property=\"og:image:width\" content=\"800\" \/>\n\t<meta property=\"og:image:height\" content=\"403\" \/>\n\t<meta property=\"og:image:type\" content=\"image\/jpeg\" \/>\n<meta name=\"author\" content=\"Agazeta.Net\" \/>\n<meta name=\"twitter:card\" content=\"summary_large_image\" \/>\n<meta name=\"twitter:label1\" content=\"Escrito por\" \/>\n\t<meta name=\"twitter:data1\" content=\"Agazeta.Net\" \/>\n\t<meta name=\"twitter:label2\" content=\"Est. tempo de leitura\" \/>\n\t<meta name=\"twitter:data2\" content=\"1 minuto\" \/>\n<script type=\"application\/ld+json\" class=\"yoast-schema-graph\">{\"@context\":\"https:\/\/schema.org\",\"@graph\":[{\"@type\":\"WebPage\",\"@id\":\"https:\/\/nk7-testes.com.br\/agazeta\/rainha-do-carnaval-2024-afirma-ter-sofrido-com-palavras-de-odio-muito-julgamento\/\",\"url\":\"https:\/\/nk7-testes.com.br\/agazeta\/rainha-do-carnaval-2024-afirma-ter-sofrido-com-palavras-de-odio-muito-julgamento\/\",\"name\":\"Rainha do Carnaval 2024 afirma ter sofrido com palavras de \u00f3dio: 'Muito\u00a0julgamento' - Agazeta.net\",\"isPartOf\":{\"@id\":\"https:\/\/nk7-testes.com.br\/agazeta\/#website\"},\"primaryImageOfPage\":{\"@id\":\"https:\/\/nk7-testes.com.br\/agazeta\/rainha-do-carnaval-2024-afirma-ter-sofrido-com-palavras-de-odio-muito-julgamento\/#primaryimage\"},\"image\":{\"@id\":\"https:\/\/nk7-testes.com.br\/agazeta\/rainha-do-carnaval-2024-afirma-ter-sofrido-com-palavras-de-odio-muito-julgamento\/#primaryimage\"},\"thumbnailUrl\":\"https:\/\/nk7-testes.com.br\/agazeta\/wp-content\/uploads\/2024\/02\/rainha-2.jpg\",\"datePublished\":\"2024-02-10T04:03:32+00:00\",\"author\":{\"@id\":\"https:\/\/nk7-testes.com.br\/agazeta\/#\/schema\/person\/ff6b39d54d6973bfc57f4140f659b23f\"},\"breadcrumb\":{\"@id\":\"https:\/\/nk7-testes.com.br\/agazeta\/rainha-do-carnaval-2024-afirma-ter-sofrido-com-palavras-de-odio-muito-julgamento\/#breadcrumb\"},\"inLanguage\":\"pt-BR\",\"potentialAction\":[{\"@type\":\"ReadAction\",\"target\":[\"https:\/\/nk7-testes.com.br\/agazeta\/rainha-do-carnaval-2024-afirma-ter-sofrido-com-palavras-de-odio-muito-julgamento\/\"]}]},{\"@type\":\"ImageObject\",\"inLanguage\":\"pt-BR\",\"@id\":\"https:\/\/nk7-testes.com.br\/agazeta\/rainha-do-carnaval-2024-afirma-ter-sofrido-com-palavras-de-odio-muito-julgamento\/#primaryimage\",\"url\":\"https:\/\/nk7-testes.com.br\/agazeta\/wp-content\/uploads\/2024\/02\/rainha-2.jpg\",\"contentUrl\":\"https:\/\/nk7-testes.com.br\/agazeta\/wp-content\/uploads\/2024\/02\/rainha-2.jpg\",\"width\":800,\"height\":403,\"caption\":\"Imagem: Gisele Almeida\/Agazeta.net\"},{\"@type\":\"BreadcrumbList\",\"@id\":\"https:\/\/nk7-testes.com.br\/agazeta\/rainha-do-carnaval-2024-afirma-ter-sofrido-com-palavras-de-odio-muito-julgamento\/#breadcrumb\",\"itemListElement\":[{\"@type\":\"ListItem\",\"position\":1,\"name\":\"In\u00edcio\",\"item\":\"https:\/\/nk7-testes.com.br\/agazeta\/\"},{\"@type\":\"ListItem\",\"position\":2,\"name\":\"Rainha do Carnaval 2024 afirma ter sofrido com palavras de \u00f3dio: &#8216;Muito\u00a0julgamento&#8217;\"}]},{\"@type\":\"WebSite\",\"@id\":\"https:\/\/nk7-testes.com.br\/agazeta\/#website\",\"url\":\"https:\/\/nk7-testes.com.br\/agazeta\/\",\"name\":\"Agazeta.net\",\"description\":\"Agazeta.net - Not\u00edcias de Rio Branco\/AC\",\"potentialAction\":[{\"@type\":\"SearchAction\",\"target\":{\"@type\":\"EntryPoint\",\"urlTemplate\":\"https:\/\/nk7-testes.com.br\/agazeta\/?s={search_term_string}\"},\"query-input\":{\"@type\":\"PropertyValueSpecification\",\"valueRequired\":true,\"valueName\":\"search_term_string\"}}],\"inLanguage\":\"pt-BR\"},{\"@type\":\"Person\",\"@id\":\"https:\/\/nk7-testes.com.br\/agazeta\/#\/schema\/person\/ff6b39d54d6973bfc57f4140f659b23f\",\"name\":\"Agazeta.Net\",\"url\":\"https:\/\/nk7-testes.com.br\/agazeta\/author\/agazeta\/\"}]}<\/script>\n<!-- \/ Yoast SEO plugin. -->","yoast_head_json":{"title":"Rainha do Carnaval 2024 afirma ter sofrido com palavras de \u00f3dio: 'Muito\u00a0julgamento' - Agazeta.net","robots":{"index":"index","follow":"follow","max-snippet":"max-snippet:-1","max-image-preview":"max-image-preview:large","max-video-preview":"max-video-preview:-1"},"canonical":"https:\/\/nk7-testes.com.br\/agazeta\/rainha-do-carnaval-2024-afirma-ter-sofrido-com-palavras-de-odio-muito-julgamento\/","og_locale":"pt_BR","og_type":"article","og_title":"Rainha do Carnaval 2024 afirma ter sofrido com palavras de \u00f3dio: 'Muito\u00a0julgamento'","og_description":"Pela segunda vez, Karol Bombom venceu a competi\u00e7\u00e3o e se consagrou bicampe\u00e3","og_url":"https:\/\/nk7-testes.com.br\/agazeta\/rainha-do-carnaval-2024-afirma-ter-sofrido-com-palavras-de-odio-muito-julgamento\/","og_site_name":"Agazeta.net","article_published_time":"2024-02-10T04:03:32+00:00","og_image":[{"width":800,"height":403,"url":"https:\/\/nk7-testes.com.br\/agazeta\/wp-content\/uploads\/2024\/02\/rainha-2.jpg","type":"image\/jpeg"}],"author":"Agazeta.Net","twitter_card":"summary_large_image","twitter_misc":{"Escrito por":"Agazeta.Net","Est. tempo de leitura":"1 minuto"},"schema":{"@context":"https:\/\/schema.org","@graph":[{"@type":"WebPage","@id":"https:\/\/nk7-testes.com.br\/agazeta\/rainha-do-carnaval-2024-afirma-ter-sofrido-com-palavras-de-odio-muito-julgamento\/","url":"https:\/\/nk7-testes.com.br\/agazeta\/rainha-do-carnaval-2024-afirma-ter-sofrido-com-palavras-de-odio-muito-julgamento\/","name":"Rainha do Carnaval 2024 afirma ter sofrido com palavras de \u00f3dio: 'Muito\u00a0julgamento' - Agazeta.net","isPartOf":{"@id":"https:\/\/nk7-testes.com.br\/agazeta\/#website"},"primaryImageOfPage":{"@id":"https:\/\/nk7-testes.com.br\/agazeta\/rainha-do-carnaval-2024-afirma-ter-sofrido-com-palavras-de-odio-muito-julgamento\/#primaryimage"},"image":{"@id":"https:\/\/nk7-testes.com.br\/agazeta\/rainha-do-carnaval-2024-afirma-ter-sofrido-com-palavras-de-odio-muito-julgamento\/#primaryimage"},"thumbnailUrl":"https:\/\/nk7-testes.com.br\/agazeta\/wp-content\/uploads\/2024\/02\/rainha-2.jpg","datePublished":"2024-02-10T04:03:32+00:00","author":{"@id":"https:\/\/nk7-testes.com.br\/agazeta\/#\/schema\/person\/ff6b39d54d6973bfc57f4140f659b23f"},"breadcrumb":{"@id":"https:\/\/nk7-testes.com.br\/agazeta\/rainha-do-carnaval-2024-afirma-ter-sofrido-com-palavras-de-odio-muito-julgamento\/#breadcrumb"},"inLanguage":"pt-BR","potentialAction":[{"@type":"ReadAction","target":["https:\/\/nk7-testes.com.br\/agazeta\/rainha-do-carnaval-2024-afirma-ter-sofrido-com-palavras-de-odio-muito-julgamento\/"]}]},{"@type":"ImageObject","inLanguage":"pt-BR","@id":"https:\/\/nk7-testes.com.br\/agazeta\/rainha-do-carnaval-2024-afirma-ter-sofrido-com-palavras-de-odio-muito-julgamento\/#primaryimage","url":"https:\/\/nk7-testes.com.br\/agazeta\/wp-content\/uploads\/2024\/02\/rainha-2.jpg","contentUrl":"https:\/\/nk7-testes.com.br\/agazeta\/wp-content\/uploads\/2024\/02\/rainha-2.jpg","width":800,"height":403,"caption":"Imagem: Gisele Almeida\/Agazeta.net"},{"@type":"BreadcrumbList","@id":"https:\/\/nk7-testes.com.br\/agazeta\/rainha-do-carnaval-2024-afirma-ter-sofrido-com-palavras-de-odio-muito-julgamento\/#breadcrumb","itemListElement":[{"@type":"ListItem","position":1,"name":"In\u00edcio","item":"https:\/\/nk7-testes.com.br\/agazeta\/"},{"@type":"ListItem","position":2,"name":"Rainha do Carnaval 2024 afirma ter sofrido com palavras de \u00f3dio: &#8216;Muito\u00a0julgamento&#8217;"}]},{"@type":"WebSite","@id":"https:\/\/nk7-testes.com.br\/agazeta\/#website","url":"https:\/\/nk7-testes.com.br\/agazeta\/","name":"Agazeta.net","description":"Agazeta.net - Not\u00edcias de Rio Branco\/AC","potentialAction":[{"@type":"SearchAction","target":{"@type":"EntryPoint","urlTemplate":"https:\/\/nk7-testes.com.br\/agazeta\/?s={search_term_string}"},"query-input":{"@type":"PropertyValueSpecification","valueRequired":true,"valueName":"search_term_string"}}],"inLanguage":"pt-BR"},{"@type":"Person","@id":"https:\/\/nk7-testes.com.br\/agazeta\/#\/schema\/person\/ff6b39d54d6973bfc57f4140f659b23f","name":"Agazeta.Net","url":"https:\/\/nk7-testes.com.br\/agazeta\/author\/agazeta\/"}]}},"_links":{"self":[{"href":"https:\/\/nk7-testes.com.br\/agazeta\/wp-json\/wp\/v2\/posts\/127104","targetHints":{"allow":["GET"]}}],"collection":[{"href":"https:\/\/nk7-testes.com.br\/agazeta\/wp-json\/wp\/v2\/posts"}],"about":[{"href":"https:\/\/nk7-testes.com.br\/agazeta\/wp-json\/wp\/v2\/types\/post"}],"author":[{"embeddable":true,"href":"https:\/\/nk7-testes.com.br\/agazeta\/wp-json\/wp\/v2\/users\/4"}],"replies":[{"embeddable":true,"href":"https:\/\/nk7-testes.com.br\/agazeta\/wp-json\/wp\/v2\/comments?post=127104"}],"version-history":[{"count":0,"href":"https:\/\/nk7-testes.com.br\/agazeta\/wp-json\/wp\/v2\/posts\/127104\/revisions"}],"wp:featuredmedia":[{"embeddable":true,"href":"https:\/\/nk7-testes.com.br\/agazeta\/wp-json\/wp\/v2\/media\/127106"}],"wp:attachment":[{"href":"https:\/\/nk7-testes.com.br\/agazeta\/wp-json\/wp\/v2\/media?parent=127104"}],"wp:term":[{"taxonomy":"category","embeddable":true,"href":"https:\/\/nk7-testes.com.br\/agazeta\/wp-json\/wp\/v2\/categories?post=127104"},{"taxonomy":"post_tag","embeddable":true,"href":"https:\/\/nk7-testes.com.br\/agazeta\/wp-json\/wp\/v2\/tags?post=127104"}],"curies":[{"name":"wp","href":"https:\/\/api.w.org\/{rel}","templated":true}]}}