{"id":127089,"date":"2024-02-09T17:53:31","date_gmt":"2024-02-09T22:53:31","guid":{"rendered":"https:\/\/nk7-testes.com.br\/?p=127089"},"modified":"2024-02-09T17:53:31","modified_gmt":"2024-02-09T22:53:31","slug":"nao-e-nao-ressalta-importancia-do-respeito-aos-direitos-das-mulheres-durante-carnaval-no-acre","status":"publish","type":"post","link":"https:\/\/nk7-testes.com.br\/agazeta\/nao-e-nao-ressalta-importancia-do-respeito-aos-direitos-das-mulheres-durante-carnaval-no-acre\/","title":{"rendered":"&#8216;N\u00e3o \u00e9 N\u00e3o&#8217; ressalta import\u00e2ncia do respeito aos direitos das mulheres durante Carnaval no Acre"},"content":{"rendered":"<p style=\"text-align: justify;\">A campanha &#8220;N\u00e3o \u00e9 N\u00e3o\u201d mobiliza a sociedade sobre a import\u00e2ncia do respeito aos direitos das mulheres, especialmente no per\u00edodo de Carnaval, quando as ocorr\u00eancias de viol\u00eancia sexual aumentam. Uma das pe\u00e7as da campanha \u00e9 o passo a passo da paquera, que alerta: qualquer iniciativa sem consentimento da mulher \u00e9 ass\u00e9dio.<\/p>\n<p style=\"text-align: justify;\">No final de 2023, a lei 14.786 foi sancionada e institui o protocolo &#8216;N\u00e3o \u00c9 N\u00e3o&#8217; em casas noturnas, mas vale tamb\u00e9m para esse per\u00edodo festivo de Carnaval. A lei institui que bares, boates, shows e est\u00e1dios devem monitorar e agir para coibir eventuais situa\u00e7\u00f5es de constrangimento ou viol\u00eancia contra mulheres.<\/p>\n<p style=\"text-align: justify;\">Al\u00e9m disso, deve fixar, em locais vis\u00edveis, informa\u00e7\u00f5es sobre como acionar o protocolo e telefones de contato da PM e da Central de Atendimento \u00e0 Mulher (Ligue 180).<\/p>\n<p style=\"text-align: justify;\"><strong>Constrangimento: <\/strong>caracterizado pela insist\u00eancia &#8211; f\u00edsica ou verbal &#8211; sofrida pela mulher depois de manifestar discord\u00e2ncia com a intera\u00e7\u00e3o.<\/p>\n<p style=\"text-align: justify;\"><strong>Viol\u00eancia:\u00a0<\/strong>uso da for\u00e7a que resulte em les\u00e3o, morte, danos e outras previstas\u00a0em\u00a0lei.<\/p>\n<h4>Busque ajuda<\/h4>\n<p style=\"text-align: justify;\">A Prefeitura de Rio Branco tamb\u00e9m aderiu \u00e0 campanha e, para isso, contratou mais de 100 seguran\u00e7as privados para ajudar na prote\u00e7\u00e3o da Pra\u00e7a da Revolu\u00e7\u00e3o, palco principal do &#8220;Rio Branco Folia: tradi\u00e7\u00e3o e alegria&#8221;.<\/p>\n<p style=\"text-align: justify;\">A Pol\u00edcia Rodovi\u00e1ria Federal (PRF), junto as pol\u00edcias estaduais, tamb\u00e9m estar\u00e3o dispon\u00edveis para atender ocorr\u00eancia de mulheres v\u00edtimas de ass\u00e9dio nas festas de Carnaval. Al\u00e9m do 180, as den\u00fancias tamb\u00e9m podem ser feitas pelo n\u00famero 191.<\/p>\n","protected":false},"excerpt":{"rendered":"<p>A campanha &#8220;N\u00e3o \u00e9 N\u00e3o\u201d mobiliza a sociedade sobre a import\u00e2ncia do respeito aos direitos das mulheres, especialmente no per\u00edodo de Carnaval, quando as ocorr\u00eancias de viol\u00eancia sexual aumentam. Uma das pe\u00e7as da campanha \u00e9 o passo a passo da paquera, que alerta: qualquer iniciativa sem consentimento da mulher \u00e9 ass\u00e9dio. No final de 2023, [&hellip;]<\/p>\n","protected":false},"author":4,"featured_media":127090,"comment_status":"open","ping_status":"open","sticky":false,"template":"","format":"standard","meta":{"jnews-multi-image_gallery":[],"jnews_single_post":{"source_name":"","source_url":"","via_name":"","via_url":"","override_template":"0","override":[{"template":"custom","single_blog_custom":"110746","parallax":"1","fullscreen":"1","layout":"right-sidebar","sidebar":"default-sidebar","second_sidebar":"default-sidebar","sticky_sidebar":"1","share_position":"top","share_float_style":"share-monocrhome","show_share_counter":"1","show_view_counter":"1","show_featured":"1","show_post_meta":"1","show_post_author":"1","show_post_author_image":"1","show_post_date":"1","post_date_format":"default","post_date_format_custom":"Y\/m\/d","show_post_category":"1","show_post_reading_time":"0","post_reading_time_wpm":"300","show_zoom_button":"0","zoom_button_out_step":"2","zoom_button_in_step":"3","show_post_tag":"1","show_prev_next_post":"1","show_popup_post":"1","number_popup_post":"1","show_author_box":"0","show_post_related":"1","show_inline_post_related":"0"}],"override_image_size":"0","image_override":[{"single_post_thumbnail_size":"crop-500","single_post_gallery_size":"crop-500"}],"trending_post":"0","trending_post_position":"meta","trending_post_label":"Trending","sponsored_post":"0","sponsored_post_label":"Sponsored by","sponsored_post_name":"","sponsored_post_url":"","sponsored_post_logo_enable":"0","sponsored_post_logo":"","sponsored_post_desc":"","disable_ad":"0"},"jnews_primary_category":{"id":"","hide":""},"jnews_social_meta":{"fb_title":"","fb_description":"","fb_image":"","twitter_title":"","twitter_description":"","twitter_image":""},"jnews_review":[],"enable_review":"0","type":"percentage","name":"","summary":"","brand":"","sku":"","good":[{"good_text":""}],"bad":[{"bad_text":""}],"score_override":"0","override_value":"","rating":[{"rating_text":"","rating_number":"10"}],"price":[{"shop":"","price":"","link":"","icon":""}],"footnotes":""},"categories":[54],"tags":[],"class_list":["post-127089","post","type-post","status-publish","format-standard","has-post-thumbnail","hentry","category-cotidiano"],"yoast_head":"<!-- This site is optimized with the Yoast SEO plugin v26.5 - https:\/\/yoast.com\/wordpress\/plugins\/seo\/ -->\n<title>&#039;N\u00e3o \u00e9 N\u00e3o&#039; ressalta import\u00e2ncia do respeito aos direitos das mulheres durante Carnaval no Acre - Agazeta.net<\/title>\n<meta name=\"robots\" content=\"index, follow, max-snippet:-1, max-image-preview:large, max-video-preview:-1\" \/>\n<link rel=\"canonical\" href=\"https:\/\/nk7-testes.com.br\/agazeta\/nao-e-nao-ressalta-importancia-do-respeito-aos-direitos-das-mulheres-durante-carnaval-no-acre\/\" \/>\n<meta property=\"og:locale\" content=\"pt_BR\" \/>\n<meta property=\"og:type\" content=\"article\" \/>\n<meta property=\"og:title\" content=\"&#039;N\u00e3o \u00e9 N\u00e3o&#039; ressalta import\u00e2ncia do respeito aos direitos das mulheres durante Carnaval no Acre\" \/>\n<meta property=\"og:description\" content=\"Campanha mobiliza a sociedade sobre a import\u00e2ncia do respeito aos direitos das mulheres\" \/>\n<meta property=\"og:url\" content=\"https:\/\/nk7-testes.com.br\/agazeta\/nao-e-nao-ressalta-importancia-do-respeito-aos-direitos-das-mulheres-durante-carnaval-no-acre\/\" \/>\n<meta property=\"og:site_name\" content=\"Agazeta.net\" \/>\n<meta property=\"article:published_time\" content=\"2024-02-09T22:53:31+00:00\" \/>\n<meta property=\"og:image\" content=\"https:\/\/nk7-testes.com.br\/agazeta\/wp-content\/uploads\/2024\/02\/20230124182852_IMG_6918-scaled-1.jpg\" \/>\n\t<meta property=\"og:image:width\" content=\"800\" \/>\n\t<meta property=\"og:image:height\" content=\"405\" \/>\n\t<meta property=\"og:image:type\" content=\"image\/jpeg\" \/>\n<meta name=\"author\" content=\"Agazeta.Net\" \/>\n<meta name=\"twitter:card\" content=\"summary_large_image\" \/>\n<meta name=\"twitter:label1\" content=\"Escrito por\" \/>\n\t<meta name=\"twitter:data1\" content=\"Agazeta.Net\" \/>\n\t<meta name=\"twitter:label2\" content=\"Est. tempo de leitura\" \/>\n\t<meta name=\"twitter:data2\" content=\"1 minuto\" \/>\n<script type=\"application\/ld+json\" class=\"yoast-schema-graph\">{\"@context\":\"https:\/\/schema.org\",\"@graph\":[{\"@type\":\"WebPage\",\"@id\":\"https:\/\/nk7-testes.com.br\/agazeta\/nao-e-nao-ressalta-importancia-do-respeito-aos-direitos-das-mulheres-durante-carnaval-no-acre\/\",\"url\":\"https:\/\/nk7-testes.com.br\/agazeta\/nao-e-nao-ressalta-importancia-do-respeito-aos-direitos-das-mulheres-durante-carnaval-no-acre\/\",\"name\":\"'N\u00e3o \u00e9 N\u00e3o' ressalta import\u00e2ncia do respeito aos direitos das mulheres durante Carnaval no Acre - Agazeta.net\",\"isPartOf\":{\"@id\":\"https:\/\/nk7-testes.com.br\/agazeta\/#website\"},\"primaryImageOfPage\":{\"@id\":\"https:\/\/nk7-testes.com.br\/agazeta\/nao-e-nao-ressalta-importancia-do-respeito-aos-direitos-das-mulheres-durante-carnaval-no-acre\/#primaryimage\"},\"image\":{\"@id\":\"https:\/\/nk7-testes.com.br\/agazeta\/nao-e-nao-ressalta-importancia-do-respeito-aos-direitos-das-mulheres-durante-carnaval-no-acre\/#primaryimage\"},\"thumbnailUrl\":\"https:\/\/nk7-testes.com.br\/agazeta\/wp-content\/uploads\/2024\/02\/20230124182852_IMG_6918-scaled-1.jpg\",\"datePublished\":\"2024-02-09T22:53:31+00:00\",\"author\":{\"@id\":\"https:\/\/nk7-testes.com.br\/agazeta\/#\/schema\/person\/ff6b39d54d6973bfc57f4140f659b23f\"},\"breadcrumb\":{\"@id\":\"https:\/\/nk7-testes.com.br\/agazeta\/nao-e-nao-ressalta-importancia-do-respeito-aos-direitos-das-mulheres-durante-carnaval-no-acre\/#breadcrumb\"},\"inLanguage\":\"pt-BR\",\"potentialAction\":[{\"@type\":\"ReadAction\",\"target\":[\"https:\/\/nk7-testes.com.br\/agazeta\/nao-e-nao-ressalta-importancia-do-respeito-aos-direitos-das-mulheres-durante-carnaval-no-acre\/\"]}]},{\"@type\":\"ImageObject\",\"inLanguage\":\"pt-BR\",\"@id\":\"https:\/\/nk7-testes.com.br\/agazeta\/nao-e-nao-ressalta-importancia-do-respeito-aos-direitos-das-mulheres-durante-carnaval-no-acre\/#primaryimage\",\"url\":\"https:\/\/nk7-testes.com.br\/agazeta\/wp-content\/uploads\/2024\/02\/20230124182852_IMG_6918-scaled-1.jpg\",\"contentUrl\":\"https:\/\/nk7-testes.com.br\/agazeta\/wp-content\/uploads\/2024\/02\/20230124182852_IMG_6918-scaled-1.jpg\",\"width\":800,\"height\":405,\"caption\":\"Foto: Marcos Vicentti\"},{\"@type\":\"BreadcrumbList\",\"@id\":\"https:\/\/nk7-testes.com.br\/agazeta\/nao-e-nao-ressalta-importancia-do-respeito-aos-direitos-das-mulheres-durante-carnaval-no-acre\/#breadcrumb\",\"itemListElement\":[{\"@type\":\"ListItem\",\"position\":1,\"name\":\"In\u00edcio\",\"item\":\"https:\/\/nk7-testes.com.br\/agazeta\/\"},{\"@type\":\"ListItem\",\"position\":2,\"name\":\"&#8216;N\u00e3o \u00e9 N\u00e3o&#8217; ressalta import\u00e2ncia do respeito aos direitos das mulheres durante Carnaval no Acre\"}]},{\"@type\":\"WebSite\",\"@id\":\"https:\/\/nk7-testes.com.br\/agazeta\/#website\",\"url\":\"https:\/\/nk7-testes.com.br\/agazeta\/\",\"name\":\"Agazeta.net\",\"description\":\"Agazeta.net - Not\u00edcias de Rio Branco\/AC\",\"potentialAction\":[{\"@type\":\"SearchAction\",\"target\":{\"@type\":\"EntryPoint\",\"urlTemplate\":\"https:\/\/nk7-testes.com.br\/agazeta\/?s={search_term_string}\"},\"query-input\":{\"@type\":\"PropertyValueSpecification\",\"valueRequired\":true,\"valueName\":\"search_term_string\"}}],\"inLanguage\":\"pt-BR\"},{\"@type\":\"Person\",\"@id\":\"https:\/\/nk7-testes.com.br\/agazeta\/#\/schema\/person\/ff6b39d54d6973bfc57f4140f659b23f\",\"name\":\"Agazeta.Net\",\"url\":\"https:\/\/nk7-testes.com.br\/agazeta\/author\/agazeta\/\"}]}<\/script>\n<!-- \/ Yoast SEO plugin. -->","yoast_head_json":{"title":"'N\u00e3o \u00e9 N\u00e3o' ressalta import\u00e2ncia do respeito aos direitos das mulheres durante Carnaval no Acre - Agazeta.net","robots":{"index":"index","follow":"follow","max-snippet":"max-snippet:-1","max-image-preview":"max-image-preview:large","max-video-preview":"max-video-preview:-1"},"canonical":"https:\/\/nk7-testes.com.br\/agazeta\/nao-e-nao-ressalta-importancia-do-respeito-aos-direitos-das-mulheres-durante-carnaval-no-acre\/","og_locale":"pt_BR","og_type":"article","og_title":"'N\u00e3o \u00e9 N\u00e3o' ressalta import\u00e2ncia do respeito aos direitos das mulheres durante Carnaval no Acre","og_description":"Campanha mobiliza a sociedade sobre a import\u00e2ncia do respeito aos direitos das mulheres","og_url":"https:\/\/nk7-testes.com.br\/agazeta\/nao-e-nao-ressalta-importancia-do-respeito-aos-direitos-das-mulheres-durante-carnaval-no-acre\/","og_site_name":"Agazeta.net","article_published_time":"2024-02-09T22:53:31+00:00","og_image":[{"width":800,"height":405,"url":"https:\/\/nk7-testes.com.br\/agazeta\/wp-content\/uploads\/2024\/02\/20230124182852_IMG_6918-scaled-1.jpg","type":"image\/jpeg"}],"author":"Agazeta.Net","twitter_card":"summary_large_image","twitter_misc":{"Escrito por":"Agazeta.Net","Est. tempo de leitura":"1 minuto"},"schema":{"@context":"https:\/\/schema.org","@graph":[{"@type":"WebPage","@id":"https:\/\/nk7-testes.com.br\/agazeta\/nao-e-nao-ressalta-importancia-do-respeito-aos-direitos-das-mulheres-durante-carnaval-no-acre\/","url":"https:\/\/nk7-testes.com.br\/agazeta\/nao-e-nao-ressalta-importancia-do-respeito-aos-direitos-das-mulheres-durante-carnaval-no-acre\/","name":"'N\u00e3o \u00e9 N\u00e3o' ressalta import\u00e2ncia do respeito aos direitos das mulheres durante Carnaval no Acre - Agazeta.net","isPartOf":{"@id":"https:\/\/nk7-testes.com.br\/agazeta\/#website"},"primaryImageOfPage":{"@id":"https:\/\/nk7-testes.com.br\/agazeta\/nao-e-nao-ressalta-importancia-do-respeito-aos-direitos-das-mulheres-durante-carnaval-no-acre\/#primaryimage"},"image":{"@id":"https:\/\/nk7-testes.com.br\/agazeta\/nao-e-nao-ressalta-importancia-do-respeito-aos-direitos-das-mulheres-durante-carnaval-no-acre\/#primaryimage"},"thumbnailUrl":"https:\/\/nk7-testes.com.br\/agazeta\/wp-content\/uploads\/2024\/02\/20230124182852_IMG_6918-scaled-1.jpg","datePublished":"2024-02-09T22:53:31+00:00","author":{"@id":"https:\/\/nk7-testes.com.br\/agazeta\/#\/schema\/person\/ff6b39d54d6973bfc57f4140f659b23f"},"breadcrumb":{"@id":"https:\/\/nk7-testes.com.br\/agazeta\/nao-e-nao-ressalta-importancia-do-respeito-aos-direitos-das-mulheres-durante-carnaval-no-acre\/#breadcrumb"},"inLanguage":"pt-BR","potentialAction":[{"@type":"ReadAction","target":["https:\/\/nk7-testes.com.br\/agazeta\/nao-e-nao-ressalta-importancia-do-respeito-aos-direitos-das-mulheres-durante-carnaval-no-acre\/"]}]},{"@type":"ImageObject","inLanguage":"pt-BR","@id":"https:\/\/nk7-testes.com.br\/agazeta\/nao-e-nao-ressalta-importancia-do-respeito-aos-direitos-das-mulheres-durante-carnaval-no-acre\/#primaryimage","url":"https:\/\/nk7-testes.com.br\/agazeta\/wp-content\/uploads\/2024\/02\/20230124182852_IMG_6918-scaled-1.jpg","contentUrl":"https:\/\/nk7-testes.com.br\/agazeta\/wp-content\/uploads\/2024\/02\/20230124182852_IMG_6918-scaled-1.jpg","width":800,"height":405,"caption":"Foto: Marcos Vicentti"},{"@type":"BreadcrumbList","@id":"https:\/\/nk7-testes.com.br\/agazeta\/nao-e-nao-ressalta-importancia-do-respeito-aos-direitos-das-mulheres-durante-carnaval-no-acre\/#breadcrumb","itemListElement":[{"@type":"ListItem","position":1,"name":"In\u00edcio","item":"https:\/\/nk7-testes.com.br\/agazeta\/"},{"@type":"ListItem","position":2,"name":"&#8216;N\u00e3o \u00e9 N\u00e3o&#8217; ressalta import\u00e2ncia do respeito aos direitos das mulheres durante Carnaval no Acre"}]},{"@type":"WebSite","@id":"https:\/\/nk7-testes.com.br\/agazeta\/#website","url":"https:\/\/nk7-testes.com.br\/agazeta\/","name":"Agazeta.net","description":"Agazeta.net - Not\u00edcias de Rio Branco\/AC","potentialAction":[{"@type":"SearchAction","target":{"@type":"EntryPoint","urlTemplate":"https:\/\/nk7-testes.com.br\/agazeta\/?s={search_term_string}"},"query-input":{"@type":"PropertyValueSpecification","valueRequired":true,"valueName":"search_term_string"}}],"inLanguage":"pt-BR"},{"@type":"Person","@id":"https:\/\/nk7-testes.com.br\/agazeta\/#\/schema\/person\/ff6b39d54d6973bfc57f4140f659b23f","name":"Agazeta.Net","url":"https:\/\/nk7-testes.com.br\/agazeta\/author\/agazeta\/"}]}},"_links":{"self":[{"href":"https:\/\/nk7-testes.com.br\/agazeta\/wp-json\/wp\/v2\/posts\/127089","targetHints":{"allow":["GET"]}}],"collection":[{"href":"https:\/\/nk7-testes.com.br\/agazeta\/wp-json\/wp\/v2\/posts"}],"about":[{"href":"https:\/\/nk7-testes.com.br\/agazeta\/wp-json\/wp\/v2\/types\/post"}],"author":[{"embeddable":true,"href":"https:\/\/nk7-testes.com.br\/agazeta\/wp-json\/wp\/v2\/users\/4"}],"replies":[{"embeddable":true,"href":"https:\/\/nk7-testes.com.br\/agazeta\/wp-json\/wp\/v2\/comments?post=127089"}],"version-history":[{"count":0,"href":"https:\/\/nk7-testes.com.br\/agazeta\/wp-json\/wp\/v2\/posts\/127089\/revisions"}],"wp:featuredmedia":[{"embeddable":true,"href":"https:\/\/nk7-testes.com.br\/agazeta\/wp-json\/wp\/v2\/media\/127090"}],"wp:attachment":[{"href":"https:\/\/nk7-testes.com.br\/agazeta\/wp-json\/wp\/v2\/media?parent=127089"}],"wp:term":[{"taxonomy":"category","embeddable":true,"href":"https:\/\/nk7-testes.com.br\/agazeta\/wp-json\/wp\/v2\/categories?post=127089"},{"taxonomy":"post_tag","embeddable":true,"href":"https:\/\/nk7-testes.com.br\/agazeta\/wp-json\/wp\/v2\/tags?post=127089"}],"curies":[{"name":"wp","href":"https:\/\/api.w.org\/{rel}","templated":true}]}}