{"id":127058,"date":"2024-02-09T12:09:00","date_gmt":"2024-02-09T17:09:00","guid":{"rendered":"https:\/\/nk7-testes.com.br\/?p=127058"},"modified":"2024-02-09T12:21:52","modified_gmt":"2024-02-09T17:21:52","slug":"em-nota-saerb-afirma-que-denuncia-do-sindicato-dos-urbanitarios-sobre-falta-de-epis-e-sem-fundamento","status":"publish","type":"post","link":"https:\/\/nk7-testes.com.br\/agazeta\/em-nota-saerb-afirma-que-denuncia-do-sindicato-dos-urbanitarios-sobre-falta-de-epis-e-sem-fundamento\/","title":{"rendered":"Em nota, Saerb afirma que den\u00fancia do Sindicato dos Urbanit\u00e1rios sobre falta de EPIs \u00e9 sem fundamento"},"content":{"rendered":"<p style=\"text-align: justify;\"><span style=\"font-weight: 400;\">O Servi\u00e7o de \u00c1gua e Esgoto de Rio Branco (Saerb) por meio de uma nota divulgada pela assessoria nesta sexta-feira (09), rebateu a den\u00fancia do Sindicato dos Urbanit\u00e1rios do Acre, que argumenta que os servidores trabalham sem os Equipamentos de Prote\u00e7\u00e3o Individual.<\/span><\/p>\n<p style=\"text-align: justify;\"><span style=\"font-weight: 400;\">Segundo consta na nota, o Saerb esclarece que desde outubro, todos os equipamentos necess\u00e1rios foram disponibilizados, por isso, as den\u00fancias do sindicato s\u00e3o infundadas, pois n\u00e3o especificam os EPIs que est\u00e3o em falta.\u00a0<\/span><\/p>\n<p style=\"text-align: justify;\"><span style=\"font-weight: 400;\">&#8220;Desde outubro, todos os equipamentos foram distribu\u00eddos para a equipe. As alega\u00e7\u00f5es do sindicato n\u00e3o t\u00eam fundamento, uma vez que n\u00e3o explicitam o que de fato est\u00e1 em falta. Refor\u00e7amos nosso compromisso em garantir que a equipe tenha acesso cont\u00ednuo a EPIs de qualidade e em quantidade suficiente, priorizando sempre a seguran\u00e7a e o bem-estar dos nossos colaboradores&#8221;, esclarece na nota.<\/span><\/p>\n<p style=\"text-align: justify;\"><span style=\"font-weight: 400;\">J\u00e1 o presidente do Sindicato dos Urbanit\u00e1rios do Acre ,Marcelo Juc\u00e1, alega que conversou com a dire\u00e7\u00e3o do Saerb, e foi dito que os equipamentos foram comprados. Contudo, n\u00e3o foi suficiente, principalmente no quesito dos EPIs, pois os trabalhadores se exp\u00f5em a diversos perigos na rotina.<\/span><\/p>\n<p><img decoding=\"async\" class=\"aligncenter  wp-image-127065\" src=\"https:\/\/nk7-testes.com.br\/wp-content\/uploads\/2024\/02\/WhatsApp-Image-2024-02-09-at-12.15.26.jpeg\" alt=\"\" width=\"344\" height=\"459\" srcset=\"https:\/\/nk7-testes.com.br\/agazeta\/wp-content\/uploads\/2024\/02\/WhatsApp-Image-2024-02-09-at-12.15.26.jpeg 1200w, https:\/\/nk7-testes.com.br\/agazeta\/wp-content\/uploads\/2024\/02\/WhatsApp-Image-2024-02-09-at-12.15.26-225x300.jpeg 225w, https:\/\/nk7-testes.com.br\/agazeta\/wp-content\/uploads\/2024\/02\/WhatsApp-Image-2024-02-09-at-12.15.26-768x1024.jpeg 768w, https:\/\/nk7-testes.com.br\/agazeta\/wp-content\/uploads\/2024\/02\/WhatsApp-Image-2024-02-09-at-12.15.26-1152x1536.jpeg 1152w, https:\/\/nk7-testes.com.br\/agazeta\/wp-content\/uploads\/2024\/02\/WhatsApp-Image-2024-02-09-at-12.15.26-750x1000.jpeg 750w, https:\/\/nk7-testes.com.br\/agazeta\/wp-content\/uploads\/2024\/02\/WhatsApp-Image-2024-02-09-at-12.15.26-1140x1520.jpeg 1140w\" sizes=\"(max-width: 344px) 100vw, 344px\" \/><\/p>\n<p style=\"text-align: justify;\"><span style=\"font-weight: 400;\">&#8220;N\u00f3s conversamos agora de novo com a dire\u00e7\u00e3o do Saerb, disseram que compraram alguns equipamentos de seguran\u00e7a, mas n\u00e3o foi o suficiente, n\u00e3o foi principalmente aqueles equipamentos de prote\u00e7\u00e3o individuais e \u00e1reas como a quest\u00e3o dos esgotos, a quest\u00e3o das desobstru\u00e7\u00e3o das bombas, que s\u00e3o vidas que est\u00e3o sendo colocadas em risco&#8221;, explica.<\/span><\/p>\n<p style=\"text-align: justify;\"><span style=\"font-weight: 400;\">Al\u00e9m disso, ele esclarece que pelo longo tempo que essa situa\u00e7\u00e3o acontece, novas medidas mais severas dever\u00e3o ser tomadas, como uma poss\u00edvel paralisa\u00e7\u00e3o, para que nenhum trabalhador seja comprometido. Juc\u00e1 relembra o caso de um servidor da mesma categoria que morreu em Feij\u00f3 a alguns anos atr\u00e1s no exerc\u00edcio da fun\u00e7\u00e3o.<\/span><\/p>\n<figure id=\"attachment_127067\" aria-describedby=\"caption-attachment-127067\" style=\"width: 334px\" class=\"wp-caption aligncenter\"><img decoding=\"async\" class=\" wp-image-127067\" src=\"https:\/\/nk7-testes.com.br\/wp-content\/uploads\/2024\/02\/WhatsApp-Image-2024-02-09-at-12.15.27.jpeg\" alt=\"\" width=\"334\" height=\"446\" srcset=\"https:\/\/nk7-testes.com.br\/agazeta\/wp-content\/uploads\/2024\/02\/WhatsApp-Image-2024-02-09-at-12.15.27.jpeg 1200w, https:\/\/nk7-testes.com.br\/agazeta\/wp-content\/uploads\/2024\/02\/WhatsApp-Image-2024-02-09-at-12.15.27-225x300.jpeg 225w, https:\/\/nk7-testes.com.br\/agazeta\/wp-content\/uploads\/2024\/02\/WhatsApp-Image-2024-02-09-at-12.15.27-768x1024.jpeg 768w, https:\/\/nk7-testes.com.br\/agazeta\/wp-content\/uploads\/2024\/02\/WhatsApp-Image-2024-02-09-at-12.15.27-1152x1536.jpeg 1152w, https:\/\/nk7-testes.com.br\/agazeta\/wp-content\/uploads\/2024\/02\/WhatsApp-Image-2024-02-09-at-12.15.27-750x1000.jpeg 750w, https:\/\/nk7-testes.com.br\/agazeta\/wp-content\/uploads\/2024\/02\/WhatsApp-Image-2024-02-09-at-12.15.27-1140x1520.jpeg 1140w\" sizes=\"(max-width: 334px) 100vw, 334px\" \/><figcaption id=\"caption-attachment-127067\" class=\"wp-caption-text\">Imagem do Saerb<\/figcaption><\/figure>\n<p style=\"text-align: justify;\"><span style=\"font-weight: 400;\">&#8220;Pelo tempo que a gente vem cobrando da empresa e as reclama\u00e7\u00f5es dos trabalhadores continuando, n\u00f3s vamos ter que parar para evitar que ocorra uma trag\u00e9dia. J\u00e1 aconteceu l\u00e1 no munic\u00edpio de Feij\u00f3 alguns anos atr\u00e1s que um trabalhador de saneamento desceu para tirar l\u00e1 os balseiros de uma bomba como eles fazem aqui e acabou sendo eletrocutado&#8221;, conclui o presidente.<\/span><\/p>\n<figure id=\"attachment_127068\" aria-describedby=\"caption-attachment-127068\" style=\"width: 711px\" class=\"wp-caption aligncenter\"><img decoding=\"async\" class=\" wp-image-127068\" src=\"https:\/\/nk7-testes.com.br\/wp-content\/uploads\/2024\/02\/WhatsApp-Image-2024-02-09-at-12.15.28.jpeg\" alt=\"\" width=\"711\" height=\"320\" srcset=\"https:\/\/nk7-testes.com.br\/agazeta\/wp-content\/uploads\/2024\/02\/WhatsApp-Image-2024-02-09-at-12.15.28.jpeg 1280w, https:\/\/nk7-testes.com.br\/agazeta\/wp-content\/uploads\/2024\/02\/WhatsApp-Image-2024-02-09-at-12.15.28-300x135.jpeg 300w, https:\/\/nk7-testes.com.br\/agazeta\/wp-content\/uploads\/2024\/02\/WhatsApp-Image-2024-02-09-at-12.15.28-1024x461.jpeg 1024w, https:\/\/nk7-testes.com.br\/agazeta\/wp-content\/uploads\/2024\/02\/WhatsApp-Image-2024-02-09-at-12.15.28-768x346.jpeg 768w, https:\/\/nk7-testes.com.br\/agazeta\/wp-content\/uploads\/2024\/02\/WhatsApp-Image-2024-02-09-at-12.15.28-750x338.jpeg 750w, https:\/\/nk7-testes.com.br\/agazeta\/wp-content\/uploads\/2024\/02\/WhatsApp-Image-2024-02-09-at-12.15.28-1140x513.jpeg 1140w\" sizes=\"(max-width: 711px) 100vw, 711px\" \/><figcaption id=\"caption-attachment-127068\" class=\"wp-caption-text\">Imagem do Saerb<\/figcaption><\/figure>\n<p style=\"text-align: justify;\"><span style=\"font-weight: 400;\">Alguns outros problemas s\u00e3o enfrentados por eles diariamente como: o n\u00e3o pagamento das horas extras e a n\u00e3o disponibilidade de almo\u00e7o e janta que \u00e9 previsto\u00a0 em lei.<\/span><\/p>\n<h3>Veja a nota na \u00edntegra:<\/h3>\n<p><em><span style=\"font-weight: 400;\">NOTA RETORNO<\/span><\/em><\/p>\n<p style=\"text-align: justify;\"><em><span style=\"font-weight: 400;\">A prefeitura busca sempre transpar\u00eancia com a m\u00eddia e a comunidade, desta forma, vem a p\u00fablico esclarecer novamente a respeito dos EPI&#8217;s da equipe de manuten\u00e7\u00e3o do SAERB. Desde outubro, todos os equipamentos foram distribu\u00eddos para a equipe. As alega\u00e7\u00f5es do sindicato n\u00e3o t\u00eam fundamento, uma vez que n\u00e3o explicitam o que de fato est\u00e1 em falta. Refor\u00e7amos nosso compromisso em garantir que a equipe tenha acesso cont\u00ednuo a EPIs de qualidade e em quantidade suficiente, priorizando sempre a seguran\u00e7a e o bem-estar dos nossos colaboradores.<\/span><\/em><\/p>\n<p style=\"text-align: justify;\"><em><span style=\"font-weight: 400;\">Mat\u00e9ria em v\u00eddeo produzida pelo rep\u00f3rter Adailson Oliveira para a TV Gazeta<\/span><\/em><\/p>\n","protected":false},"excerpt":{"rendered":"<p>O Servi\u00e7o de \u00c1gua e Esgoto de Rio Branco (Saerb) por meio de uma nota divulgada pela assessoria nesta sexta-feira (09), rebateu a den\u00fancia do Sindicato dos Urbanit\u00e1rios do Acre, que argumenta que os servidores trabalham sem os Equipamentos de Prote\u00e7\u00e3o Individual. Segundo consta na nota, o Saerb esclarece que desde outubro, todos os equipamentos [&hellip;]<\/p>\n","protected":false},"author":4,"featured_media":127059,"comment_status":"open","ping_status":"open","sticky":false,"template":"","format":"standard","meta":{"jnews-multi-image_gallery":[],"jnews_single_post":{"source_name":"","source_url":"","via_name":"","via_url":"","override_template":"0","override":[{"template":"custom","single_blog_custom":"110746","parallax":"1","fullscreen":"1","layout":"right-sidebar","sidebar":"default-sidebar","second_sidebar":"default-sidebar","sticky_sidebar":"1","share_position":"top","share_float_style":"share-monocrhome","show_share_counter":"1","show_view_counter":"1","show_featured":"1","show_post_meta":"1","show_post_author":"1","show_post_author_image":"1","show_post_date":"1","post_date_format":"default","post_date_format_custom":"Y\/m\/d","show_post_category":"1","show_post_reading_time":"0","post_reading_time_wpm":"300","show_zoom_button":"0","zoom_button_out_step":"2","zoom_button_in_step":"3","show_post_tag":"1","show_prev_next_post":"1","show_popup_post":"1","number_popup_post":"1","show_author_box":"0","show_post_related":"1","show_inline_post_related":"0"}],"override_image_size":"0","image_override":[{"single_post_thumbnail_size":"crop-500","single_post_gallery_size":"crop-500"}],"trending_post":"0","trending_post_position":"meta","trending_post_label":"Trending","sponsored_post":"0","sponsored_post_label":"Sponsored by","sponsored_post_name":"","sponsored_post_url":"","sponsored_post_logo_enable":"0","sponsored_post_logo":"","sponsored_post_desc":"","disable_ad":"0"},"jnews_primary_category":{"id":"","hide":""},"jnews_social_meta":{"fb_title":"","fb_description":"","fb_image":"","twitter_title":"","twitter_description":"","twitter_image":""},"jnews_review":[],"enable_review":"0","type":"percentage","name":"","summary":"","brand":"","sku":"","good":[{"good_text":""}],"bad":[{"bad_text":""}],"score_override":"0","override_value":"","rating":[{"rating_text":"","rating_number":"10"}],"price":[{"shop":"","price":"","link":"","icon":""}],"footnotes":""},"categories":[54],"tags":[],"class_list":["post-127058","post","type-post","status-publish","format-standard","has-post-thumbnail","hentry","category-cotidiano"],"yoast_head":"<!-- This site is optimized with the Yoast SEO plugin v26.5 - https:\/\/yoast.com\/wordpress\/plugins\/seo\/ -->\n<title>Em nota, Saerb afirma que den\u00fancia do Sindicato dos Urbanit\u00e1rios sobre falta de EPIs \u00e9 sem fundamento - Agazeta.net<\/title>\n<meta name=\"robots\" content=\"index, follow, max-snippet:-1, max-image-preview:large, max-video-preview:-1\" \/>\n<link rel=\"canonical\" href=\"https:\/\/nk7-testes.com.br\/agazeta\/em-nota-saerb-afirma-que-denuncia-do-sindicato-dos-urbanitarios-sobre-falta-de-epis-e-sem-fundamento\/\" \/>\n<meta property=\"og:locale\" content=\"pt_BR\" \/>\n<meta property=\"og:type\" content=\"article\" \/>\n<meta property=\"og:title\" content=\"Em nota, Saerb afirma que den\u00fancia do Sindicato dos Urbanit\u00e1rios sobre falta de EPIs \u00e9 sem fundamento - Agazeta.net\" \/>\n<meta property=\"og:description\" content=\"O Servi\u00e7o de \u00c1gua e Esgoto de Rio Branco (Saerb) por meio de uma nota divulgada pela assessoria nesta sexta-feira (09), rebateu a den\u00fancia do Sindicato dos Urbanit\u00e1rios do Acre, que argumenta que os servidores trabalham sem os Equipamentos de Prote\u00e7\u00e3o Individual. Segundo consta na nota, o Saerb esclarece que desde outubro, todos os equipamentos [&hellip;]\" \/>\n<meta property=\"og:url\" content=\"https:\/\/nk7-testes.com.br\/agazeta\/em-nota-saerb-afirma-que-denuncia-do-sindicato-dos-urbanitarios-sobre-falta-de-epis-e-sem-fundamento\/\" \/>\n<meta property=\"og:site_name\" content=\"Agazeta.net\" \/>\n<meta property=\"article:published_time\" content=\"2024-02-09T17:09:00+00:00\" \/>\n<meta property=\"article:modified_time\" content=\"2024-02-09T17:21:52+00:00\" \/>\n<meta property=\"og:image\" content=\"https:\/\/nk7-testes.com.br\/agazeta\/wp-content\/uploads\/2024\/02\/WhatsApp-Image-2024-02-09-at-12.08.07.jpeg\" \/>\n\t<meta property=\"og:image:width\" content=\"984\" \/>\n\t<meta property=\"og:image:height\" content=\"554\" \/>\n\t<meta property=\"og:image:type\" content=\"image\/jpeg\" \/>\n<meta name=\"author\" content=\"Agazeta.Net\" \/>\n<meta name=\"twitter:card\" content=\"summary_large_image\" \/>\n<meta name=\"twitter:label1\" content=\"Escrito por\" \/>\n\t<meta name=\"twitter:data1\" content=\"Agazeta.Net\" \/>\n\t<meta name=\"twitter:label2\" content=\"Est. tempo de leitura\" \/>\n\t<meta name=\"twitter:data2\" content=\"3 minutos\" \/>\n<script type=\"application\/ld+json\" class=\"yoast-schema-graph\">{\"@context\":\"https:\/\/schema.org\",\"@graph\":[{\"@type\":\"WebPage\",\"@id\":\"https:\/\/nk7-testes.com.br\/agazeta\/em-nota-saerb-afirma-que-denuncia-do-sindicato-dos-urbanitarios-sobre-falta-de-epis-e-sem-fundamento\/\",\"url\":\"https:\/\/nk7-testes.com.br\/agazeta\/em-nota-saerb-afirma-que-denuncia-do-sindicato-dos-urbanitarios-sobre-falta-de-epis-e-sem-fundamento\/\",\"name\":\"Em nota, Saerb afirma que den\u00fancia do Sindicato dos Urbanit\u00e1rios sobre falta de EPIs \u00e9 sem fundamento - Agazeta.net\",\"isPartOf\":{\"@id\":\"https:\/\/nk7-testes.com.br\/agazeta\/#website\"},\"primaryImageOfPage\":{\"@id\":\"https:\/\/nk7-testes.com.br\/agazeta\/em-nota-saerb-afirma-que-denuncia-do-sindicato-dos-urbanitarios-sobre-falta-de-epis-e-sem-fundamento\/#primaryimage\"},\"image\":{\"@id\":\"https:\/\/nk7-testes.com.br\/agazeta\/em-nota-saerb-afirma-que-denuncia-do-sindicato-dos-urbanitarios-sobre-falta-de-epis-e-sem-fundamento\/#primaryimage\"},\"thumbnailUrl\":\"https:\/\/nk7-testes.com.br\/agazeta\/wp-content\/uploads\/2024\/02\/WhatsApp-Image-2024-02-09-at-12.08.07.jpeg\",\"datePublished\":\"2024-02-09T17:09:00+00:00\",\"dateModified\":\"2024-02-09T17:21:52+00:00\",\"author\":{\"@id\":\"https:\/\/nk7-testes.com.br\/agazeta\/#\/schema\/person\/ff6b39d54d6973bfc57f4140f659b23f\"},\"breadcrumb\":{\"@id\":\"https:\/\/nk7-testes.com.br\/agazeta\/em-nota-saerb-afirma-que-denuncia-do-sindicato-dos-urbanitarios-sobre-falta-de-epis-e-sem-fundamento\/#breadcrumb\"},\"inLanguage\":\"pt-BR\",\"potentialAction\":[{\"@type\":\"ReadAction\",\"target\":[\"https:\/\/nk7-testes.com.br\/agazeta\/em-nota-saerb-afirma-que-denuncia-do-sindicato-dos-urbanitarios-sobre-falta-de-epis-e-sem-fundamento\/\"]}]},{\"@type\":\"ImageObject\",\"inLanguage\":\"pt-BR\",\"@id\":\"https:\/\/nk7-testes.com.br\/agazeta\/em-nota-saerb-afirma-que-denuncia-do-sindicato-dos-urbanitarios-sobre-falta-de-epis-e-sem-fundamento\/#primaryimage\",\"url\":\"https:\/\/nk7-testes.com.br\/agazeta\/wp-content\/uploads\/2024\/02\/WhatsApp-Image-2024-02-09-at-12.08.07.jpeg\",\"contentUrl\":\"https:\/\/nk7-testes.com.br\/agazeta\/wp-content\/uploads\/2024\/02\/WhatsApp-Image-2024-02-09-at-12.08.07.jpeg\",\"width\":984,\"height\":554,\"caption\":\"Foto: Arquivo\/Saerb\"},{\"@type\":\"BreadcrumbList\",\"@id\":\"https:\/\/nk7-testes.com.br\/agazeta\/em-nota-saerb-afirma-que-denuncia-do-sindicato-dos-urbanitarios-sobre-falta-de-epis-e-sem-fundamento\/#breadcrumb\",\"itemListElement\":[{\"@type\":\"ListItem\",\"position\":1,\"name\":\"In\u00edcio\",\"item\":\"https:\/\/nk7-testes.com.br\/agazeta\/\"},{\"@type\":\"ListItem\",\"position\":2,\"name\":\"Em nota, Saerb afirma que den\u00fancia do Sindicato dos Urbanit\u00e1rios sobre falta de EPIs \u00e9 sem fundamento\"}]},{\"@type\":\"WebSite\",\"@id\":\"https:\/\/nk7-testes.com.br\/agazeta\/#website\",\"url\":\"https:\/\/nk7-testes.com.br\/agazeta\/\",\"name\":\"Agazeta.net\",\"description\":\"Agazeta.net - Not\u00edcias de Rio Branco\/AC\",\"potentialAction\":[{\"@type\":\"SearchAction\",\"target\":{\"@type\":\"EntryPoint\",\"urlTemplate\":\"https:\/\/nk7-testes.com.br\/agazeta\/?s={search_term_string}\"},\"query-input\":{\"@type\":\"PropertyValueSpecification\",\"valueRequired\":true,\"valueName\":\"search_term_string\"}}],\"inLanguage\":\"pt-BR\"},{\"@type\":\"Person\",\"@id\":\"https:\/\/nk7-testes.com.br\/agazeta\/#\/schema\/person\/ff6b39d54d6973bfc57f4140f659b23f\",\"name\":\"Agazeta.Net\",\"url\":\"https:\/\/nk7-testes.com.br\/agazeta\/author\/agazeta\/\"}]}<\/script>\n<!-- \/ Yoast SEO plugin. -->","yoast_head_json":{"title":"Em nota, Saerb afirma que den\u00fancia do Sindicato dos Urbanit\u00e1rios sobre falta de EPIs \u00e9 sem fundamento - Agazeta.net","robots":{"index":"index","follow":"follow","max-snippet":"max-snippet:-1","max-image-preview":"max-image-preview:large","max-video-preview":"max-video-preview:-1"},"canonical":"https:\/\/nk7-testes.com.br\/agazeta\/em-nota-saerb-afirma-que-denuncia-do-sindicato-dos-urbanitarios-sobre-falta-de-epis-e-sem-fundamento\/","og_locale":"pt_BR","og_type":"article","og_title":"Em nota, Saerb afirma que den\u00fancia do Sindicato dos Urbanit\u00e1rios sobre falta de EPIs \u00e9 sem fundamento - Agazeta.net","og_description":"O Servi\u00e7o de \u00c1gua e Esgoto de Rio Branco (Saerb) por meio de uma nota divulgada pela assessoria nesta sexta-feira (09), rebateu a den\u00fancia do Sindicato dos Urbanit\u00e1rios do Acre, que argumenta que os servidores trabalham sem os Equipamentos de Prote\u00e7\u00e3o Individual. Segundo consta na nota, o Saerb esclarece que desde outubro, todos os equipamentos [&hellip;]","og_url":"https:\/\/nk7-testes.com.br\/agazeta\/em-nota-saerb-afirma-que-denuncia-do-sindicato-dos-urbanitarios-sobre-falta-de-epis-e-sem-fundamento\/","og_site_name":"Agazeta.net","article_published_time":"2024-02-09T17:09:00+00:00","article_modified_time":"2024-02-09T17:21:52+00:00","og_image":[{"width":984,"height":554,"url":"https:\/\/nk7-testes.com.br\/agazeta\/wp-content\/uploads\/2024\/02\/WhatsApp-Image-2024-02-09-at-12.08.07.jpeg","type":"image\/jpeg"}],"author":"Agazeta.Net","twitter_card":"summary_large_image","twitter_misc":{"Escrito por":"Agazeta.Net","Est. tempo de leitura":"3 minutos"},"schema":{"@context":"https:\/\/schema.org","@graph":[{"@type":"WebPage","@id":"https:\/\/nk7-testes.com.br\/agazeta\/em-nota-saerb-afirma-que-denuncia-do-sindicato-dos-urbanitarios-sobre-falta-de-epis-e-sem-fundamento\/","url":"https:\/\/nk7-testes.com.br\/agazeta\/em-nota-saerb-afirma-que-denuncia-do-sindicato-dos-urbanitarios-sobre-falta-de-epis-e-sem-fundamento\/","name":"Em nota, Saerb afirma que den\u00fancia do Sindicato dos Urbanit\u00e1rios sobre falta de EPIs \u00e9 sem fundamento - Agazeta.net","isPartOf":{"@id":"https:\/\/nk7-testes.com.br\/agazeta\/#website"},"primaryImageOfPage":{"@id":"https:\/\/nk7-testes.com.br\/agazeta\/em-nota-saerb-afirma-que-denuncia-do-sindicato-dos-urbanitarios-sobre-falta-de-epis-e-sem-fundamento\/#primaryimage"},"image":{"@id":"https:\/\/nk7-testes.com.br\/agazeta\/em-nota-saerb-afirma-que-denuncia-do-sindicato-dos-urbanitarios-sobre-falta-de-epis-e-sem-fundamento\/#primaryimage"},"thumbnailUrl":"https:\/\/nk7-testes.com.br\/agazeta\/wp-content\/uploads\/2024\/02\/WhatsApp-Image-2024-02-09-at-12.08.07.jpeg","datePublished":"2024-02-09T17:09:00+00:00","dateModified":"2024-02-09T17:21:52+00:00","author":{"@id":"https:\/\/nk7-testes.com.br\/agazeta\/#\/schema\/person\/ff6b39d54d6973bfc57f4140f659b23f"},"breadcrumb":{"@id":"https:\/\/nk7-testes.com.br\/agazeta\/em-nota-saerb-afirma-que-denuncia-do-sindicato-dos-urbanitarios-sobre-falta-de-epis-e-sem-fundamento\/#breadcrumb"},"inLanguage":"pt-BR","potentialAction":[{"@type":"ReadAction","target":["https:\/\/nk7-testes.com.br\/agazeta\/em-nota-saerb-afirma-que-denuncia-do-sindicato-dos-urbanitarios-sobre-falta-de-epis-e-sem-fundamento\/"]}]},{"@type":"ImageObject","inLanguage":"pt-BR","@id":"https:\/\/nk7-testes.com.br\/agazeta\/em-nota-saerb-afirma-que-denuncia-do-sindicato-dos-urbanitarios-sobre-falta-de-epis-e-sem-fundamento\/#primaryimage","url":"https:\/\/nk7-testes.com.br\/agazeta\/wp-content\/uploads\/2024\/02\/WhatsApp-Image-2024-02-09-at-12.08.07.jpeg","contentUrl":"https:\/\/nk7-testes.com.br\/agazeta\/wp-content\/uploads\/2024\/02\/WhatsApp-Image-2024-02-09-at-12.08.07.jpeg","width":984,"height":554,"caption":"Foto: Arquivo\/Saerb"},{"@type":"BreadcrumbList","@id":"https:\/\/nk7-testes.com.br\/agazeta\/em-nota-saerb-afirma-que-denuncia-do-sindicato-dos-urbanitarios-sobre-falta-de-epis-e-sem-fundamento\/#breadcrumb","itemListElement":[{"@type":"ListItem","position":1,"name":"In\u00edcio","item":"https:\/\/nk7-testes.com.br\/agazeta\/"},{"@type":"ListItem","position":2,"name":"Em nota, Saerb afirma que den\u00fancia do Sindicato dos Urbanit\u00e1rios sobre falta de EPIs \u00e9 sem fundamento"}]},{"@type":"WebSite","@id":"https:\/\/nk7-testes.com.br\/agazeta\/#website","url":"https:\/\/nk7-testes.com.br\/agazeta\/","name":"Agazeta.net","description":"Agazeta.net - Not\u00edcias de Rio Branco\/AC","potentialAction":[{"@type":"SearchAction","target":{"@type":"EntryPoint","urlTemplate":"https:\/\/nk7-testes.com.br\/agazeta\/?s={search_term_string}"},"query-input":{"@type":"PropertyValueSpecification","valueRequired":true,"valueName":"search_term_string"}}],"inLanguage":"pt-BR"},{"@type":"Person","@id":"https:\/\/nk7-testes.com.br\/agazeta\/#\/schema\/person\/ff6b39d54d6973bfc57f4140f659b23f","name":"Agazeta.Net","url":"https:\/\/nk7-testes.com.br\/agazeta\/author\/agazeta\/"}]}},"_links":{"self":[{"href":"https:\/\/nk7-testes.com.br\/agazeta\/wp-json\/wp\/v2\/posts\/127058","targetHints":{"allow":["GET"]}}],"collection":[{"href":"https:\/\/nk7-testes.com.br\/agazeta\/wp-json\/wp\/v2\/posts"}],"about":[{"href":"https:\/\/nk7-testes.com.br\/agazeta\/wp-json\/wp\/v2\/types\/post"}],"author":[{"embeddable":true,"href":"https:\/\/nk7-testes.com.br\/agazeta\/wp-json\/wp\/v2\/users\/4"}],"replies":[{"embeddable":true,"href":"https:\/\/nk7-testes.com.br\/agazeta\/wp-json\/wp\/v2\/comments?post=127058"}],"version-history":[{"count":0,"href":"https:\/\/nk7-testes.com.br\/agazeta\/wp-json\/wp\/v2\/posts\/127058\/revisions"}],"wp:featuredmedia":[{"embeddable":true,"href":"https:\/\/nk7-testes.com.br\/agazeta\/wp-json\/wp\/v2\/media\/127059"}],"wp:attachment":[{"href":"https:\/\/nk7-testes.com.br\/agazeta\/wp-json\/wp\/v2\/media?parent=127058"}],"wp:term":[{"taxonomy":"category","embeddable":true,"href":"https:\/\/nk7-testes.com.br\/agazeta\/wp-json\/wp\/v2\/categories?post=127058"},{"taxonomy":"post_tag","embeddable":true,"href":"https:\/\/nk7-testes.com.br\/agazeta\/wp-json\/wp\/v2\/tags?post=127058"}],"curies":[{"name":"wp","href":"https:\/\/api.w.org\/{rel}","templated":true}]}}