{"id":127011,"date":"2024-02-08T15:55:24","date_gmt":"2024-02-08T20:55:24","guid":{"rendered":"https:\/\/nk7-testes.com.br\/?p=127011"},"modified":"2024-02-08T16:27:38","modified_gmt":"2024-02-08T21:27:38","slug":"municipio-no-acre-lanca-processo-seletivo-com-50-vagas-para-nivel-medio-e-superior-veja-areas","status":"publish","type":"post","link":"https:\/\/nk7-testes.com.br\/agazeta\/municipio-no-acre-lanca-processo-seletivo-com-50-vagas-para-nivel-medio-e-superior-veja-areas\/","title":{"rendered":"Munic\u00edpio no Acre lan\u00e7a processo seletivo com 50 vagas para n\u00edvel m\u00e9dio e superior; veja \u00e1reas"},"content":{"rendered":"<p style=\"text-align: justify;\"><span style=\"font-weight: 400;\">Por <strong>Kerolayne Fran\u00e7a<\/strong> para o <strong>Agazeta.net<\/strong><\/span><\/p>\n<p style=\"text-align: justify;\"><span style=\"font-weight: 400;\">A Prefeitura do munic\u00edpio de Capixaba divulgou, no Di\u00e1rio Oficial do Estado (DOE) desta quinta-feira (08), o edital do processo seletivo para cargos de n\u00edvel m\u00e9dio e superior com mais de 50 vagas para contrata\u00e7\u00e3o tempor\u00e1ria de professores, psic\u00f3logo, assistente social, orientador social, supervisor, t\u00e9cnico em enfermagem, farmac\u00eautico, enfermeiro e entre outros.<\/span><\/p>\n<p style=\"text-align: justify;\"><span style=\"font-weight: 400;\">As inscri\u00e7\u00f5es come\u00e7am na pr\u00f3xima quarta-feira (14) e se estendem at\u00e9 dia 16 de fevereiro de 2024. Na sele\u00e7\u00e3o n\u00e3o \u00e9 cobrada taxa de inscri\u00e7\u00e3o, por\u00e9m \u00e9 necess\u00e1rio atender alguns requisitos, como ser maior de idade, preencher a ficha de inscri\u00e7\u00e3o, anexar o curriculum vitae, apresentar c\u00f3pias de documentos pessoais, c\u00f3pia do certificado ou declara\u00e7\u00e3o de escolaridade e ensino superior de acordo com a \u00e1rea escolhida.\u00a0<\/span><\/p>\n<p style=\"text-align: justify;\"><span style=\"font-weight: 400;\">Referente \u00e0s etapas do processo seletivo, a primeira se d\u00e1 pela an\u00e1lise do curr\u00edculo, experi\u00eancia no cargo pretendido e cursos de forma\u00e7\u00e3o e aperfei\u00e7oamento, podendo acumular at\u00e9 70 pontos. J\u00e1 a segunda, ser\u00e1 feita por uma entrevista no valor de 30 pontos.<\/span><\/p>\n<p style=\"text-align: justify;\"><span style=\"font-weight: 400;\">A classifica\u00e7\u00e3o se d\u00e1 com base na soma dos pontos obtidos pelo candidato nas duas etapas, em ordem decrescente, ou seja, da maior nota para a menor de acordo com o quantitativo de vagas.<\/span><\/p>\n<p style=\"text-align: justify;\"><span style=\"font-weight: 400;\">Aos interessados, as inscri\u00e7\u00f5es ocorrem de forma presencial no Centro Cultural de Capixaba, localizado na rua Francisco Cordeiro de Andrade, Bairro Conquista, no hor\u00e1rio das 08h \u00e0s 12h e das 14h \u00e0s 17h. \u00c9 necess\u00e1rio levar, no ato da inscri\u00e7\u00e3o, os documentos solicitados no edital e a ficha de inscri\u00e7\u00e3o.<\/span><\/p>\n<p style=\"text-align: justify;\"><span style=\"font-weight: 400;\">Para mais informa\u00e7\u00f5es, acesse o <a href=\"http:\/\/www.diario.ac.gov.br\/\">edital<\/a>.<\/span><\/p>\n<p style=\"text-align: justify;\"><em><span style=\"font-weight: 400;\">Estagi\u00e1ria supervisionada por Gisele Almeida<\/span><\/em><\/p>\n","protected":false},"excerpt":{"rendered":"<p>Por Kerolayne Fran\u00e7a para o Agazeta.net A Prefeitura do munic\u00edpio de Capixaba divulgou, no Di\u00e1rio Oficial do Estado (DOE) desta quinta-feira (08), o edital do processo seletivo para cargos de n\u00edvel m\u00e9dio e superior com mais de 50 vagas para contrata\u00e7\u00e3o tempor\u00e1ria de professores, psic\u00f3logo, assistente social, orientador social, supervisor, t\u00e9cnico em enfermagem, farmac\u00eautico, enfermeiro [&hellip;]<\/p>\n","protected":false},"author":4,"featured_media":127012,"comment_status":"open","ping_status":"open","sticky":false,"template":"","format":"standard","meta":{"jnews-multi-image_gallery":[],"jnews_single_post":{"source_name":"","source_url":"","via_name":"","via_url":"","override_template":"0","override":[{"template":"custom","single_blog_custom":"110746","parallax":"1","fullscreen":"1","layout":"right-sidebar","sidebar":"default-sidebar","second_sidebar":"default-sidebar","sticky_sidebar":"1","share_position":"top","share_float_style":"share-monocrhome","show_share_counter":"1","show_view_counter":"1","show_featured":"1","show_post_meta":"1","show_post_author":"1","show_post_author_image":"1","show_post_date":"1","post_date_format":"default","post_date_format_custom":"Y\/m\/d","show_post_category":"1","show_post_reading_time":"0","post_reading_time_wpm":"300","show_zoom_button":"0","zoom_button_out_step":"2","zoom_button_in_step":"3","show_post_tag":"1","show_prev_next_post":"1","show_popup_post":"1","number_popup_post":"1","show_author_box":"0","show_post_related":"1","show_inline_post_related":"0"}],"override_image_size":"0","image_override":[{"single_post_thumbnail_size":"crop-500","single_post_gallery_size":"crop-500"}],"trending_post":"0","trending_post_position":"meta","trending_post_label":"Trending","sponsored_post":"0","sponsored_post_label":"Sponsored by","sponsored_post_name":"","sponsored_post_url":"","sponsored_post_logo_enable":"0","sponsored_post_logo":"","sponsored_post_desc":"","disable_ad":"0"},"jnews_primary_category":{"id":"","hide":""},"jnews_social_meta":{"fb_title":"","fb_description":"","fb_image":"","twitter_title":"","twitter_description":"","twitter_image":""},"jnews_review":[],"enable_review":"0","type":"percentage","name":"","summary":"","brand":"","sku":"","good":[{"good_text":""}],"bad":[{"bad_text":""}],"score_override":"0","override_value":"","rating":[{"rating_text":"","rating_number":"10"}],"price":[{"shop":"","price":"","link":"","icon":""}],"footnotes":""},"categories":[55],"tags":[152],"class_list":["post-127011","post","type-post","status-publish","format-standard","has-post-thumbnail","hentry","category-oportunidades","tag-destaque"],"yoast_head":"<!-- This site is optimized with the Yoast SEO plugin v26.5 - https:\/\/yoast.com\/wordpress\/plugins\/seo\/ -->\n<title>Munic\u00edpio no Acre lan\u00e7a processo seletivo com 50 vagas para n\u00edvel m\u00e9dio e superior; veja \u00e1reas - Agazeta.net<\/title>\n<meta name=\"robots\" content=\"index, follow, max-snippet:-1, max-image-preview:large, max-video-preview:-1\" \/>\n<link rel=\"canonical\" href=\"https:\/\/nk7-testes.com.br\/agazeta\/municipio-no-acre-lanca-processo-seletivo-com-50-vagas-para-nivel-medio-e-superior-veja-areas\/\" \/>\n<meta property=\"og:locale\" content=\"pt_BR\" \/>\n<meta property=\"og:type\" content=\"article\" \/>\n<meta property=\"og:title\" content=\"Munic\u00edpio no Acre lan\u00e7a processo seletivo com 50 vagas para n\u00edvel m\u00e9dio e superior; veja \u00e1reas\" \/>\n<meta property=\"og:description\" content=\"As inscri\u00e7\u00f5es iniciam na pr\u00f3xima quarta-feira (14) e encerram dia 16 de fevereiro\" \/>\n<meta property=\"og:url\" content=\"https:\/\/nk7-testes.com.br\/agazeta\/municipio-no-acre-lanca-processo-seletivo-com-50-vagas-para-nivel-medio-e-superior-veja-areas\/\" \/>\n<meta property=\"og:site_name\" content=\"Agazeta.net\" \/>\n<meta property=\"article:published_time\" content=\"2024-02-08T20:55:24+00:00\" \/>\n<meta property=\"article:modified_time\" content=\"2024-02-08T21:27:38+00:00\" \/>\n<meta property=\"og:image\" content=\"https:\/\/nk7-testes.com.br\/agazeta\/wp-content\/uploads\/2024\/02\/concurso-prefeitura-sao-nicolau-rs_widelg.webp\" \/>\n\t<meta property=\"og:image:width\" content=\"1200\" \/>\n\t<meta property=\"og:image:height\" content=\"675\" \/>\n\t<meta property=\"og:image:type\" content=\"image\/webp\" \/>\n<meta name=\"author\" content=\"Agazeta.Net\" \/>\n<meta name=\"twitter:card\" content=\"summary_large_image\" \/>\n<meta name=\"twitter:label1\" content=\"Escrito por\" \/>\n\t<meta name=\"twitter:data1\" content=\"Agazeta.Net\" \/>\n\t<meta name=\"twitter:label2\" content=\"Est. tempo de leitura\" \/>\n\t<meta name=\"twitter:data2\" content=\"1 minuto\" \/>\n<script type=\"application\/ld+json\" class=\"yoast-schema-graph\">{\"@context\":\"https:\/\/schema.org\",\"@graph\":[{\"@type\":\"WebPage\",\"@id\":\"https:\/\/nk7-testes.com.br\/agazeta\/municipio-no-acre-lanca-processo-seletivo-com-50-vagas-para-nivel-medio-e-superior-veja-areas\/\",\"url\":\"https:\/\/nk7-testes.com.br\/agazeta\/municipio-no-acre-lanca-processo-seletivo-com-50-vagas-para-nivel-medio-e-superior-veja-areas\/\",\"name\":\"Munic\u00edpio no Acre lan\u00e7a processo seletivo com 50 vagas para n\u00edvel m\u00e9dio e superior; veja \u00e1reas - Agazeta.net\",\"isPartOf\":{\"@id\":\"https:\/\/nk7-testes.com.br\/agazeta\/#website\"},\"primaryImageOfPage\":{\"@id\":\"https:\/\/nk7-testes.com.br\/agazeta\/municipio-no-acre-lanca-processo-seletivo-com-50-vagas-para-nivel-medio-e-superior-veja-areas\/#primaryimage\"},\"image\":{\"@id\":\"https:\/\/nk7-testes.com.br\/agazeta\/municipio-no-acre-lanca-processo-seletivo-com-50-vagas-para-nivel-medio-e-superior-veja-areas\/#primaryimage\"},\"thumbnailUrl\":\"https:\/\/nk7-testes.com.br\/agazeta\/wp-content\/uploads\/2024\/02\/concurso-prefeitura-sao-nicolau-rs_widelg.webp\",\"datePublished\":\"2024-02-08T20:55:24+00:00\",\"dateModified\":\"2024-02-08T21:27:38+00:00\",\"author\":{\"@id\":\"https:\/\/nk7-testes.com.br\/agazeta\/#\/schema\/person\/6d6e25cb0435eb4a02fd44d30b4e3020\"},\"breadcrumb\":{\"@id\":\"https:\/\/nk7-testes.com.br\/agazeta\/municipio-no-acre-lanca-processo-seletivo-com-50-vagas-para-nivel-medio-e-superior-veja-areas\/#breadcrumb\"},\"inLanguage\":\"pt-BR\",\"potentialAction\":[{\"@type\":\"ReadAction\",\"target\":[\"https:\/\/nk7-testes.com.br\/agazeta\/municipio-no-acre-lanca-processo-seletivo-com-50-vagas-para-nivel-medio-e-superior-veja-areas\/\"]}]},{\"@type\":\"ImageObject\",\"inLanguage\":\"pt-BR\",\"@id\":\"https:\/\/nk7-testes.com.br\/agazeta\/municipio-no-acre-lanca-processo-seletivo-com-50-vagas-para-nivel-medio-e-superior-veja-areas\/#primaryimage\",\"url\":\"https:\/\/nk7-testes.com.br\/agazeta\/wp-content\/uploads\/2024\/02\/concurso-prefeitura-sao-nicolau-rs_widelg.webp\",\"contentUrl\":\"https:\/\/nk7-testes.com.br\/agazeta\/wp-content\/uploads\/2024\/02\/concurso-prefeitura-sao-nicolau-rs_widelg.webp\",\"width\":1200,\"height\":675},{\"@type\":\"BreadcrumbList\",\"@id\":\"https:\/\/nk7-testes.com.br\/agazeta\/municipio-no-acre-lanca-processo-seletivo-com-50-vagas-para-nivel-medio-e-superior-veja-areas\/#breadcrumb\",\"itemListElement\":[{\"@type\":\"ListItem\",\"position\":1,\"name\":\"In\u00edcio\",\"item\":\"https:\/\/nk7-testes.com.br\/agazeta\/\"},{\"@type\":\"ListItem\",\"position\":2,\"name\":\"Munic\u00edpio no Acre lan\u00e7a processo seletivo com 50 vagas para n\u00edvel m\u00e9dio e superior; veja \u00e1reas\"}]},{\"@type\":\"WebSite\",\"@id\":\"https:\/\/nk7-testes.com.br\/agazeta\/#website\",\"url\":\"https:\/\/nk7-testes.com.br\/agazeta\/\",\"name\":\"Agazeta.net\",\"description\":\"Agazeta.net - Not\u00edcias de Rio Branco\/AC\",\"potentialAction\":[{\"@type\":\"SearchAction\",\"target\":{\"@type\":\"EntryPoint\",\"urlTemplate\":\"https:\/\/nk7-testes.com.br\/agazeta\/?s={search_term_string}\"},\"query-input\":{\"@type\":\"PropertyValueSpecification\",\"valueRequired\":true,\"valueName\":\"search_term_string\"}}],\"inLanguage\":\"pt-BR\"},{\"@type\":\"Person\",\"@id\":\"https:\/\/nk7-testes.com.br\/agazeta\/#\/schema\/person\/6d6e25cb0435eb4a02fd44d30b4e3020\",\"name\":\"Agazeta.Net\",\"url\":\"https:\/\/nk7-testes.com.br\/agazeta\/author\/agazeta\/\"}]}<\/script>\n<!-- \/ Yoast SEO plugin. -->","yoast_head_json":{"title":"Munic\u00edpio no Acre lan\u00e7a processo seletivo com 50 vagas para n\u00edvel m\u00e9dio e superior; veja \u00e1reas - Agazeta.net","robots":{"index":"index","follow":"follow","max-snippet":"max-snippet:-1","max-image-preview":"max-image-preview:large","max-video-preview":"max-video-preview:-1"},"canonical":"https:\/\/nk7-testes.com.br\/agazeta\/municipio-no-acre-lanca-processo-seletivo-com-50-vagas-para-nivel-medio-e-superior-veja-areas\/","og_locale":"pt_BR","og_type":"article","og_title":"Munic\u00edpio no Acre lan\u00e7a processo seletivo com 50 vagas para n\u00edvel m\u00e9dio e superior; veja \u00e1reas","og_description":"As inscri\u00e7\u00f5es iniciam na pr\u00f3xima quarta-feira (14) e encerram dia 16 de fevereiro","og_url":"https:\/\/nk7-testes.com.br\/agazeta\/municipio-no-acre-lanca-processo-seletivo-com-50-vagas-para-nivel-medio-e-superior-veja-areas\/","og_site_name":"Agazeta.net","article_published_time":"2024-02-08T20:55:24+00:00","article_modified_time":"2024-02-08T21:27:38+00:00","og_image":[{"width":1200,"height":675,"url":"https:\/\/nk7-testes.com.br\/agazeta\/wp-content\/uploads\/2024\/02\/concurso-prefeitura-sao-nicolau-rs_widelg.webp","type":"image\/webp"}],"author":"Agazeta.Net","twitter_card":"summary_large_image","twitter_misc":{"Escrito por":"Agazeta.Net","Est. tempo de leitura":"1 minuto"},"schema":{"@context":"https:\/\/schema.org","@graph":[{"@type":"WebPage","@id":"https:\/\/nk7-testes.com.br\/agazeta\/municipio-no-acre-lanca-processo-seletivo-com-50-vagas-para-nivel-medio-e-superior-veja-areas\/","url":"https:\/\/nk7-testes.com.br\/agazeta\/municipio-no-acre-lanca-processo-seletivo-com-50-vagas-para-nivel-medio-e-superior-veja-areas\/","name":"Munic\u00edpio no Acre lan\u00e7a processo seletivo com 50 vagas para n\u00edvel m\u00e9dio e superior; veja \u00e1reas - Agazeta.net","isPartOf":{"@id":"https:\/\/nk7-testes.com.br\/agazeta\/#website"},"primaryImageOfPage":{"@id":"https:\/\/nk7-testes.com.br\/agazeta\/municipio-no-acre-lanca-processo-seletivo-com-50-vagas-para-nivel-medio-e-superior-veja-areas\/#primaryimage"},"image":{"@id":"https:\/\/nk7-testes.com.br\/agazeta\/municipio-no-acre-lanca-processo-seletivo-com-50-vagas-para-nivel-medio-e-superior-veja-areas\/#primaryimage"},"thumbnailUrl":"https:\/\/nk7-testes.com.br\/agazeta\/wp-content\/uploads\/2024\/02\/concurso-prefeitura-sao-nicolau-rs_widelg.webp","datePublished":"2024-02-08T20:55:24+00:00","dateModified":"2024-02-08T21:27:38+00:00","author":{"@id":"https:\/\/nk7-testes.com.br\/agazeta\/#\/schema\/person\/6d6e25cb0435eb4a02fd44d30b4e3020"},"breadcrumb":{"@id":"https:\/\/nk7-testes.com.br\/agazeta\/municipio-no-acre-lanca-processo-seletivo-com-50-vagas-para-nivel-medio-e-superior-veja-areas\/#breadcrumb"},"inLanguage":"pt-BR","potentialAction":[{"@type":"ReadAction","target":["https:\/\/nk7-testes.com.br\/agazeta\/municipio-no-acre-lanca-processo-seletivo-com-50-vagas-para-nivel-medio-e-superior-veja-areas\/"]}]},{"@type":"ImageObject","inLanguage":"pt-BR","@id":"https:\/\/nk7-testes.com.br\/agazeta\/municipio-no-acre-lanca-processo-seletivo-com-50-vagas-para-nivel-medio-e-superior-veja-areas\/#primaryimage","url":"https:\/\/nk7-testes.com.br\/agazeta\/wp-content\/uploads\/2024\/02\/concurso-prefeitura-sao-nicolau-rs_widelg.webp","contentUrl":"https:\/\/nk7-testes.com.br\/agazeta\/wp-content\/uploads\/2024\/02\/concurso-prefeitura-sao-nicolau-rs_widelg.webp","width":1200,"height":675},{"@type":"BreadcrumbList","@id":"https:\/\/nk7-testes.com.br\/agazeta\/municipio-no-acre-lanca-processo-seletivo-com-50-vagas-para-nivel-medio-e-superior-veja-areas\/#breadcrumb","itemListElement":[{"@type":"ListItem","position":1,"name":"In\u00edcio","item":"https:\/\/nk7-testes.com.br\/agazeta\/"},{"@type":"ListItem","position":2,"name":"Munic\u00edpio no Acre lan\u00e7a processo seletivo com 50 vagas para n\u00edvel m\u00e9dio e superior; veja \u00e1reas"}]},{"@type":"WebSite","@id":"https:\/\/nk7-testes.com.br\/agazeta\/#website","url":"https:\/\/nk7-testes.com.br\/agazeta\/","name":"Agazeta.net","description":"Agazeta.net - Not\u00edcias de Rio Branco\/AC","potentialAction":[{"@type":"SearchAction","target":{"@type":"EntryPoint","urlTemplate":"https:\/\/nk7-testes.com.br\/agazeta\/?s={search_term_string}"},"query-input":{"@type":"PropertyValueSpecification","valueRequired":true,"valueName":"search_term_string"}}],"inLanguage":"pt-BR"},{"@type":"Person","@id":"https:\/\/nk7-testes.com.br\/agazeta\/#\/schema\/person\/6d6e25cb0435eb4a02fd44d30b4e3020","name":"Agazeta.Net","url":"https:\/\/nk7-testes.com.br\/agazeta\/author\/agazeta\/"}]}},"_links":{"self":[{"href":"https:\/\/nk7-testes.com.br\/agazeta\/wp-json\/wp\/v2\/posts\/127011","targetHints":{"allow":["GET"]}}],"collection":[{"href":"https:\/\/nk7-testes.com.br\/agazeta\/wp-json\/wp\/v2\/posts"}],"about":[{"href":"https:\/\/nk7-testes.com.br\/agazeta\/wp-json\/wp\/v2\/types\/post"}],"author":[{"embeddable":true,"href":"https:\/\/nk7-testes.com.br\/agazeta\/wp-json\/wp\/v2\/users\/4"}],"replies":[{"embeddable":true,"href":"https:\/\/nk7-testes.com.br\/agazeta\/wp-json\/wp\/v2\/comments?post=127011"}],"version-history":[{"count":0,"href":"https:\/\/nk7-testes.com.br\/agazeta\/wp-json\/wp\/v2\/posts\/127011\/revisions"}],"wp:featuredmedia":[{"embeddable":true,"href":"https:\/\/nk7-testes.com.br\/agazeta\/wp-json\/wp\/v2\/media\/127012"}],"wp:attachment":[{"href":"https:\/\/nk7-testes.com.br\/agazeta\/wp-json\/wp\/v2\/media?parent=127011"}],"wp:term":[{"taxonomy":"category","embeddable":true,"href":"https:\/\/nk7-testes.com.br\/agazeta\/wp-json\/wp\/v2\/categories?post=127011"},{"taxonomy":"post_tag","embeddable":true,"href":"https:\/\/nk7-testes.com.br\/agazeta\/wp-json\/wp\/v2\/tags?post=127011"}],"curies":[{"name":"wp","href":"https:\/\/api.w.org\/{rel}","templated":true}]}}