{"id":126998,"date":"2024-02-08T15:04:26","date_gmt":"2024-02-08T20:04:26","guid":{"rendered":"https:\/\/nk7-testes.com.br\/?p=126998"},"modified":"2024-02-08T15:04:26","modified_gmt":"2024-02-08T20:04:26","slug":"marina-decreta-situacao-de-emergencia-ambiental-de-abril-a-novembro-no-acre-entenda","status":"publish","type":"post","link":"https:\/\/nk7-testes.com.br\/agazeta\/marina-decreta-situacao-de-emergencia-ambiental-de-abril-a-novembro-no-acre-entenda\/","title":{"rendered":"Marina decreta situa\u00e7\u00e3o de emerg\u00eancia ambiental de abril a novembro no Acre; entenda"},"content":{"rendered":"<p>Por <strong>Jo\u00e3o Cardoso<\/strong> para o <strong>Agazeta.net<\/strong><\/p>\n<p style=\"text-align: justify;\"><span style=\"font-weight: 400;\">O Minist\u00e9rio do Meio Ambiente e Mudan\u00e7a do Clima, chefiado por Marina Silva, decretou na manh\u00e3 desta quinta-feira (08) por meio do Di\u00e1rio Oficial da Uni\u00e3o (DOU), estado emerg\u00eancia ambiental em decorr\u00eancia dos riscos de inc\u00eandios em \u00e9pocas espec\u00edficas em v\u00e1rias regi\u00f5es do pa\u00eds. Na lista publicada pela institui\u00e7\u00e3o, o estado do Acre figura entre os meses de abril a novembro de 2024, nas regi\u00f5es do Vale do Acre e tamb\u00e9m do Juru\u00e1.\u00a0<\/span><\/p>\n<p style=\"text-align: justify;\"><span style=\"font-weight: 400;\">De acordo com o pesquisador do Instituto Nacional de Pesquisas da Amaz\u00f4nia (Inpa), Evandro Ferreira, a medida do Governo Federal foi feita por quest\u00f5es administrativas. Ferreira, que tamb\u00e9m atua na Universidade Federal do Acre (Ufac), ressalta que a medida facilita a contrata\u00e7\u00e3o de tempor\u00e1rios para atua\u00e7\u00e3o nos problemas.<\/span><\/p>\n<p style=\"text-align: justify;\"><span style=\"font-weight: 400;\">\u201cCom a publica\u00e7\u00e3o da portaria, os \u00f3rg\u00e3os p\u00fablicos podem realizar a contrata\u00e7\u00e3o de servi\u00e7os por tempo determinado sem a necessidade de processo seletivo, ou prorrogar contratos existentes.\u201d, diz pesquisador\u00a0<\/span><\/p>\n<p style=\"text-align: justify;\"><span style=\"font-weight: 400;\">O estudioso do assunto, tamb\u00e9m afirmou que a decis\u00e3o ocorre por vi\u00e9s administrativo pelo fato de que a sele\u00e7\u00e3o dos trabalhadores pode ser direta, sem nenhum processo licitat\u00f3rio ou burocracia.<\/span><\/p>\n<p style=\"text-align: justify;\"><span style=\"font-weight: 400;\">\u201cCom a decreta\u00e7\u00e3o da emerg\u00eancia ambiental, a sele\u00e7\u00e3o pode ser \u2018direta\u2019 e se j\u00e1 houver um contrato com empresa que j\u00e1 fa\u00e7a esse treinamento, o contrato pode ser prorrogado (o que em condi\u00e7\u00f5es normais geralmente n\u00e3o acontece).\u201d, diz Ferreira\u00a0<\/span><\/p>\n<p style=\"text-align: justify;\"><span style=\"font-weight: 400;\">O especialista, afirmou tamb\u00e9m que n\u00e3o h\u00e1 uma previs\u00e3o de seca extrema para 2024<\/span><\/p>\n<p style=\"text-align: justify;\"><span style=\"font-weight: 400;\">\u201cEm 2023 as raz\u00f5es para decreta\u00e7\u00e3o da emerg\u00eancia tinham um peso maior dos fatores clim\u00e1ticos ambientais. Em 2024 n\u00e3o, pois n\u00e3o h\u00e1 previs\u00e3o de seca extrema.\u201d, diz pesquisador\u00a0<\/span><\/p>\n<p><em>Estagi\u00e1rio supervisionado por Gisele Almeida\u00a0<\/em><\/p>\n","protected":false},"excerpt":{"rendered":"<p>Por Jo\u00e3o Cardoso para o Agazeta.net O Minist\u00e9rio do Meio Ambiente e Mudan\u00e7a do Clima, chefiado por Marina Silva, decretou na manh\u00e3 desta quinta-feira (08) por meio do Di\u00e1rio Oficial da Uni\u00e3o (DOU), estado emerg\u00eancia ambiental em decorr\u00eancia dos riscos de inc\u00eandios em \u00e9pocas espec\u00edficas em v\u00e1rias regi\u00f5es do pa\u00eds. Na lista publicada pela institui\u00e7\u00e3o, [&hellip;]<\/p>\n","protected":false},"author":4,"featured_media":127002,"comment_status":"open","ping_status":"open","sticky":false,"template":"","format":"standard","meta":{"jnews-multi-image_gallery":[],"jnews_single_post":{"source_name":"","source_url":"","via_name":"","via_url":"","override_template":"0","override":[{"template":"custom","single_blog_custom":"110746","parallax":"1","fullscreen":"1","layout":"right-sidebar","sidebar":"default-sidebar","second_sidebar":"default-sidebar","sticky_sidebar":"1","share_position":"top","share_float_style":"share-monocrhome","show_share_counter":"1","show_view_counter":"1","show_featured":"1","show_post_meta":"1","show_post_author":"1","show_post_author_image":"1","show_post_date":"1","post_date_format":"default","post_date_format_custom":"Y\/m\/d","show_post_category":"1","show_post_reading_time":"0","post_reading_time_wpm":"300","show_zoom_button":"0","zoom_button_out_step":"2","zoom_button_in_step":"3","show_post_tag":"1","show_prev_next_post":"1","show_popup_post":"1","number_popup_post":"1","show_author_box":"0","show_post_related":"1","show_inline_post_related":"0"}],"override_image_size":"0","image_override":[{"single_post_thumbnail_size":"crop-500","single_post_gallery_size":"crop-500"}],"trending_post":"0","trending_post_position":"meta","trending_post_label":"Trending","sponsored_post":"0","sponsored_post_label":"Sponsored by","sponsored_post_name":"","sponsored_post_url":"","sponsored_post_logo_enable":"0","sponsored_post_logo":"","sponsored_post_desc":"","disable_ad":"0"},"jnews_primary_category":{"id":"","hide":""},"jnews_social_meta":{"fb_title":"","fb_description":"","fb_image":"","twitter_title":"","twitter_description":"","twitter_image":""},"jnews_review":[],"enable_review":"0","type":"percentage","name":"","summary":"","brand":"","sku":"","good":[{"good_text":""}],"bad":[{"bad_text":""}],"score_override":"0","override_value":"","rating":[{"rating_text":"","rating_number":"10"}],"price":[{"shop":"","price":"","link":"","icon":""}],"footnotes":""},"categories":[54],"tags":[152],"class_list":["post-126998","post","type-post","status-publish","format-standard","has-post-thumbnail","hentry","category-cotidiano","tag-destaque"],"yoast_head":"<!-- This site is optimized with the Yoast SEO plugin v26.5 - https:\/\/yoast.com\/wordpress\/plugins\/seo\/ -->\n<title>Marina decreta situa\u00e7\u00e3o de emerg\u00eancia ambiental de abril a novembro no Acre; entenda - Agazeta.net<\/title>\n<meta name=\"robots\" content=\"index, follow, max-snippet:-1, max-image-preview:large, max-video-preview:-1\" \/>\n<link rel=\"canonical\" href=\"https:\/\/nk7-testes.com.br\/agazeta\/marina-decreta-situacao-de-emergencia-ambiental-de-abril-a-novembro-no-acre-entenda\/\" \/>\n<meta property=\"og:locale\" content=\"pt_BR\" \/>\n<meta property=\"og:type\" content=\"article\" \/>\n<meta property=\"og:title\" content=\"Marina decreta situa\u00e7\u00e3o de emerg\u00eancia ambiental de abril a novembro no Acre; entenda\" \/>\n<meta property=\"og:description\" content=\"Decreto foi publicado na manh\u00e3 desta quinta-feira (08)\" \/>\n<meta property=\"og:url\" content=\"https:\/\/nk7-testes.com.br\/agazeta\/marina-decreta-situacao-de-emergencia-ambiental-de-abril-a-novembro-no-acre-entenda\/\" \/>\n<meta property=\"og:site_name\" content=\"Agazeta.net\" \/>\n<meta property=\"article:published_time\" content=\"2024-02-08T20:04:26+00:00\" \/>\n<meta property=\"og:image\" content=\"https:\/\/nk7-testes.com.br\/agazeta\/wp-content\/uploads\/2024\/02\/WhatsApp-Image-2024-02-08-at-16.58.47.jpeg\" \/>\n\t<meta property=\"og:image:width\" content=\"800\" \/>\n\t<meta property=\"og:image:height\" content=\"400\" \/>\n\t<meta property=\"og:image:type\" content=\"image\/jpeg\" \/>\n<meta name=\"author\" content=\"Agazeta.Net\" \/>\n<meta name=\"twitter:card\" content=\"summary_large_image\" \/>\n<meta name=\"twitter:label1\" content=\"Escrito por\" \/>\n\t<meta name=\"twitter:data1\" content=\"Agazeta.Net\" \/>\n\t<meta name=\"twitter:label2\" content=\"Est. tempo de leitura\" \/>\n\t<meta name=\"twitter:data2\" content=\"2 minutos\" \/>\n<script type=\"application\/ld+json\" class=\"yoast-schema-graph\">{\"@context\":\"https:\/\/schema.org\",\"@graph\":[{\"@type\":\"WebPage\",\"@id\":\"https:\/\/nk7-testes.com.br\/agazeta\/marina-decreta-situacao-de-emergencia-ambiental-de-abril-a-novembro-no-acre-entenda\/\",\"url\":\"https:\/\/nk7-testes.com.br\/agazeta\/marina-decreta-situacao-de-emergencia-ambiental-de-abril-a-novembro-no-acre-entenda\/\",\"name\":\"Marina decreta situa\u00e7\u00e3o de emerg\u00eancia ambiental de abril a novembro no Acre; entenda - Agazeta.net\",\"isPartOf\":{\"@id\":\"https:\/\/nk7-testes.com.br\/agazeta\/#website\"},\"primaryImageOfPage\":{\"@id\":\"https:\/\/nk7-testes.com.br\/agazeta\/marina-decreta-situacao-de-emergencia-ambiental-de-abril-a-novembro-no-acre-entenda\/#primaryimage\"},\"image\":{\"@id\":\"https:\/\/nk7-testes.com.br\/agazeta\/marina-decreta-situacao-de-emergencia-ambiental-de-abril-a-novembro-no-acre-entenda\/#primaryimage\"},\"thumbnailUrl\":\"https:\/\/nk7-testes.com.br\/agazeta\/wp-content\/uploads\/2024\/02\/WhatsApp-Image-2024-02-08-at-16.58.47.jpeg\",\"datePublished\":\"2024-02-08T20:04:26+00:00\",\"author\":{\"@id\":\"https:\/\/nk7-testes.com.br\/agazeta\/#\/schema\/person\/ff6b39d54d6973bfc57f4140f659b23f\"},\"breadcrumb\":{\"@id\":\"https:\/\/nk7-testes.com.br\/agazeta\/marina-decreta-situacao-de-emergencia-ambiental-de-abril-a-novembro-no-acre-entenda\/#breadcrumb\"},\"inLanguage\":\"pt-BR\",\"potentialAction\":[{\"@type\":\"ReadAction\",\"target\":[\"https:\/\/nk7-testes.com.br\/agazeta\/marina-decreta-situacao-de-emergencia-ambiental-de-abril-a-novembro-no-acre-entenda\/\"]}]},{\"@type\":\"ImageObject\",\"inLanguage\":\"pt-BR\",\"@id\":\"https:\/\/nk7-testes.com.br\/agazeta\/marina-decreta-situacao-de-emergencia-ambiental-de-abril-a-novembro-no-acre-entenda\/#primaryimage\",\"url\":\"https:\/\/nk7-testes.com.br\/agazeta\/wp-content\/uploads\/2024\/02\/WhatsApp-Image-2024-02-08-at-16.58.47.jpeg\",\"contentUrl\":\"https:\/\/nk7-testes.com.br\/agazeta\/wp-content\/uploads\/2024\/02\/WhatsApp-Image-2024-02-08-at-16.58.47.jpeg\",\"width\":800,\"height\":400},{\"@type\":\"BreadcrumbList\",\"@id\":\"https:\/\/nk7-testes.com.br\/agazeta\/marina-decreta-situacao-de-emergencia-ambiental-de-abril-a-novembro-no-acre-entenda\/#breadcrumb\",\"itemListElement\":[{\"@type\":\"ListItem\",\"position\":1,\"name\":\"In\u00edcio\",\"item\":\"https:\/\/nk7-testes.com.br\/agazeta\/\"},{\"@type\":\"ListItem\",\"position\":2,\"name\":\"Marina decreta situa\u00e7\u00e3o de emerg\u00eancia ambiental de abril a novembro no Acre; entenda\"}]},{\"@type\":\"WebSite\",\"@id\":\"https:\/\/nk7-testes.com.br\/agazeta\/#website\",\"url\":\"https:\/\/nk7-testes.com.br\/agazeta\/\",\"name\":\"Agazeta.net\",\"description\":\"Agazeta.net - Not\u00edcias de Rio Branco\/AC\",\"potentialAction\":[{\"@type\":\"SearchAction\",\"target\":{\"@type\":\"EntryPoint\",\"urlTemplate\":\"https:\/\/nk7-testes.com.br\/agazeta\/?s={search_term_string}\"},\"query-input\":{\"@type\":\"PropertyValueSpecification\",\"valueRequired\":true,\"valueName\":\"search_term_string\"}}],\"inLanguage\":\"pt-BR\"},{\"@type\":\"Person\",\"@id\":\"https:\/\/nk7-testes.com.br\/agazeta\/#\/schema\/person\/ff6b39d54d6973bfc57f4140f659b23f\",\"name\":\"Agazeta.Net\",\"url\":\"https:\/\/nk7-testes.com.br\/agazeta\/author\/agazeta\/\"}]}<\/script>\n<!-- \/ Yoast SEO plugin. -->","yoast_head_json":{"title":"Marina decreta situa\u00e7\u00e3o de emerg\u00eancia ambiental de abril a novembro no Acre; entenda - Agazeta.net","robots":{"index":"index","follow":"follow","max-snippet":"max-snippet:-1","max-image-preview":"max-image-preview:large","max-video-preview":"max-video-preview:-1"},"canonical":"https:\/\/nk7-testes.com.br\/agazeta\/marina-decreta-situacao-de-emergencia-ambiental-de-abril-a-novembro-no-acre-entenda\/","og_locale":"pt_BR","og_type":"article","og_title":"Marina decreta situa\u00e7\u00e3o de emerg\u00eancia ambiental de abril a novembro no Acre; entenda","og_description":"Decreto foi publicado na manh\u00e3 desta quinta-feira (08)","og_url":"https:\/\/nk7-testes.com.br\/agazeta\/marina-decreta-situacao-de-emergencia-ambiental-de-abril-a-novembro-no-acre-entenda\/","og_site_name":"Agazeta.net","article_published_time":"2024-02-08T20:04:26+00:00","og_image":[{"width":800,"height":400,"url":"https:\/\/nk7-testes.com.br\/agazeta\/wp-content\/uploads\/2024\/02\/WhatsApp-Image-2024-02-08-at-16.58.47.jpeg","type":"image\/jpeg"}],"author":"Agazeta.Net","twitter_card":"summary_large_image","twitter_misc":{"Escrito por":"Agazeta.Net","Est. tempo de leitura":"2 minutos"},"schema":{"@context":"https:\/\/schema.org","@graph":[{"@type":"WebPage","@id":"https:\/\/nk7-testes.com.br\/agazeta\/marina-decreta-situacao-de-emergencia-ambiental-de-abril-a-novembro-no-acre-entenda\/","url":"https:\/\/nk7-testes.com.br\/agazeta\/marina-decreta-situacao-de-emergencia-ambiental-de-abril-a-novembro-no-acre-entenda\/","name":"Marina decreta situa\u00e7\u00e3o de emerg\u00eancia ambiental de abril a novembro no Acre; entenda - Agazeta.net","isPartOf":{"@id":"https:\/\/nk7-testes.com.br\/agazeta\/#website"},"primaryImageOfPage":{"@id":"https:\/\/nk7-testes.com.br\/agazeta\/marina-decreta-situacao-de-emergencia-ambiental-de-abril-a-novembro-no-acre-entenda\/#primaryimage"},"image":{"@id":"https:\/\/nk7-testes.com.br\/agazeta\/marina-decreta-situacao-de-emergencia-ambiental-de-abril-a-novembro-no-acre-entenda\/#primaryimage"},"thumbnailUrl":"https:\/\/nk7-testes.com.br\/agazeta\/wp-content\/uploads\/2024\/02\/WhatsApp-Image-2024-02-08-at-16.58.47.jpeg","datePublished":"2024-02-08T20:04:26+00:00","author":{"@id":"https:\/\/nk7-testes.com.br\/agazeta\/#\/schema\/person\/ff6b39d54d6973bfc57f4140f659b23f"},"breadcrumb":{"@id":"https:\/\/nk7-testes.com.br\/agazeta\/marina-decreta-situacao-de-emergencia-ambiental-de-abril-a-novembro-no-acre-entenda\/#breadcrumb"},"inLanguage":"pt-BR","potentialAction":[{"@type":"ReadAction","target":["https:\/\/nk7-testes.com.br\/agazeta\/marina-decreta-situacao-de-emergencia-ambiental-de-abril-a-novembro-no-acre-entenda\/"]}]},{"@type":"ImageObject","inLanguage":"pt-BR","@id":"https:\/\/nk7-testes.com.br\/agazeta\/marina-decreta-situacao-de-emergencia-ambiental-de-abril-a-novembro-no-acre-entenda\/#primaryimage","url":"https:\/\/nk7-testes.com.br\/agazeta\/wp-content\/uploads\/2024\/02\/WhatsApp-Image-2024-02-08-at-16.58.47.jpeg","contentUrl":"https:\/\/nk7-testes.com.br\/agazeta\/wp-content\/uploads\/2024\/02\/WhatsApp-Image-2024-02-08-at-16.58.47.jpeg","width":800,"height":400},{"@type":"BreadcrumbList","@id":"https:\/\/nk7-testes.com.br\/agazeta\/marina-decreta-situacao-de-emergencia-ambiental-de-abril-a-novembro-no-acre-entenda\/#breadcrumb","itemListElement":[{"@type":"ListItem","position":1,"name":"In\u00edcio","item":"https:\/\/nk7-testes.com.br\/agazeta\/"},{"@type":"ListItem","position":2,"name":"Marina decreta situa\u00e7\u00e3o de emerg\u00eancia ambiental de abril a novembro no Acre; entenda"}]},{"@type":"WebSite","@id":"https:\/\/nk7-testes.com.br\/agazeta\/#website","url":"https:\/\/nk7-testes.com.br\/agazeta\/","name":"Agazeta.net","description":"Agazeta.net - Not\u00edcias de Rio Branco\/AC","potentialAction":[{"@type":"SearchAction","target":{"@type":"EntryPoint","urlTemplate":"https:\/\/nk7-testes.com.br\/agazeta\/?s={search_term_string}"},"query-input":{"@type":"PropertyValueSpecification","valueRequired":true,"valueName":"search_term_string"}}],"inLanguage":"pt-BR"},{"@type":"Person","@id":"https:\/\/nk7-testes.com.br\/agazeta\/#\/schema\/person\/ff6b39d54d6973bfc57f4140f659b23f","name":"Agazeta.Net","url":"https:\/\/nk7-testes.com.br\/agazeta\/author\/agazeta\/"}]}},"_links":{"self":[{"href":"https:\/\/nk7-testes.com.br\/agazeta\/wp-json\/wp\/v2\/posts\/126998","targetHints":{"allow":["GET"]}}],"collection":[{"href":"https:\/\/nk7-testes.com.br\/agazeta\/wp-json\/wp\/v2\/posts"}],"about":[{"href":"https:\/\/nk7-testes.com.br\/agazeta\/wp-json\/wp\/v2\/types\/post"}],"author":[{"embeddable":true,"href":"https:\/\/nk7-testes.com.br\/agazeta\/wp-json\/wp\/v2\/users\/4"}],"replies":[{"embeddable":true,"href":"https:\/\/nk7-testes.com.br\/agazeta\/wp-json\/wp\/v2\/comments?post=126998"}],"version-history":[{"count":0,"href":"https:\/\/nk7-testes.com.br\/agazeta\/wp-json\/wp\/v2\/posts\/126998\/revisions"}],"wp:featuredmedia":[{"embeddable":true,"href":"https:\/\/nk7-testes.com.br\/agazeta\/wp-json\/wp\/v2\/media\/127002"}],"wp:attachment":[{"href":"https:\/\/nk7-testes.com.br\/agazeta\/wp-json\/wp\/v2\/media?parent=126998"}],"wp:term":[{"taxonomy":"category","embeddable":true,"href":"https:\/\/nk7-testes.com.br\/agazeta\/wp-json\/wp\/v2\/categories?post=126998"},{"taxonomy":"post_tag","embeddable":true,"href":"https:\/\/nk7-testes.com.br\/agazeta\/wp-json\/wp\/v2\/tags?post=126998"}],"curies":[{"name":"wp","href":"https:\/\/api.w.org\/{rel}","templated":true}]}}