{"id":126765,"date":"2024-02-06T16:11:11","date_gmt":"2024-02-06T21:11:11","guid":{"rendered":"https:\/\/nk7-testes.com.br\/?p=126765"},"modified":"2024-02-07T00:01:10","modified_gmt":"2024-02-07T05:01:10","slug":"cerca-de-65-das-vitimas-fatais-em-acidente-de-transito-no-acre-em-2023-sao-motociclistas","status":"publish","type":"post","link":"https:\/\/nk7-testes.com.br\/agazeta\/cerca-de-65-das-vitimas-fatais-em-acidente-de-transito-no-acre-em-2023-sao-motociclistas\/","title":{"rendered":"Cerca de 65% das v\u00edtimas fatais em acidente de tr\u00e2nsito no Acre em 2023 s\u00e3o motociclistas"},"content":{"rendered":"<p style=\"text-align: justify;\"><span style=\"font-weight: 400;\">Por <strong>Kerolayne Fran\u00e7a<\/strong> para o <strong>Agazeta.net<\/strong><\/span><\/p>\n<p style=\"text-align: justify;\"><span style=\"font-weight: 400;\">Em 24 de setembro do ano passado, a jovem Sara Moura, de 25 anos, morreu ap\u00f3s a motocicleta que ela dirigia colidir contra uma caminhonete, na BR-364. Este \u00e9 um dos 59 casos de motociclistas que morreram em acidentes de tr\u00e2nsito de um total de 90 casos em 2023, no Acre.<\/span><\/p>\n<p style=\"text-align: justify;\"><span style=\"font-weight: 400;\">A informa\u00e7\u00e3o foi confirmada pela presidente do Departamento Estadual de Tr\u00e2nsito (Detran), Taynara Martins, durante o programa \u2018Gazeta Entrevista\u2019, na \u00faltima semana.<\/span><\/p>\n<p style=\"text-align: justify;\"><span style=\"font-weight: 400;\">A presidente destacou que pol\u00edticas p\u00fablicas para mudar essa realidade est\u00e3o sendo feitas e que o atual governador do Estado, Gladson Cameli (PP), entregou mais de 1500 capacetes para os mototaxistas e, em breve, os entregadores v\u00e3o receber tamb\u00e9m, porque o capacete \u00e9 o \u00fanico item de seguran\u00e7a dos motoqueiros.<\/span><\/p>\n<p style=\"text-align: justify;\"><span style=\"font-weight: 400;\">Segundo Martins, grande parte dos acidentes se d\u00e1 por imprud\u00eancia dos motoristas. Muitos desrespeitam o sem\u00e1foro e colocam a vida deles e de outras pessoas em risco.<\/span><\/p>\n<p style=\"text-align: justify;\"><span style=\"font-weight: 400;\">\u201cA gente precisa realmente respeitar as vias de tr\u00e2nsito, as sinaliza\u00e7\u00f5es que existem. As pessoas que s\u00e3o habilitadas no nosso estado, mesmo que a sinaliza\u00e7\u00e3o esteja prec\u00e1ria, eles sabem das regras de circula\u00e7\u00e3o\u201d, ressalta a presidente do Detran.<\/span><\/p>\n<p style=\"text-align: justify;\"><span style=\"font-weight: 400;\">Ela destaca, ainda, que foram nove ciclistas envolvidos em sinistros com v\u00edtima fatal. \u00c9 necess\u00e1ria uma conscientiza\u00e7\u00e3o maior do cidad\u00e3o no momento de pegar seu ve\u00edculo ou quando se torna pedestre, porque o pedestre precisa respeitar as leis de tr\u00e2nsito tamb\u00e9m.<\/span><\/p>\n<p style=\"text-align: justify;\"><span style=\"font-weight: 400;\">De acordo com Martins, existe uma quantidade alarmante de pessoas que dirigem sem habilita\u00e7\u00e3o, muitas vezes porque n\u00e3o t\u00eam condi\u00e7\u00f5es de tirar a Carteira Nacional de Habilita\u00e7\u00e3o (CNH).<\/span><\/p>\n<p style=\"text-align: justify;\"><span style=\"font-weight: 400;\">\u201cPara isso a gente criou o programa CNH Social, que j\u00e1 est\u00e1 na sua segunda edi\u00e7\u00e3o de 2023, em breve n\u00f3s estaremos lan\u00e7ando a terceira edi\u00e7\u00e3o com mais cinco mil vagas, at\u00e9 o final do mandato do Gladson Cameli (PP) ser\u00e3o 22 mil CNH totalmente gratuita\u201d, frisa a presidente.<\/span><\/p>\n<p style=\"text-align: justify;\"><em><span style=\"font-weight: 400;\">Estagi\u00e1ria supervisionada por Gisele Almeida<\/span><\/em><\/p>\n","protected":false},"excerpt":{"rendered":"<p>Por Kerolayne Fran\u00e7a para o Agazeta.net Em 24 de setembro do ano passado, a jovem Sara Moura, de 25 anos, morreu ap\u00f3s a motocicleta que ela dirigia colidir contra uma caminhonete, na BR-364. Este \u00e9 um dos 59 casos de motociclistas que morreram em acidentes de tr\u00e2nsito de um total de 90 casos em 2023, [&hellip;]<\/p>\n","protected":false},"author":4,"featured_media":126813,"comment_status":"open","ping_status":"open","sticky":false,"template":"","format":"standard","meta":{"jnews-multi-image_gallery":[],"jnews_single_post":{"source_name":"","source_url":"","via_name":"","via_url":"","override_template":"0","override":[{"template":"custom","single_blog_custom":"110746","parallax":"1","fullscreen":"1","layout":"right-sidebar","sidebar":"default-sidebar","second_sidebar":"default-sidebar","sticky_sidebar":"1","share_position":"top","share_float_style":"share-monocrhome","show_share_counter":"1","show_view_counter":"1","show_featured":"1","show_post_meta":"1","show_post_author":"1","show_post_author_image":"1","show_post_date":"1","post_date_format":"default","post_date_format_custom":"Y\/m\/d","show_post_category":"1","show_post_reading_time":"0","post_reading_time_wpm":"300","show_zoom_button":"0","zoom_button_out_step":"2","zoom_button_in_step":"3","show_post_tag":"1","show_prev_next_post":"1","show_popup_post":"1","number_popup_post":"1","show_author_box":"0","show_post_related":"1","show_inline_post_related":"0"}],"override_image_size":"0","image_override":[{"single_post_thumbnail_size":"crop-500","single_post_gallery_size":"crop-500"}],"trending_post":"0","trending_post_position":"meta","trending_post_label":"Trending","sponsored_post":"0","sponsored_post_label":"Sponsored by","sponsored_post_name":"","sponsored_post_url":"","sponsored_post_logo_enable":"0","sponsored_post_logo":"","sponsored_post_desc":"","disable_ad":"0"},"jnews_primary_category":{"id":"","hide":""},"jnews_social_meta":{"fb_title":"","fb_description":"","fb_image":"","twitter_title":"","twitter_description":"","twitter_image":""},"jnews_review":[],"enable_review":"0","type":"percentage","name":"","summary":"","brand":"","sku":"","good":[{"good_text":""}],"bad":[{"bad_text":""}],"score_override":"0","override_value":"","rating":[{"rating_text":"","rating_number":"10"}],"price":[{"shop":"","price":"","link":"","icon":""}],"footnotes":""},"categories":[54],"tags":[152],"class_list":["post-126765","post","type-post","status-publish","format-standard","has-post-thumbnail","hentry","category-cotidiano","tag-destaque"],"yoast_head":"<!-- This site is optimized with the Yoast SEO plugin v26.5 - https:\/\/yoast.com\/wordpress\/plugins\/seo\/ -->\n<title>Cerca de 65% das v\u00edtimas fatais em acidente de tr\u00e2nsito no Acre em 2023 s\u00e3o motociclistas - Agazeta.net<\/title>\n<meta name=\"robots\" content=\"index, follow, max-snippet:-1, max-image-preview:large, max-video-preview:-1\" \/>\n<link rel=\"canonical\" href=\"https:\/\/nk7-testes.com.br\/agazeta\/cerca-de-65-das-vitimas-fatais-em-acidente-de-transito-no-acre-em-2023-sao-motociclistas\/\" \/>\n<meta property=\"og:locale\" content=\"pt_BR\" \/>\n<meta property=\"og:type\" content=\"article\" \/>\n<meta property=\"og:title\" content=\"Cerca de 65% das v\u00edtimas fatais em acidente de tr\u00e2nsito no Acre em 2023 s\u00e3o motociclistas\" \/>\n<meta property=\"og:description\" content=\"O dado foi passado pela presidente do Detran, no programa Gazeta Entrevista\" \/>\n<meta property=\"og:url\" content=\"https:\/\/nk7-testes.com.br\/agazeta\/cerca-de-65-das-vitimas-fatais-em-acidente-de-transito-no-acre-em-2023-sao-motociclistas\/\" \/>\n<meta property=\"og:site_name\" content=\"Agazeta.net\" \/>\n<meta property=\"article:published_time\" content=\"2024-02-06T21:11:11+00:00\" \/>\n<meta property=\"article:modified_time\" content=\"2024-02-07T05:01:10+00:00\" \/>\n<meta name=\"author\" content=\"Agazeta.Net\" \/>\n<meta name=\"twitter:card\" content=\"summary_large_image\" \/>\n<meta name=\"twitter:image\" content=\"https:\/\/nk7-testes.com.br\/agazeta\/wp-content\/uploads\/2024\/02\/WhatsApp-Image-2023-09-25-at-16.47.24-750x375-1.jpeg\" \/>\n<meta name=\"twitter:label1\" content=\"Escrito por\" \/>\n\t<meta name=\"twitter:data1\" content=\"Agazeta.Net\" \/>\n\t<meta name=\"twitter:label2\" content=\"Est. tempo de leitura\" \/>\n\t<meta name=\"twitter:data2\" content=\"2 minutos\" \/>\n<script type=\"application\/ld+json\" class=\"yoast-schema-graph\">{\"@context\":\"https:\/\/schema.org\",\"@graph\":[{\"@type\":\"WebPage\",\"@id\":\"https:\/\/nk7-testes.com.br\/agazeta\/cerca-de-65-das-vitimas-fatais-em-acidente-de-transito-no-acre-em-2023-sao-motociclistas\/\",\"url\":\"https:\/\/nk7-testes.com.br\/agazeta\/cerca-de-65-das-vitimas-fatais-em-acidente-de-transito-no-acre-em-2023-sao-motociclistas\/\",\"name\":\"Cerca de 65% das v\u00edtimas fatais em acidente de tr\u00e2nsito no Acre em 2023 s\u00e3o motociclistas - Agazeta.net\",\"isPartOf\":{\"@id\":\"https:\/\/nk7-testes.com.br\/agazeta\/#website\"},\"primaryImageOfPage\":{\"@id\":\"https:\/\/nk7-testes.com.br\/agazeta\/cerca-de-65-das-vitimas-fatais-em-acidente-de-transito-no-acre-em-2023-sao-motociclistas\/#primaryimage\"},\"image\":{\"@id\":\"https:\/\/nk7-testes.com.br\/agazeta\/cerca-de-65-das-vitimas-fatais-em-acidente-de-transito-no-acre-em-2023-sao-motociclistas\/#primaryimage\"},\"thumbnailUrl\":\"https:\/\/nk7-testes.com.br\/agazeta\/wp-content\/uploads\/2024\/02\/WhatsApp-Image-2023-09-25-at-16.47.24-750x375-1.jpeg\",\"datePublished\":\"2024-02-06T21:11:11+00:00\",\"dateModified\":\"2024-02-07T05:01:10+00:00\",\"author\":{\"@id\":\"https:\/\/nk7-testes.com.br\/agazeta\/#\/schema\/person\/ff6b39d54d6973bfc57f4140f659b23f\"},\"breadcrumb\":{\"@id\":\"https:\/\/nk7-testes.com.br\/agazeta\/cerca-de-65-das-vitimas-fatais-em-acidente-de-transito-no-acre-em-2023-sao-motociclistas\/#breadcrumb\"},\"inLanguage\":\"pt-BR\",\"potentialAction\":[{\"@type\":\"ReadAction\",\"target\":[\"https:\/\/nk7-testes.com.br\/agazeta\/cerca-de-65-das-vitimas-fatais-em-acidente-de-transito-no-acre-em-2023-sao-motociclistas\/\"]}]},{\"@type\":\"ImageObject\",\"inLanguage\":\"pt-BR\",\"@id\":\"https:\/\/nk7-testes.com.br\/agazeta\/cerca-de-65-das-vitimas-fatais-em-acidente-de-transito-no-acre-em-2023-sao-motociclistas\/#primaryimage\",\"url\":\"https:\/\/nk7-testes.com.br\/agazeta\/wp-content\/uploads\/2024\/02\/WhatsApp-Image-2023-09-25-at-16.47.24-750x375-1.jpeg\",\"contentUrl\":\"https:\/\/nk7-testes.com.br\/agazeta\/wp-content\/uploads\/2024\/02\/WhatsApp-Image-2023-09-25-at-16.47.24-750x375-1.jpeg\",\"width\":750,\"height\":375},{\"@type\":\"BreadcrumbList\",\"@id\":\"https:\/\/nk7-testes.com.br\/agazeta\/cerca-de-65-das-vitimas-fatais-em-acidente-de-transito-no-acre-em-2023-sao-motociclistas\/#breadcrumb\",\"itemListElement\":[{\"@type\":\"ListItem\",\"position\":1,\"name\":\"In\u00edcio\",\"item\":\"https:\/\/nk7-testes.com.br\/agazeta\/\"},{\"@type\":\"ListItem\",\"position\":2,\"name\":\"Cerca de 65% das v\u00edtimas fatais em acidente de tr\u00e2nsito no Acre em 2023 s\u00e3o motociclistas\"}]},{\"@type\":\"WebSite\",\"@id\":\"https:\/\/nk7-testes.com.br\/agazeta\/#website\",\"url\":\"https:\/\/nk7-testes.com.br\/agazeta\/\",\"name\":\"Agazeta.net\",\"description\":\"Agazeta.net - Not\u00edcias de Rio Branco\/AC\",\"potentialAction\":[{\"@type\":\"SearchAction\",\"target\":{\"@type\":\"EntryPoint\",\"urlTemplate\":\"https:\/\/nk7-testes.com.br\/agazeta\/?s={search_term_string}\"},\"query-input\":{\"@type\":\"PropertyValueSpecification\",\"valueRequired\":true,\"valueName\":\"search_term_string\"}}],\"inLanguage\":\"pt-BR\"},{\"@type\":\"Person\",\"@id\":\"https:\/\/nk7-testes.com.br\/agazeta\/#\/schema\/person\/ff6b39d54d6973bfc57f4140f659b23f\",\"name\":\"Agazeta.Net\",\"url\":\"https:\/\/nk7-testes.com.br\/agazeta\/author\/agazeta\/\"}]}<\/script>\n<!-- \/ Yoast SEO plugin. -->","yoast_head_json":{"title":"Cerca de 65% das v\u00edtimas fatais em acidente de tr\u00e2nsito no Acre em 2023 s\u00e3o motociclistas - Agazeta.net","robots":{"index":"index","follow":"follow","max-snippet":"max-snippet:-1","max-image-preview":"max-image-preview:large","max-video-preview":"max-video-preview:-1"},"canonical":"https:\/\/nk7-testes.com.br\/agazeta\/cerca-de-65-das-vitimas-fatais-em-acidente-de-transito-no-acre-em-2023-sao-motociclistas\/","og_locale":"pt_BR","og_type":"article","og_title":"Cerca de 65% das v\u00edtimas fatais em acidente de tr\u00e2nsito no Acre em 2023 s\u00e3o motociclistas","og_description":"O dado foi passado pela presidente do Detran, no programa Gazeta Entrevista","og_url":"https:\/\/nk7-testes.com.br\/agazeta\/cerca-de-65-das-vitimas-fatais-em-acidente-de-transito-no-acre-em-2023-sao-motociclistas\/","og_site_name":"Agazeta.net","article_published_time":"2024-02-06T21:11:11+00:00","article_modified_time":"2024-02-07T05:01:10+00:00","author":"Agazeta.Net","twitter_card":"summary_large_image","twitter_image":"https:\/\/nk7-testes.com.br\/agazeta\/wp-content\/uploads\/2024\/02\/WhatsApp-Image-2023-09-25-at-16.47.24-750x375-1.jpeg","twitter_misc":{"Escrito por":"Agazeta.Net","Est. tempo de leitura":"2 minutos"},"schema":{"@context":"https:\/\/schema.org","@graph":[{"@type":"WebPage","@id":"https:\/\/nk7-testes.com.br\/agazeta\/cerca-de-65-das-vitimas-fatais-em-acidente-de-transito-no-acre-em-2023-sao-motociclistas\/","url":"https:\/\/nk7-testes.com.br\/agazeta\/cerca-de-65-das-vitimas-fatais-em-acidente-de-transito-no-acre-em-2023-sao-motociclistas\/","name":"Cerca de 65% das v\u00edtimas fatais em acidente de tr\u00e2nsito no Acre em 2023 s\u00e3o motociclistas - Agazeta.net","isPartOf":{"@id":"https:\/\/nk7-testes.com.br\/agazeta\/#website"},"primaryImageOfPage":{"@id":"https:\/\/nk7-testes.com.br\/agazeta\/cerca-de-65-das-vitimas-fatais-em-acidente-de-transito-no-acre-em-2023-sao-motociclistas\/#primaryimage"},"image":{"@id":"https:\/\/nk7-testes.com.br\/agazeta\/cerca-de-65-das-vitimas-fatais-em-acidente-de-transito-no-acre-em-2023-sao-motociclistas\/#primaryimage"},"thumbnailUrl":"https:\/\/nk7-testes.com.br\/agazeta\/wp-content\/uploads\/2024\/02\/WhatsApp-Image-2023-09-25-at-16.47.24-750x375-1.jpeg","datePublished":"2024-02-06T21:11:11+00:00","dateModified":"2024-02-07T05:01:10+00:00","author":{"@id":"https:\/\/nk7-testes.com.br\/agazeta\/#\/schema\/person\/ff6b39d54d6973bfc57f4140f659b23f"},"breadcrumb":{"@id":"https:\/\/nk7-testes.com.br\/agazeta\/cerca-de-65-das-vitimas-fatais-em-acidente-de-transito-no-acre-em-2023-sao-motociclistas\/#breadcrumb"},"inLanguage":"pt-BR","potentialAction":[{"@type":"ReadAction","target":["https:\/\/nk7-testes.com.br\/agazeta\/cerca-de-65-das-vitimas-fatais-em-acidente-de-transito-no-acre-em-2023-sao-motociclistas\/"]}]},{"@type":"ImageObject","inLanguage":"pt-BR","@id":"https:\/\/nk7-testes.com.br\/agazeta\/cerca-de-65-das-vitimas-fatais-em-acidente-de-transito-no-acre-em-2023-sao-motociclistas\/#primaryimage","url":"https:\/\/nk7-testes.com.br\/agazeta\/wp-content\/uploads\/2024\/02\/WhatsApp-Image-2023-09-25-at-16.47.24-750x375-1.jpeg","contentUrl":"https:\/\/nk7-testes.com.br\/agazeta\/wp-content\/uploads\/2024\/02\/WhatsApp-Image-2023-09-25-at-16.47.24-750x375-1.jpeg","width":750,"height":375},{"@type":"BreadcrumbList","@id":"https:\/\/nk7-testes.com.br\/agazeta\/cerca-de-65-das-vitimas-fatais-em-acidente-de-transito-no-acre-em-2023-sao-motociclistas\/#breadcrumb","itemListElement":[{"@type":"ListItem","position":1,"name":"In\u00edcio","item":"https:\/\/nk7-testes.com.br\/agazeta\/"},{"@type":"ListItem","position":2,"name":"Cerca de 65% das v\u00edtimas fatais em acidente de tr\u00e2nsito no Acre em 2023 s\u00e3o motociclistas"}]},{"@type":"WebSite","@id":"https:\/\/nk7-testes.com.br\/agazeta\/#website","url":"https:\/\/nk7-testes.com.br\/agazeta\/","name":"Agazeta.net","description":"Agazeta.net - Not\u00edcias de Rio Branco\/AC","potentialAction":[{"@type":"SearchAction","target":{"@type":"EntryPoint","urlTemplate":"https:\/\/nk7-testes.com.br\/agazeta\/?s={search_term_string}"},"query-input":{"@type":"PropertyValueSpecification","valueRequired":true,"valueName":"search_term_string"}}],"inLanguage":"pt-BR"},{"@type":"Person","@id":"https:\/\/nk7-testes.com.br\/agazeta\/#\/schema\/person\/ff6b39d54d6973bfc57f4140f659b23f","name":"Agazeta.Net","url":"https:\/\/nk7-testes.com.br\/agazeta\/author\/agazeta\/"}]}},"_links":{"self":[{"href":"https:\/\/nk7-testes.com.br\/agazeta\/wp-json\/wp\/v2\/posts\/126765","targetHints":{"allow":["GET"]}}],"collection":[{"href":"https:\/\/nk7-testes.com.br\/agazeta\/wp-json\/wp\/v2\/posts"}],"about":[{"href":"https:\/\/nk7-testes.com.br\/agazeta\/wp-json\/wp\/v2\/types\/post"}],"author":[{"embeddable":true,"href":"https:\/\/nk7-testes.com.br\/agazeta\/wp-json\/wp\/v2\/users\/4"}],"replies":[{"embeddable":true,"href":"https:\/\/nk7-testes.com.br\/agazeta\/wp-json\/wp\/v2\/comments?post=126765"}],"version-history":[{"count":0,"href":"https:\/\/nk7-testes.com.br\/agazeta\/wp-json\/wp\/v2\/posts\/126765\/revisions"}],"wp:featuredmedia":[{"embeddable":true,"href":"https:\/\/nk7-testes.com.br\/agazeta\/wp-json\/wp\/v2\/media\/126813"}],"wp:attachment":[{"href":"https:\/\/nk7-testes.com.br\/agazeta\/wp-json\/wp\/v2\/media?parent=126765"}],"wp:term":[{"taxonomy":"category","embeddable":true,"href":"https:\/\/nk7-testes.com.br\/agazeta\/wp-json\/wp\/v2\/categories?post=126765"},{"taxonomy":"post_tag","embeddable":true,"href":"https:\/\/nk7-testes.com.br\/agazeta\/wp-json\/wp\/v2\/tags?post=126765"}],"curies":[{"name":"wp","href":"https:\/\/api.w.org\/{rel}","templated":true}]}}