{"id":126628,"date":"2024-02-05T14:35:17","date_gmt":"2024-02-05T19:35:17","guid":{"rendered":"https:\/\/nk7-testes.com.br\/?p=126628"},"modified":"2024-02-05T14:35:17","modified_gmt":"2024-02-05T19:35:17","slug":"em-rio-branco-veiculos-da-fundacao-garibaldi-brasil-ficam-abandonados-apos-anos-sem-manutencao","status":"publish","type":"post","link":"https:\/\/nk7-testes.com.br\/agazeta\/em-rio-branco-veiculos-da-fundacao-garibaldi-brasil-ficam-abandonados-apos-anos-sem-manutencao\/","title":{"rendered":"Em Rio Branco, ve\u00edculos da Funda\u00e7\u00e3o Garibaldi Brasil ficam abandonados ap\u00f3s anos sem manuten\u00e7\u00e3o"},"content":{"rendered":"<p>Mat\u00e9ria feita em v\u00eddeo pelo rep\u00f3rter <strong>Adailson Oliveira<\/strong> para a <strong>TV Gazeta\u00a0<\/strong><\/p>\n<p style=\"text-align: justify;\"><span style=\"font-weight: 400;\">Alguns ve\u00edculos da Prefeitura que prestam servi\u00e7os \u00e0 Funda\u00e7\u00e3o Garibaldi Brasil (FGB), pasta respons\u00e1vel por gerir as demandas culturais do munic\u00edpio, est\u00e3o h\u00e1 anos sem as manuten\u00e7\u00f5es necess\u00e1rias. Dois caminh\u00f5es estacionados na regi\u00e3o de mata da institui\u00e7\u00e3o, est\u00e3o sem uso h\u00e1 aproximadamente cinco anos. Com a aus\u00eancia dos autom\u00f3veis, a funda\u00e7\u00e3o precisa pagar a di\u00e1ria do uso de outros caminh\u00f5es para locomo\u00e7\u00e3o.\u00a0<\/span><\/p>\n<p style=\"text-align: justify;\"><span style=\"font-weight: 400;\">Um dos ve\u00edculos\u00a0 foi comprado em 2015 com recursos do programa federal chamado de \u2018Calha Norte&#8217;. Rodou poucos meses, e apresentou problemas mec\u00e2nicos, o que fez ele ser colocado na \u00e1rea de mato da Funda\u00e7\u00e3o Garibaldi Brasil, no conjunto Manoel Juli\u00e3o.<\/span><\/p>\n<p style=\"text-align: justify;\"><span style=\"font-weight: 400;\">O ve\u00edculo foi adquirido para o transporte dos equipamentos da prefeitura para feiras e festas culturais e ajudar os fazedores de cultura. O outro caminh\u00e3o que por muitos anos fez esse servi\u00e7o, tamb\u00e9m foi estacionado e est\u00e1 sem uso h\u00e1 5 anos. Quando a funda\u00e7\u00e3o precisa fazer o transporte de m\u00f3veis e equipamentos, \u00e9 preciso alugar um caminh\u00e3o.<\/span><\/p>\n<p style=\"text-align: justify;\"><span style=\"font-weight: 400;\">O diretor da Funda\u00e7\u00e3o Elias Mansour (Fem), Klosbey Pereira, informou que a prefeitura j\u00e1 fez a licita\u00e7\u00e3o para o conserto dos dois ve\u00edculos e em breve eles estar\u00e3o a servi\u00e7o da cultura do munic\u00edpio.<\/span><\/p>\n<p style=\"text-align: justify;\"><span style=\"font-weight: 400;\">\u201cJ\u00e1 fizemos um conv\u00eanio com a Seagro, onde v\u00e3o reestruturar todos os dois caminh\u00f5es. Enquanto n\u00e3o for regulado o processo, eles ainda estar\u00e3o l\u00e1.\u201d, afirma diretor<\/span><\/p>\n<p style=\"text-align: justify;\"><span style=\"font-weight: 400;\">Quando os ve\u00edculos pararam, eram poucos os servi\u00e7os mec\u00e2nicos tamb\u00e9m as pe\u00e7as que precisavam ser compradas. Com tanto tempo parado o conserto deve ficar 5 vezes mais caro.<\/span><\/p>\n<p style=\"text-align: justify;\"><span style=\"font-weight: 400;\">A Funda\u00e7\u00e3o tamb\u00e9m precisa fazer a manuten\u00e7\u00e3o nos dois micro-\u00f4nibus, que por enquanto, n\u00e3o est\u00e3o funcionando. Mas, sem fazer a troca de \u00f3leo e pe\u00e7as necess\u00e1rias, podem ficar jogados no terreno assim como os caminh\u00f5es.<\/span><\/p>\n<p><em>Estagi\u00e1rio supervisionado por Gisele Almeida\u00a0<\/em><\/p>\n","protected":false},"excerpt":{"rendered":"<p>Mat\u00e9ria feita em v\u00eddeo pelo rep\u00f3rter Adailson Oliveira para a TV Gazeta\u00a0 Alguns ve\u00edculos da Prefeitura que prestam servi\u00e7os \u00e0 Funda\u00e7\u00e3o Garibaldi Brasil (FGB), pasta respons\u00e1vel por gerir as demandas culturais do munic\u00edpio, est\u00e3o h\u00e1 anos sem as manuten\u00e7\u00f5es necess\u00e1rias. Dois caminh\u00f5es estacionados na regi\u00e3o de mata da institui\u00e7\u00e3o, est\u00e3o sem uso h\u00e1 aproximadamente cinco [&hellip;]<\/p>\n","protected":false},"author":4,"featured_media":126632,"comment_status":"open","ping_status":"open","sticky":false,"template":"","format":"standard","meta":{"jnews-multi-image_gallery":[],"jnews_single_post":{"source_name":"","source_url":"","via_name":"","via_url":"","override_template":"0","override":[{"template":"custom","single_blog_custom":"110746","parallax":"1","fullscreen":"1","layout":"right-sidebar","sidebar":"default-sidebar","second_sidebar":"default-sidebar","sticky_sidebar":"1","share_position":"top","share_float_style":"share-monocrhome","show_share_counter":"1","show_view_counter":"1","show_featured":"1","show_post_meta":"1","show_post_author":"1","show_post_author_image":"1","show_post_date":"1","post_date_format":"default","post_date_format_custom":"Y\/m\/d","show_post_category":"1","show_post_reading_time":"0","post_reading_time_wpm":"300","show_zoom_button":"0","zoom_button_out_step":"2","zoom_button_in_step":"3","show_post_tag":"1","show_prev_next_post":"1","show_popup_post":"1","number_popup_post":"1","show_author_box":"0","show_post_related":"1","show_inline_post_related":"0"}],"override_image_size":"0","image_override":[{"single_post_thumbnail_size":"crop-500","single_post_gallery_size":"crop-500"}],"trending_post":"0","trending_post_position":"meta","trending_post_label":"Trending","sponsored_post":"0","sponsored_post_label":"Sponsored by","sponsored_post_name":"","sponsored_post_url":"","sponsored_post_logo_enable":"0","sponsored_post_logo":"","sponsored_post_desc":"","disable_ad":"0"},"jnews_primary_category":{"id":"","hide":""},"jnews_social_meta":{"fb_title":"","fb_description":"","fb_image":"","twitter_title":"","twitter_description":"","twitter_image":""},"jnews_review":[],"enable_review":"0","type":"percentage","name":"","summary":"","brand":"","sku":"","good":[{"good_text":""}],"bad":[{"bad_text":""}],"score_override":"0","override_value":"","rating":[{"rating_text":"","rating_number":"10"}],"price":[{"shop":"","price":"","link":"","icon":""}],"footnotes":""},"categories":[54],"tags":[],"class_list":["post-126628","post","type-post","status-publish","format-standard","has-post-thumbnail","hentry","category-cotidiano"],"yoast_head":"<!-- This site is optimized with the Yoast SEO plugin v26.5 - https:\/\/yoast.com\/wordpress\/plugins\/seo\/ -->\n<title>Em Rio Branco, ve\u00edculos da Funda\u00e7\u00e3o Garibaldi Brasil ficam abandonados ap\u00f3s anos sem manuten\u00e7\u00e3o - Agazeta.net<\/title>\n<meta name=\"robots\" content=\"index, follow, max-snippet:-1, max-image-preview:large, max-video-preview:-1\" \/>\n<link rel=\"canonical\" href=\"https:\/\/nk7-testes.com.br\/agazeta\/em-rio-branco-veiculos-da-fundacao-garibaldi-brasil-ficam-abandonados-apos-anos-sem-manutencao\/\" \/>\n<meta property=\"og:locale\" content=\"pt_BR\" \/>\n<meta property=\"og:type\" content=\"article\" \/>\n<meta property=\"og:title\" content=\"Em Rio Branco, ve\u00edculos da Funda\u00e7\u00e3o Garibaldi Brasil ficam abandonados ap\u00f3s anos sem manuten\u00e7\u00e3o\" \/>\n<meta property=\"og:description\" content=\"Prefeitura j\u00e1 fez a licita\u00e7\u00e3o para o conserto dos dois ve\u00edculos\" \/>\n<meta property=\"og:url\" content=\"https:\/\/nk7-testes.com.br\/agazeta\/em-rio-branco-veiculos-da-fundacao-garibaldi-brasil-ficam-abandonados-apos-anos-sem-manutencao\/\" \/>\n<meta property=\"og:site_name\" content=\"Agazeta.net\" \/>\n<meta property=\"article:published_time\" content=\"2024-02-05T19:35:17+00:00\" \/>\n<meta property=\"og:image\" content=\"https:\/\/nk7-testes.com.br\/agazeta\/wp-content\/uploads\/2024\/02\/WhatsApp-Image-2024-02-05-at-16.30.16.jpeg\" \/>\n\t<meta property=\"og:image:width\" content=\"800\" \/>\n\t<meta property=\"og:image:height\" content=\"377\" \/>\n\t<meta property=\"og:image:type\" content=\"image\/jpeg\" \/>\n<meta name=\"author\" content=\"Agazeta.Net\" \/>\n<meta name=\"twitter:card\" content=\"summary_large_image\" \/>\n<meta name=\"twitter:label1\" content=\"Escrito por\" \/>\n\t<meta name=\"twitter:data1\" content=\"Agazeta.Net\" \/>\n\t<meta name=\"twitter:label2\" content=\"Est. tempo de leitura\" \/>\n\t<meta name=\"twitter:data2\" content=\"2 minutos\" \/>\n<script type=\"application\/ld+json\" class=\"yoast-schema-graph\">{\"@context\":\"https:\/\/schema.org\",\"@graph\":[{\"@type\":\"WebPage\",\"@id\":\"https:\/\/nk7-testes.com.br\/agazeta\/em-rio-branco-veiculos-da-fundacao-garibaldi-brasil-ficam-abandonados-apos-anos-sem-manutencao\/\",\"url\":\"https:\/\/nk7-testes.com.br\/agazeta\/em-rio-branco-veiculos-da-fundacao-garibaldi-brasil-ficam-abandonados-apos-anos-sem-manutencao\/\",\"name\":\"Em Rio Branco, ve\u00edculos da Funda\u00e7\u00e3o Garibaldi Brasil ficam abandonados ap\u00f3s anos sem manuten\u00e7\u00e3o - Agazeta.net\",\"isPartOf\":{\"@id\":\"https:\/\/nk7-testes.com.br\/agazeta\/#website\"},\"primaryImageOfPage\":{\"@id\":\"https:\/\/nk7-testes.com.br\/agazeta\/em-rio-branco-veiculos-da-fundacao-garibaldi-brasil-ficam-abandonados-apos-anos-sem-manutencao\/#primaryimage\"},\"image\":{\"@id\":\"https:\/\/nk7-testes.com.br\/agazeta\/em-rio-branco-veiculos-da-fundacao-garibaldi-brasil-ficam-abandonados-apos-anos-sem-manutencao\/#primaryimage\"},\"thumbnailUrl\":\"https:\/\/nk7-testes.com.br\/agazeta\/wp-content\/uploads\/2024\/02\/WhatsApp-Image-2024-02-05-at-16.30.16.jpeg\",\"datePublished\":\"2024-02-05T19:35:17+00:00\",\"author\":{\"@id\":\"https:\/\/nk7-testes.com.br\/agazeta\/#\/schema\/person\/ff6b39d54d6973bfc57f4140f659b23f\"},\"breadcrumb\":{\"@id\":\"https:\/\/nk7-testes.com.br\/agazeta\/em-rio-branco-veiculos-da-fundacao-garibaldi-brasil-ficam-abandonados-apos-anos-sem-manutencao\/#breadcrumb\"},\"inLanguage\":\"pt-BR\",\"potentialAction\":[{\"@type\":\"ReadAction\",\"target\":[\"https:\/\/nk7-testes.com.br\/agazeta\/em-rio-branco-veiculos-da-fundacao-garibaldi-brasil-ficam-abandonados-apos-anos-sem-manutencao\/\"]}]},{\"@type\":\"ImageObject\",\"inLanguage\":\"pt-BR\",\"@id\":\"https:\/\/nk7-testes.com.br\/agazeta\/em-rio-branco-veiculos-da-fundacao-garibaldi-brasil-ficam-abandonados-apos-anos-sem-manutencao\/#primaryimage\",\"url\":\"https:\/\/nk7-testes.com.br\/agazeta\/wp-content\/uploads\/2024\/02\/WhatsApp-Image-2024-02-05-at-16.30.16.jpeg\",\"contentUrl\":\"https:\/\/nk7-testes.com.br\/agazeta\/wp-content\/uploads\/2024\/02\/WhatsApp-Image-2024-02-05-at-16.30.16.jpeg\",\"width\":800,\"height\":377},{\"@type\":\"BreadcrumbList\",\"@id\":\"https:\/\/nk7-testes.com.br\/agazeta\/em-rio-branco-veiculos-da-fundacao-garibaldi-brasil-ficam-abandonados-apos-anos-sem-manutencao\/#breadcrumb\",\"itemListElement\":[{\"@type\":\"ListItem\",\"position\":1,\"name\":\"In\u00edcio\",\"item\":\"https:\/\/nk7-testes.com.br\/agazeta\/\"},{\"@type\":\"ListItem\",\"position\":2,\"name\":\"Em Rio Branco, ve\u00edculos da Funda\u00e7\u00e3o Garibaldi Brasil ficam abandonados ap\u00f3s anos sem manuten\u00e7\u00e3o\"}]},{\"@type\":\"WebSite\",\"@id\":\"https:\/\/nk7-testes.com.br\/agazeta\/#website\",\"url\":\"https:\/\/nk7-testes.com.br\/agazeta\/\",\"name\":\"Agazeta.net\",\"description\":\"Agazeta.net - Not\u00edcias de Rio Branco\/AC\",\"potentialAction\":[{\"@type\":\"SearchAction\",\"target\":{\"@type\":\"EntryPoint\",\"urlTemplate\":\"https:\/\/nk7-testes.com.br\/agazeta\/?s={search_term_string}\"},\"query-input\":{\"@type\":\"PropertyValueSpecification\",\"valueRequired\":true,\"valueName\":\"search_term_string\"}}],\"inLanguage\":\"pt-BR\"},{\"@type\":\"Person\",\"@id\":\"https:\/\/nk7-testes.com.br\/agazeta\/#\/schema\/person\/ff6b39d54d6973bfc57f4140f659b23f\",\"name\":\"Agazeta.Net\",\"url\":\"https:\/\/nk7-testes.com.br\/agazeta\/author\/agazeta\/\"}]}<\/script>\n<!-- \/ Yoast SEO plugin. -->","yoast_head_json":{"title":"Em Rio Branco, ve\u00edculos da Funda\u00e7\u00e3o Garibaldi Brasil ficam abandonados ap\u00f3s anos sem manuten\u00e7\u00e3o - Agazeta.net","robots":{"index":"index","follow":"follow","max-snippet":"max-snippet:-1","max-image-preview":"max-image-preview:large","max-video-preview":"max-video-preview:-1"},"canonical":"https:\/\/nk7-testes.com.br\/agazeta\/em-rio-branco-veiculos-da-fundacao-garibaldi-brasil-ficam-abandonados-apos-anos-sem-manutencao\/","og_locale":"pt_BR","og_type":"article","og_title":"Em Rio Branco, ve\u00edculos da Funda\u00e7\u00e3o Garibaldi Brasil ficam abandonados ap\u00f3s anos sem manuten\u00e7\u00e3o","og_description":"Prefeitura j\u00e1 fez a licita\u00e7\u00e3o para o conserto dos dois ve\u00edculos","og_url":"https:\/\/nk7-testes.com.br\/agazeta\/em-rio-branco-veiculos-da-fundacao-garibaldi-brasil-ficam-abandonados-apos-anos-sem-manutencao\/","og_site_name":"Agazeta.net","article_published_time":"2024-02-05T19:35:17+00:00","og_image":[{"width":800,"height":377,"url":"https:\/\/nk7-testes.com.br\/agazeta\/wp-content\/uploads\/2024\/02\/WhatsApp-Image-2024-02-05-at-16.30.16.jpeg","type":"image\/jpeg"}],"author":"Agazeta.Net","twitter_card":"summary_large_image","twitter_misc":{"Escrito por":"Agazeta.Net","Est. tempo de leitura":"2 minutos"},"schema":{"@context":"https:\/\/schema.org","@graph":[{"@type":"WebPage","@id":"https:\/\/nk7-testes.com.br\/agazeta\/em-rio-branco-veiculos-da-fundacao-garibaldi-brasil-ficam-abandonados-apos-anos-sem-manutencao\/","url":"https:\/\/nk7-testes.com.br\/agazeta\/em-rio-branco-veiculos-da-fundacao-garibaldi-brasil-ficam-abandonados-apos-anos-sem-manutencao\/","name":"Em Rio Branco, ve\u00edculos da Funda\u00e7\u00e3o Garibaldi Brasil ficam abandonados ap\u00f3s anos sem manuten\u00e7\u00e3o - Agazeta.net","isPartOf":{"@id":"https:\/\/nk7-testes.com.br\/agazeta\/#website"},"primaryImageOfPage":{"@id":"https:\/\/nk7-testes.com.br\/agazeta\/em-rio-branco-veiculos-da-fundacao-garibaldi-brasil-ficam-abandonados-apos-anos-sem-manutencao\/#primaryimage"},"image":{"@id":"https:\/\/nk7-testes.com.br\/agazeta\/em-rio-branco-veiculos-da-fundacao-garibaldi-brasil-ficam-abandonados-apos-anos-sem-manutencao\/#primaryimage"},"thumbnailUrl":"https:\/\/nk7-testes.com.br\/agazeta\/wp-content\/uploads\/2024\/02\/WhatsApp-Image-2024-02-05-at-16.30.16.jpeg","datePublished":"2024-02-05T19:35:17+00:00","author":{"@id":"https:\/\/nk7-testes.com.br\/agazeta\/#\/schema\/person\/ff6b39d54d6973bfc57f4140f659b23f"},"breadcrumb":{"@id":"https:\/\/nk7-testes.com.br\/agazeta\/em-rio-branco-veiculos-da-fundacao-garibaldi-brasil-ficam-abandonados-apos-anos-sem-manutencao\/#breadcrumb"},"inLanguage":"pt-BR","potentialAction":[{"@type":"ReadAction","target":["https:\/\/nk7-testes.com.br\/agazeta\/em-rio-branco-veiculos-da-fundacao-garibaldi-brasil-ficam-abandonados-apos-anos-sem-manutencao\/"]}]},{"@type":"ImageObject","inLanguage":"pt-BR","@id":"https:\/\/nk7-testes.com.br\/agazeta\/em-rio-branco-veiculos-da-fundacao-garibaldi-brasil-ficam-abandonados-apos-anos-sem-manutencao\/#primaryimage","url":"https:\/\/nk7-testes.com.br\/agazeta\/wp-content\/uploads\/2024\/02\/WhatsApp-Image-2024-02-05-at-16.30.16.jpeg","contentUrl":"https:\/\/nk7-testes.com.br\/agazeta\/wp-content\/uploads\/2024\/02\/WhatsApp-Image-2024-02-05-at-16.30.16.jpeg","width":800,"height":377},{"@type":"BreadcrumbList","@id":"https:\/\/nk7-testes.com.br\/agazeta\/em-rio-branco-veiculos-da-fundacao-garibaldi-brasil-ficam-abandonados-apos-anos-sem-manutencao\/#breadcrumb","itemListElement":[{"@type":"ListItem","position":1,"name":"In\u00edcio","item":"https:\/\/nk7-testes.com.br\/agazeta\/"},{"@type":"ListItem","position":2,"name":"Em Rio Branco, ve\u00edculos da Funda\u00e7\u00e3o Garibaldi Brasil ficam abandonados ap\u00f3s anos sem manuten\u00e7\u00e3o"}]},{"@type":"WebSite","@id":"https:\/\/nk7-testes.com.br\/agazeta\/#website","url":"https:\/\/nk7-testes.com.br\/agazeta\/","name":"Agazeta.net","description":"Agazeta.net - Not\u00edcias de Rio Branco\/AC","potentialAction":[{"@type":"SearchAction","target":{"@type":"EntryPoint","urlTemplate":"https:\/\/nk7-testes.com.br\/agazeta\/?s={search_term_string}"},"query-input":{"@type":"PropertyValueSpecification","valueRequired":true,"valueName":"search_term_string"}}],"inLanguage":"pt-BR"},{"@type":"Person","@id":"https:\/\/nk7-testes.com.br\/agazeta\/#\/schema\/person\/ff6b39d54d6973bfc57f4140f659b23f","name":"Agazeta.Net","url":"https:\/\/nk7-testes.com.br\/agazeta\/author\/agazeta\/"}]}},"_links":{"self":[{"href":"https:\/\/nk7-testes.com.br\/agazeta\/wp-json\/wp\/v2\/posts\/126628","targetHints":{"allow":["GET"]}}],"collection":[{"href":"https:\/\/nk7-testes.com.br\/agazeta\/wp-json\/wp\/v2\/posts"}],"about":[{"href":"https:\/\/nk7-testes.com.br\/agazeta\/wp-json\/wp\/v2\/types\/post"}],"author":[{"embeddable":true,"href":"https:\/\/nk7-testes.com.br\/agazeta\/wp-json\/wp\/v2\/users\/4"}],"replies":[{"embeddable":true,"href":"https:\/\/nk7-testes.com.br\/agazeta\/wp-json\/wp\/v2\/comments?post=126628"}],"version-history":[{"count":0,"href":"https:\/\/nk7-testes.com.br\/agazeta\/wp-json\/wp\/v2\/posts\/126628\/revisions"}],"wp:featuredmedia":[{"embeddable":true,"href":"https:\/\/nk7-testes.com.br\/agazeta\/wp-json\/wp\/v2\/media\/126632"}],"wp:attachment":[{"href":"https:\/\/nk7-testes.com.br\/agazeta\/wp-json\/wp\/v2\/media?parent=126628"}],"wp:term":[{"taxonomy":"category","embeddable":true,"href":"https:\/\/nk7-testes.com.br\/agazeta\/wp-json\/wp\/v2\/categories?post=126628"},{"taxonomy":"post_tag","embeddable":true,"href":"https:\/\/nk7-testes.com.br\/agazeta\/wp-json\/wp\/v2\/tags?post=126628"}],"curies":[{"name":"wp","href":"https:\/\/api.w.org\/{rel}","templated":true}]}}