{"id":126597,"date":"2024-02-05T09:32:03","date_gmt":"2024-02-05T14:32:03","guid":{"rendered":"https:\/\/nk7-testes.com.br\/?p=126597"},"modified":"2024-02-07T12:10:57","modified_gmt":"2024-02-07T17:10:57","slug":"com-mais-de-900-vagas-inscricoes-para-escola-de-musica-do-acre-iniciam-nesta-segunda-feira","status":"publish","type":"post","link":"https:\/\/nk7-testes.com.br\/agazeta\/com-mais-de-900-vagas-inscricoes-para-escola-de-musica-do-acre-iniciam-nesta-segunda-feira\/","title":{"rendered":"Com mais de 900 vagas, inscri\u00e7\u00f5es para  Escola de M\u00fasica do Acre iniciam nesta segunda-feira"},"content":{"rendered":"<p>Mat\u00e9ria escrita por<strong> Inayme Lobo<\/strong> para o <strong>Agazeta.net<\/strong><\/p>\n<p><!--more--><\/p>\n<p style=\"text-align: justify;\"><span style=\"font-weight: 400;\">As inscri\u00e7\u00f5es para a Escola de M\u00fasica do Acre (Emac), iniciam nesta segunda-feira (05) com atendimento exclusivo para a comunidade, os candidatos devem ser\u00a0 maiores de 18 anos e ir\u00e3o ingressar no per\u00edodo noturno. S\u00e3o mais de 900 vagas e os interessados poder\u00e3o escolher entre viol\u00e3o, piano, canto e bateria.<\/span><\/p>\n<p style=\"text-align: justify;\"><span style=\"font-weight: 400;\">De acordo com a publica\u00e7\u00e3o no Di\u00e1rio Oficial (DOE), desta \u00faltima sexta-feira, 2, o edital para o preenchimento de novas vagas na unidade de ensino musical disponibiliza mais de 900 vagas no total para matr\u00edculas nos cursos de forma\u00e7\u00e3o inicial.<\/span><\/p>\n<p style=\"text-align: justify;\"><span style=\"font-weight: 400;\">A escola tamb\u00e9m oferece vagas para a musicaliza\u00e7\u00e3o infantil no per\u00edodo da manh\u00e3 e tarde com 20 vagas para cada turno, as sexta-feiras para estudantes de 2\u00b0a 5\u00b0 ano do ensino fundamental. As inscri\u00e7\u00f5es para estudantes de n\u00edvel fundamental e m\u00e9dio da escola p\u00fablica ser\u00e3o nos dias 06, 07, 08, 16, 18, e 20 de fevereiro.<\/span><\/p>\n<p style=\"text-align: justify;\"><span style=\"font-weight: 400;\">As inscri\u00e7\u00f5es e matr\u00edculas devem ser feitas exclusivamente de forma presencial no endere\u00e7o da Escola de M\u00fasica do Acre, localizada na Avenida Central, 92, Conjunto Tucum\u00e3 II, Bairro Distrito Industrial. As vagas ser\u00e3o preenchidas por ordem de chegada.<\/span><\/p>\n<p style=\"text-align: justify;\"><em>Estagi\u00e1ria supervisionada por Gisele Almeida<\/em><\/p>\n<p>Confira abaixo mat\u00e9ria em v\u00eddeo produzida pela rep\u00f3rter D\u00e9bora Ribeiro para a TV Gazeta<\/p>\n\t\t\t<div \n\t\t\tclass=\"yotu-playlist yotuwp yotu-limit-min yotu-limit-max   yotu-thumb-169  yotu-template-grid\" \n\t\t\tdata-page=\"1\"\n\t\t\tid=\"yotuwp-69ec72997cbdb\"\n\t\t\tdata-yotu=\"69ec7299af670\"\n\t\t\tdata-total=\"1\"\n\t\t\tdata-settings=\"eyJ0eXBlIjoidmlkZW9zIiwiaWQiOiJma05OelpmZHVNSSIsInBhZ2luYXRpb24iOiJvbiIsInBhZ2l0eXBlIjoicGFnZXIiLCJjb2x1bW4iOiIzIiwicGVyX3BhZ2UiOiIxMiIsInRlbXBsYXRlIjoiZ3JpZCIsInRpdGxlIjoib24iLCJkZXNjcmlwdGlvbiI6Im9uIiwidGh1bWJyYXRpbyI6IjE2OSIsIm1ldGEiOiJvZmYiLCJtZXRhX2RhdGEiOiJvZmYiLCJtZXRhX3Bvc2l0aW9uIjoib2ZmIiwiZGF0ZV9mb3JtYXQiOiJvZmYiLCJtZXRhX2FsaWduIjoib2ZmIiwic3Vic2NyaWJlIjoib2ZmIiwiZHVyYXRpb24iOiJvZmYiLCJtZXRhX2ljb24iOiJvZmYiLCJuZXh0dGV4dCI6IiIsInByZXZ0ZXh0IjoiIiwibG9hZG1vcmV0ZXh0IjoiIiwicGxheWVyIjp7Im1vZGUiOiJsYXJnZSIsIndpZHRoIjoiNjAwIiwic2Nyb2xsaW5nIjoiMTAwIiwiYXV0b3BsYXkiOjAsImNvbnRyb2xzIjoxLCJtb2Rlc3RicmFuZGluZyI6MSwibG9vcCI6MCwiYXV0b25leHQiOjAsInNob3dpbmZvIjoxLCJyZWwiOjEsInBsYXlpbmciOjAsInBsYXlpbmdfZGVzY3JpcHRpb24iOjAsInRodW1ibmFpbHMiOjAsImNjX2xvYWRfcG9saWN5IjoiMSIsImNjX2xhbmdfcHJlZiI6IjEiLCJobCI6IiIsIml2X2xvYWRfcG9saWN5IjoiMSJ9LCJsYXN0X3RhYiI6ImFwaSIsInVzZV9hc19tb2RhbCI6Im9mZiIsIm1vZGFsX2lkIjoib2ZmIiwibGFzdF91cGRhdGUiOiIxNzI4ODU0NTEyIiwic3R5bGluZyI6eyJwYWdlcl9sYXlvdXQiOiJkZWZhdWx0IiwiYnV0dG9uIjoiMSIsImJ1dHRvbl9jb2xvciI6IiIsImJ1dHRvbl9iZ19jb2xvciI6IiIsImJ1dHRvbl9jb2xvcl9ob3ZlciI6IiIsImJ1dHRvbl9iZ19jb2xvcl9ob3ZlciI6IiIsInZpZGVvX3N0eWxlIjoiIiwicGxheWljb25fY29sb3IiOiIiLCJob3Zlcl9pY29uIjoiIiwiZ2FsbGVyeV9iZyI6IiJ9LCJlZmZlY3RzIjp7InZpZGVvX2JveCI6IiIsImZsaXBfZWZmZWN0IjoiIn0sImdhbGxlcnlfaWQiOiI2OWVjNzI5OTdjYmRiIn0=\"\n\t\t\tdata-player=\"large\"\n\t\t\tdata-showdesc=\"on\" >\n\t\t\t\t<div>\n\t\t\t\t\t\t\t\t\t\t<div class=\"yotu-wrapper-player\" style=\"width:600px\">\n\t\t\t\t\t\t\t\t\t\t\t\t<div class=\"yotu-player\">\n\t\t\t\t\t\t\t<div class=\"yotu-video-placeholder\" id=\"yotu-player-69ec7299af670\"><\/div>\n\t\t\t\t\t\t<\/div>\n\t\t\t\t\t\t<div class=\"yotu-playing-status\"><\/div>\n\t\t\t\t\t\t\t\t\t\t\t<\/div>\n\n\t\t\t\t\t<div class=\"yotu-pagination yotu-hide yotu-pager_layout-default yotu-pagination-top\">\n<a href=\"#\" class=\"yotu-pagination-prev yotu-button-prs yotu-button-prs-1\" data-page=\"prev\">Prev<\/a>\n<span class=\"yotu-pagination-current\">1<\/span> <span>of<\/span> <span class=\"yotu-pagination-total\">1<\/span>\n<a href=\"#\" class=\"yotu-pagination-next yotu-button-prs yotu-button-prs-1\" data-page=\"next\">Next<\/a>\n<\/div>\n<div class=\"yotu-videos yotu-mode-grid yotu-column-3 yotu-player-mode-large\">\n\t<ul>\n\t\t\t\t\t<li class=\" yotu-first yotu-last\">\n\t\t\t\t\t\t\t\t<a href=\"#fkNNzZfduMI\" class=\"yotu-video\" data-videoid=\"fkNNzZfduMI\" data-title=\"ESCOLA DE M\u00daSICA ABRE EDITAL E OFERECE 951 VAGAS\" title=\"ESCOLA DE M\u00daSICA ABRE EDITAL E OFERECE 951 VAGAS\">\n\t\t\t\t\t<div class=\"yotu-video-thumb-wrp\">\n\t\t\t\t\t\t<div>\n\t\t\t\t\t\t\t\t\t\t\t\t\t\t<img decoding=\"async\" class=\"yotu-video-thumb\" src=\"https:\/\/i.ytimg.com\/vi\/fkNNzZfduMI\/sddefault.jpg\" alt=\"ESCOLA DE M\u00daSICA ABRE EDITAL E OFERECE 951 VAGAS\">\t\n\t\t\t\t\t\t\t\t\t\t\t\t\t<\/div>\n\t\t\t\t\t<\/div>\n\t\t\t\t\t\t\t\t\t\t\t<h3 class=\"yotu-video-title\">ESCOLA DE M\u00daSICA ABRE EDITAL E OFERECE 951 VAGAS<\/h3>\n\t\t\t\t\t\t\t\t\t\t\t\t\t\t\t\t\t\t\t\t\t<div class=\"yotu-video-description\"><\/div>\n\t\t\t\t\t\t\t\t\t<\/a>\n\t\t\t\t\t\t\t<\/li>\n\t\t\t\t\n\t\t\t\t<\/ul>\n<\/div><div class=\"yotu-pagination yotu-hide yotu-pager_layout-default yotu-pagination-bottom\">\n<a href=\"#\" class=\"yotu-pagination-prev yotu-button-prs yotu-button-prs-1\" data-page=\"prev\">Prev<\/a>\n<span class=\"yotu-pagination-current\">1<\/span> <span>of<\/span> <span class=\"yotu-pagination-total\">1<\/span>\n<a href=\"#\" class=\"yotu-pagination-next yotu-button-prs yotu-button-prs-1\" data-page=\"next\">Next<\/a>\n<\/div>\n\t\t\t\t<\/div>\n\t\t\t<\/div>\n\t\t\t\n<p>&nbsp;<\/p>\n","protected":false},"excerpt":{"rendered":"<p>Mat\u00e9ria escrita por Inayme Lobo para o Agazeta.net<\/p>\n","protected":false},"author":4,"featured_media":126598,"comment_status":"open","ping_status":"open","sticky":false,"template":"","format":"standard","meta":{"jnews-multi-image_gallery":[],"jnews_single_post":{"source_name":"","source_url":"","via_name":"","via_url":"","override_template":"0","override":[{"template":"custom","single_blog_custom":"110746","parallax":"1","fullscreen":"1","layout":"right-sidebar","sidebar":"default-sidebar","second_sidebar":"default-sidebar","sticky_sidebar":"1","share_position":"top","share_float_style":"share-monocrhome","show_share_counter":"1","show_view_counter":"1","show_featured":"1","show_post_meta":"1","show_post_author":"1","show_post_author_image":"1","show_post_date":"1","post_date_format":"default","post_date_format_custom":"Y\/m\/d","show_post_category":"1","show_post_reading_time":"0","post_reading_time_wpm":"300","show_zoom_button":"0","zoom_button_out_step":"2","zoom_button_in_step":"3","show_post_tag":"1","show_prev_next_post":"1","show_popup_post":"1","number_popup_post":"1","show_author_box":"0","show_post_related":"1","show_inline_post_related":"0"}],"override_image_size":"0","image_override":[{"single_post_thumbnail_size":"crop-500","single_post_gallery_size":"crop-500"}],"trending_post":"0","trending_post_position":"meta","trending_post_label":"Trending","sponsored_post":"0","sponsored_post_label":"Sponsored by","sponsored_post_name":"","sponsored_post_url":"","sponsored_post_logo_enable":"0","sponsored_post_logo":"","sponsored_post_desc":"","disable_ad":"0"},"jnews_primary_category":{"id":"","hide":""},"jnews_social_meta":{"fb_title":"","fb_description":"","fb_image":"","twitter_title":"","twitter_description":"","twitter_image":""},"jnews_review":[],"enable_review":"0","type":"percentage","name":"","summary":"","brand":"","sku":"","good":[{"good_text":""}],"bad":[{"bad_text":""}],"score_override":"0","override_value":"","rating":[{"rating_text":"","rating_number":"10"}],"price":[{"shop":"","price":"","link":"","icon":""}],"footnotes":""},"categories":[55],"tags":[],"class_list":["post-126597","post","type-post","status-publish","format-standard","has-post-thumbnail","hentry","category-oportunidades"],"yoast_head":"<!-- This site is optimized with the Yoast SEO plugin v26.5 - https:\/\/yoast.com\/wordpress\/plugins\/seo\/ -->\n<title>Com mais de 900 vagas, inscri\u00e7\u00f5es para Escola de M\u00fasica do Acre iniciam nesta segunda-feira - Agazeta.net<\/title>\n<meta name=\"robots\" content=\"index, follow, max-snippet:-1, max-image-preview:large, max-video-preview:-1\" \/>\n<link rel=\"canonical\" href=\"https:\/\/nk7-testes.com.br\/agazeta\/com-mais-de-900-vagas-inscricoes-para-escola-de-musica-do-acre-iniciam-nesta-segunda-feira\/\" \/>\n<meta property=\"og:locale\" content=\"pt_BR\" \/>\n<meta property=\"og:type\" content=\"article\" \/>\n<meta property=\"og:title\" content=\"Com mais de 900 vagas, inscri\u00e7\u00f5es para Escola de M\u00fasica do Acre iniciam nesta segunda-feira - Agazeta.net\" \/>\n<meta property=\"og:description\" content=\"Mat\u00e9ria escrita por Inayme Lobo para o Agazeta.net\" \/>\n<meta property=\"og:url\" content=\"https:\/\/nk7-testes.com.br\/agazeta\/com-mais-de-900-vagas-inscricoes-para-escola-de-musica-do-acre-iniciam-nesta-segunda-feira\/\" \/>\n<meta property=\"og:site_name\" content=\"Agazeta.net\" \/>\n<meta property=\"article:published_time\" content=\"2024-02-05T14:32:03+00:00\" \/>\n<meta property=\"article:modified_time\" content=\"2024-02-07T17:10:57+00:00\" \/>\n<meta property=\"og:image\" content=\"https:\/\/nk7-testes.com.br\/agazeta\/wp-content\/uploads\/2024\/02\/WhatsApp-Image-2024-02-05-at-09.29.34.jpeg\" \/>\n\t<meta property=\"og:image:width\" content=\"1080\" \/>\n\t<meta property=\"og:image:height\" content=\"607\" \/>\n\t<meta property=\"og:image:type\" content=\"image\/jpeg\" \/>\n<meta name=\"author\" content=\"Agazeta.Net\" \/>\n<meta name=\"twitter:card\" content=\"summary_large_image\" \/>\n<meta name=\"twitter:label1\" content=\"Escrito por\" \/>\n\t<meta name=\"twitter:data1\" content=\"Agazeta.Net\" \/>\n\t<meta name=\"twitter:label2\" content=\"Est. tempo de leitura\" \/>\n\t<meta name=\"twitter:data2\" content=\"1 minuto\" \/>\n<script type=\"application\/ld+json\" class=\"yoast-schema-graph\">{\"@context\":\"https:\/\/schema.org\",\"@graph\":[{\"@type\":\"WebPage\",\"@id\":\"https:\/\/nk7-testes.com.br\/agazeta\/com-mais-de-900-vagas-inscricoes-para-escola-de-musica-do-acre-iniciam-nesta-segunda-feira\/\",\"url\":\"https:\/\/nk7-testes.com.br\/agazeta\/com-mais-de-900-vagas-inscricoes-para-escola-de-musica-do-acre-iniciam-nesta-segunda-feira\/\",\"name\":\"Com mais de 900 vagas, inscri\u00e7\u00f5es para Escola de M\u00fasica do Acre iniciam nesta segunda-feira - Agazeta.net\",\"isPartOf\":{\"@id\":\"https:\/\/nk7-testes.com.br\/agazeta\/#website\"},\"primaryImageOfPage\":{\"@id\":\"https:\/\/nk7-testes.com.br\/agazeta\/com-mais-de-900-vagas-inscricoes-para-escola-de-musica-do-acre-iniciam-nesta-segunda-feira\/#primaryimage\"},\"image\":{\"@id\":\"https:\/\/nk7-testes.com.br\/agazeta\/com-mais-de-900-vagas-inscricoes-para-escola-de-musica-do-acre-iniciam-nesta-segunda-feira\/#primaryimage\"},\"thumbnailUrl\":\"https:\/\/nk7-testes.com.br\/agazeta\/wp-content\/uploads\/2024\/02\/WhatsApp-Image-2024-02-05-at-09.29.34.jpeg\",\"datePublished\":\"2024-02-05T14:32:03+00:00\",\"dateModified\":\"2024-02-07T17:10:57+00:00\",\"author\":{\"@id\":\"https:\/\/nk7-testes.com.br\/agazeta\/#\/schema\/person\/6d6e25cb0435eb4a02fd44d30b4e3020\"},\"breadcrumb\":{\"@id\":\"https:\/\/nk7-testes.com.br\/agazeta\/com-mais-de-900-vagas-inscricoes-para-escola-de-musica-do-acre-iniciam-nesta-segunda-feira\/#breadcrumb\"},\"inLanguage\":\"pt-BR\",\"potentialAction\":[{\"@type\":\"ReadAction\",\"target\":[\"https:\/\/nk7-testes.com.br\/agazeta\/com-mais-de-900-vagas-inscricoes-para-escola-de-musica-do-acre-iniciam-nesta-segunda-feira\/\"]}]},{\"@type\":\"ImageObject\",\"inLanguage\":\"pt-BR\",\"@id\":\"https:\/\/nk7-testes.com.br\/agazeta\/com-mais-de-900-vagas-inscricoes-para-escola-de-musica-do-acre-iniciam-nesta-segunda-feira\/#primaryimage\",\"url\":\"https:\/\/nk7-testes.com.br\/agazeta\/wp-content\/uploads\/2024\/02\/WhatsApp-Image-2024-02-05-at-09.29.34.jpeg\",\"contentUrl\":\"https:\/\/nk7-testes.com.br\/agazeta\/wp-content\/uploads\/2024\/02\/WhatsApp-Image-2024-02-05-at-09.29.34.jpeg\",\"width\":1080,\"height\":607,\"caption\":\"Arquivo pessoal\"},{\"@type\":\"BreadcrumbList\",\"@id\":\"https:\/\/nk7-testes.com.br\/agazeta\/com-mais-de-900-vagas-inscricoes-para-escola-de-musica-do-acre-iniciam-nesta-segunda-feira\/#breadcrumb\",\"itemListElement\":[{\"@type\":\"ListItem\",\"position\":1,\"name\":\"In\u00edcio\",\"item\":\"https:\/\/nk7-testes.com.br\/agazeta\/\"},{\"@type\":\"ListItem\",\"position\":2,\"name\":\"Com mais de 900 vagas, inscri\u00e7\u00f5es para Escola de M\u00fasica do Acre iniciam nesta segunda-feira\"}]},{\"@type\":\"WebSite\",\"@id\":\"https:\/\/nk7-testes.com.br\/agazeta\/#website\",\"url\":\"https:\/\/nk7-testes.com.br\/agazeta\/\",\"name\":\"Agazeta.net\",\"description\":\"Agazeta.net - Not\u00edcias de Rio Branco\/AC\",\"potentialAction\":[{\"@type\":\"SearchAction\",\"target\":{\"@type\":\"EntryPoint\",\"urlTemplate\":\"https:\/\/nk7-testes.com.br\/agazeta\/?s={search_term_string}\"},\"query-input\":{\"@type\":\"PropertyValueSpecification\",\"valueRequired\":true,\"valueName\":\"search_term_string\"}}],\"inLanguage\":\"pt-BR\"},{\"@type\":\"Person\",\"@id\":\"https:\/\/nk7-testes.com.br\/agazeta\/#\/schema\/person\/6d6e25cb0435eb4a02fd44d30b4e3020\",\"name\":\"Agazeta.Net\",\"url\":\"https:\/\/nk7-testes.com.br\/agazeta\/author\/agazeta\/\"}]}<\/script>\n<!-- \/ Yoast SEO plugin. -->","yoast_head_json":{"title":"Com mais de 900 vagas, inscri\u00e7\u00f5es para Escola de M\u00fasica do Acre iniciam nesta segunda-feira - Agazeta.net","robots":{"index":"index","follow":"follow","max-snippet":"max-snippet:-1","max-image-preview":"max-image-preview:large","max-video-preview":"max-video-preview:-1"},"canonical":"https:\/\/nk7-testes.com.br\/agazeta\/com-mais-de-900-vagas-inscricoes-para-escola-de-musica-do-acre-iniciam-nesta-segunda-feira\/","og_locale":"pt_BR","og_type":"article","og_title":"Com mais de 900 vagas, inscri\u00e7\u00f5es para Escola de M\u00fasica do Acre iniciam nesta segunda-feira - Agazeta.net","og_description":"Mat\u00e9ria escrita por Inayme Lobo para o Agazeta.net","og_url":"https:\/\/nk7-testes.com.br\/agazeta\/com-mais-de-900-vagas-inscricoes-para-escola-de-musica-do-acre-iniciam-nesta-segunda-feira\/","og_site_name":"Agazeta.net","article_published_time":"2024-02-05T14:32:03+00:00","article_modified_time":"2024-02-07T17:10:57+00:00","og_image":[{"width":1080,"height":607,"url":"https:\/\/nk7-testes.com.br\/agazeta\/wp-content\/uploads\/2024\/02\/WhatsApp-Image-2024-02-05-at-09.29.34.jpeg","type":"image\/jpeg"}],"author":"Agazeta.Net","twitter_card":"summary_large_image","twitter_misc":{"Escrito por":"Agazeta.Net","Est. tempo de leitura":"1 minuto"},"schema":{"@context":"https:\/\/schema.org","@graph":[{"@type":"WebPage","@id":"https:\/\/nk7-testes.com.br\/agazeta\/com-mais-de-900-vagas-inscricoes-para-escola-de-musica-do-acre-iniciam-nesta-segunda-feira\/","url":"https:\/\/nk7-testes.com.br\/agazeta\/com-mais-de-900-vagas-inscricoes-para-escola-de-musica-do-acre-iniciam-nesta-segunda-feira\/","name":"Com mais de 900 vagas, inscri\u00e7\u00f5es para Escola de M\u00fasica do Acre iniciam nesta segunda-feira - Agazeta.net","isPartOf":{"@id":"https:\/\/nk7-testes.com.br\/agazeta\/#website"},"primaryImageOfPage":{"@id":"https:\/\/nk7-testes.com.br\/agazeta\/com-mais-de-900-vagas-inscricoes-para-escola-de-musica-do-acre-iniciam-nesta-segunda-feira\/#primaryimage"},"image":{"@id":"https:\/\/nk7-testes.com.br\/agazeta\/com-mais-de-900-vagas-inscricoes-para-escola-de-musica-do-acre-iniciam-nesta-segunda-feira\/#primaryimage"},"thumbnailUrl":"https:\/\/nk7-testes.com.br\/agazeta\/wp-content\/uploads\/2024\/02\/WhatsApp-Image-2024-02-05-at-09.29.34.jpeg","datePublished":"2024-02-05T14:32:03+00:00","dateModified":"2024-02-07T17:10:57+00:00","author":{"@id":"https:\/\/nk7-testes.com.br\/agazeta\/#\/schema\/person\/6d6e25cb0435eb4a02fd44d30b4e3020"},"breadcrumb":{"@id":"https:\/\/nk7-testes.com.br\/agazeta\/com-mais-de-900-vagas-inscricoes-para-escola-de-musica-do-acre-iniciam-nesta-segunda-feira\/#breadcrumb"},"inLanguage":"pt-BR","potentialAction":[{"@type":"ReadAction","target":["https:\/\/nk7-testes.com.br\/agazeta\/com-mais-de-900-vagas-inscricoes-para-escola-de-musica-do-acre-iniciam-nesta-segunda-feira\/"]}]},{"@type":"ImageObject","inLanguage":"pt-BR","@id":"https:\/\/nk7-testes.com.br\/agazeta\/com-mais-de-900-vagas-inscricoes-para-escola-de-musica-do-acre-iniciam-nesta-segunda-feira\/#primaryimage","url":"https:\/\/nk7-testes.com.br\/agazeta\/wp-content\/uploads\/2024\/02\/WhatsApp-Image-2024-02-05-at-09.29.34.jpeg","contentUrl":"https:\/\/nk7-testes.com.br\/agazeta\/wp-content\/uploads\/2024\/02\/WhatsApp-Image-2024-02-05-at-09.29.34.jpeg","width":1080,"height":607,"caption":"Arquivo pessoal"},{"@type":"BreadcrumbList","@id":"https:\/\/nk7-testes.com.br\/agazeta\/com-mais-de-900-vagas-inscricoes-para-escola-de-musica-do-acre-iniciam-nesta-segunda-feira\/#breadcrumb","itemListElement":[{"@type":"ListItem","position":1,"name":"In\u00edcio","item":"https:\/\/nk7-testes.com.br\/agazeta\/"},{"@type":"ListItem","position":2,"name":"Com mais de 900 vagas, inscri\u00e7\u00f5es para Escola de M\u00fasica do Acre iniciam nesta segunda-feira"}]},{"@type":"WebSite","@id":"https:\/\/nk7-testes.com.br\/agazeta\/#website","url":"https:\/\/nk7-testes.com.br\/agazeta\/","name":"Agazeta.net","description":"Agazeta.net - Not\u00edcias de Rio Branco\/AC","potentialAction":[{"@type":"SearchAction","target":{"@type":"EntryPoint","urlTemplate":"https:\/\/nk7-testes.com.br\/agazeta\/?s={search_term_string}"},"query-input":{"@type":"PropertyValueSpecification","valueRequired":true,"valueName":"search_term_string"}}],"inLanguage":"pt-BR"},{"@type":"Person","@id":"https:\/\/nk7-testes.com.br\/agazeta\/#\/schema\/person\/6d6e25cb0435eb4a02fd44d30b4e3020","name":"Agazeta.Net","url":"https:\/\/nk7-testes.com.br\/agazeta\/author\/agazeta\/"}]}},"_links":{"self":[{"href":"https:\/\/nk7-testes.com.br\/agazeta\/wp-json\/wp\/v2\/posts\/126597","targetHints":{"allow":["GET"]}}],"collection":[{"href":"https:\/\/nk7-testes.com.br\/agazeta\/wp-json\/wp\/v2\/posts"}],"about":[{"href":"https:\/\/nk7-testes.com.br\/agazeta\/wp-json\/wp\/v2\/types\/post"}],"author":[{"embeddable":true,"href":"https:\/\/nk7-testes.com.br\/agazeta\/wp-json\/wp\/v2\/users\/4"}],"replies":[{"embeddable":true,"href":"https:\/\/nk7-testes.com.br\/agazeta\/wp-json\/wp\/v2\/comments?post=126597"}],"version-history":[{"count":0,"href":"https:\/\/nk7-testes.com.br\/agazeta\/wp-json\/wp\/v2\/posts\/126597\/revisions"}],"wp:featuredmedia":[{"embeddable":true,"href":"https:\/\/nk7-testes.com.br\/agazeta\/wp-json\/wp\/v2\/media\/126598"}],"wp:attachment":[{"href":"https:\/\/nk7-testes.com.br\/agazeta\/wp-json\/wp\/v2\/media?parent=126597"}],"wp:term":[{"taxonomy":"category","embeddable":true,"href":"https:\/\/nk7-testes.com.br\/agazeta\/wp-json\/wp\/v2\/categories?post=126597"},{"taxonomy":"post_tag","embeddable":true,"href":"https:\/\/nk7-testes.com.br\/agazeta\/wp-json\/wp\/v2\/tags?post=126597"}],"curies":[{"name":"wp","href":"https:\/\/api.w.org\/{rel}","templated":true}]}}