{"id":126527,"date":"2024-02-02T15:57:49","date_gmt":"2024-02-02T20:57:49","guid":{"rendered":"https:\/\/abarevegan.com.br\/?p=126527"},"modified":"2024-02-02T17:43:05","modified_gmt":"2024-02-02T22:43:05","slug":"emissora-acreana-tv-gazeta-completa-34-anos-conheca-historia-e-curiosidades","status":"publish","type":"post","link":"https:\/\/nk7-testes.com.br\/agazeta\/emissora-acreana-tv-gazeta-completa-34-anos-conheca-historia-e-curiosidades\/","title":{"rendered":"Emissora acreana, TV Gazeta completa 34 anos; conhe\u00e7a hist\u00f3ria e curiosidades"},"content":{"rendered":"<p style=\"text-align: justify;\">\u201cJ\u00e1 tenho 61 anos. Na primeira vez que vim para c\u00e1, eu trabalhava com a \u00e1rea da culin\u00e1ria, mas eu, por ser uma pessoa nova, fiz outras coisas tamb\u00e9m. A gente n\u00e3o pensa muito. Na \u00e9poca, tinha um pessoal vindo para Rond\u00f4nia e Cuiab\u00e1. E de Cuiab\u00e1, para c\u00e1. Vim parar aqui, na \u00e9poca do garimpo\u201d<\/p>\n<p style=\"text-align: justify;\">Marcelo di Paula Ribeiro \u00e9 o escolhido para come\u00e7ar a narrativa sobre os 34 anos da TV Gazeta, afiliada \u00e1 Rede Record no Acre, porque no dia 2 de fevereiro de 1990, ele estava presente no lan\u00e7amento da emissora. Era um dos gar\u00e7ons da festa e assim como milhares de acreanos, passou a acompanhar a hist\u00f3ria do Estado contada atrav\u00e9s do canal 11.<\/p>\n<figure id=\"attachment_126541\" aria-describedby=\"caption-attachment-126541\" style=\"width: 618px\" class=\"wp-caption aligncenter\"><img decoding=\"async\" class=\"wp-image-126541 \" src=\"https:\/\/nk7-testes.com.br\/wp-content\/uploads\/2024\/02\/WhatsApp-Image-2024-02-02-at-15.34.41.jpeg\" alt=\"\" width=\"618\" height=\"345\" srcset=\"https:\/\/nk7-testes.com.br\/agazeta\/wp-content\/uploads\/2024\/02\/WhatsApp-Image-2024-02-02-at-15.34.41.jpeg 953w, https:\/\/nk7-testes.com.br\/agazeta\/wp-content\/uploads\/2024\/02\/WhatsApp-Image-2024-02-02-at-15.34.41-300x168.jpeg 300w, https:\/\/nk7-testes.com.br\/agazeta\/wp-content\/uploads\/2024\/02\/WhatsApp-Image-2024-02-02-at-15.34.41-768x430.jpeg 768w, https:\/\/nk7-testes.com.br\/agazeta\/wp-content\/uploads\/2024\/02\/WhatsApp-Image-2024-02-02-at-15.34.41-750x419.jpeg 750w\" sizes=\"(max-width: 618px) 100vw, 618px\" \/><figcaption id=\"caption-attachment-126541\" class=\"wp-caption-text\">Imagem: TV Gazeta\/Arquivo<\/figcaption><\/figure>\n<p>&nbsp;<\/p>\n<p style=\"text-align: justify;\">\u201cN\u00famero 1 para contar a hist\u00f3ria do Estado, em imagem. N\u00e3o fica devendo nada para as outras emissoras. Ela vai estourar mais do que j\u00e1 est\u00e1\u201d, afirma Ribeiro.<\/p>\n<p style=\"text-align: justify;\">De S\u00e3o Paulo, Marcelo Ribeiro chegou ao Acre em 1984. Trabalhou como gar\u00e7om em v\u00e1rios eventos, mas segundo ele, o da TV Gazeta foi diferente. Viu no propriet\u00e1rio da emissora, o empres\u00e1rio Roberto Moura, um olhar especial, dedicado e forte ao jornalismo local.<\/p>\n<p style=\"text-align: justify;\">Foi na frente do televisor, pelo canal 11, durante essas mais de tr\u00eas d\u00e9cadas que ele viu o crescimento dos quatro filhos. Foram dois casamentos e muitas mudan\u00e7as na vida. Assim como a rotina do Estado, que nunca foi deixada de lado pelas lentes da TV Gazeta.<\/p>\n<p style=\"text-align: justify;\">\u201cEu acredito que, em termos de jornalismo, ali\u00e1s, no mundo todo, a emissora da Gazeta n\u00e3o fica devendo nada\u201d, afirma.<\/p>\n<figure id=\"attachment_126543\" aria-describedby=\"caption-attachment-126543\" style=\"width: 607px\" class=\"wp-caption aligncenter\"><img decoding=\"async\" class=\"wp-image-126543 \" src=\"https:\/\/nk7-testes.com.br\/wp-content\/uploads\/2024\/02\/WhatsApp-Image-2024-02-02-at-15.34.41-1.jpeg\" alt=\"\" width=\"607\" height=\"431\" srcset=\"https:\/\/nk7-testes.com.br\/agazeta\/wp-content\/uploads\/2024\/02\/WhatsApp-Image-2024-02-02-at-15.34.41-1.jpeg 613w, https:\/\/nk7-testes.com.br\/agazeta\/wp-content\/uploads\/2024\/02\/WhatsApp-Image-2024-02-02-at-15.34.41-1-300x213.jpeg 300w, https:\/\/nk7-testes.com.br\/agazeta\/wp-content\/uploads\/2024\/02\/WhatsApp-Image-2024-02-02-at-15.34.41-1-120x86.jpeg 120w, https:\/\/nk7-testes.com.br\/agazeta\/wp-content\/uploads\/2024\/02\/WhatsApp-Image-2024-02-02-at-15.34.41-1-350x250.jpeg 350w\" sizes=\"(max-width: 607px) 100vw, 607px\" \/><figcaption id=\"caption-attachment-126543\" class=\"wp-caption-text\">Roberto Moura. Imagem: TV Gazeta\/Arquivo<\/figcaption><\/figure>\n<p>&nbsp;<\/p>\n<p style=\"text-align: justify;\">Quem tamb\u00e9m estava presente no lan\u00e7amento do canal 11 era o jornalista Edmilson Moraes. Roberto Moura j\u00e1 tinha planos para ele; seria o apresentador do telejornal Gazeta em Manchete, o primeiro produto da emissora. Atualmente, Moraes ainda trabalha no ramo da comunica\u00e7\u00e3o. Passou por v\u00e1rios ve\u00edculos, mas seu orgulho foi ter sido o primeiro apresentador de um projeto que marcou para sempre o jornalismo da TV acreana.<\/p>\n<p style=\"text-align: justify;\">\u201cQuando fui convidado para participar do jornalismo da TV Gazeta era TV nova, equipamentos novos, equipe nova, sangue novo, foi mais um sonho realizado. Assim&#8230; \u00e9 muito bom voc\u00ea participar de um projeto. E naquilo que \u00e9 o seu projeto tamb\u00e9m&#8221;, relata o jornalista.<\/p>\n<p style=\"text-align: justify;\">Qualquer fato marcante que voc\u00ea lembrar do Acre nos \u00faltimos 34 anos, est\u00e1 no arquivo da TV Gazeta. Nas fitas, est\u00e3o hist\u00f3rias contadas com muita credibilidade, honestidade e seriedade. Um crit\u00e9rio que ajudou a consolidar a emissora junto aos cidad\u00e3os acreanos.<\/p>\n<p style=\"text-align: justify;\">A TV sempre foi refer\u00eancia em mostrar den\u00fancias e conflitos. O surgimento do bairro Belo Jardim, por exemplo. Capatases de uma fazenda, juntamente com a pol\u00edcia, derrubaram os barracos para o desespero das fam\u00edlias. A mat\u00e9ria foi reconhecida atrav\u00e9s de Pr\u00eamio Nacional.<\/p>\n<figure id=\"attachment_126544\" aria-describedby=\"caption-attachment-126544\" style=\"width: 607px\" class=\"wp-caption aligncenter\"><img decoding=\"async\" class=\"wp-image-126544 \" src=\"https:\/\/nk7-testes.com.br\/wp-content\/uploads\/2024\/02\/WhatsApp-Image-2024-02-02-at-15.34.42.jpeg\" alt=\"\" width=\"607\" height=\"366\" srcset=\"https:\/\/nk7-testes.com.br\/agazeta\/wp-content\/uploads\/2024\/02\/WhatsApp-Image-2024-02-02-at-15.34.42.jpeg 867w, https:\/\/nk7-testes.com.br\/agazeta\/wp-content\/uploads\/2024\/02\/WhatsApp-Image-2024-02-02-at-15.34.42-300x181.jpeg 300w, https:\/\/nk7-testes.com.br\/agazeta\/wp-content\/uploads\/2024\/02\/WhatsApp-Image-2024-02-02-at-15.34.42-768x463.jpeg 768w, https:\/\/nk7-testes.com.br\/agazeta\/wp-content\/uploads\/2024\/02\/WhatsApp-Image-2024-02-02-at-15.34.42-750x452.jpeg 750w\" sizes=\"(max-width: 607px) 100vw, 607px\" \/><figcaption id=\"caption-attachment-126544\" class=\"wp-caption-text\">Imagem: TV Gazeta\/Arquivo<\/figcaption><\/figure>\n<p style=\"text-align: justify;\">Desta mesma forma, nasceram as comunidades do Caladinho e Montanh\u00eas, e mais de 150 bairros de Rio Branco, que surgiram de invas\u00f5es. Tudo foi contado aqui. As equipes de reportagens contaram a hist\u00f3ria da abertura e pavimenta\u00e7\u00e3o das Rodovias, descobriram pessoas vivendo isoladas.<\/p>\n<p style=\"text-align: justify;\">Nossas c\u00e2meras flagraram o mundo das drogas, da pobreza, das dificuldades para conseguir abastecer o carro, dos crimes ambientais, a morte de um governador, o julgamento dos assassinos de Chico Mendes e a vida dos munic\u00edpios.<\/p>\n<p style=\"text-align: justify;\">Foi no canal 11 que as pessoas acompanharam com detalhes o desmonte do Esquadr\u00e3o da Morte e o maior inc\u00eandio da hist\u00f3ria do Estado, quando as chamas destru\u00edram o pr\u00e9dio da Assembleia Legislativa do Acre (Aleac). Nada da hist\u00f3ria do Acre ficou sem ser contada, na pol\u00edtica, na sa\u00fade, na educa\u00e7\u00e3o e na \u00e1rea rural.<\/p>\n<figure id=\"attachment_126547\" aria-describedby=\"caption-attachment-126547\" style=\"width: 611px\" class=\"wp-caption aligncenter\"><img decoding=\"async\" class=\"wp-image-126547 \" src=\"https:\/\/nk7-testes.com.br\/wp-content\/uploads\/2024\/02\/WhatsApp-Image-2024-02-02-at-15.34.42-1.jpeg\" alt=\"\" width=\"611\" height=\"360\" srcset=\"https:\/\/nk7-testes.com.br\/agazeta\/wp-content\/uploads\/2024\/02\/WhatsApp-Image-2024-02-02-at-15.34.42-1.jpeg 909w, https:\/\/nk7-testes.com.br\/agazeta\/wp-content\/uploads\/2024\/02\/WhatsApp-Image-2024-02-02-at-15.34.42-1-300x177.jpeg 300w, https:\/\/nk7-testes.com.br\/agazeta\/wp-content\/uploads\/2024\/02\/WhatsApp-Image-2024-02-02-at-15.34.42-1-768x453.jpeg 768w, https:\/\/nk7-testes.com.br\/agazeta\/wp-content\/uploads\/2024\/02\/WhatsApp-Image-2024-02-02-at-15.34.42-1-750x442.jpeg 750w\" sizes=\"(max-width: 611px) 100vw, 611px\" \/><figcaption id=\"caption-attachment-126547\" class=\"wp-caption-text\">Inc\u00eandio na Aleac. Imagem: TV Gazeta\/Arquivo<\/figcaption><\/figure>\n<p style=\"text-align: justify;\">Os acidentes a\u00e9reos que ceifaram vidas nesses 34 anos, ininterruptamente, os fatos foram revelados, contados a partir das fontes.<\/p>\n<p style=\"text-align: justify;\">O jornalista Roberto Vaz tamb\u00e9m estava na festa de lan\u00e7amento. Ele conta como foi montar uma equipe de jornalismo que fizesse algo diferente, com qualidade e que conquistasse o grande p\u00fablico. A proposta do empres\u00e1rio Roberto Moura era fazer o melhor e, assim, a ordem \u00e9 emitida at\u00e9 hoje. Mesmo com a morte prematura em 2013, os filhos deram continuidade na gigante da comunica\u00e7\u00e3o acreana.<\/p>\n<p style=\"text-align: justify;\">\u201cN\u00f3s fomos formar a equipe. Como \u00e9 que se forma? \u00c9 pegando as pessoas ousadas. As pessoas que tinham o m\u00ednimo de no\u00e7\u00e3o para fazer as coisas e foi assim que n\u00f3s trabalhamos. Fizemos um planeamento jornal\u00edstico, que virou uma extens\u00e3o para t\u00e9cnico e fazendo assim para que uma reda\u00e7\u00e3o factual existisse\u201d, detalha Roberto Vaz.<\/p>\n<figure id=\"attachment_126548\" aria-describedby=\"caption-attachment-126548\" style=\"width: 578px\" class=\"wp-caption aligncenter\"><img decoding=\"async\" class=\"wp-image-126548 \" src=\"https:\/\/nk7-testes.com.br\/wp-content\/uploads\/2024\/02\/WhatsApp-Image-2024-02-02-at-15.34.43.jpeg\" alt=\"\" width=\"578\" height=\"347\" srcset=\"https:\/\/nk7-testes.com.br\/agazeta\/wp-content\/uploads\/2024\/02\/WhatsApp-Image-2024-02-02-at-15.34.43.jpeg 891w, https:\/\/nk7-testes.com.br\/agazeta\/wp-content\/uploads\/2024\/02\/WhatsApp-Image-2024-02-02-at-15.34.43-300x180.jpeg 300w, https:\/\/nk7-testes.com.br\/agazeta\/wp-content\/uploads\/2024\/02\/WhatsApp-Image-2024-02-02-at-15.34.43-768x461.jpeg 768w, https:\/\/nk7-testes.com.br\/agazeta\/wp-content\/uploads\/2024\/02\/WhatsApp-Image-2024-02-02-at-15.34.43-750x450.jpeg 750w\" sizes=\"(max-width: 578px) 100vw, 578px\" \/><figcaption id=\"caption-attachment-126548\" class=\"wp-caption-text\">Imagem: TV Gazeta\/Arquivo<\/figcaption><\/figure>\n<p>&nbsp;<\/p>\n<h4>Programas da TV Gazeta<\/h4>\n<p style=\"text-align: justify;\">O jornalismo forte gerou outros programas que n\u00e3o podem mais sair da grade. O Gazeta Alerta nasceu como l\u00edder de audi\u00eancia e mant\u00e9m at\u00e9 hoje. As not\u00edcias da \u00e1rea policial ganhar uma linguagem pr\u00f3pria, mas sempre contada nos detalhes, com a precis\u00e3o jornal\u00edstica de quem quer mostrar a verdade.<\/p>\n<p style=\"text-align: justify;\">O ca\u00e7ula do jornalismo da TV Gazeta, o programa Balan\u00e7o Geral, traz no DNA puro da rede Record nas primeiras horas da manh\u00e3, revelando os fatos da noite, da madrugada e as primeiras not\u00edcias do dia. Atualmente, apresentado por Marcio Souza.<\/p>\n<p style=\"text-align: justify;\">A Gazeta Entrevista tamb\u00e9m tem um cap\u00edtulo na escalada jornal\u00edstica da emissora. Os assuntos mais importantes viram temas de conversas frente a frente com os nossos entrevistadores, que dissecam o assunto e levaram ao p\u00fablico os detalhes que faltaram de uma not\u00edcia. Ast\u00e9rio Moreira \u00e9 o cabe\u00e7a nas entrevistas.<\/p>\n<p style=\"text-align: justify;\">Mas a TV Gazeta j\u00e1 foi entre entretenimento com o Programa Legal, que usava um audit\u00f3rio para disputas e muito alegria dos estudantes de Rio Branco. Al\u00e9m disso, quem n\u00e3o se lembra do Gera\u00e7\u00e3o Gazeta mostrando mat\u00e9rias divertidas, informativas e curiosidades?<\/p>\n<h4>Credibilidade<\/h4>\n<p style=\"text-align: justify;\">Temos nos nossos arquivos v\u00e1rias coberturas ao vivo de carnavais ou das festas da Expoacre, a maior feira agropecu\u00e1ria da capital. Em 2004, a emissora come\u00e7ou a expans\u00e3o e, hoje, os programas chegam simultaneamente em 10 munic\u00edpios, 80% dos moradores do Estado.<\/p>\n<p style=\"text-align: justify;\">A jornalista Eliane Sinhasique apresentou o Gazeta em Manchete e sabe o que o representar ser refer\u00eancia no jornalismo, e a responsabilidade que isso traz para emissora e os funcion\u00e1rios, que, na frente ou atr\u00e1s das c\u00e2meras, precisam manter tanta credibilidade.<\/p>\n<p style=\"text-align: justify;\">\u201cA TV Gazeta foi um marco da minha vida, at\u00e9 porque eu fui contratada antes da TV Gazeta entrar no ar. Ent\u00e3o, um ano antes eu estava produzindo mat\u00e9rias, mat\u00e9rias frias como a gente chamava, document\u00e1rios, escolhendo muito conte\u00fado, para quando a TV entrasse no ar, a gente j\u00e1 ter um banco de dados Ent\u00e3o, eu sou muito feliz pelo Roberto ter reconhecido, em mim, essa capacidade e de me contratar antes da TV entrar no ar. Foi fant\u00e1stico, maravilhoso&#8221;, conta Sinhasique.<\/p>\n<p style=\"text-align: justify;\">Em uma regi\u00e3o onde a maior bandeira \u00e9 a preserva\u00e7\u00e3o do meio ambiente e a prote\u00e7\u00e3o da Amaz\u00f4nia, a TV Gazeta manteve a responsabilidade social, mostrando a situa\u00e7\u00e3o dos povos ind\u00edgenas, revelando os crimes ambientais, e combatendo, atrav\u00e9s de den\u00fancias, o desmatamento, as queimadas e invas\u00f5es de terra.<\/p>\n<p style=\"text-align: justify;\">\u201cA TV Gazeta tem uma responsabilidade social muito grande. O interessante \u00e9 que a TV \u00e9 composta por pessoas que s\u00e3o apaixonadas por informa\u00e7\u00e3o, por informar, e tem esse compromisso muito grande de levar a informa\u00e7\u00e3o. Ainda mais em \u00e9poca em que a <em>fake news<\/em> reina, contamos com profissionais que t\u00eam esse compromisso de levar a informa\u00e7\u00e3o apurada, a informa\u00e7\u00e3o com responsabilidade, com compromisso. Acho que essa \u00e9 a principal marca, n\u00e3o s\u00f3 da TV Gazeta, mas de todos os profissionais que a comp\u00f5em. &#8220;Ent\u00e3o, tudo que a gente faz, toda a informa\u00e7\u00e3o que a gente leva, \u00e9 muito trabalhada antes, responsavelmente apurada, para que a gente leve ao nosso p\u00fablico final de uma forma ampla, clara e respons\u00e1vel.&#8221;, afirma a filha de Roberto Moura, Renata Moura.<\/p>\n<p style=\"text-align: justify;\">Nessas mais de tr\u00eas d\u00e9cadas de exist\u00eancia, a TV Gazeta nunca deixou de representar e apresentar o Acre para o mundo. O compromisso continua. Todos os dias, ao ligar o televisor e apontar para o canal 11, voc\u00ea vai ficar sabendo dos principais fatos do Estado.<\/p>\n<p><em><strong>Reportagem produzida em v\u00eddeo pelo rep\u00f3rter Adailson Oliveira para a TV Gazeta<\/strong><\/em><\/p>\n","protected":false},"excerpt":{"rendered":"<p>\u201cJ\u00e1 tenho 61 anos. Na primeira vez que vim para c\u00e1, eu trabalhava com a \u00e1rea da culin\u00e1ria, mas eu, por ser uma pessoa nova, fiz outras coisas tamb\u00e9m. A gente n\u00e3o pensa muito. Na \u00e9poca, tinha um pessoal vindo para Rond\u00f4nia e Cuiab\u00e1. E de Cuiab\u00e1, para c\u00e1. Vim parar aqui, na \u00e9poca do [&hellip;]<\/p>\n","protected":false},"author":4,"featured_media":126549,"comment_status":"open","ping_status":"open","sticky":false,"template":"","format":"standard","meta":{"jnews-multi-image_gallery":[],"jnews_single_post":{"source_name":"","source_url":"","via_name":"","via_url":"","override_template":"0","override":[{"template":"custom","single_blog_custom":"110746","parallax":"1","fullscreen":"1","layout":"right-sidebar","sidebar":"default-sidebar","second_sidebar":"default-sidebar","sticky_sidebar":"1","share_position":"top","share_float_style":"share-monocrhome","show_share_counter":"1","show_view_counter":"1","show_featured":"1","show_post_meta":"1","show_post_author":"1","show_post_author_image":"1","show_post_date":"1","post_date_format":"default","post_date_format_custom":"Y\/m\/d","show_post_category":"1","show_post_reading_time":"0","post_reading_time_wpm":"300","show_zoom_button":"0","zoom_button_out_step":"2","zoom_button_in_step":"3","show_post_tag":"1","show_prev_next_post":"1","show_popup_post":"1","number_popup_post":"1","show_author_box":"0","show_post_related":"1","show_inline_post_related":"0"}],"override_image_size":"0","image_override":[{"single_post_thumbnail_size":"crop-500","single_post_gallery_size":"crop-500"}],"trending_post":"0","trending_post_position":"meta","trending_post_label":"Trending","sponsored_post":"0","sponsored_post_label":"Sponsored by","sponsored_post_name":"","sponsored_post_url":"","sponsored_post_logo_enable":"0","sponsored_post_logo":"","sponsored_post_desc":"","disable_ad":"0"},"jnews_primary_category":{"id":"","hide":""},"jnews_social_meta":{"fb_title":"","fb_description":"","fb_image":"","twitter_title":"","twitter_description":"","twitter_image":""},"jnews_review":[],"enable_review":"0","type":"percentage","name":"","summary":"","brand":"","sku":"","good":[{"good_text":""}],"bad":[{"bad_text":""}],"score_override":"0","override_value":"","rating":[{"rating_text":"","rating_number":"10"}],"price":[{"shop":"","price":"","link":"","icon":""}],"footnotes":""},"categories":[54],"tags":[152],"class_list":["post-126527","post","type-post","status-publish","format-standard","has-post-thumbnail","hentry","category-cotidiano","tag-destaque"],"yoast_head":"<!-- This site is optimized with the Yoast SEO plugin v26.5 - https:\/\/yoast.com\/wordpress\/plugins\/seo\/ -->\n<title>Emissora acreana, TV Gazeta completa 34 anos; conhe\u00e7a hist\u00f3ria e curiosidades - Agazeta.net<\/title>\n<meta name=\"robots\" content=\"index, follow, max-snippet:-1, max-image-preview:large, max-video-preview:-1\" \/>\n<link rel=\"canonical\" href=\"https:\/\/nk7-testes.com.br\/agazeta\/emissora-acreana-tv-gazeta-completa-34-anos-conheca-historia-e-curiosidades\/\" \/>\n<meta property=\"og:locale\" content=\"pt_BR\" \/>\n<meta property=\"og:type\" content=\"article\" \/>\n<meta property=\"og:title\" content=\"Emissora acreana, TV Gazeta completa 34 anos; conhe\u00e7a hist\u00f3ria e curiosidades\" \/>\n<meta property=\"og:description\" content=\"Inaugurada no dia 2 de fevereiro de 1990, TV Gazeta \u00e9 l\u00edder de audi\u00eancia no Acre\" \/>\n<meta property=\"og:url\" content=\"https:\/\/nk7-testes.com.br\/agazeta\/emissora-acreana-tv-gazeta-completa-34-anos-conheca-historia-e-curiosidades\/\" \/>\n<meta property=\"og:site_name\" content=\"Agazeta.net\" \/>\n<meta property=\"article:published_time\" content=\"2024-02-02T20:57:49+00:00\" \/>\n<meta property=\"article:modified_time\" content=\"2024-02-02T22:43:05+00:00\" \/>\n<meta property=\"og:image\" content=\"https:\/\/nk7-testes.com.br\/agazeta\/wp-content\/uploads\/2024\/02\/WhatsApp-Image-2024-02-02-at-15.54.59.jpeg\" \/>\n\t<meta property=\"og:image:width\" content=\"800\" \/>\n\t<meta property=\"og:image:height\" content=\"399\" \/>\n\t<meta property=\"og:image:type\" content=\"image\/jpeg\" \/>\n<meta name=\"author\" content=\"Agazeta.Net\" \/>\n<meta name=\"twitter:card\" content=\"summary_large_image\" \/>\n<meta name=\"twitter:label1\" content=\"Escrito por\" \/>\n\t<meta name=\"twitter:data1\" content=\"Agazeta.Net\" \/>\n\t<meta name=\"twitter:label2\" content=\"Est. tempo de leitura\" \/>\n\t<meta name=\"twitter:data2\" content=\"7 minutos\" \/>\n<script type=\"application\/ld+json\" class=\"yoast-schema-graph\">{\"@context\":\"https:\/\/schema.org\",\"@graph\":[{\"@type\":\"WebPage\",\"@id\":\"https:\/\/nk7-testes.com.br\/agazeta\/emissora-acreana-tv-gazeta-completa-34-anos-conheca-historia-e-curiosidades\/\",\"url\":\"https:\/\/nk7-testes.com.br\/agazeta\/emissora-acreana-tv-gazeta-completa-34-anos-conheca-historia-e-curiosidades\/\",\"name\":\"Emissora acreana, TV Gazeta completa 34 anos; conhe\u00e7a hist\u00f3ria e curiosidades - Agazeta.net\",\"isPartOf\":{\"@id\":\"https:\/\/nk7-testes.com.br\/agazeta\/#website\"},\"primaryImageOfPage\":{\"@id\":\"https:\/\/nk7-testes.com.br\/agazeta\/emissora-acreana-tv-gazeta-completa-34-anos-conheca-historia-e-curiosidades\/#primaryimage\"},\"image\":{\"@id\":\"https:\/\/nk7-testes.com.br\/agazeta\/emissora-acreana-tv-gazeta-completa-34-anos-conheca-historia-e-curiosidades\/#primaryimage\"},\"thumbnailUrl\":\"https:\/\/nk7-testes.com.br\/agazeta\/wp-content\/uploads\/2024\/02\/WhatsApp-Image-2024-02-02-at-15.54.59.jpeg\",\"datePublished\":\"2024-02-02T20:57:49+00:00\",\"dateModified\":\"2024-02-02T22:43:05+00:00\",\"author\":{\"@id\":\"https:\/\/nk7-testes.com.br\/agazeta\/#\/schema\/person\/ff6b39d54d6973bfc57f4140f659b23f\"},\"breadcrumb\":{\"@id\":\"https:\/\/nk7-testes.com.br\/agazeta\/emissora-acreana-tv-gazeta-completa-34-anos-conheca-historia-e-curiosidades\/#breadcrumb\"},\"inLanguage\":\"pt-BR\",\"potentialAction\":[{\"@type\":\"ReadAction\",\"target\":[\"https:\/\/nk7-testes.com.br\/agazeta\/emissora-acreana-tv-gazeta-completa-34-anos-conheca-historia-e-curiosidades\/\"]}]},{\"@type\":\"ImageObject\",\"inLanguage\":\"pt-BR\",\"@id\":\"https:\/\/nk7-testes.com.br\/agazeta\/emissora-acreana-tv-gazeta-completa-34-anos-conheca-historia-e-curiosidades\/#primaryimage\",\"url\":\"https:\/\/nk7-testes.com.br\/agazeta\/wp-content\/uploads\/2024\/02\/WhatsApp-Image-2024-02-02-at-15.54.59.jpeg\",\"contentUrl\":\"https:\/\/nk7-testes.com.br\/agazeta\/wp-content\/uploads\/2024\/02\/WhatsApp-Image-2024-02-02-at-15.54.59.jpeg\",\"width\":800,\"height\":399,\"caption\":\"Imagem: Felipe Souza\/Agazeta.net\"},{\"@type\":\"BreadcrumbList\",\"@id\":\"https:\/\/nk7-testes.com.br\/agazeta\/emissora-acreana-tv-gazeta-completa-34-anos-conheca-historia-e-curiosidades\/#breadcrumb\",\"itemListElement\":[{\"@type\":\"ListItem\",\"position\":1,\"name\":\"In\u00edcio\",\"item\":\"https:\/\/nk7-testes.com.br\/agazeta\/\"},{\"@type\":\"ListItem\",\"position\":2,\"name\":\"Emissora acreana, TV Gazeta completa 34 anos; conhe\u00e7a hist\u00f3ria e curiosidades\"}]},{\"@type\":\"WebSite\",\"@id\":\"https:\/\/nk7-testes.com.br\/agazeta\/#website\",\"url\":\"https:\/\/nk7-testes.com.br\/agazeta\/\",\"name\":\"Agazeta.net\",\"description\":\"Agazeta.net - Not\u00edcias de Rio Branco\/AC\",\"potentialAction\":[{\"@type\":\"SearchAction\",\"target\":{\"@type\":\"EntryPoint\",\"urlTemplate\":\"https:\/\/nk7-testes.com.br\/agazeta\/?s={search_term_string}\"},\"query-input\":{\"@type\":\"PropertyValueSpecification\",\"valueRequired\":true,\"valueName\":\"search_term_string\"}}],\"inLanguage\":\"pt-BR\"},{\"@type\":\"Person\",\"@id\":\"https:\/\/nk7-testes.com.br\/agazeta\/#\/schema\/person\/ff6b39d54d6973bfc57f4140f659b23f\",\"name\":\"Agazeta.Net\",\"url\":\"https:\/\/nk7-testes.com.br\/agazeta\/author\/agazeta\/\"}]}<\/script>\n<!-- \/ Yoast SEO plugin. -->","yoast_head_json":{"title":"Emissora acreana, TV Gazeta completa 34 anos; conhe\u00e7a hist\u00f3ria e curiosidades - Agazeta.net","robots":{"index":"index","follow":"follow","max-snippet":"max-snippet:-1","max-image-preview":"max-image-preview:large","max-video-preview":"max-video-preview:-1"},"canonical":"https:\/\/nk7-testes.com.br\/agazeta\/emissora-acreana-tv-gazeta-completa-34-anos-conheca-historia-e-curiosidades\/","og_locale":"pt_BR","og_type":"article","og_title":"Emissora acreana, TV Gazeta completa 34 anos; conhe\u00e7a hist\u00f3ria e curiosidades","og_description":"Inaugurada no dia 2 de fevereiro de 1990, TV Gazeta \u00e9 l\u00edder de audi\u00eancia no Acre","og_url":"https:\/\/nk7-testes.com.br\/agazeta\/emissora-acreana-tv-gazeta-completa-34-anos-conheca-historia-e-curiosidades\/","og_site_name":"Agazeta.net","article_published_time":"2024-02-02T20:57:49+00:00","article_modified_time":"2024-02-02T22:43:05+00:00","og_image":[{"width":800,"height":399,"url":"https:\/\/nk7-testes.com.br\/agazeta\/wp-content\/uploads\/2024\/02\/WhatsApp-Image-2024-02-02-at-15.54.59.jpeg","type":"image\/jpeg"}],"author":"Agazeta.Net","twitter_card":"summary_large_image","twitter_misc":{"Escrito por":"Agazeta.Net","Est. tempo de leitura":"7 minutos"},"schema":{"@context":"https:\/\/schema.org","@graph":[{"@type":"WebPage","@id":"https:\/\/nk7-testes.com.br\/agazeta\/emissora-acreana-tv-gazeta-completa-34-anos-conheca-historia-e-curiosidades\/","url":"https:\/\/nk7-testes.com.br\/agazeta\/emissora-acreana-tv-gazeta-completa-34-anos-conheca-historia-e-curiosidades\/","name":"Emissora acreana, TV Gazeta completa 34 anos; conhe\u00e7a hist\u00f3ria e curiosidades - Agazeta.net","isPartOf":{"@id":"https:\/\/nk7-testes.com.br\/agazeta\/#website"},"primaryImageOfPage":{"@id":"https:\/\/nk7-testes.com.br\/agazeta\/emissora-acreana-tv-gazeta-completa-34-anos-conheca-historia-e-curiosidades\/#primaryimage"},"image":{"@id":"https:\/\/nk7-testes.com.br\/agazeta\/emissora-acreana-tv-gazeta-completa-34-anos-conheca-historia-e-curiosidades\/#primaryimage"},"thumbnailUrl":"https:\/\/nk7-testes.com.br\/agazeta\/wp-content\/uploads\/2024\/02\/WhatsApp-Image-2024-02-02-at-15.54.59.jpeg","datePublished":"2024-02-02T20:57:49+00:00","dateModified":"2024-02-02T22:43:05+00:00","author":{"@id":"https:\/\/nk7-testes.com.br\/agazeta\/#\/schema\/person\/ff6b39d54d6973bfc57f4140f659b23f"},"breadcrumb":{"@id":"https:\/\/nk7-testes.com.br\/agazeta\/emissora-acreana-tv-gazeta-completa-34-anos-conheca-historia-e-curiosidades\/#breadcrumb"},"inLanguage":"pt-BR","potentialAction":[{"@type":"ReadAction","target":["https:\/\/nk7-testes.com.br\/agazeta\/emissora-acreana-tv-gazeta-completa-34-anos-conheca-historia-e-curiosidades\/"]}]},{"@type":"ImageObject","inLanguage":"pt-BR","@id":"https:\/\/nk7-testes.com.br\/agazeta\/emissora-acreana-tv-gazeta-completa-34-anos-conheca-historia-e-curiosidades\/#primaryimage","url":"https:\/\/nk7-testes.com.br\/agazeta\/wp-content\/uploads\/2024\/02\/WhatsApp-Image-2024-02-02-at-15.54.59.jpeg","contentUrl":"https:\/\/nk7-testes.com.br\/agazeta\/wp-content\/uploads\/2024\/02\/WhatsApp-Image-2024-02-02-at-15.54.59.jpeg","width":800,"height":399,"caption":"Imagem: Felipe Souza\/Agazeta.net"},{"@type":"BreadcrumbList","@id":"https:\/\/nk7-testes.com.br\/agazeta\/emissora-acreana-tv-gazeta-completa-34-anos-conheca-historia-e-curiosidades\/#breadcrumb","itemListElement":[{"@type":"ListItem","position":1,"name":"In\u00edcio","item":"https:\/\/nk7-testes.com.br\/agazeta\/"},{"@type":"ListItem","position":2,"name":"Emissora acreana, TV Gazeta completa 34 anos; conhe\u00e7a hist\u00f3ria e curiosidades"}]},{"@type":"WebSite","@id":"https:\/\/nk7-testes.com.br\/agazeta\/#website","url":"https:\/\/nk7-testes.com.br\/agazeta\/","name":"Agazeta.net","description":"Agazeta.net - Not\u00edcias de Rio Branco\/AC","potentialAction":[{"@type":"SearchAction","target":{"@type":"EntryPoint","urlTemplate":"https:\/\/nk7-testes.com.br\/agazeta\/?s={search_term_string}"},"query-input":{"@type":"PropertyValueSpecification","valueRequired":true,"valueName":"search_term_string"}}],"inLanguage":"pt-BR"},{"@type":"Person","@id":"https:\/\/nk7-testes.com.br\/agazeta\/#\/schema\/person\/ff6b39d54d6973bfc57f4140f659b23f","name":"Agazeta.Net","url":"https:\/\/nk7-testes.com.br\/agazeta\/author\/agazeta\/"}]}},"_links":{"self":[{"href":"https:\/\/nk7-testes.com.br\/agazeta\/wp-json\/wp\/v2\/posts\/126527","targetHints":{"allow":["GET"]}}],"collection":[{"href":"https:\/\/nk7-testes.com.br\/agazeta\/wp-json\/wp\/v2\/posts"}],"about":[{"href":"https:\/\/nk7-testes.com.br\/agazeta\/wp-json\/wp\/v2\/types\/post"}],"author":[{"embeddable":true,"href":"https:\/\/nk7-testes.com.br\/agazeta\/wp-json\/wp\/v2\/users\/4"}],"replies":[{"embeddable":true,"href":"https:\/\/nk7-testes.com.br\/agazeta\/wp-json\/wp\/v2\/comments?post=126527"}],"version-history":[{"count":0,"href":"https:\/\/nk7-testes.com.br\/agazeta\/wp-json\/wp\/v2\/posts\/126527\/revisions"}],"wp:featuredmedia":[{"embeddable":true,"href":"https:\/\/nk7-testes.com.br\/agazeta\/wp-json\/wp\/v2\/media\/126549"}],"wp:attachment":[{"href":"https:\/\/nk7-testes.com.br\/agazeta\/wp-json\/wp\/v2\/media?parent=126527"}],"wp:term":[{"taxonomy":"category","embeddable":true,"href":"https:\/\/nk7-testes.com.br\/agazeta\/wp-json\/wp\/v2\/categories?post=126527"},{"taxonomy":"post_tag","embeddable":true,"href":"https:\/\/nk7-testes.com.br\/agazeta\/wp-json\/wp\/v2\/tags?post=126527"}],"curies":[{"name":"wp","href":"https:\/\/api.w.org\/{rel}","templated":true}]}}