{"id":126520,"date":"2024-02-02T11:00:33","date_gmt":"2024-02-02T16:00:33","guid":{"rendered":"https:\/\/abarevegan.com.br\/?p=126520"},"modified":"2024-02-02T11:04:09","modified_gmt":"2024-02-02T16:04:09","slug":"escola-de-musica-do-acre-abre-matriculas-para-estudantes-e-comunidade-de-rio-branco-veja-o-edital","status":"publish","type":"post","link":"https:\/\/nk7-testes.com.br\/agazeta\/escola-de-musica-do-acre-abre-matriculas-para-estudantes-e-comunidade-de-rio-branco-veja-o-edital\/","title":{"rendered":"Escola de M\u00fasica do Acre abre matr\u00edculas para estudantes e comunidade de Rio Branco; veja o edital"},"content":{"rendered":"<p>Mat\u00e9ria escrita por<strong> Inayme Lobo<\/strong> para o <strong>Agazeta.net<\/strong><\/p>\n<p><!--more--><\/p>\n<p style=\"text-align: justify;\"><span style=\"font-weight: 400;\">A Escola de M\u00fasica do Acre, por meio do Di\u00e1rio Oficial do Estado (DOE) desta sexta-feira (02), divulgou diversas vagas para cursos de forma\u00e7\u00e3o inicial para alunos da rede regular e comunidade, para o ano letivo de 2024. Os\u00a0 candidatos podem escolher apenas um instrumento, as inscri\u00e7\u00f5es ser\u00e3o na sede da escola.<\/span><\/p>\n<p style=\"text-align: justify;\"><span style=\"font-weight: 400;\">As inscri\u00e7\u00f5es para maiores de 18 anos ser\u00e3o apenas no dia 5 de Fevereiro de 2024, no hor\u00e1rio de 8h \u00e0s 12h, e das 14h \u00e0s 17h30. O per\u00edodo de matr\u00edcula para alunos que estudam em escolas p\u00fablicas, ser\u00e1 entre os dias 06 e 16 de Fevereiro de 2024, no hor\u00e1rio de 8h \u00e0s 12h, e das 14h \u00e0s 17h30.<\/span><\/p>\n<p style=\"text-align: justify;\"><span style=\"font-weight: 400;\">De acordo com o edital, caso as vagas n\u00e3o sejam preenchidas, abrir\u00e1 inscri\u00e7\u00f5es para estudantes da rede particular, de 21 a 23 de Fevereiro de 2024, no hor\u00e1rio de 8h \u00e0s 12h, e das 14h \u00e0s 17h30.<\/span><\/p>\n<p style=\"text-align: justify;\"><span style=\"font-weight: 400;\">Todas as inscri\u00e7\u00f5es ser\u00e3o realizadas presencialmente na Escola de M\u00fasica do Acre localizada, na Avenida Central, 92, Conjunto Tucum\u00e3 II, Bairro Distrito Industrial, as vagas s\u00e3o preenchidas por ordem de chegada.<\/span><\/p>\n<p style=\"text-align: justify;\"><span style=\"font-weight: 400;\">Acesse o site do DOE para conferir o quadro de vagas, a partir da p\u00e1gina 21.<\/span><\/p>\n<p><em>Estagi\u00e1ria supervisionada por Gisele Almeida<\/em><\/p>\n","protected":false},"excerpt":{"rendered":"<p>Mat\u00e9ria escrita por Inayme Lobo para o Agazeta.net<\/p>\n","protected":false},"author":4,"featured_media":126521,"comment_status":"open","ping_status":"open","sticky":false,"template":"","format":"standard","meta":{"jnews-multi-image_gallery":[],"jnews_single_post":{"source_name":"","source_url":"","via_name":"","via_url":"","override_template":"0","override":[{"template":"custom","single_blog_custom":"110746","parallax":"1","fullscreen":"1","layout":"right-sidebar","sidebar":"default-sidebar","second_sidebar":"default-sidebar","sticky_sidebar":"1","share_position":"top","share_float_style":"share-monocrhome","show_share_counter":"1","show_view_counter":"1","show_featured":"1","show_post_meta":"1","show_post_author":"1","show_post_author_image":"1","show_post_date":"1","post_date_format":"default","post_date_format_custom":"Y\/m\/d","show_post_category":"1","show_post_reading_time":"0","post_reading_time_wpm":"300","show_zoom_button":"0","zoom_button_out_step":"2","zoom_button_in_step":"3","show_post_tag":"1","show_prev_next_post":"1","show_popup_post":"1","number_popup_post":"1","show_author_box":"0","show_post_related":"1","show_inline_post_related":"0"}],"override_image_size":"0","image_override":[{"single_post_thumbnail_size":"crop-500","single_post_gallery_size":"crop-500"}],"trending_post":"0","trending_post_position":"meta","trending_post_label":"Trending","sponsored_post":"0","sponsored_post_label":"Sponsored by","sponsored_post_name":"","sponsored_post_url":"","sponsored_post_logo_enable":"0","sponsored_post_logo":"","sponsored_post_desc":"","disable_ad":"0"},"jnews_primary_category":{"id":"","hide":""},"jnews_social_meta":{"fb_title":"","fb_description":"","fb_image":"","twitter_title":"","twitter_description":"","twitter_image":""},"jnews_review":[],"enable_review":"0","type":"percentage","name":"","summary":"","brand":"","sku":"","good":[{"good_text":""}],"bad":[{"bad_text":""}],"score_override":"0","override_value":"","rating":[{"rating_text":"","rating_number":"10"}],"price":[{"shop":"","price":"","link":"","icon":""}],"footnotes":""},"categories":[55],"tags":[152],"class_list":["post-126520","post","type-post","status-publish","format-standard","has-post-thumbnail","hentry","category-oportunidades","tag-destaque"],"yoast_head":"<!-- This site is optimized with the Yoast SEO plugin v26.5 - https:\/\/yoast.com\/wordpress\/plugins\/seo\/ -->\n<title>Escola de M\u00fasica do Acre abre matr\u00edculas para estudantes e comunidade de Rio Branco; veja o edital - Agazeta.net<\/title>\n<meta name=\"robots\" content=\"index, follow, max-snippet:-1, max-image-preview:large, max-video-preview:-1\" \/>\n<link rel=\"canonical\" href=\"https:\/\/nk7-testes.com.br\/agazeta\/escola-de-musica-do-acre-abre-matriculas-para-estudantes-e-comunidade-de-rio-branco-veja-o-edital\/\" \/>\n<meta property=\"og:locale\" content=\"pt_BR\" \/>\n<meta property=\"og:type\" content=\"article\" \/>\n<meta property=\"og:title\" content=\"Escola de M\u00fasica do Acre abre matr\u00edculas para estudantes e comunidade de Rio Branco; veja o edital - Agazeta.net\" \/>\n<meta property=\"og:description\" content=\"Mat\u00e9ria escrita por Inayme Lobo para o Agazeta.net\" \/>\n<meta property=\"og:url\" content=\"https:\/\/nk7-testes.com.br\/agazeta\/escola-de-musica-do-acre-abre-matriculas-para-estudantes-e-comunidade-de-rio-branco-veja-o-edital\/\" \/>\n<meta property=\"og:site_name\" content=\"Agazeta.net\" \/>\n<meta property=\"article:published_time\" content=\"2024-02-02T16:00:33+00:00\" \/>\n<meta property=\"article:modified_time\" content=\"2024-02-02T16:04:09+00:00\" \/>\n<meta property=\"og:image\" content=\"https:\/\/nk7-testes.com.br\/agazeta\/wp-content\/uploads\/2024\/02\/WhatsApp-Image-2024-02-02-at-10.32.02.jpeg\" \/>\n\t<meta property=\"og:image:width\" content=\"739\" \/>\n\t<meta property=\"og:image:height\" content=\"415\" \/>\n\t<meta property=\"og:image:type\" content=\"image\/jpeg\" \/>\n<meta name=\"author\" content=\"Agazeta.Net\" \/>\n<meta name=\"twitter:card\" content=\"summary_large_image\" \/>\n<meta name=\"twitter:label1\" content=\"Escrito por\" \/>\n\t<meta name=\"twitter:data1\" content=\"Agazeta.Net\" \/>\n\t<meta name=\"twitter:label2\" content=\"Est. tempo de leitura\" \/>\n\t<meta name=\"twitter:data2\" content=\"1 minuto\" \/>\n<script type=\"application\/ld+json\" class=\"yoast-schema-graph\">{\"@context\":\"https:\/\/schema.org\",\"@graph\":[{\"@type\":\"WebPage\",\"@id\":\"https:\/\/nk7-testes.com.br\/agazeta\/escola-de-musica-do-acre-abre-matriculas-para-estudantes-e-comunidade-de-rio-branco-veja-o-edital\/\",\"url\":\"https:\/\/nk7-testes.com.br\/agazeta\/escola-de-musica-do-acre-abre-matriculas-para-estudantes-e-comunidade-de-rio-branco-veja-o-edital\/\",\"name\":\"Escola de M\u00fasica do Acre abre matr\u00edculas para estudantes e comunidade de Rio Branco; veja o edital - Agazeta.net\",\"isPartOf\":{\"@id\":\"https:\/\/nk7-testes.com.br\/agazeta\/#website\"},\"primaryImageOfPage\":{\"@id\":\"https:\/\/nk7-testes.com.br\/agazeta\/escola-de-musica-do-acre-abre-matriculas-para-estudantes-e-comunidade-de-rio-branco-veja-o-edital\/#primaryimage\"},\"image\":{\"@id\":\"https:\/\/nk7-testes.com.br\/agazeta\/escola-de-musica-do-acre-abre-matriculas-para-estudantes-e-comunidade-de-rio-branco-veja-o-edital\/#primaryimage\"},\"thumbnailUrl\":\"https:\/\/nk7-testes.com.br\/agazeta\/wp-content\/uploads\/2024\/02\/WhatsApp-Image-2024-02-02-at-10.32.02.jpeg\",\"datePublished\":\"2024-02-02T16:00:33+00:00\",\"dateModified\":\"2024-02-02T16:04:09+00:00\",\"author\":{\"@id\":\"https:\/\/nk7-testes.com.br\/agazeta\/#\/schema\/person\/6d6e25cb0435eb4a02fd44d30b4e3020\"},\"breadcrumb\":{\"@id\":\"https:\/\/nk7-testes.com.br\/agazeta\/escola-de-musica-do-acre-abre-matriculas-para-estudantes-e-comunidade-de-rio-branco-veja-o-edital\/#breadcrumb\"},\"inLanguage\":\"pt-BR\",\"potentialAction\":[{\"@type\":\"ReadAction\",\"target\":[\"https:\/\/nk7-testes.com.br\/agazeta\/escola-de-musica-do-acre-abre-matriculas-para-estudantes-e-comunidade-de-rio-branco-veja-o-edital\/\"]}]},{\"@type\":\"ImageObject\",\"inLanguage\":\"pt-BR\",\"@id\":\"https:\/\/nk7-testes.com.br\/agazeta\/escola-de-musica-do-acre-abre-matriculas-para-estudantes-e-comunidade-de-rio-branco-veja-o-edital\/#primaryimage\",\"url\":\"https:\/\/nk7-testes.com.br\/agazeta\/wp-content\/uploads\/2024\/02\/WhatsApp-Image-2024-02-02-at-10.32.02.jpeg\",\"contentUrl\":\"https:\/\/nk7-testes.com.br\/agazeta\/wp-content\/uploads\/2024\/02\/WhatsApp-Image-2024-02-02-at-10.32.02.jpeg\",\"width\":739,\"height\":415,\"caption\":\"Escola de M\u00fasica do Acre\"},{\"@type\":\"BreadcrumbList\",\"@id\":\"https:\/\/nk7-testes.com.br\/agazeta\/escola-de-musica-do-acre-abre-matriculas-para-estudantes-e-comunidade-de-rio-branco-veja-o-edital\/#breadcrumb\",\"itemListElement\":[{\"@type\":\"ListItem\",\"position\":1,\"name\":\"In\u00edcio\",\"item\":\"https:\/\/nk7-testes.com.br\/agazeta\/\"},{\"@type\":\"ListItem\",\"position\":2,\"name\":\"Escola de M\u00fasica do Acre abre matr\u00edculas para estudantes e comunidade de Rio Branco; veja o edital\"}]},{\"@type\":\"WebSite\",\"@id\":\"https:\/\/nk7-testes.com.br\/agazeta\/#website\",\"url\":\"https:\/\/nk7-testes.com.br\/agazeta\/\",\"name\":\"Agazeta.net\",\"description\":\"Agazeta.net - Not\u00edcias de Rio Branco\/AC\",\"potentialAction\":[{\"@type\":\"SearchAction\",\"target\":{\"@type\":\"EntryPoint\",\"urlTemplate\":\"https:\/\/nk7-testes.com.br\/agazeta\/?s={search_term_string}\"},\"query-input\":{\"@type\":\"PropertyValueSpecification\",\"valueRequired\":true,\"valueName\":\"search_term_string\"}}],\"inLanguage\":\"pt-BR\"},{\"@type\":\"Person\",\"@id\":\"https:\/\/nk7-testes.com.br\/agazeta\/#\/schema\/person\/6d6e25cb0435eb4a02fd44d30b4e3020\",\"name\":\"Agazeta.Net\",\"url\":\"https:\/\/nk7-testes.com.br\/agazeta\/author\/agazeta\/\"}]}<\/script>\n<!-- \/ Yoast SEO plugin. -->","yoast_head_json":{"title":"Escola de M\u00fasica do Acre abre matr\u00edculas para estudantes e comunidade de Rio Branco; veja o edital - Agazeta.net","robots":{"index":"index","follow":"follow","max-snippet":"max-snippet:-1","max-image-preview":"max-image-preview:large","max-video-preview":"max-video-preview:-1"},"canonical":"https:\/\/nk7-testes.com.br\/agazeta\/escola-de-musica-do-acre-abre-matriculas-para-estudantes-e-comunidade-de-rio-branco-veja-o-edital\/","og_locale":"pt_BR","og_type":"article","og_title":"Escola de M\u00fasica do Acre abre matr\u00edculas para estudantes e comunidade de Rio Branco; veja o edital - Agazeta.net","og_description":"Mat\u00e9ria escrita por Inayme Lobo para o Agazeta.net","og_url":"https:\/\/nk7-testes.com.br\/agazeta\/escola-de-musica-do-acre-abre-matriculas-para-estudantes-e-comunidade-de-rio-branco-veja-o-edital\/","og_site_name":"Agazeta.net","article_published_time":"2024-02-02T16:00:33+00:00","article_modified_time":"2024-02-02T16:04:09+00:00","og_image":[{"width":739,"height":415,"url":"https:\/\/nk7-testes.com.br\/agazeta\/wp-content\/uploads\/2024\/02\/WhatsApp-Image-2024-02-02-at-10.32.02.jpeg","type":"image\/jpeg"}],"author":"Agazeta.Net","twitter_card":"summary_large_image","twitter_misc":{"Escrito por":"Agazeta.Net","Est. tempo de leitura":"1 minuto"},"schema":{"@context":"https:\/\/schema.org","@graph":[{"@type":"WebPage","@id":"https:\/\/nk7-testes.com.br\/agazeta\/escola-de-musica-do-acre-abre-matriculas-para-estudantes-e-comunidade-de-rio-branco-veja-o-edital\/","url":"https:\/\/nk7-testes.com.br\/agazeta\/escola-de-musica-do-acre-abre-matriculas-para-estudantes-e-comunidade-de-rio-branco-veja-o-edital\/","name":"Escola de M\u00fasica do Acre abre matr\u00edculas para estudantes e comunidade de Rio Branco; veja o edital - Agazeta.net","isPartOf":{"@id":"https:\/\/nk7-testes.com.br\/agazeta\/#website"},"primaryImageOfPage":{"@id":"https:\/\/nk7-testes.com.br\/agazeta\/escola-de-musica-do-acre-abre-matriculas-para-estudantes-e-comunidade-de-rio-branco-veja-o-edital\/#primaryimage"},"image":{"@id":"https:\/\/nk7-testes.com.br\/agazeta\/escola-de-musica-do-acre-abre-matriculas-para-estudantes-e-comunidade-de-rio-branco-veja-o-edital\/#primaryimage"},"thumbnailUrl":"https:\/\/nk7-testes.com.br\/agazeta\/wp-content\/uploads\/2024\/02\/WhatsApp-Image-2024-02-02-at-10.32.02.jpeg","datePublished":"2024-02-02T16:00:33+00:00","dateModified":"2024-02-02T16:04:09+00:00","author":{"@id":"https:\/\/nk7-testes.com.br\/agazeta\/#\/schema\/person\/6d6e25cb0435eb4a02fd44d30b4e3020"},"breadcrumb":{"@id":"https:\/\/nk7-testes.com.br\/agazeta\/escola-de-musica-do-acre-abre-matriculas-para-estudantes-e-comunidade-de-rio-branco-veja-o-edital\/#breadcrumb"},"inLanguage":"pt-BR","potentialAction":[{"@type":"ReadAction","target":["https:\/\/nk7-testes.com.br\/agazeta\/escola-de-musica-do-acre-abre-matriculas-para-estudantes-e-comunidade-de-rio-branco-veja-o-edital\/"]}]},{"@type":"ImageObject","inLanguage":"pt-BR","@id":"https:\/\/nk7-testes.com.br\/agazeta\/escola-de-musica-do-acre-abre-matriculas-para-estudantes-e-comunidade-de-rio-branco-veja-o-edital\/#primaryimage","url":"https:\/\/nk7-testes.com.br\/agazeta\/wp-content\/uploads\/2024\/02\/WhatsApp-Image-2024-02-02-at-10.32.02.jpeg","contentUrl":"https:\/\/nk7-testes.com.br\/agazeta\/wp-content\/uploads\/2024\/02\/WhatsApp-Image-2024-02-02-at-10.32.02.jpeg","width":739,"height":415,"caption":"Escola de M\u00fasica do Acre"},{"@type":"BreadcrumbList","@id":"https:\/\/nk7-testes.com.br\/agazeta\/escola-de-musica-do-acre-abre-matriculas-para-estudantes-e-comunidade-de-rio-branco-veja-o-edital\/#breadcrumb","itemListElement":[{"@type":"ListItem","position":1,"name":"In\u00edcio","item":"https:\/\/nk7-testes.com.br\/agazeta\/"},{"@type":"ListItem","position":2,"name":"Escola de M\u00fasica do Acre abre matr\u00edculas para estudantes e comunidade de Rio Branco; veja o edital"}]},{"@type":"WebSite","@id":"https:\/\/nk7-testes.com.br\/agazeta\/#website","url":"https:\/\/nk7-testes.com.br\/agazeta\/","name":"Agazeta.net","description":"Agazeta.net - Not\u00edcias de Rio Branco\/AC","potentialAction":[{"@type":"SearchAction","target":{"@type":"EntryPoint","urlTemplate":"https:\/\/nk7-testes.com.br\/agazeta\/?s={search_term_string}"},"query-input":{"@type":"PropertyValueSpecification","valueRequired":true,"valueName":"search_term_string"}}],"inLanguage":"pt-BR"},{"@type":"Person","@id":"https:\/\/nk7-testes.com.br\/agazeta\/#\/schema\/person\/6d6e25cb0435eb4a02fd44d30b4e3020","name":"Agazeta.Net","url":"https:\/\/nk7-testes.com.br\/agazeta\/author\/agazeta\/"}]}},"_links":{"self":[{"href":"https:\/\/nk7-testes.com.br\/agazeta\/wp-json\/wp\/v2\/posts\/126520","targetHints":{"allow":["GET"]}}],"collection":[{"href":"https:\/\/nk7-testes.com.br\/agazeta\/wp-json\/wp\/v2\/posts"}],"about":[{"href":"https:\/\/nk7-testes.com.br\/agazeta\/wp-json\/wp\/v2\/types\/post"}],"author":[{"embeddable":true,"href":"https:\/\/nk7-testes.com.br\/agazeta\/wp-json\/wp\/v2\/users\/4"}],"replies":[{"embeddable":true,"href":"https:\/\/nk7-testes.com.br\/agazeta\/wp-json\/wp\/v2\/comments?post=126520"}],"version-history":[{"count":0,"href":"https:\/\/nk7-testes.com.br\/agazeta\/wp-json\/wp\/v2\/posts\/126520\/revisions"}],"wp:featuredmedia":[{"embeddable":true,"href":"https:\/\/nk7-testes.com.br\/agazeta\/wp-json\/wp\/v2\/media\/126521"}],"wp:attachment":[{"href":"https:\/\/nk7-testes.com.br\/agazeta\/wp-json\/wp\/v2\/media?parent=126520"}],"wp:term":[{"taxonomy":"category","embeddable":true,"href":"https:\/\/nk7-testes.com.br\/agazeta\/wp-json\/wp\/v2\/categories?post=126520"},{"taxonomy":"post_tag","embeddable":true,"href":"https:\/\/nk7-testes.com.br\/agazeta\/wp-json\/wp\/v2\/tags?post=126520"}],"curies":[{"name":"wp","href":"https:\/\/api.w.org\/{rel}","templated":true}]}}