{"id":126513,"date":"2024-02-02T10:34:15","date_gmt":"2024-02-02T15:34:15","guid":{"rendered":"https:\/\/abarevegan.com.br\/?p=126513"},"modified":"2024-02-02T10:35:08","modified_gmt":"2024-02-02T15:35:08","slug":"joao-calvino-e-a-unica-escola-acreana-finalista-na-feira-brasileira-de-ciencias-e-engenharia","status":"publish","type":"post","link":"https:\/\/nk7-testes.com.br\/agazeta\/joao-calvino-e-a-unica-escola-acreana-finalista-na-feira-brasileira-de-ciencias-e-engenharia\/","title":{"rendered":"Jo\u00e3o Calvino \u00e9 a \u00fanica escola acreana finalista na Feira Brasileira de Ci\u00eancias e Engenharia"},"content":{"rendered":"<p style=\"text-align: justify;\"><span style=\"font-weight: 400;\">Estudantes da Escola Jo\u00e3o Calvino, de Rio Branco, conveniada com o Governo do Acre, \u00e9 finalista da Feira Brasileira de Ci\u00eancias e Engenharia (Febrace), o resultado foi divulgado nesta semana no site da feira. \u00c9 a segunda vez que a escola \u00e9 finalista na feira de ci\u00eancias.<\/span><\/p>\n<p style=\"text-align: justify;\"><span style=\"font-weight: 400;\">Segundo a diretora da escola, Jana\u00edna Alexandre, a conquista \u00e9 significativa, pois os alunos se envolveram e se preocuparam com quest\u00f5es sociais, e buscaram solu\u00e7\u00f5es para esses problemas.<\/span><\/p>\n<p style=\"text-align: justify;\"><span style=\"font-weight: 400;\">&#8220;Isso tudo \u00e9 muito significativo pra gente, como gestor v\u00ea os nossos alunos engajados e preocupados com problemas sociais e atuando de forma significativa, buscando solu\u00e7\u00f5es para os problemas \u00e9 muito bom pra gente\u201d, diz a diretora.<\/span><\/p>\n<p style=\"text-align: justify;\"><span style=\"font-weight: 400;\">Essa \u00e9 a \u00fanica escola do Acre a ser finalista da feira. O projeto que pode passar para a final \u00e9 dos alunos que agora est\u00e3o no 3\u00ba ano do ensino m\u00e9dio, que prop\u00f5e climatiza\u00e7\u00e3o sustent\u00e1vel para pequenos ambientes. O professor e coordenador do projeto explica que o trabalho de educa\u00e7\u00e3o cient\u00edfica \u00e9 uma das prioridades al\u00e9m da grade curricular.\u00a0<\/span><\/p>\n<p style=\"text-align: justify;\"><span style=\"font-weight: 400;\">&#8220;Fazer o aluno desenvolver a parte cient\u00edfica, a parte de pesquisa agregada a parte pedag\u00f3gica, n\u00f3s trabalhamos todo esses aspectos para que ele consiga interagir com a sociedade, entender os problemas do cotidiano, saber buscar solu\u00e7\u00f5es, ent\u00e3o buscamos a muito tempo tratar essa educa\u00e7\u00e3o cient\u00edfica como importante na forma\u00e7\u00e3o dos\u00a0 alunos\u201d, diz o prof. C\u00e9sar.<\/span><\/p>\n<p style=\"text-align: justify;\"><span style=\"font-weight: 400;\">O climatizador \u00e9 feito de materiais recicl\u00e1veis e reutilizados, de forma simples e pr\u00e1tica. Para gerar o ar basta colocar gelo e \u00e1gua gelada dentro do recipiente que \u00e9 feito de caixa de isopor, um cano PVC, um cooler de impressora, um interruptor, e uma bateria.<\/span><\/p>\n<p style=\"text-align: justify;\"><span style=\"font-weight: 400;\">De acordo com uma das alunas engajadas no projeto, Melissa Evelin, al\u00e9m desse prot\u00f3tipo apresentado, eles pretendem levar um final para a Febrace, com uma bateria nova, movida a energia solar.<\/span><\/p>\n<p style=\"text-align: justify;\"><span style=\"font-weight: 400;\">\u201cEsse \u00e9 o primeiro prot\u00f3tipo, n\u00f3s temos o prot\u00f3tipo final que pretendemos levar para a Febrace, a gente quer colocar uma bateria movida a energia solar e tamb\u00e9m um filtro de ar sustent\u00e1vel para purificar o ar\u201d, explica Evelin.<\/span><\/p>\n<p style=\"text-align: justify;\"><span style=\"font-weight: 400;\">De acordo com Evelin, o desenvolvimento do projeto foi longo, a ideia surgiu da necessidade de solucionar um problema muito comum em nossa regi\u00e3o.<\/span><\/p>\n<p style=\"text-align: justify;\"><span style=\"font-weight: 400;\">&#8220;A ideia surgiu ap\u00f3s a gente pensar em uma problem\u00e1tica que envolvesse o nosso ambiente escolar, principalmente o nosso refeit\u00f3rio, e tamb\u00e9m as altas temperaturas que atingem o nosso estado e todo o Brasil. A gente queria algo que fosse refrescar e climatizar, de baixo custo e sustent\u00e1vel\u201d, explica a aluna.\u00a0<\/span><\/p>\n<p style=\"text-align: justify;\"><span style=\"font-weight: 400;\">Alunos e professores devem estar em S\u00e3o Paulo entre os dias 18 e 22 de mar\u00e7o para a mostra e cerim\u00f4nia de premia\u00e7\u00e3o.<\/span><\/p>\n<p style=\"text-align: justify;\"><span style=\"font-weight: 400;\">\u201cN\u00f3s vamos poder representar o nosso estado do Acre, como as \u00fanicas finalistas e tamb\u00e9m semifinalista que n\u00f3s estamos nesta feira, estamos realmente muito felizes com essa conquista e apoio que recebemos, foi um processo \u00e1rduo, nos esfor\u00e7amos muito\u201d, diz Heloisa Braga.<\/span><\/p>\n<p style=\"text-align: justify;\"><em><span style=\"font-weight: 400;\">Mat\u00e9ria em v\u00eddeo produzida pela rep\u00f3rter Wanessa Lima para a TV Gazeta<\/span><\/em><\/p>\n","protected":false},"excerpt":{"rendered":"<p>Estudantes da Escola Jo\u00e3o Calvino, de Rio Branco, conveniada com o Governo do Acre, \u00e9 finalista da Feira Brasileira de Ci\u00eancias e Engenharia (Febrace), o resultado foi divulgado nesta semana no site da feira. \u00c9 a segunda vez que a escola \u00e9 finalista na feira de ci\u00eancias. Segundo a diretora da escola, Jana\u00edna Alexandre, a [&hellip;]<\/p>\n","protected":false},"author":4,"featured_media":126515,"comment_status":"open","ping_status":"open","sticky":false,"template":"","format":"standard","meta":{"jnews-multi-image_gallery":[],"jnews_single_post":{"source_name":"","source_url":"","via_name":"","via_url":"","override_template":"0","override":[{"template":"custom","single_blog_custom":"110746","parallax":"1","fullscreen":"1","layout":"right-sidebar","sidebar":"default-sidebar","second_sidebar":"default-sidebar","sticky_sidebar":"1","share_position":"top","share_float_style":"share-monocrhome","show_share_counter":"1","show_view_counter":"1","show_featured":"1","show_post_meta":"1","show_post_author":"1","show_post_author_image":"1","show_post_date":"1","post_date_format":"default","post_date_format_custom":"Y\/m\/d","show_post_category":"1","show_post_reading_time":"0","post_reading_time_wpm":"300","show_zoom_button":"0","zoom_button_out_step":"2","zoom_button_in_step":"3","show_post_tag":"1","show_prev_next_post":"1","show_popup_post":"1","number_popup_post":"1","show_author_box":"0","show_post_related":"1","show_inline_post_related":"0"}],"override_image_size":"0","image_override":[{"single_post_thumbnail_size":"crop-500","single_post_gallery_size":"crop-500"}],"trending_post":"0","trending_post_position":"meta","trending_post_label":"Trending","sponsored_post":"0","sponsored_post_label":"Sponsored by","sponsored_post_name":"","sponsored_post_url":"","sponsored_post_logo_enable":"0","sponsored_post_logo":"","sponsored_post_desc":"","disable_ad":"0"},"jnews_primary_category":{"id":"","hide":""},"jnews_social_meta":{"fb_title":"","fb_description":"","fb_image":"","twitter_title":"","twitter_description":"","twitter_image":""},"jnews_review":[],"enable_review":"0","type":"percentage","name":"","summary":"","brand":"","sku":"","good":[{"good_text":""}],"bad":[{"bad_text":""}],"score_override":"0","override_value":"","rating":[{"rating_text":"","rating_number":"10"}],"price":[{"shop":"","price":"","link":"","icon":""}],"footnotes":""},"categories":[54],"tags":[],"class_list":["post-126513","post","type-post","status-publish","format-standard","has-post-thumbnail","hentry","category-cotidiano"],"yoast_head":"<!-- This site is optimized with the Yoast SEO plugin v26.5 - https:\/\/yoast.com\/wordpress\/plugins\/seo\/ -->\n<title>Jo\u00e3o Calvino \u00e9 a \u00fanica escola acreana finalista na Feira Brasileira de Ci\u00eancias e Engenharia - Agazeta.net<\/title>\n<meta name=\"robots\" content=\"index, follow, max-snippet:-1, max-image-preview:large, max-video-preview:-1\" \/>\n<link rel=\"canonical\" href=\"https:\/\/nk7-testes.com.br\/agazeta\/joao-calvino-e-a-unica-escola-acreana-finalista-na-feira-brasileira-de-ciencias-e-engenharia\/\" \/>\n<meta property=\"og:locale\" content=\"pt_BR\" \/>\n<meta property=\"og:type\" content=\"article\" \/>\n<meta property=\"og:title\" content=\"Jo\u00e3o Calvino \u00e9 a \u00fanica escola acreana finalista na Feira Brasileira de Ci\u00eancias e Engenharia - Agazeta.net\" \/>\n<meta property=\"og:description\" content=\"Estudantes da Escola Jo\u00e3o Calvino, de Rio Branco, conveniada com o Governo do Acre, \u00e9 finalista da Feira Brasileira de Ci\u00eancias e Engenharia (Febrace), o resultado foi divulgado nesta semana no site da feira. \u00c9 a segunda vez que a escola \u00e9 finalista na feira de ci\u00eancias. Segundo a diretora da escola, Jana\u00edna Alexandre, a [&hellip;]\" \/>\n<meta property=\"og:url\" content=\"https:\/\/nk7-testes.com.br\/agazeta\/joao-calvino-e-a-unica-escola-acreana-finalista-na-feira-brasileira-de-ciencias-e-engenharia\/\" \/>\n<meta property=\"og:site_name\" content=\"Agazeta.net\" \/>\n<meta property=\"article:published_time\" content=\"2024-02-02T15:34:15+00:00\" \/>\n<meta property=\"article:modified_time\" content=\"2024-02-02T15:35:08+00:00\" \/>\n<meta property=\"og:image\" content=\"https:\/\/nk7-testes.com.br\/agazeta\/wp-content\/uploads\/2024\/02\/WhatsApp-Image-2024-02-02-at-10.33.19.jpeg\" \/>\n\t<meta property=\"og:image:width\" content=\"1264\" \/>\n\t<meta property=\"og:image:height\" content=\"712\" \/>\n\t<meta property=\"og:image:type\" content=\"image\/jpeg\" \/>\n<meta name=\"author\" content=\"Agazeta.Net\" \/>\n<meta name=\"twitter:card\" content=\"summary_large_image\" \/>\n<meta name=\"twitter:label1\" content=\"Escrito por\" \/>\n\t<meta name=\"twitter:data1\" content=\"Agazeta.Net\" \/>\n\t<meta name=\"twitter:label2\" content=\"Est. tempo de leitura\" \/>\n\t<meta name=\"twitter:data2\" content=\"3 minutos\" \/>\n<script type=\"application\/ld+json\" class=\"yoast-schema-graph\">{\"@context\":\"https:\/\/schema.org\",\"@graph\":[{\"@type\":\"WebPage\",\"@id\":\"https:\/\/nk7-testes.com.br\/agazeta\/joao-calvino-e-a-unica-escola-acreana-finalista-na-feira-brasileira-de-ciencias-e-engenharia\/\",\"url\":\"https:\/\/nk7-testes.com.br\/agazeta\/joao-calvino-e-a-unica-escola-acreana-finalista-na-feira-brasileira-de-ciencias-e-engenharia\/\",\"name\":\"Jo\u00e3o Calvino \u00e9 a \u00fanica escola acreana finalista na Feira Brasileira de Ci\u00eancias e Engenharia - Agazeta.net\",\"isPartOf\":{\"@id\":\"https:\/\/nk7-testes.com.br\/agazeta\/#website\"},\"primaryImageOfPage\":{\"@id\":\"https:\/\/nk7-testes.com.br\/agazeta\/joao-calvino-e-a-unica-escola-acreana-finalista-na-feira-brasileira-de-ciencias-e-engenharia\/#primaryimage\"},\"image\":{\"@id\":\"https:\/\/nk7-testes.com.br\/agazeta\/joao-calvino-e-a-unica-escola-acreana-finalista-na-feira-brasileira-de-ciencias-e-engenharia\/#primaryimage\"},\"thumbnailUrl\":\"https:\/\/nk7-testes.com.br\/agazeta\/wp-content\/uploads\/2024\/02\/WhatsApp-Image-2024-02-02-at-10.33.19.jpeg\",\"datePublished\":\"2024-02-02T15:34:15+00:00\",\"dateModified\":\"2024-02-02T15:35:08+00:00\",\"author\":{\"@id\":\"https:\/\/nk7-testes.com.br\/agazeta\/#\/schema\/person\/ff6b39d54d6973bfc57f4140f659b23f\"},\"breadcrumb\":{\"@id\":\"https:\/\/nk7-testes.com.br\/agazeta\/joao-calvino-e-a-unica-escola-acreana-finalista-na-feira-brasileira-de-ciencias-e-engenharia\/#breadcrumb\"},\"inLanguage\":\"pt-BR\",\"potentialAction\":[{\"@type\":\"ReadAction\",\"target\":[\"https:\/\/nk7-testes.com.br\/agazeta\/joao-calvino-e-a-unica-escola-acreana-finalista-na-feira-brasileira-de-ciencias-e-engenharia\/\"]}]},{\"@type\":\"ImageObject\",\"inLanguage\":\"pt-BR\",\"@id\":\"https:\/\/nk7-testes.com.br\/agazeta\/joao-calvino-e-a-unica-escola-acreana-finalista-na-feira-brasileira-de-ciencias-e-engenharia\/#primaryimage\",\"url\":\"https:\/\/nk7-testes.com.br\/agazeta\/wp-content\/uploads\/2024\/02\/WhatsApp-Image-2024-02-02-at-10.33.19.jpeg\",\"contentUrl\":\"https:\/\/nk7-testes.com.br\/agazeta\/wp-content\/uploads\/2024\/02\/WhatsApp-Image-2024-02-02-at-10.33.19.jpeg\",\"width\":1264,\"height\":712},{\"@type\":\"BreadcrumbList\",\"@id\":\"https:\/\/nk7-testes.com.br\/agazeta\/joao-calvino-e-a-unica-escola-acreana-finalista-na-feira-brasileira-de-ciencias-e-engenharia\/#breadcrumb\",\"itemListElement\":[{\"@type\":\"ListItem\",\"position\":1,\"name\":\"In\u00edcio\",\"item\":\"https:\/\/nk7-testes.com.br\/agazeta\/\"},{\"@type\":\"ListItem\",\"position\":2,\"name\":\"Jo\u00e3o Calvino \u00e9 a \u00fanica escola acreana finalista na Feira Brasileira de Ci\u00eancias e Engenharia\"}]},{\"@type\":\"WebSite\",\"@id\":\"https:\/\/nk7-testes.com.br\/agazeta\/#website\",\"url\":\"https:\/\/nk7-testes.com.br\/agazeta\/\",\"name\":\"Agazeta.net\",\"description\":\"Agazeta.net - Not\u00edcias de Rio Branco\/AC\",\"potentialAction\":[{\"@type\":\"SearchAction\",\"target\":{\"@type\":\"EntryPoint\",\"urlTemplate\":\"https:\/\/nk7-testes.com.br\/agazeta\/?s={search_term_string}\"},\"query-input\":{\"@type\":\"PropertyValueSpecification\",\"valueRequired\":true,\"valueName\":\"search_term_string\"}}],\"inLanguage\":\"pt-BR\"},{\"@type\":\"Person\",\"@id\":\"https:\/\/nk7-testes.com.br\/agazeta\/#\/schema\/person\/ff6b39d54d6973bfc57f4140f659b23f\",\"name\":\"Agazeta.Net\",\"url\":\"https:\/\/nk7-testes.com.br\/agazeta\/author\/agazeta\/\"}]}<\/script>\n<!-- \/ Yoast SEO plugin. -->","yoast_head_json":{"title":"Jo\u00e3o Calvino \u00e9 a \u00fanica escola acreana finalista na Feira Brasileira de Ci\u00eancias e Engenharia - Agazeta.net","robots":{"index":"index","follow":"follow","max-snippet":"max-snippet:-1","max-image-preview":"max-image-preview:large","max-video-preview":"max-video-preview:-1"},"canonical":"https:\/\/nk7-testes.com.br\/agazeta\/joao-calvino-e-a-unica-escola-acreana-finalista-na-feira-brasileira-de-ciencias-e-engenharia\/","og_locale":"pt_BR","og_type":"article","og_title":"Jo\u00e3o Calvino \u00e9 a \u00fanica escola acreana finalista na Feira Brasileira de Ci\u00eancias e Engenharia - Agazeta.net","og_description":"Estudantes da Escola Jo\u00e3o Calvino, de Rio Branco, conveniada com o Governo do Acre, \u00e9 finalista da Feira Brasileira de Ci\u00eancias e Engenharia (Febrace), o resultado foi divulgado nesta semana no site da feira. \u00c9 a segunda vez que a escola \u00e9 finalista na feira de ci\u00eancias. Segundo a diretora da escola, Jana\u00edna Alexandre, a [&hellip;]","og_url":"https:\/\/nk7-testes.com.br\/agazeta\/joao-calvino-e-a-unica-escola-acreana-finalista-na-feira-brasileira-de-ciencias-e-engenharia\/","og_site_name":"Agazeta.net","article_published_time":"2024-02-02T15:34:15+00:00","article_modified_time":"2024-02-02T15:35:08+00:00","og_image":[{"width":1264,"height":712,"url":"https:\/\/nk7-testes.com.br\/agazeta\/wp-content\/uploads\/2024\/02\/WhatsApp-Image-2024-02-02-at-10.33.19.jpeg","type":"image\/jpeg"}],"author":"Agazeta.Net","twitter_card":"summary_large_image","twitter_misc":{"Escrito por":"Agazeta.Net","Est. tempo de leitura":"3 minutos"},"schema":{"@context":"https:\/\/schema.org","@graph":[{"@type":"WebPage","@id":"https:\/\/nk7-testes.com.br\/agazeta\/joao-calvino-e-a-unica-escola-acreana-finalista-na-feira-brasileira-de-ciencias-e-engenharia\/","url":"https:\/\/nk7-testes.com.br\/agazeta\/joao-calvino-e-a-unica-escola-acreana-finalista-na-feira-brasileira-de-ciencias-e-engenharia\/","name":"Jo\u00e3o Calvino \u00e9 a \u00fanica escola acreana finalista na Feira Brasileira de Ci\u00eancias e Engenharia - Agazeta.net","isPartOf":{"@id":"https:\/\/nk7-testes.com.br\/agazeta\/#website"},"primaryImageOfPage":{"@id":"https:\/\/nk7-testes.com.br\/agazeta\/joao-calvino-e-a-unica-escola-acreana-finalista-na-feira-brasileira-de-ciencias-e-engenharia\/#primaryimage"},"image":{"@id":"https:\/\/nk7-testes.com.br\/agazeta\/joao-calvino-e-a-unica-escola-acreana-finalista-na-feira-brasileira-de-ciencias-e-engenharia\/#primaryimage"},"thumbnailUrl":"https:\/\/nk7-testes.com.br\/agazeta\/wp-content\/uploads\/2024\/02\/WhatsApp-Image-2024-02-02-at-10.33.19.jpeg","datePublished":"2024-02-02T15:34:15+00:00","dateModified":"2024-02-02T15:35:08+00:00","author":{"@id":"https:\/\/nk7-testes.com.br\/agazeta\/#\/schema\/person\/ff6b39d54d6973bfc57f4140f659b23f"},"breadcrumb":{"@id":"https:\/\/nk7-testes.com.br\/agazeta\/joao-calvino-e-a-unica-escola-acreana-finalista-na-feira-brasileira-de-ciencias-e-engenharia\/#breadcrumb"},"inLanguage":"pt-BR","potentialAction":[{"@type":"ReadAction","target":["https:\/\/nk7-testes.com.br\/agazeta\/joao-calvino-e-a-unica-escola-acreana-finalista-na-feira-brasileira-de-ciencias-e-engenharia\/"]}]},{"@type":"ImageObject","inLanguage":"pt-BR","@id":"https:\/\/nk7-testes.com.br\/agazeta\/joao-calvino-e-a-unica-escola-acreana-finalista-na-feira-brasileira-de-ciencias-e-engenharia\/#primaryimage","url":"https:\/\/nk7-testes.com.br\/agazeta\/wp-content\/uploads\/2024\/02\/WhatsApp-Image-2024-02-02-at-10.33.19.jpeg","contentUrl":"https:\/\/nk7-testes.com.br\/agazeta\/wp-content\/uploads\/2024\/02\/WhatsApp-Image-2024-02-02-at-10.33.19.jpeg","width":1264,"height":712},{"@type":"BreadcrumbList","@id":"https:\/\/nk7-testes.com.br\/agazeta\/joao-calvino-e-a-unica-escola-acreana-finalista-na-feira-brasileira-de-ciencias-e-engenharia\/#breadcrumb","itemListElement":[{"@type":"ListItem","position":1,"name":"In\u00edcio","item":"https:\/\/nk7-testes.com.br\/agazeta\/"},{"@type":"ListItem","position":2,"name":"Jo\u00e3o Calvino \u00e9 a \u00fanica escola acreana finalista na Feira Brasileira de Ci\u00eancias e Engenharia"}]},{"@type":"WebSite","@id":"https:\/\/nk7-testes.com.br\/agazeta\/#website","url":"https:\/\/nk7-testes.com.br\/agazeta\/","name":"Agazeta.net","description":"Agazeta.net - Not\u00edcias de Rio Branco\/AC","potentialAction":[{"@type":"SearchAction","target":{"@type":"EntryPoint","urlTemplate":"https:\/\/nk7-testes.com.br\/agazeta\/?s={search_term_string}"},"query-input":{"@type":"PropertyValueSpecification","valueRequired":true,"valueName":"search_term_string"}}],"inLanguage":"pt-BR"},{"@type":"Person","@id":"https:\/\/nk7-testes.com.br\/agazeta\/#\/schema\/person\/ff6b39d54d6973bfc57f4140f659b23f","name":"Agazeta.Net","url":"https:\/\/nk7-testes.com.br\/agazeta\/author\/agazeta\/"}]}},"_links":{"self":[{"href":"https:\/\/nk7-testes.com.br\/agazeta\/wp-json\/wp\/v2\/posts\/126513","targetHints":{"allow":["GET"]}}],"collection":[{"href":"https:\/\/nk7-testes.com.br\/agazeta\/wp-json\/wp\/v2\/posts"}],"about":[{"href":"https:\/\/nk7-testes.com.br\/agazeta\/wp-json\/wp\/v2\/types\/post"}],"author":[{"embeddable":true,"href":"https:\/\/nk7-testes.com.br\/agazeta\/wp-json\/wp\/v2\/users\/4"}],"replies":[{"embeddable":true,"href":"https:\/\/nk7-testes.com.br\/agazeta\/wp-json\/wp\/v2\/comments?post=126513"}],"version-history":[{"count":0,"href":"https:\/\/nk7-testes.com.br\/agazeta\/wp-json\/wp\/v2\/posts\/126513\/revisions"}],"wp:featuredmedia":[{"embeddable":true,"href":"https:\/\/nk7-testes.com.br\/agazeta\/wp-json\/wp\/v2\/media\/126515"}],"wp:attachment":[{"href":"https:\/\/nk7-testes.com.br\/agazeta\/wp-json\/wp\/v2\/media?parent=126513"}],"wp:term":[{"taxonomy":"category","embeddable":true,"href":"https:\/\/nk7-testes.com.br\/agazeta\/wp-json\/wp\/v2\/categories?post=126513"},{"taxonomy":"post_tag","embeddable":true,"href":"https:\/\/nk7-testes.com.br\/agazeta\/wp-json\/wp\/v2\/tags?post=126513"}],"curies":[{"name":"wp","href":"https:\/\/api.w.org\/{rel}","templated":true}]}}