{"id":126473,"date":"2024-02-01T16:02:59","date_gmt":"2024-02-01T21:02:59","guid":{"rendered":"https:\/\/abarevegan.com.br\/?p=126473"},"modified":"2024-02-01T16:02:59","modified_gmt":"2024-02-01T21:02:59","slug":"defesa-dos-envolvidos-na-morte-de-enfermeira-no-acre-diz-que-ela-representava-risco-a-integridade-das-pessoas","status":"publish","type":"post","link":"https:\/\/nk7-testes.com.br\/agazeta\/defesa-dos-envolvidos-na-morte-de-enfermeira-no-acre-diz-que-ela-representava-risco-a-integridade-das-pessoas\/","title":{"rendered":"Defesa dos envolvidos na morte de enfermeira no Acre diz que ela representava risco \u00e0 integridade das pessoas"},"content":{"rendered":"<p>Por <strong>Jo\u00e3o Cardoso<\/strong> para o <strong>Agazeta.net<\/strong><\/p>\n<p style=\"text-align: justify;\">Na \u00faltima quarta-feira (31), a C\u00e2mara Criminal do Tribunal de Justi\u00e7a do Acre, decidiu conceder pris\u00e3o domiciliar a Gleyson Costa de Souza e Cleonizio Marques Vilas Boas. Policiais envolvidos na opera\u00e7\u00e3o que culminou na morte da enfermeira G\u00e9ssica Melo de Oliveira, de apenas 32 anos. Ainda assim, o julgamento continua sem data definida.<\/p>\n<p style=\"text-align: justify;\">No dia dois de dezembro de 2023, G\u00e9ssica Melo seguia um trajeto na estrada de Capixaba, quando foi avistada por dois policiais do Grupo Especial de Seguran\u00e7a de Fronteira (Gefron). Na ocasi\u00e3o, os militares iniciaram uma persegui\u00e7\u00e3o, que acabou levando ao \u00f3bito da v\u00edtima, que foi atingida por disparos de arma de fogo.<\/p>\n<p style=\"text-align: justify;\">Com a decis\u00e3o da Justi\u00e7a do Acre,\u00a0 os policiais envolvidos na situa\u00e7\u00e3o, passam a ter a pris\u00e3o domiciliar, ou seja, em resid\u00eancia. O advogado de defesa dos agentes, Wellington Silva, relata que os mesmos suspeitos, est\u00e3o afastados mas trabalham com fun\u00e7\u00f5es administrativas.<\/p>\n<p style=\"text-align: justify;\">\u201cOs desembargadores entenderam que esse pris\u00e3o preventiva n\u00e3o merecia continuar, eles tinham todos os requisitos para aguardarem o restante do processo das investiga\u00e7\u00f5es em domic\u00edlio. Eles voltam ao trabalho com fun\u00e7\u00f5es administrativas, sem participar de opera\u00e7\u00f5es.\u201d, diz defesa<\/p>\n<p style=\"text-align: justify;\">Silva, tamb\u00e9m destaca que no momento da situa\u00e7\u00e3o, G\u00e9ssica Santos poderia representar um risco \u00e0 integridade das pessoas pr\u00f3ximas ao local.<\/p>\n<p style=\"text-align: justify;\">\u201cEste ve\u00edculo fazia manobras perigosas, colocando em risco a integridade de pessoas que transitavam na BR(317).\u201d, diz advogado<\/p>\n<p style=\"text-align: justify;\">\n<p><em>Estagi\u00e1rio supervisionado por Gisele Almeida<\/em><\/p>\n","protected":false},"excerpt":{"rendered":"<p>Por Jo\u00e3o Cardoso para o Agazeta.net Na \u00faltima quarta-feira (31), a C\u00e2mara Criminal do Tribunal de Justi\u00e7a do Acre, decidiu conceder pris\u00e3o domiciliar a Gleyson Costa de Souza e Cleonizio Marques Vilas Boas. Policiais envolvidos na opera\u00e7\u00e3o que culminou na morte da enfermeira G\u00e9ssica Melo de Oliveira, de apenas 32 anos. Ainda assim, o julgamento [&hellip;]<\/p>\n","protected":false},"author":4,"featured_media":126476,"comment_status":"open","ping_status":"open","sticky":false,"template":"","format":"standard","meta":{"jnews-multi-image_gallery":[],"jnews_single_post":{"source_name":"","source_url":"","via_name":"","via_url":"","override_template":"0","override":[{"template":"custom","single_blog_custom":"110746","parallax":"1","fullscreen":"1","layout":"right-sidebar","sidebar":"default-sidebar","second_sidebar":"default-sidebar","sticky_sidebar":"1","share_position":"top","share_float_style":"share-monocrhome","show_share_counter":"1","show_view_counter":"1","show_featured":"1","show_post_meta":"1","show_post_author":"1","show_post_author_image":"1","show_post_date":"1","post_date_format":"default","post_date_format_custom":"Y\/m\/d","show_post_category":"1","show_post_reading_time":"0","post_reading_time_wpm":"300","show_zoom_button":"0","zoom_button_out_step":"2","zoom_button_in_step":"3","show_post_tag":"1","show_prev_next_post":"1","show_popup_post":"1","number_popup_post":"1","show_author_box":"0","show_post_related":"1","show_inline_post_related":"0"}],"override_image_size":"0","image_override":[{"single_post_thumbnail_size":"crop-500","single_post_gallery_size":"crop-500"}],"trending_post":"0","trending_post_position":"meta","trending_post_label":"Trending","sponsored_post":"0","sponsored_post_label":"Sponsored by","sponsored_post_name":"","sponsored_post_url":"","sponsored_post_logo_enable":"0","sponsored_post_logo":"","sponsored_post_desc":"","disable_ad":"0"},"jnews_primary_category":{"id":"","hide":""},"jnews_social_meta":{"fb_title":"","fb_description":"","fb_image":"","twitter_title":"","twitter_description":"","twitter_image":""},"jnews_review":[],"enable_review":"0","type":"percentage","name":"","summary":"","brand":"","sku":"","good":[{"good_text":""}],"bad":[{"bad_text":""}],"score_override":"0","override_value":"","rating":[{"rating_text":"","rating_number":"10"}],"price":[{"shop":"","price":"","link":"","icon":""}],"footnotes":""},"categories":[54],"tags":[],"class_list":["post-126473","post","type-post","status-publish","format-standard","has-post-thumbnail","hentry","category-cotidiano"],"yoast_head":"<!-- This site is optimized with the Yoast SEO plugin v26.5 - https:\/\/yoast.com\/wordpress\/plugins\/seo\/ -->\n<title>Defesa dos envolvidos na morte de enfermeira no Acre diz que ela representava risco \u00e0 integridade das pessoas - Agazeta.net<\/title>\n<meta name=\"robots\" content=\"index, follow, max-snippet:-1, max-image-preview:large, max-video-preview:-1\" \/>\n<link rel=\"canonical\" href=\"https:\/\/nk7-testes.com.br\/agazeta\/defesa-dos-envolvidos-na-morte-de-enfermeira-no-acre-diz-que-ela-representava-risco-a-integridade-das-pessoas\/\" \/>\n<meta property=\"og:locale\" content=\"pt_BR\" \/>\n<meta property=\"og:type\" content=\"article\" \/>\n<meta property=\"og:title\" content=\"Defesa dos envolvidos na morte de enfermeira no Acre diz que ela representava risco \u00e0 integridade das pessoas\" \/>\n<meta property=\"og:description\" content=\"Elson Mendes, foi o \u00fanico desembargador que votou contra a decis\u00e3o\" \/>\n<meta property=\"og:url\" content=\"https:\/\/nk7-testes.com.br\/agazeta\/defesa-dos-envolvidos-na-morte-de-enfermeira-no-acre-diz-que-ela-representava-risco-a-integridade-das-pessoas\/\" \/>\n<meta property=\"og:site_name\" content=\"Agazeta.net\" \/>\n<meta property=\"article:published_time\" content=\"2024-02-01T21:02:59+00:00\" \/>\n<meta property=\"og:image\" content=\"https:\/\/nk7-testes.com.br\/agazeta\/wp-content\/uploads\/2024\/02\/WhatsApp-Image-2024-02-01-at-17.34.59.jpeg\" \/>\n\t<meta property=\"og:image:width\" content=\"800\" \/>\n\t<meta property=\"og:image:height\" content=\"409\" \/>\n\t<meta property=\"og:image:type\" content=\"image\/jpeg\" \/>\n<meta name=\"author\" content=\"Agazeta.Net\" \/>\n<meta name=\"twitter:card\" content=\"summary_large_image\" \/>\n<meta name=\"twitter:label1\" content=\"Escrito por\" \/>\n\t<meta name=\"twitter:data1\" content=\"Agazeta.Net\" \/>\n\t<meta name=\"twitter:label2\" content=\"Est. tempo de leitura\" \/>\n\t<meta name=\"twitter:data2\" content=\"1 minuto\" \/>\n<script type=\"application\/ld+json\" class=\"yoast-schema-graph\">{\"@context\":\"https:\/\/schema.org\",\"@graph\":[{\"@type\":\"WebPage\",\"@id\":\"https:\/\/nk7-testes.com.br\/agazeta\/defesa-dos-envolvidos-na-morte-de-enfermeira-no-acre-diz-que-ela-representava-risco-a-integridade-das-pessoas\/\",\"url\":\"https:\/\/nk7-testes.com.br\/agazeta\/defesa-dos-envolvidos-na-morte-de-enfermeira-no-acre-diz-que-ela-representava-risco-a-integridade-das-pessoas\/\",\"name\":\"Defesa dos envolvidos na morte de enfermeira no Acre diz que ela representava risco \u00e0 integridade das pessoas - Agazeta.net\",\"isPartOf\":{\"@id\":\"https:\/\/nk7-testes.com.br\/agazeta\/#website\"},\"primaryImageOfPage\":{\"@id\":\"https:\/\/nk7-testes.com.br\/agazeta\/defesa-dos-envolvidos-na-morte-de-enfermeira-no-acre-diz-que-ela-representava-risco-a-integridade-das-pessoas\/#primaryimage\"},\"image\":{\"@id\":\"https:\/\/nk7-testes.com.br\/agazeta\/defesa-dos-envolvidos-na-morte-de-enfermeira-no-acre-diz-que-ela-representava-risco-a-integridade-das-pessoas\/#primaryimage\"},\"thumbnailUrl\":\"https:\/\/nk7-testes.com.br\/agazeta\/wp-content\/uploads\/2024\/02\/WhatsApp-Image-2024-02-01-at-17.34.59.jpeg\",\"datePublished\":\"2024-02-01T21:02:59+00:00\",\"author\":{\"@id\":\"https:\/\/nk7-testes.com.br\/agazeta\/#\/schema\/person\/ff6b39d54d6973bfc57f4140f659b23f\"},\"breadcrumb\":{\"@id\":\"https:\/\/nk7-testes.com.br\/agazeta\/defesa-dos-envolvidos-na-morte-de-enfermeira-no-acre-diz-que-ela-representava-risco-a-integridade-das-pessoas\/#breadcrumb\"},\"inLanguage\":\"pt-BR\",\"potentialAction\":[{\"@type\":\"ReadAction\",\"target\":[\"https:\/\/nk7-testes.com.br\/agazeta\/defesa-dos-envolvidos-na-morte-de-enfermeira-no-acre-diz-que-ela-representava-risco-a-integridade-das-pessoas\/\"]}]},{\"@type\":\"ImageObject\",\"inLanguage\":\"pt-BR\",\"@id\":\"https:\/\/nk7-testes.com.br\/agazeta\/defesa-dos-envolvidos-na-morte-de-enfermeira-no-acre-diz-que-ela-representava-risco-a-integridade-das-pessoas\/#primaryimage\",\"url\":\"https:\/\/nk7-testes.com.br\/agazeta\/wp-content\/uploads\/2024\/02\/WhatsApp-Image-2024-02-01-at-17.34.59.jpeg\",\"contentUrl\":\"https:\/\/nk7-testes.com.br\/agazeta\/wp-content\/uploads\/2024\/02\/WhatsApp-Image-2024-02-01-at-17.34.59.jpeg\",\"width\":800,\"height\":409},{\"@type\":\"BreadcrumbList\",\"@id\":\"https:\/\/nk7-testes.com.br\/agazeta\/defesa-dos-envolvidos-na-morte-de-enfermeira-no-acre-diz-que-ela-representava-risco-a-integridade-das-pessoas\/#breadcrumb\",\"itemListElement\":[{\"@type\":\"ListItem\",\"position\":1,\"name\":\"In\u00edcio\",\"item\":\"https:\/\/nk7-testes.com.br\/agazeta\/\"},{\"@type\":\"ListItem\",\"position\":2,\"name\":\"Defesa dos envolvidos na morte de enfermeira no Acre diz que ela representava risco \u00e0 integridade das pessoas\"}]},{\"@type\":\"WebSite\",\"@id\":\"https:\/\/nk7-testes.com.br\/agazeta\/#website\",\"url\":\"https:\/\/nk7-testes.com.br\/agazeta\/\",\"name\":\"Agazeta.net\",\"description\":\"Agazeta.net - Not\u00edcias de Rio Branco\/AC\",\"potentialAction\":[{\"@type\":\"SearchAction\",\"target\":{\"@type\":\"EntryPoint\",\"urlTemplate\":\"https:\/\/nk7-testes.com.br\/agazeta\/?s={search_term_string}\"},\"query-input\":{\"@type\":\"PropertyValueSpecification\",\"valueRequired\":true,\"valueName\":\"search_term_string\"}}],\"inLanguage\":\"pt-BR\"},{\"@type\":\"Person\",\"@id\":\"https:\/\/nk7-testes.com.br\/agazeta\/#\/schema\/person\/ff6b39d54d6973bfc57f4140f659b23f\",\"name\":\"Agazeta.Net\",\"url\":\"https:\/\/nk7-testes.com.br\/agazeta\/author\/agazeta\/\"}]}<\/script>\n<!-- \/ Yoast SEO plugin. -->","yoast_head_json":{"title":"Defesa dos envolvidos na morte de enfermeira no Acre diz que ela representava risco \u00e0 integridade das pessoas - Agazeta.net","robots":{"index":"index","follow":"follow","max-snippet":"max-snippet:-1","max-image-preview":"max-image-preview:large","max-video-preview":"max-video-preview:-1"},"canonical":"https:\/\/nk7-testes.com.br\/agazeta\/defesa-dos-envolvidos-na-morte-de-enfermeira-no-acre-diz-que-ela-representava-risco-a-integridade-das-pessoas\/","og_locale":"pt_BR","og_type":"article","og_title":"Defesa dos envolvidos na morte de enfermeira no Acre diz que ela representava risco \u00e0 integridade das pessoas","og_description":"Elson Mendes, foi o \u00fanico desembargador que votou contra a decis\u00e3o","og_url":"https:\/\/nk7-testes.com.br\/agazeta\/defesa-dos-envolvidos-na-morte-de-enfermeira-no-acre-diz-que-ela-representava-risco-a-integridade-das-pessoas\/","og_site_name":"Agazeta.net","article_published_time":"2024-02-01T21:02:59+00:00","og_image":[{"width":800,"height":409,"url":"https:\/\/nk7-testes.com.br\/agazeta\/wp-content\/uploads\/2024\/02\/WhatsApp-Image-2024-02-01-at-17.34.59.jpeg","type":"image\/jpeg"}],"author":"Agazeta.Net","twitter_card":"summary_large_image","twitter_misc":{"Escrito por":"Agazeta.Net","Est. tempo de leitura":"1 minuto"},"schema":{"@context":"https:\/\/schema.org","@graph":[{"@type":"WebPage","@id":"https:\/\/nk7-testes.com.br\/agazeta\/defesa-dos-envolvidos-na-morte-de-enfermeira-no-acre-diz-que-ela-representava-risco-a-integridade-das-pessoas\/","url":"https:\/\/nk7-testes.com.br\/agazeta\/defesa-dos-envolvidos-na-morte-de-enfermeira-no-acre-diz-que-ela-representava-risco-a-integridade-das-pessoas\/","name":"Defesa dos envolvidos na morte de enfermeira no Acre diz que ela representava risco \u00e0 integridade das pessoas - Agazeta.net","isPartOf":{"@id":"https:\/\/nk7-testes.com.br\/agazeta\/#website"},"primaryImageOfPage":{"@id":"https:\/\/nk7-testes.com.br\/agazeta\/defesa-dos-envolvidos-na-morte-de-enfermeira-no-acre-diz-que-ela-representava-risco-a-integridade-das-pessoas\/#primaryimage"},"image":{"@id":"https:\/\/nk7-testes.com.br\/agazeta\/defesa-dos-envolvidos-na-morte-de-enfermeira-no-acre-diz-que-ela-representava-risco-a-integridade-das-pessoas\/#primaryimage"},"thumbnailUrl":"https:\/\/nk7-testes.com.br\/agazeta\/wp-content\/uploads\/2024\/02\/WhatsApp-Image-2024-02-01-at-17.34.59.jpeg","datePublished":"2024-02-01T21:02:59+00:00","author":{"@id":"https:\/\/nk7-testes.com.br\/agazeta\/#\/schema\/person\/ff6b39d54d6973bfc57f4140f659b23f"},"breadcrumb":{"@id":"https:\/\/nk7-testes.com.br\/agazeta\/defesa-dos-envolvidos-na-morte-de-enfermeira-no-acre-diz-que-ela-representava-risco-a-integridade-das-pessoas\/#breadcrumb"},"inLanguage":"pt-BR","potentialAction":[{"@type":"ReadAction","target":["https:\/\/nk7-testes.com.br\/agazeta\/defesa-dos-envolvidos-na-morte-de-enfermeira-no-acre-diz-que-ela-representava-risco-a-integridade-das-pessoas\/"]}]},{"@type":"ImageObject","inLanguage":"pt-BR","@id":"https:\/\/nk7-testes.com.br\/agazeta\/defesa-dos-envolvidos-na-morte-de-enfermeira-no-acre-diz-que-ela-representava-risco-a-integridade-das-pessoas\/#primaryimage","url":"https:\/\/nk7-testes.com.br\/agazeta\/wp-content\/uploads\/2024\/02\/WhatsApp-Image-2024-02-01-at-17.34.59.jpeg","contentUrl":"https:\/\/nk7-testes.com.br\/agazeta\/wp-content\/uploads\/2024\/02\/WhatsApp-Image-2024-02-01-at-17.34.59.jpeg","width":800,"height":409},{"@type":"BreadcrumbList","@id":"https:\/\/nk7-testes.com.br\/agazeta\/defesa-dos-envolvidos-na-morte-de-enfermeira-no-acre-diz-que-ela-representava-risco-a-integridade-das-pessoas\/#breadcrumb","itemListElement":[{"@type":"ListItem","position":1,"name":"In\u00edcio","item":"https:\/\/nk7-testes.com.br\/agazeta\/"},{"@type":"ListItem","position":2,"name":"Defesa dos envolvidos na morte de enfermeira no Acre diz que ela representava risco \u00e0 integridade das pessoas"}]},{"@type":"WebSite","@id":"https:\/\/nk7-testes.com.br\/agazeta\/#website","url":"https:\/\/nk7-testes.com.br\/agazeta\/","name":"Agazeta.net","description":"Agazeta.net - Not\u00edcias de Rio Branco\/AC","potentialAction":[{"@type":"SearchAction","target":{"@type":"EntryPoint","urlTemplate":"https:\/\/nk7-testes.com.br\/agazeta\/?s={search_term_string}"},"query-input":{"@type":"PropertyValueSpecification","valueRequired":true,"valueName":"search_term_string"}}],"inLanguage":"pt-BR"},{"@type":"Person","@id":"https:\/\/nk7-testes.com.br\/agazeta\/#\/schema\/person\/ff6b39d54d6973bfc57f4140f659b23f","name":"Agazeta.Net","url":"https:\/\/nk7-testes.com.br\/agazeta\/author\/agazeta\/"}]}},"_links":{"self":[{"href":"https:\/\/nk7-testes.com.br\/agazeta\/wp-json\/wp\/v2\/posts\/126473","targetHints":{"allow":["GET"]}}],"collection":[{"href":"https:\/\/nk7-testes.com.br\/agazeta\/wp-json\/wp\/v2\/posts"}],"about":[{"href":"https:\/\/nk7-testes.com.br\/agazeta\/wp-json\/wp\/v2\/types\/post"}],"author":[{"embeddable":true,"href":"https:\/\/nk7-testes.com.br\/agazeta\/wp-json\/wp\/v2\/users\/4"}],"replies":[{"embeddable":true,"href":"https:\/\/nk7-testes.com.br\/agazeta\/wp-json\/wp\/v2\/comments?post=126473"}],"version-history":[{"count":0,"href":"https:\/\/nk7-testes.com.br\/agazeta\/wp-json\/wp\/v2\/posts\/126473\/revisions"}],"wp:featuredmedia":[{"embeddable":true,"href":"https:\/\/nk7-testes.com.br\/agazeta\/wp-json\/wp\/v2\/media\/126476"}],"wp:attachment":[{"href":"https:\/\/nk7-testes.com.br\/agazeta\/wp-json\/wp\/v2\/media?parent=126473"}],"wp:term":[{"taxonomy":"category","embeddable":true,"href":"https:\/\/nk7-testes.com.br\/agazeta\/wp-json\/wp\/v2\/categories?post=126473"},{"taxonomy":"post_tag","embeddable":true,"href":"https:\/\/nk7-testes.com.br\/agazeta\/wp-json\/wp\/v2\/tags?post=126473"}],"curies":[{"name":"wp","href":"https:\/\/api.w.org\/{rel}","templated":true}]}}