{"id":126103,"date":"2024-01-27T16:34:24","date_gmt":"2024-01-27T21:34:24","guid":{"rendered":"https:\/\/abarevegan.com.br\/?p=126103"},"modified":"2024-01-28T12:45:25","modified_gmt":"2024-01-28T17:45:25","slug":"o-que-voce-precisa-saber-para-se-sair-bem-no-concurso-nacional-unificado","status":"publish","type":"post","link":"https:\/\/nk7-testes.com.br\/agazeta\/o-que-voce-precisa-saber-para-se-sair-bem-no-concurso-nacional-unificado\/","title":{"rendered":"O que voc\u00ea precisa saber para se sair bem no Concurso Nacional Unificado"},"content":{"rendered":"<p style=\"text-align: justify;\">Com inscri\u00e7\u00f5es abertas at\u00e9 9 de fevereiro, o\u00a0<a href=\"https:\/\/noticias.r7.com\/brasilia\/enem-dos-concursos-passa-de-milhao-de-inscritos-em-tres-dias-22012024\">Concurso Nacional Unificado (CNU)<\/a>\u00a0oferece 6.640 vagas em 21 \u00f3rg\u00e3os federais. A sele\u00e7\u00e3o, segundo especialistas, traz boas oportunidades de aprova\u00e7\u00e3o para candidatos menos experientes por exigir conceitos que n\u00e3o eram cobrados em concursos anteriores. Veja a seguir dicas para quem deseja ingressar em uma carreira p\u00fablica por meio do CNU.<\/p>\n<p style=\"text-align: justify;\">A prova \u00e9 um novo desafio para qualquer candidato, de acordo com o professor de Inform\u00e1tica e TI em cursos preparat\u00f3rios Deodato Neto. &#8220;As mat\u00e9rias s\u00e3o bem diferentes. Mat\u00e9rias como diversidades, a parte de pol\u00edticas p\u00fablicas, a parte de transpar\u00eancia da Intelig\u00eancia Artificial. Ent\u00e3o, s\u00e3o conte\u00fados que n\u00e3o s\u00e3o cobrados em provas como em concurso comum. Isso quer dizer que quem come\u00e7ar a se preparar agora tem condi\u00e7\u00e3o de passar&#8221;, explica.<\/p>\n<p style=\"text-align: justify;\">Segundo o especialista, outro fator que torna o CNU interessante \u00e9 o n\u00famero expressivo de vagas. &#8220;S\u00e3o quase 7.000 vagas. Seria bom destacar que h\u00e1 candidatos que decidem atirar para todos os lados e acabam n\u00e3o passando em nada. 2024 traz boas oportunidades de aprova\u00e7\u00e3o. Mas \u00e9 preciso ter um foco, \u00e9 preciso focar uma \u00e1rea&#8221;.<\/p>\n<div id=\"standard_11\" class=\"st-placement standard_11 inArticle\">\n<p style=\"text-align: justify;\">Segundo o professor, o bloco com mais vagas \u00e9 o 4, que \u00e9 para auditor fiscal do trabalho. Deodato explica que o candidato at\u00e9 pode focar v\u00e1rios concursos, desde que na mesma \u00e1rea.<\/p>\n<p style=\"text-align: justify;\">&#8220;Se o candidato focar determinada \u00e1rea, ele aumenta muito as chances de aprova\u00e7\u00e3o&#8221;, aconselha. Quanto aos editais, o professor afirma que o melhor a ser feito melhor \u00e9 focar a estrutura b\u00e1sica que, segundo ele, \u00e9 o que mais cai em prova: portugu\u00eas, direito constitucional, direito administrativo, inform\u00e1tica e racioc\u00ednio l\u00f3gico.<\/p>\n<div class=\"media_box embed intertitle_box\" style=\"text-align: justify;\">\n<h3 class=\"content\">Regras do Concurso Nacional Unificado<\/h3>\n<\/div>\n<p style=\"text-align: justify;\">Os interessados em fazer a prova do\u00a0<a href=\"https:\/\/noticias.r7.com\/brasilia\/enem-dos-concursos-passa-de-milhao-de-inscritos-em-tres-dias-22012024\">CNU, mais conhecido como &#8220;Enem dos concursos&#8221;<\/a>, podem se inscrever pelo site da Funda\u00e7\u00e3o Cesgranrio, banca organizadora da sele\u00e7\u00e3o.\u00a0\u00c9 preciso ter conta no\u00a0<a href=\"https:\/\/www.gov.br\/pt-br\">Gov.br<\/a>\u00a0para fazer a inscri\u00e7\u00e3o.<\/p>\n<p style=\"text-align: justify;\">O concurso \u00e9 divido em oito blocos tem\u00e1ticos, sendo sete de n\u00edvel superior e um de n\u00edvel m\u00e9dio. Os candidatos do n\u00edvel superior podem concorrer a diversas vagas, desde que sejam do mesmo bloco.<\/p>\n<p style=\"text-align: justify;\">\u00c9 necess\u00e1rio titula\u00e7\u00e3o espec\u00edfica em alguns cargos, ou seja, o candidato que n\u00e3o apresentar a forma\u00e7\u00e3o espec\u00edfica da fun\u00e7\u00e3o, n\u00e3o poder\u00e1 tomar posse.<\/p>\n<div id=\"standard_13\" class=\"st-placement standard_13 inArticle\">\n<div class=\"st-adunit-inarticle st-inarticle-slot\">\n<div class=\"st-adunit st-adunit-tagged st-reset st-show\">\n<div class=\"st-adunit-ad st-reset\">\n<div class=\"st-display-render st-reset open 970x250\">\n<div class=\"st-canvas st-reset horizontal-static\">\n<div class=\"media_box embed intertitle_box\" style=\"text-align: justify;\">\n<h3 class=\"content\">Cronograma do Concurso Nacional Unificado<\/h3>\n<\/div>\n<p style=\"text-align: justify;\"><strong>\u2022 Inscri\u00e7\u00f5es:<\/strong>\u00a019\/1\/2024 a 9\/2\/2024<br \/>\n<strong>\u2022 Divulga\u00e7\u00e3o dos dados finais de inscri\u00e7\u00f5es:<\/strong>\u00a029\/2\/2024<br \/>\n<strong>\u2022 Divulga\u00e7\u00e3o dos cart\u00f5es de confirma\u00e7\u00e3o:<\/strong>\u00a029\/4\/2024<br \/>\n<strong>\u2022 Aplica\u00e7\u00e3o das provas:<\/strong>\u00a05\/5\/2024<br \/>\n<strong>\u2022 Divulga\u00e7\u00e3o dos resultados das provas objetivas e preliminares das provas discursivas e reda\u00e7\u00e3o:<\/strong>\u00a03\/6\/2024<br \/>\n<strong>\u2022 Divulga\u00e7\u00e3o final dos resultados:<\/strong>\u00a030\/7\/2024<br \/>\n<strong>\u2022 In\u00edcio da convoca\u00e7\u00e3o para posse e cursos de forma\u00e7\u00e3o:<\/strong>\u00a05\/8\/2024<\/p>\n<div class=\"media_box embed intertitle_box\" style=\"text-align: justify;\">\n<h3 class=\"content\">Como ser\u00e1 a prova? E onde?<\/h3>\n<\/div>\n<p style=\"text-align: justify;\">As provas ser\u00e3o aplicadas em 5 de maio, em dois turnos e em 220 cidades simultaneamente.<\/p>\n<p style=\"text-align: justify;\"><strong>Matutino:<\/strong><br \/>\n\u2022 N\u00edvel superior &#8211; provas objetivas de conhecimentos gerais (20 quest\u00f5es) e prova discursiva de conhecimento espec\u00edfico do bloco<br \/>\n\u2022 N\u00edvel m\u00e9dio &#8211; provas objetivas (20 quest\u00f5es) e reda\u00e7\u00e3o<\/p>\n<p style=\"text-align: justify;\"><strong>Vespertino:<\/strong><br \/>\n<strong>\u2022\u00a0<\/strong>N\u00edvel superior &#8211; provas objetivas de conhecimentos espec\u00edficos (50 quest\u00f5es)<br \/>\n\u2022 N\u00edvel m\u00e9dio &#8211; provas objetivas (40 quest\u00f5es)<\/p>\n<p style=\"text-align: justify;\">Alguns cargos ter\u00e3o a segunda etapa com avalia\u00e7\u00e3o de t\u00edtulos. A aplica\u00e7\u00e3o das provas de t\u00edtulos vai seguir as regras estabelecidas em edital para cada cargo. Em algumas fun\u00e7\u00f5es as provas de t\u00edtulos representar\u00e3o 5% da nota total do concurso, em outros cargos essa etapa vai representar 10% da nota total.<\/p>\n<div class=\"media_box embed intertitle_box\" style=\"text-align: justify;\">\n<h3 class=\"content\">\u00c9 poss\u00edvel se inscrever em mais de um bloco?<\/h3>\n<\/div>\n<p style=\"text-align: justify;\">N\u00e3o. O candidato poder\u00e1 se inscrever em apenas um bloco tem\u00e1tico. O edital prev\u00ea que o candidato concorra a quantos cargos quiser. Vale lembrar que a ordem de prefer\u00eancia indicada no momento da inscri\u00e7\u00e3o \u00e9 classificat\u00f3ria. Mesmo se aprovada em mais de um cargo, a pessoa ser\u00e1 alocada conforme a ordem de prefer\u00eancia.<\/p>\n<p style=\"text-align: justify;\">\u2022\u00a0<a href=\"https:\/\/www.gov.br\/gestao\/pt-br\/concursonacional\/editais\/edital-cpnu-bloco-1-10jan2024.pdf\"><strong>Bloco 1:<\/strong><\/a>\u00a0Infraestrutura, exatas e engenharia<br \/>\n\u2022\u00a0<a href=\"https:\/\/www.gov.br\/gestao\/pt-br\/concursonacional\/editais\/edital-cpnu-bloco-2-10jan2024.pdf\"><strong>Bloco 2:\u00a0<\/strong><\/a>Tecnologia, dados e informa\u00e7\u00e3o<br \/>\n\u2022\u00a0<a href=\"https:\/\/www.gov.br\/gestao\/pt-br\/concursonacional\/editais\/edital-cpnu-bloco-3-10jan2024.pdf\"><strong>Bloco 3:<\/strong><\/a>\u00a0Ambiental, agr\u00e1rio e biol\u00f3gicas<br \/>\n\u2022\u00a0<a href=\"https:\/\/www.gov.br\/gestao\/pt-br\/concursonacional\/editais\/edital-cpnu-bloco-4-10jan2024.pdf\"><strong>Bloco 4:<\/strong><\/a>\u00a0Trabalho e sa\u00fade do servidor<br \/>\n\u2022\u00a0<a href=\"https:\/\/www.gov.br\/gestao\/pt-br\/concursonacional\/editais\/edital-cpnu-bloco-5-10jan2024.pdf\"><strong>Bloco 5:\u00a0<\/strong><\/a>Educa\u00e7\u00e3o, sa\u00fade, desenvolvimento social e direitos humanos<br \/>\n\u2022\u00a0<a href=\"https:\/\/www.gov.br\/gestao\/pt-br\/concursonacional\/editais\/edital-cpnu-bloco-6-10jan2024.pdf\"><strong>Bloco 6:<\/strong><\/a>\u00a0Setores econ\u00f4micos e regula\u00e7\u00e3o<br \/>\n\u2022\u00a0<a href=\"https:\/\/www.gov.br\/gestao\/pt-br\/concursonacional\/editais\/edital-cpnu-bloco-7-10jan2024.pdf\"><strong>Bloco 7:<\/strong><\/a>\u00a0Gest\u00e3o governamental e administra\u00e7\u00e3o p\u00fablica<br \/>\n\u2022\u00a0<a href=\"https:\/\/www.gov.br\/gestao\/pt-br\/concursonacional\/editais\/edital-cpnu-bloco-8-10jan2024.pdf\"><strong>Bloco 8:<\/strong><\/a>\u00a0N\u00edvel intermedi\u00e1rio<\/p>\n<div class=\"media_box embed intertitle_box\" style=\"text-align: justify;\">\n<h3 class=\"content\">Posso mudar de bloco ap\u00f3s a inscri\u00e7\u00e3o?<\/h3>\n<\/div>\n<p style=\"text-align: justify;\">Apenas os candidatos do bloco 1 a 7 podem trocar de bloco ap\u00f3s a inscri\u00e7\u00e3o. A mudan\u00e7a pode ser feita at\u00e9 a data do per\u00edodo de inscri\u00e7\u00f5es. Caso os candidatos inscritos no Bloco 8 (n\u00edvel m\u00e9dio) queiram realizar a mudan\u00e7a ser\u00e1 necess\u00e1rio o pagamento de uma nova taxa de inscri\u00e7\u00e3o e n\u00e3o haver\u00e1 devolu\u00e7\u00e3o de valores j\u00e1 pagos.<\/p>\n<div class=\"media_box embed intertitle_box\" style=\"text-align: justify;\">\n<h3 class=\"content\">Como fica a classifica\u00e7\u00e3o para a segunda e terceira op\u00e7\u00f5es? E a lista de espera?<\/h3>\n<\/div>\n<p style=\"text-align: justify;\">O candidato que n\u00e3o estiver classificado para sua primeira op\u00e7\u00e3o, mesmo que assuma outro cargo, ainda estar\u00e1 na lista de espera dos cargos indicados como priorit\u00e1rios no momento da inscri\u00e7\u00e3o.<\/p>\n<p style=\"text-align: justify;\">O mesmo vale para o candidato que tiver tomado posse em uma vaga. Posteriormente, pode ser convidado para um cargo de sua prefer\u00eancia.<\/p>\n<div class=\"media_box embed intertitle_box\" style=\"text-align: justify;\">\n<h3 class=\"content\">Haver\u00e1 lista de espera ou cadastro de reserva?<\/h3>\n<\/div>\n<p style=\"text-align: justify;\">O CNU prev\u00ea um banco de candidatos para aqueles que n\u00e3o foram aprovados na primeira op\u00e7\u00e3o de cargo, escolhida no momento da inscri\u00e7\u00e3o. O Minist\u00e9rio da Gest\u00e3o e da Inova\u00e7\u00e3o em Servi\u00e7os P\u00fablicos poder\u00e1 fazer chamamentos a cada seis meses ou conforme a necessidade e o fluxo de libera\u00e7\u00e3o e desocupa\u00e7\u00e3o dos cargos do concurso at\u00e9 o fim do prazo de validade, que \u00e9 de 12 meses.<\/p>\n<div class=\"media_box embed intertitle_box\" style=\"text-align: justify;\">\n<h3 class=\"content\">Qual s\u00e3o os crit\u00e9rios de desclassifica\u00e7\u00e3o?<\/h3>\n<\/div>\n<p style=\"text-align: justify;\">Ser\u00e3o eliminados os candidatos que obtiverem aproveitamento inferior a 40% da pontua\u00e7\u00e3o nas provas objetivas de conhecimentos gerais e de conhecimentos espec\u00edficos ou obtiverem nota zero na reda\u00e7\u00e3o.<\/p>\n<div class=\"media_box embed intertitle_box\" style=\"text-align: justify;\">\n<h3 class=\"content\">As pol\u00edticas de cotas ser\u00e3o adotadas por bloco ou cargo?<\/h3>\n<\/div>\n<p style=\"text-align: justify;\">As cotas ser\u00e3o aplicadas por especialidades, segundo a distribui\u00e7\u00e3o nos blocos. Pessoas com defici\u00eancia ter\u00e3o 5% das vagas reservadas; pessoas negras ter\u00e3o reservadas 20% das vagas e ind\u00edgenas ter\u00e3o 30% das vagas destinadas aos cargos da Funda\u00e7\u00e3o Nacional do \u00cdndio (Funai).<\/p>\n<div class=\"media_box embed intertitle_box\" style=\"text-align: justify;\">\n<h3 class=\"content\">Confira as vagas por \u00f3rg\u00e3o<\/h3>\n<\/div>\n<p style=\"text-align: justify;\"><strong>\u2022 Minist\u00e9rio da Gest\u00e3o e da Inova\u00e7\u00e3o em Servi\u00e7os P\u00fablicos (MGI):<\/strong>\u00a01.480<br \/>\n<strong>\u2022 Minist\u00e9rio do Trabalho e Emprego (MTE):<\/strong>\u00a0900<br \/>\n<strong>\u2022 Instituto Nacional de Coloniza\u00e7\u00e3o e Reforma Agr\u00e1ria (Incra):<\/strong>\u00a0 742<br \/>\n<strong>\u2022 Instituto Brasileiro de Geografia e Estat\u00edstica (IBGE):<\/strong>\u00a0620<br \/>\n<strong>\u2022 Minist\u00e9rio da Agricultura e Pecu\u00e1ria (Mapa) e Instituto Nacional de Meteorologia (Inmet):\u00a0<\/strong>520<br \/>\n<strong>\u2022 Funda\u00e7\u00e3o Nacional dos Povos Ind\u00edgenas (Funai):<\/strong>\u00a0502<br \/>\n<strong>\u2022 Advocacia Geral da Uni\u00e3o (AGU):<\/strong>\u00a0400<br \/>\n<strong>\u2022 Ag\u00eancia Nacional de Sa\u00fade Suplementar (ANS):<\/strong>\u00a0310<br \/>\n<strong>\u2022 Minist\u00e9rio da Ci\u00eancia, Tecnologia e Inova\u00e7\u00e3o (MCTI):<\/strong>\u00a0296<br \/>\n<strong>\u2022 Minist\u00e9rio da Sa\u00fade:<\/strong>\u00a0220<br \/>\n<strong>\u2022 Minist\u00e9rio da Justi\u00e7a e Seguran\u00e7a P\u00fablica:<\/strong>\u00a0130<br \/>\n<strong>\u2022 Minist\u00e9rio do Desenvolvimento, Ind\u00fastria, Com\u00e9rcio e Servi\u00e7os (MDIC):<\/strong>\u00a0110<br \/>\n<strong>\u2022 Minist\u00e9rio da Educa\u00e7\u00e3o (MEC):<\/strong>\u00a070<br \/>\n<strong>\u2022 Minist\u00e9rio do Planejamento e Or\u00e7amento (MPO):<\/strong>\u00a060<br \/>\n<strong>\u2022 Minist\u00e9rio da Cultura (Minc):<\/strong>\u00a050<br \/>\n<strong>\u2022 Instituto Nacional de Estudos e Pesquisas Educacionais An\u00edsio Teixeira (Inep):<\/strong>\u00a050<br \/>\n<strong>\u2022 Ag\u00eancia Nacional de Energia El\u00e9trica (Aneel):<\/strong>\u00a040<br \/>\n<strong>\u2022 Minist\u00e9rio dos Direitos Humanos (MDH):<\/strong>\u00a040<br \/>\n<strong>\u2022 Superintend\u00eancia Nacional de Previd\u00eancia Complementar (Previc):<\/strong>\u00a040<br \/>\n<strong>\u2022 Ag\u00eancia Nacional de Transportes Aquavi\u00e1rios (Antaq):<\/strong>\u00a030<br \/>\n<strong>\u2022 Minist\u00e9rio dos Povos Ind\u00edgenas (MPI):<\/strong>\u00a030<\/p>\n<\/div>\n<\/div>\n<\/div>\n<\/div>\n<\/div>\n<\/div>\n<div id=\"intextvideo-r7\" data-google-query-id=\"CN_V1LS-_oMDFamwlQIduYkDGQ\"><\/div>\n<\/div>\n","protected":false},"excerpt":{"rendered":"<p>Com inscri\u00e7\u00f5es abertas at\u00e9 9 de fevereiro, o\u00a0Concurso Nacional Unificado (CNU)\u00a0oferece 6.640 vagas em 21 \u00f3rg\u00e3os federais. A sele\u00e7\u00e3o, segundo especialistas, traz boas oportunidades de aprova\u00e7\u00e3o para candidatos menos experientes por exigir conceitos que n\u00e3o eram cobrados em concursos anteriores. Veja a seguir dicas para quem deseja ingressar em uma carreira p\u00fablica por meio do [&hellip;]<\/p>\n","protected":false},"author":30,"featured_media":126106,"comment_status":"open","ping_status":"open","sticky":false,"template":"","format":"standard","meta":{"jnews-multi-image_gallery":[],"jnews_single_post":{"source_name":"","source_url":"","via_name":"","via_url":"","override_template":"0","override":[{"template":"custom","single_blog_custom":"110746","parallax":"1","fullscreen":"1","layout":"right-sidebar","sidebar":"default-sidebar","second_sidebar":"default-sidebar","sticky_sidebar":"1","share_position":"top","share_float_style":"share-monocrhome","show_share_counter":"1","show_view_counter":"1","show_featured":"1","show_post_meta":"1","show_post_author":"1","show_post_author_image":"1","show_post_date":"1","post_date_format":"default","post_date_format_custom":"Y\/m\/d","show_post_category":"1","show_post_reading_time":"0","post_reading_time_wpm":"300","show_zoom_button":"0","zoom_button_out_step":"2","zoom_button_in_step":"3","show_post_tag":"1","show_prev_next_post":"1","show_popup_post":"1","number_popup_post":"1","show_author_box":"0","show_post_related":"1","show_inline_post_related":"0"}],"override_image_size":"0","image_override":[{"single_post_thumbnail_size":"crop-500","single_post_gallery_size":"crop-500"}],"trending_post":"0","trending_post_position":"meta","trending_post_label":"Trending","sponsored_post":"0","sponsored_post_label":"Sponsored by","sponsored_post_name":"","sponsored_post_url":"","sponsored_post_logo_enable":"0","sponsored_post_logo":"","sponsored_post_desc":"","disable_ad":"0"},"jnews_primary_category":{"id":"","hide":""},"jnews_social_meta":{"fb_title":"","fb_description":"","fb_image":"","twitter_title":"","twitter_description":"","twitter_image":""},"jnews_review":[],"enable_review":"0","type":"percentage","name":"","summary":"","brand":"","sku":"","good":[{"good_text":""}],"bad":[{"bad_text":""}],"score_override":"0","override_value":"","rating":[{"rating_text":"","rating_number":"10"}],"price":[{"shop":"","price":"","link":"","icon":""}],"footnotes":""},"categories":[69],"tags":[],"class_list":["post-126103","post","type-post","status-publish","format-standard","has-post-thumbnail","hentry","category-empregos-e-concursos"],"yoast_head":"<!-- This site is optimized with the Yoast SEO plugin v26.5 - https:\/\/yoast.com\/wordpress\/plugins\/seo\/ -->\n<title>O que voc\u00ea precisa saber para se sair bem no Concurso Nacional Unificado - Agazeta.net<\/title>\n<meta name=\"robots\" content=\"index, follow, max-snippet:-1, max-image-preview:large, max-video-preview:-1\" \/>\n<link rel=\"canonical\" href=\"https:\/\/nk7-testes.com.br\/agazeta\/o-que-voce-precisa-saber-para-se-sair-bem-no-concurso-nacional-unificado\/\" \/>\n<meta property=\"og:locale\" content=\"pt_BR\" \/>\n<meta property=\"og:type\" content=\"article\" \/>\n<meta property=\"og:title\" content=\"O que voc\u00ea precisa saber para se sair bem no Concurso Nacional Unificado\" \/>\n<meta property=\"og:description\" content=\"S\u00e3o 6.640 vagas em 21 \u00f3rg\u00e3os federais\" \/>\n<meta property=\"og:url\" content=\"https:\/\/nk7-testes.com.br\/agazeta\/o-que-voce-precisa-saber-para-se-sair-bem-no-concurso-nacional-unificado\/\" \/>\n<meta property=\"og:site_name\" content=\"Agazeta.net\" \/>\n<meta property=\"article:published_time\" content=\"2024-01-27T21:34:24+00:00\" \/>\n<meta property=\"article:modified_time\" content=\"2024-01-28T17:45:25+00:00\" \/>\n<meta property=\"og:image\" content=\"https:\/\/nk7-testes.com.br\/agazeta\/wp-content\/uploads\/2024\/01\/6f1efc94-444d-4570-ae90-d576b8c46e20.jpg\" \/>\n\t<meta property=\"og:image:width\" content=\"800\" \/>\n\t<meta property=\"og:image:height\" content=\"400\" \/>\n\t<meta property=\"og:image:type\" content=\"image\/jpeg\" \/>\n<meta name=\"author\" content=\"R7\" \/>\n<meta name=\"twitter:card\" content=\"summary_large_image\" \/>\n<meta name=\"twitter:title\" content=\"O que voc\u00ea precisa saber para se sair bem no Concurso Nacional Unificado\" \/>\n<meta name=\"twitter:description\" content=\"S\u00e3o 6.640 vagas em 21 \u00f3rg\u00e3os federais\" \/>\n<meta name=\"twitter:image\" content=\"https:\/\/nk7-testes.com.br\/agazeta\/wp-content\/uploads\/2024\/01\/6f1efc94-444d-4570-ae90-d576b8c46e20.jpg\" \/>\n<meta name=\"twitter:label1\" content=\"Escrito por\" \/>\n\t<meta name=\"twitter:data1\" content=\"R7\" \/>\n\t<meta name=\"twitter:label2\" content=\"Est. tempo de leitura\" \/>\n\t<meta name=\"twitter:data2\" content=\"6 minutos\" \/>\n<script type=\"application\/ld+json\" class=\"yoast-schema-graph\">{\"@context\":\"https:\/\/schema.org\",\"@graph\":[{\"@type\":\"WebPage\",\"@id\":\"https:\/\/nk7-testes.com.br\/agazeta\/o-que-voce-precisa-saber-para-se-sair-bem-no-concurso-nacional-unificado\/\",\"url\":\"https:\/\/nk7-testes.com.br\/agazeta\/o-que-voce-precisa-saber-para-se-sair-bem-no-concurso-nacional-unificado\/\",\"name\":\"O que voc\u00ea precisa saber para se sair bem no Concurso Nacional Unificado - Agazeta.net\",\"isPartOf\":{\"@id\":\"https:\/\/nk7-testes.com.br\/agazeta\/#website\"},\"primaryImageOfPage\":{\"@id\":\"https:\/\/nk7-testes.com.br\/agazeta\/o-que-voce-precisa-saber-para-se-sair-bem-no-concurso-nacional-unificado\/#primaryimage\"},\"image\":{\"@id\":\"https:\/\/nk7-testes.com.br\/agazeta\/o-que-voce-precisa-saber-para-se-sair-bem-no-concurso-nacional-unificado\/#primaryimage\"},\"thumbnailUrl\":\"https:\/\/nk7-testes.com.br\/agazeta\/wp-content\/uploads\/2024\/01\/6f1efc94-444d-4570-ae90-d576b8c46e20.jpg\",\"datePublished\":\"2024-01-27T21:34:24+00:00\",\"dateModified\":\"2024-01-28T17:45:25+00:00\",\"author\":{\"@id\":\"https:\/\/nk7-testes.com.br\/agazeta\/#\/schema\/person\/a99137da3fd115c63eea3c5e27c96eb4\"},\"breadcrumb\":{\"@id\":\"https:\/\/nk7-testes.com.br\/agazeta\/o-que-voce-precisa-saber-para-se-sair-bem-no-concurso-nacional-unificado\/#breadcrumb\"},\"inLanguage\":\"pt-BR\",\"potentialAction\":[{\"@type\":\"ReadAction\",\"target\":[\"https:\/\/nk7-testes.com.br\/agazeta\/o-que-voce-precisa-saber-para-se-sair-bem-no-concurso-nacional-unificado\/\"]}]},{\"@type\":\"ImageObject\",\"inLanguage\":\"pt-BR\",\"@id\":\"https:\/\/nk7-testes.com.br\/agazeta\/o-que-voce-precisa-saber-para-se-sair-bem-no-concurso-nacional-unificado\/#primaryimage\",\"url\":\"https:\/\/nk7-testes.com.br\/agazeta\/wp-content\/uploads\/2024\/01\/6f1efc94-444d-4570-ae90-d576b8c46e20.jpg\",\"contentUrl\":\"https:\/\/nk7-testes.com.br\/agazeta\/wp-content\/uploads\/2024\/01\/6f1efc94-444d-4570-ae90-d576b8c46e20.jpg\",\"width\":800,\"height\":400},{\"@type\":\"BreadcrumbList\",\"@id\":\"https:\/\/nk7-testes.com.br\/agazeta\/o-que-voce-precisa-saber-para-se-sair-bem-no-concurso-nacional-unificado\/#breadcrumb\",\"itemListElement\":[{\"@type\":\"ListItem\",\"position\":1,\"name\":\"In\u00edcio\",\"item\":\"https:\/\/nk7-testes.com.br\/agazeta\/\"},{\"@type\":\"ListItem\",\"position\":2,\"name\":\"O que voc\u00ea precisa saber para se sair bem no Concurso Nacional Unificado\"}]},{\"@type\":\"WebSite\",\"@id\":\"https:\/\/nk7-testes.com.br\/agazeta\/#website\",\"url\":\"https:\/\/nk7-testes.com.br\/agazeta\/\",\"name\":\"Agazeta.net\",\"description\":\"Agazeta.net - Not\u00edcias de Rio Branco\/AC\",\"potentialAction\":[{\"@type\":\"SearchAction\",\"target\":{\"@type\":\"EntryPoint\",\"urlTemplate\":\"https:\/\/nk7-testes.com.br\/agazeta\/?s={search_term_string}\"},\"query-input\":{\"@type\":\"PropertyValueSpecification\",\"valueRequired\":true,\"valueName\":\"search_term_string\"}}],\"inLanguage\":\"pt-BR\"},{\"@type\":\"Person\",\"@id\":\"https:\/\/nk7-testes.com.br\/agazeta\/#\/schema\/person\/a99137da3fd115c63eea3c5e27c96eb4\",\"name\":\"R7\",\"url\":\"https:\/\/nk7-testes.com.br\/agazeta\/author\/r7\/\"}]}<\/script>\n<!-- \/ Yoast SEO plugin. -->","yoast_head_json":{"title":"O que voc\u00ea precisa saber para se sair bem no Concurso Nacional Unificado - Agazeta.net","robots":{"index":"index","follow":"follow","max-snippet":"max-snippet:-1","max-image-preview":"max-image-preview:large","max-video-preview":"max-video-preview:-1"},"canonical":"https:\/\/nk7-testes.com.br\/agazeta\/o-que-voce-precisa-saber-para-se-sair-bem-no-concurso-nacional-unificado\/","og_locale":"pt_BR","og_type":"article","og_title":"O que voc\u00ea precisa saber para se sair bem no Concurso Nacional Unificado","og_description":"S\u00e3o 6.640 vagas em 21 \u00f3rg\u00e3os federais","og_url":"https:\/\/nk7-testes.com.br\/agazeta\/o-que-voce-precisa-saber-para-se-sair-bem-no-concurso-nacional-unificado\/","og_site_name":"Agazeta.net","article_published_time":"2024-01-27T21:34:24+00:00","article_modified_time":"2024-01-28T17:45:25+00:00","og_image":[{"width":800,"height":400,"url":"https:\/\/nk7-testes.com.br\/agazeta\/wp-content\/uploads\/2024\/01\/6f1efc94-444d-4570-ae90-d576b8c46e20.jpg","type":"image\/jpeg"}],"author":"R7","twitter_card":"summary_large_image","twitter_title":"O que voc\u00ea precisa saber para se sair bem no Concurso Nacional Unificado","twitter_description":"S\u00e3o 6.640 vagas em 21 \u00f3rg\u00e3os federais","twitter_image":"https:\/\/nk7-testes.com.br\/agazeta\/wp-content\/uploads\/2024\/01\/6f1efc94-444d-4570-ae90-d576b8c46e20.jpg","twitter_misc":{"Escrito por":"R7","Est. tempo de leitura":"6 minutos"},"schema":{"@context":"https:\/\/schema.org","@graph":[{"@type":"WebPage","@id":"https:\/\/nk7-testes.com.br\/agazeta\/o-que-voce-precisa-saber-para-se-sair-bem-no-concurso-nacional-unificado\/","url":"https:\/\/nk7-testes.com.br\/agazeta\/o-que-voce-precisa-saber-para-se-sair-bem-no-concurso-nacional-unificado\/","name":"O que voc\u00ea precisa saber para se sair bem no Concurso Nacional Unificado - Agazeta.net","isPartOf":{"@id":"https:\/\/nk7-testes.com.br\/agazeta\/#website"},"primaryImageOfPage":{"@id":"https:\/\/nk7-testes.com.br\/agazeta\/o-que-voce-precisa-saber-para-se-sair-bem-no-concurso-nacional-unificado\/#primaryimage"},"image":{"@id":"https:\/\/nk7-testes.com.br\/agazeta\/o-que-voce-precisa-saber-para-se-sair-bem-no-concurso-nacional-unificado\/#primaryimage"},"thumbnailUrl":"https:\/\/nk7-testes.com.br\/agazeta\/wp-content\/uploads\/2024\/01\/6f1efc94-444d-4570-ae90-d576b8c46e20.jpg","datePublished":"2024-01-27T21:34:24+00:00","dateModified":"2024-01-28T17:45:25+00:00","author":{"@id":"https:\/\/nk7-testes.com.br\/agazeta\/#\/schema\/person\/a99137da3fd115c63eea3c5e27c96eb4"},"breadcrumb":{"@id":"https:\/\/nk7-testes.com.br\/agazeta\/o-que-voce-precisa-saber-para-se-sair-bem-no-concurso-nacional-unificado\/#breadcrumb"},"inLanguage":"pt-BR","potentialAction":[{"@type":"ReadAction","target":["https:\/\/nk7-testes.com.br\/agazeta\/o-que-voce-precisa-saber-para-se-sair-bem-no-concurso-nacional-unificado\/"]}]},{"@type":"ImageObject","inLanguage":"pt-BR","@id":"https:\/\/nk7-testes.com.br\/agazeta\/o-que-voce-precisa-saber-para-se-sair-bem-no-concurso-nacional-unificado\/#primaryimage","url":"https:\/\/nk7-testes.com.br\/agazeta\/wp-content\/uploads\/2024\/01\/6f1efc94-444d-4570-ae90-d576b8c46e20.jpg","contentUrl":"https:\/\/nk7-testes.com.br\/agazeta\/wp-content\/uploads\/2024\/01\/6f1efc94-444d-4570-ae90-d576b8c46e20.jpg","width":800,"height":400},{"@type":"BreadcrumbList","@id":"https:\/\/nk7-testes.com.br\/agazeta\/o-que-voce-precisa-saber-para-se-sair-bem-no-concurso-nacional-unificado\/#breadcrumb","itemListElement":[{"@type":"ListItem","position":1,"name":"In\u00edcio","item":"https:\/\/nk7-testes.com.br\/agazeta\/"},{"@type":"ListItem","position":2,"name":"O que voc\u00ea precisa saber para se sair bem no Concurso Nacional Unificado"}]},{"@type":"WebSite","@id":"https:\/\/nk7-testes.com.br\/agazeta\/#website","url":"https:\/\/nk7-testes.com.br\/agazeta\/","name":"Agazeta.net","description":"Agazeta.net - Not\u00edcias de Rio Branco\/AC","potentialAction":[{"@type":"SearchAction","target":{"@type":"EntryPoint","urlTemplate":"https:\/\/nk7-testes.com.br\/agazeta\/?s={search_term_string}"},"query-input":{"@type":"PropertyValueSpecification","valueRequired":true,"valueName":"search_term_string"}}],"inLanguage":"pt-BR"},{"@type":"Person","@id":"https:\/\/nk7-testes.com.br\/agazeta\/#\/schema\/person\/a99137da3fd115c63eea3c5e27c96eb4","name":"R7","url":"https:\/\/nk7-testes.com.br\/agazeta\/author\/r7\/"}]}},"_links":{"self":[{"href":"https:\/\/nk7-testes.com.br\/agazeta\/wp-json\/wp\/v2\/posts\/126103","targetHints":{"allow":["GET"]}}],"collection":[{"href":"https:\/\/nk7-testes.com.br\/agazeta\/wp-json\/wp\/v2\/posts"}],"about":[{"href":"https:\/\/nk7-testes.com.br\/agazeta\/wp-json\/wp\/v2\/types\/post"}],"author":[{"embeddable":true,"href":"https:\/\/nk7-testes.com.br\/agazeta\/wp-json\/wp\/v2\/users\/30"}],"replies":[{"embeddable":true,"href":"https:\/\/nk7-testes.com.br\/agazeta\/wp-json\/wp\/v2\/comments?post=126103"}],"version-history":[{"count":0,"href":"https:\/\/nk7-testes.com.br\/agazeta\/wp-json\/wp\/v2\/posts\/126103\/revisions"}],"wp:featuredmedia":[{"embeddable":true,"href":"https:\/\/nk7-testes.com.br\/agazeta\/wp-json\/wp\/v2\/media\/126106"}],"wp:attachment":[{"href":"https:\/\/nk7-testes.com.br\/agazeta\/wp-json\/wp\/v2\/media?parent=126103"}],"wp:term":[{"taxonomy":"category","embeddable":true,"href":"https:\/\/nk7-testes.com.br\/agazeta\/wp-json\/wp\/v2\/categories?post=126103"},{"taxonomy":"post_tag","embeddable":true,"href":"https:\/\/nk7-testes.com.br\/agazeta\/wp-json\/wp\/v2\/tags?post=126103"}],"curies":[{"name":"wp","href":"https:\/\/api.w.org\/{rel}","templated":true}]}}