{"id":126041,"date":"2024-01-26T15:47:01","date_gmt":"2024-01-26T20:47:01","guid":{"rendered":"https:\/\/abarevegan.com.br\/?p=126041"},"modified":"2024-01-27T16:01:27","modified_gmt":"2024-01-27T21:01:27","slug":"candidato-do-concurso-do-iapen-alega-que-fraturou-joelho-durante-teste-fisico-devido-precariedade-da-pista-da-ufac","status":"publish","type":"post","link":"https:\/\/nk7-testes.com.br\/agazeta\/candidato-do-concurso-do-iapen-alega-que-fraturou-joelho-durante-teste-fisico-devido-precariedade-da-pista-da-ufac\/","title":{"rendered":"Candidato do concurso do Iapen alega que fraturou joelho durante teste f\u00edsico devido precariedade da pista da Ufac"},"content":{"rendered":"<p>Por <strong>Jo\u00e3o Cardoso<\/strong> para o <strong>Agazeta.net<\/strong><\/p>\n<p style=\"text-align: justify;\"><span style=\"font-weight: 400;\">A pista de treinamento do Teste de Aptid\u00e3o F\u00edsica (TAF), destinada aos convocados do \u00faltimo concurso do Instituto de Administra\u00e7\u00e3o Penitenci\u00e1ria (Iapen), apresenta uma s\u00e9rie de irregularidades. Um dos participantes, alega que durante os testes realizados, acabou perdendo todos os ligamentos do joelho devido a p\u00e9ssima estrutura do local.\u00a0<\/span><\/p>\n<p style=\"text-align: justify;\"><span style=\"font-weight: 400;\">\u201cComo n\u00e3o consegui concluir os 2km, fiquei como inapto. No momento que sofri o acidente, n\u00e3o consegui mais andar\u201d, diz candidato\u00a0<\/span><\/p>\n<p style=\"text-align: justify;\"><span style=\"font-weight: 400;\">O espa\u00e7o fica localizado na Universidade Federal do Acre (Ufac), e conta com uma \u00e1rea relativamente grande, para que os candidatos convocados possam realizar as etapas previstas no edital do concurso.\u00a0<\/span><\/p>\n<p style=\"text-align: justify;\"><span style=\"font-weight: 400;\">As imagens, feitas por outros participantes, mostram a pista totalmente deteriorada, com muitos buracos entre as faixas, o que dificulta a realiza\u00e7\u00e3o das provas.<\/span><\/p>\n<p style=\"text-align: justify;\"><span style=\"font-weight: 400;\"><img decoding=\"async\" class=\"aligncenter wp-image-126051 \" src=\"https:\/\/nk7-testes.com.br\/wp-content\/uploads\/2024\/01\/WhatsApp-Image-2024-01-26-at-17.38.48.jpeg\" alt=\"\" width=\"315\" height=\"542\" srcset=\"https:\/\/nk7-testes.com.br\/agazeta\/wp-content\/uploads\/2024\/01\/WhatsApp-Image-2024-01-26-at-17.38.48.jpeg 331w, https:\/\/nk7-testes.com.br\/agazeta\/wp-content\/uploads\/2024\/01\/WhatsApp-Image-2024-01-26-at-17.38.48-174x300.jpeg 174w\" sizes=\"(max-width: 315px) 100vw, 315px\" \/>\u00a0<\/span><\/p>\n<p style=\"text-align: justify;\"><span style=\"font-weight: 400;\">Apesar do andamento dos testes, a situa\u00e7\u00e3o na pista de corrida preocupa alguns candidatos. Wesley Rodrigues, de 38 anos, foi convocado para executar o TAF, mas acabou sendo v\u00edtima de um acidente ao realizar o percurso da pista.\u00a0<\/span><\/p>\n<p style=\"text-align: justify;\"><span style=\"font-weight: 400;\">O candidato, conta que no momento da segunda volta da corrida, acabou pisando em falso em um dos muitos buracos,que s\u00e3o cobertos por uma lona de borracha, o que fez com que rompesse todos os ligamentos do joelho.<\/span><\/p>\n<p style=\"text-align: justify;\"><span style=\"font-weight: 400;\">\u201cSenti uma fisgada no joelho, dolorosa. O que aconteceu foi que rompeu todos os ligamentos do meu joelho, isso pode ter sido comentado com a universidade, mas at\u00e9 ent\u00e3o ningu\u00e9m levou a s\u00e9rio\u201d, diz Rodrigues\u00a0<\/span><\/p>\n<p style=\"text-align: justify;\"><strong>Ufac<\/strong><\/p>\n<p style=\"text-align: justify;\"><span style=\"font-weight: 400;\">Questionada sobre a infraestrutura da pista, a Universidade Federal do Acre afirmou que n\u00e3o h\u00e1 previs\u00e3o para uma poss\u00edvel reforma, j\u00e1 que tamb\u00e9m n\u00e3o existe um or\u00e7amento para a obra no local. A institui\u00e7\u00e3o tamb\u00e9m afirmou para o Agazeta.net, que o acidente que aconteceu com Wesley Rodrigues, \u00e9 de responsabilidade da banca organizadora do concurso, neste caso, o IBFC.\u00a0\u00a0<\/span><\/p>\n<p style=\"text-align: justify;\"><span style=\"font-weight: 400;\">\u201cQuanto \u00e0 reforma da pista, n\u00e3o h\u00e1 previs\u00e3o porque n\u00e3o tem or\u00e7amento para obras, a responsabilidade \u00e9 do organizador do curso\u201d, diz a institui\u00e7\u00e3o.\u00a0<\/span><\/p>\n<p style=\"text-align: justify;\"><strong>Iapen<\/strong><\/p>\n<p style=\"text-align: justify;\"><span style=\"font-weight: 400;\">O Instituto de Administra\u00e7\u00e3o Penitenci\u00e1ria do Acre (IAPEN-AC) ressaltou que os processos s\u00e3o feitos pela banca, mas que ainda assim, o assunto vai ser direcionado \u00e0 dire\u00e7\u00e3o da institui\u00e7\u00e3o.<\/span><\/p>\n<p style=\"text-align: justify;\"><span style=\"font-weight: 400;\">\u201c Os aprovados ser\u00e3o recebidos pelo Iapen quando encerrar todo esse processo de sele\u00e7\u00e3o, mas hoje, todo esse processo \u00e9 da banca organizadora. N\u00e3o \u00e9 o Iapen quem faz todo esse processo. Nem prova te\u00f3rica, nem TAF.\u201d, diz Iapen<\/span><\/p>\n<p style=\"text-align: justify;\"><strong>Outros candidatos\u00a0<\/strong><\/p>\n<p style=\"text-align: justify;\"><span style=\"font-weight: 400;\">Os testes, que s\u00e3o divididos por pelot\u00f5es, podem ter mais de 30 participantes. Essas mesmas pessoas, podem ter passado dificuldade com os buracos, falta de ilumina\u00e7\u00e3o e suporte durante os processos. A Secretaria de Estado de Administra\u00e7\u00e3o (Sead) , que disp\u00f5e sobre as informa\u00e7\u00f5es do certame, afirmou que a banca organizadora, n\u00e3o informou nenhuma irregularidade no local de aplica\u00e7\u00e3o dos testes antes das provas. Ou seja, a banca considerava o local como regular.\u00a0<\/span><\/p>\n<p style=\"text-align: justify;\"><span style=\"font-weight: 400;\">Wesley Rodrigues, o candidato mais prejudicado, afirmou que segue esperando um posicionamento do Iapen. Devido ao acidente por conta dos buracos da pista, Rodrigues ficou inapto em uma das provas.\u00a0<\/span><\/p>\n<p style=\"text-align: justify;\"><span style=\"font-weight: 400;\">Al\u00e9m de entrar em contato com a Ufac e o Iapen, a equipe de reportagem tamb\u00e9m tentou buscar informa\u00e7\u00f5es com a banca organizadora do concurso, mas at\u00e9 o final desta mat\u00e9ria , a IBFC segue sem dar esclarecimentos. Vale salientar, que o espa\u00e7o segue aberto para\u00a0 mais informa\u00e7\u00f5es e atualiza\u00e7\u00f5es.<\/span><\/p>\n<p><em>Produ\u00e7\u00e3o e supervis\u00e3o de Gisele Almeida<\/em><\/p>\n","protected":false},"excerpt":{"rendered":"<p>Por Jo\u00e3o Cardoso para o Agazeta.net A pista de treinamento do Teste de Aptid\u00e3o F\u00edsica (TAF), destinada aos convocados do \u00faltimo concurso do Instituto de Administra\u00e7\u00e3o Penitenci\u00e1ria (Iapen), apresenta uma s\u00e9rie de irregularidades. Um dos participantes, alega que durante os testes realizados, acabou perdendo todos os ligamentos do joelho devido a p\u00e9ssima estrutura do local.\u00a0 [&hellip;]<\/p>\n","protected":false},"author":4,"featured_media":126049,"comment_status":"open","ping_status":"open","sticky":false,"template":"","format":"standard","meta":{"jnews-multi-image_gallery":[],"jnews_single_post":{"source_name":"","source_url":"","via_name":"","via_url":"","override_template":"0","override":[{"template":"custom","single_blog_custom":"110746","parallax":"1","fullscreen":"1","layout":"right-sidebar","sidebar":"default-sidebar","second_sidebar":"default-sidebar","sticky_sidebar":"1","share_position":"top","share_float_style":"share-monocrhome","show_share_counter":"1","show_view_counter":"1","show_featured":"1","show_post_meta":"1","show_post_author":"1","show_post_author_image":"1","show_post_date":"1","post_date_format":"default","post_date_format_custom":"Y\/m\/d","show_post_category":"1","show_post_reading_time":"0","post_reading_time_wpm":"300","show_zoom_button":"0","zoom_button_out_step":"2","zoom_button_in_step":"3","show_post_tag":"1","show_prev_next_post":"1","show_popup_post":"1","number_popup_post":"1","show_author_box":"0","show_post_related":"1","show_inline_post_related":"0"}],"override_image_size":"0","image_override":[{"single_post_thumbnail_size":"crop-500","single_post_gallery_size":"crop-500"}],"trending_post":"0","trending_post_position":"meta","trending_post_label":"Trending","sponsored_post":"0","sponsored_post_label":"Sponsored by","sponsored_post_name":"","sponsored_post_url":"","sponsored_post_logo_enable":"0","sponsored_post_logo":"","sponsored_post_desc":"","disable_ad":"0"},"jnews_primary_category":{"id":"","hide":""},"jnews_social_meta":{"fb_title":"","fb_description":"","fb_image":"","twitter_title":"","twitter_description":"","twitter_image":""},"jnews_review":[],"enable_review":"0","type":"percentage","name":"","summary":"","brand":"","sku":"","good":[{"good_text":""}],"bad":[{"bad_text":""}],"score_override":"0","override_value":"","rating":[{"rating_text":"","rating_number":"10"}],"price":[{"shop":"","price":"","link":"","icon":""}],"footnotes":""},"categories":[54],"tags":[152],"class_list":["post-126041","post","type-post","status-publish","format-standard","has-post-thumbnail","hentry","category-cotidiano","tag-destaque"],"yoast_head":"<!-- This site is optimized with the Yoast SEO plugin v26.5 - https:\/\/yoast.com\/wordpress\/plugins\/seo\/ -->\n<title>Candidato do concurso do Iapen alega que fraturou joelho durante teste f\u00edsico devido precariedade da pista da Ufac - Agazeta.net<\/title>\n<meta name=\"robots\" content=\"index, follow, max-snippet:-1, max-image-preview:large, max-video-preview:-1\" \/>\n<link rel=\"canonical\" href=\"https:\/\/nk7-testes.com.br\/agazeta\/candidato-do-concurso-do-iapen-alega-que-fraturou-joelho-durante-teste-fisico-devido-precariedade-da-pista-da-ufac\/\" \/>\n<meta property=\"og:locale\" content=\"pt_BR\" \/>\n<meta property=\"og:type\" content=\"article\" \/>\n<meta property=\"og:title\" content=\"Candidato do concurso do Iapen alega que fraturou joelho durante teste f\u00edsico devido precariedade da pista da Ufac\" \/>\n<meta property=\"og:description\" content=\"Candidato foi considerado inapto ap\u00f3s sofrer o acidente\" \/>\n<meta property=\"og:url\" content=\"https:\/\/nk7-testes.com.br\/agazeta\/candidato-do-concurso-do-iapen-alega-que-fraturou-joelho-durante-teste-fisico-devido-precariedade-da-pista-da-ufac\/\" \/>\n<meta property=\"og:site_name\" content=\"Agazeta.net\" \/>\n<meta property=\"article:published_time\" content=\"2024-01-26T20:47:01+00:00\" \/>\n<meta property=\"article:modified_time\" content=\"2024-01-27T21:01:27+00:00\" \/>\n<meta property=\"og:image\" content=\"https:\/\/nk7-testes.com.br\/agazeta\/wp-content\/uploads\/2024\/01\/WhatsApp-Image-2024-01-26-at-13.06.46.jpeg\" \/>\n\t<meta property=\"og:image:width\" content=\"800\" \/>\n\t<meta property=\"og:image:height\" content=\"400\" \/>\n\t<meta property=\"og:image:type\" content=\"image\/jpeg\" \/>\n<meta name=\"author\" content=\"Agazeta.Net\" \/>\n<meta name=\"twitter:card\" content=\"summary_large_image\" \/>\n<meta name=\"twitter:label1\" content=\"Escrito por\" \/>\n\t<meta name=\"twitter:data1\" content=\"Agazeta.Net\" \/>\n\t<meta name=\"twitter:label2\" content=\"Est. tempo de leitura\" \/>\n\t<meta name=\"twitter:data2\" content=\"3 minutos\" \/>\n<script type=\"application\/ld+json\" class=\"yoast-schema-graph\">{\"@context\":\"https:\/\/schema.org\",\"@graph\":[{\"@type\":\"WebPage\",\"@id\":\"https:\/\/nk7-testes.com.br\/agazeta\/candidato-do-concurso-do-iapen-alega-que-fraturou-joelho-durante-teste-fisico-devido-precariedade-da-pista-da-ufac\/\",\"url\":\"https:\/\/nk7-testes.com.br\/agazeta\/candidato-do-concurso-do-iapen-alega-que-fraturou-joelho-durante-teste-fisico-devido-precariedade-da-pista-da-ufac\/\",\"name\":\"Candidato do concurso do Iapen alega que fraturou joelho durante teste f\u00edsico devido precariedade da pista da Ufac - Agazeta.net\",\"isPartOf\":{\"@id\":\"https:\/\/nk7-testes.com.br\/agazeta\/#website\"},\"primaryImageOfPage\":{\"@id\":\"https:\/\/nk7-testes.com.br\/agazeta\/candidato-do-concurso-do-iapen-alega-que-fraturou-joelho-durante-teste-fisico-devido-precariedade-da-pista-da-ufac\/#primaryimage\"},\"image\":{\"@id\":\"https:\/\/nk7-testes.com.br\/agazeta\/candidato-do-concurso-do-iapen-alega-que-fraturou-joelho-durante-teste-fisico-devido-precariedade-da-pista-da-ufac\/#primaryimage\"},\"thumbnailUrl\":\"https:\/\/nk7-testes.com.br\/agazeta\/wp-content\/uploads\/2024\/01\/WhatsApp-Image-2024-01-26-at-13.06.46.jpeg\",\"datePublished\":\"2024-01-26T20:47:01+00:00\",\"dateModified\":\"2024-01-27T21:01:27+00:00\",\"author\":{\"@id\":\"https:\/\/nk7-testes.com.br\/agazeta\/#\/schema\/person\/ff6b39d54d6973bfc57f4140f659b23f\"},\"breadcrumb\":{\"@id\":\"https:\/\/nk7-testes.com.br\/agazeta\/candidato-do-concurso-do-iapen-alega-que-fraturou-joelho-durante-teste-fisico-devido-precariedade-da-pista-da-ufac\/#breadcrumb\"},\"inLanguage\":\"pt-BR\",\"potentialAction\":[{\"@type\":\"ReadAction\",\"target\":[\"https:\/\/nk7-testes.com.br\/agazeta\/candidato-do-concurso-do-iapen-alega-que-fraturou-joelho-durante-teste-fisico-devido-precariedade-da-pista-da-ufac\/\"]}]},{\"@type\":\"ImageObject\",\"inLanguage\":\"pt-BR\",\"@id\":\"https:\/\/nk7-testes.com.br\/agazeta\/candidato-do-concurso-do-iapen-alega-que-fraturou-joelho-durante-teste-fisico-devido-precariedade-da-pista-da-ufac\/#primaryimage\",\"url\":\"https:\/\/nk7-testes.com.br\/agazeta\/wp-content\/uploads\/2024\/01\/WhatsApp-Image-2024-01-26-at-13.06.46.jpeg\",\"contentUrl\":\"https:\/\/nk7-testes.com.br\/agazeta\/wp-content\/uploads\/2024\/01\/WhatsApp-Image-2024-01-26-at-13.06.46.jpeg\",\"width\":800,\"height\":400},{\"@type\":\"BreadcrumbList\",\"@id\":\"https:\/\/nk7-testes.com.br\/agazeta\/candidato-do-concurso-do-iapen-alega-que-fraturou-joelho-durante-teste-fisico-devido-precariedade-da-pista-da-ufac\/#breadcrumb\",\"itemListElement\":[{\"@type\":\"ListItem\",\"position\":1,\"name\":\"In\u00edcio\",\"item\":\"https:\/\/nk7-testes.com.br\/agazeta\/\"},{\"@type\":\"ListItem\",\"position\":2,\"name\":\"Candidato do concurso do Iapen alega que fraturou joelho durante teste f\u00edsico devido precariedade da pista da Ufac\"}]},{\"@type\":\"WebSite\",\"@id\":\"https:\/\/nk7-testes.com.br\/agazeta\/#website\",\"url\":\"https:\/\/nk7-testes.com.br\/agazeta\/\",\"name\":\"Agazeta.net\",\"description\":\"Agazeta.net - Not\u00edcias de Rio Branco\/AC\",\"potentialAction\":[{\"@type\":\"SearchAction\",\"target\":{\"@type\":\"EntryPoint\",\"urlTemplate\":\"https:\/\/nk7-testes.com.br\/agazeta\/?s={search_term_string}\"},\"query-input\":{\"@type\":\"PropertyValueSpecification\",\"valueRequired\":true,\"valueName\":\"search_term_string\"}}],\"inLanguage\":\"pt-BR\"},{\"@type\":\"Person\",\"@id\":\"https:\/\/nk7-testes.com.br\/agazeta\/#\/schema\/person\/ff6b39d54d6973bfc57f4140f659b23f\",\"name\":\"Agazeta.Net\",\"url\":\"https:\/\/nk7-testes.com.br\/agazeta\/author\/agazeta\/\"}]}<\/script>\n<!-- \/ Yoast SEO plugin. -->","yoast_head_json":{"title":"Candidato do concurso do Iapen alega que fraturou joelho durante teste f\u00edsico devido precariedade da pista da Ufac - Agazeta.net","robots":{"index":"index","follow":"follow","max-snippet":"max-snippet:-1","max-image-preview":"max-image-preview:large","max-video-preview":"max-video-preview:-1"},"canonical":"https:\/\/nk7-testes.com.br\/agazeta\/candidato-do-concurso-do-iapen-alega-que-fraturou-joelho-durante-teste-fisico-devido-precariedade-da-pista-da-ufac\/","og_locale":"pt_BR","og_type":"article","og_title":"Candidato do concurso do Iapen alega que fraturou joelho durante teste f\u00edsico devido precariedade da pista da Ufac","og_description":"Candidato foi considerado inapto ap\u00f3s sofrer o acidente","og_url":"https:\/\/nk7-testes.com.br\/agazeta\/candidato-do-concurso-do-iapen-alega-que-fraturou-joelho-durante-teste-fisico-devido-precariedade-da-pista-da-ufac\/","og_site_name":"Agazeta.net","article_published_time":"2024-01-26T20:47:01+00:00","article_modified_time":"2024-01-27T21:01:27+00:00","og_image":[{"width":800,"height":400,"url":"https:\/\/nk7-testes.com.br\/agazeta\/wp-content\/uploads\/2024\/01\/WhatsApp-Image-2024-01-26-at-13.06.46.jpeg","type":"image\/jpeg"}],"author":"Agazeta.Net","twitter_card":"summary_large_image","twitter_misc":{"Escrito por":"Agazeta.Net","Est. tempo de leitura":"3 minutos"},"schema":{"@context":"https:\/\/schema.org","@graph":[{"@type":"WebPage","@id":"https:\/\/nk7-testes.com.br\/agazeta\/candidato-do-concurso-do-iapen-alega-que-fraturou-joelho-durante-teste-fisico-devido-precariedade-da-pista-da-ufac\/","url":"https:\/\/nk7-testes.com.br\/agazeta\/candidato-do-concurso-do-iapen-alega-que-fraturou-joelho-durante-teste-fisico-devido-precariedade-da-pista-da-ufac\/","name":"Candidato do concurso do Iapen alega que fraturou joelho durante teste f\u00edsico devido precariedade da pista da Ufac - Agazeta.net","isPartOf":{"@id":"https:\/\/nk7-testes.com.br\/agazeta\/#website"},"primaryImageOfPage":{"@id":"https:\/\/nk7-testes.com.br\/agazeta\/candidato-do-concurso-do-iapen-alega-que-fraturou-joelho-durante-teste-fisico-devido-precariedade-da-pista-da-ufac\/#primaryimage"},"image":{"@id":"https:\/\/nk7-testes.com.br\/agazeta\/candidato-do-concurso-do-iapen-alega-que-fraturou-joelho-durante-teste-fisico-devido-precariedade-da-pista-da-ufac\/#primaryimage"},"thumbnailUrl":"https:\/\/nk7-testes.com.br\/agazeta\/wp-content\/uploads\/2024\/01\/WhatsApp-Image-2024-01-26-at-13.06.46.jpeg","datePublished":"2024-01-26T20:47:01+00:00","dateModified":"2024-01-27T21:01:27+00:00","author":{"@id":"https:\/\/nk7-testes.com.br\/agazeta\/#\/schema\/person\/ff6b39d54d6973bfc57f4140f659b23f"},"breadcrumb":{"@id":"https:\/\/nk7-testes.com.br\/agazeta\/candidato-do-concurso-do-iapen-alega-que-fraturou-joelho-durante-teste-fisico-devido-precariedade-da-pista-da-ufac\/#breadcrumb"},"inLanguage":"pt-BR","potentialAction":[{"@type":"ReadAction","target":["https:\/\/nk7-testes.com.br\/agazeta\/candidato-do-concurso-do-iapen-alega-que-fraturou-joelho-durante-teste-fisico-devido-precariedade-da-pista-da-ufac\/"]}]},{"@type":"ImageObject","inLanguage":"pt-BR","@id":"https:\/\/nk7-testes.com.br\/agazeta\/candidato-do-concurso-do-iapen-alega-que-fraturou-joelho-durante-teste-fisico-devido-precariedade-da-pista-da-ufac\/#primaryimage","url":"https:\/\/nk7-testes.com.br\/agazeta\/wp-content\/uploads\/2024\/01\/WhatsApp-Image-2024-01-26-at-13.06.46.jpeg","contentUrl":"https:\/\/nk7-testes.com.br\/agazeta\/wp-content\/uploads\/2024\/01\/WhatsApp-Image-2024-01-26-at-13.06.46.jpeg","width":800,"height":400},{"@type":"BreadcrumbList","@id":"https:\/\/nk7-testes.com.br\/agazeta\/candidato-do-concurso-do-iapen-alega-que-fraturou-joelho-durante-teste-fisico-devido-precariedade-da-pista-da-ufac\/#breadcrumb","itemListElement":[{"@type":"ListItem","position":1,"name":"In\u00edcio","item":"https:\/\/nk7-testes.com.br\/agazeta\/"},{"@type":"ListItem","position":2,"name":"Candidato do concurso do Iapen alega que fraturou joelho durante teste f\u00edsico devido precariedade da pista da Ufac"}]},{"@type":"WebSite","@id":"https:\/\/nk7-testes.com.br\/agazeta\/#website","url":"https:\/\/nk7-testes.com.br\/agazeta\/","name":"Agazeta.net","description":"Agazeta.net - Not\u00edcias de Rio Branco\/AC","potentialAction":[{"@type":"SearchAction","target":{"@type":"EntryPoint","urlTemplate":"https:\/\/nk7-testes.com.br\/agazeta\/?s={search_term_string}"},"query-input":{"@type":"PropertyValueSpecification","valueRequired":true,"valueName":"search_term_string"}}],"inLanguage":"pt-BR"},{"@type":"Person","@id":"https:\/\/nk7-testes.com.br\/agazeta\/#\/schema\/person\/ff6b39d54d6973bfc57f4140f659b23f","name":"Agazeta.Net","url":"https:\/\/nk7-testes.com.br\/agazeta\/author\/agazeta\/"}]}},"_links":{"self":[{"href":"https:\/\/nk7-testes.com.br\/agazeta\/wp-json\/wp\/v2\/posts\/126041","targetHints":{"allow":["GET"]}}],"collection":[{"href":"https:\/\/nk7-testes.com.br\/agazeta\/wp-json\/wp\/v2\/posts"}],"about":[{"href":"https:\/\/nk7-testes.com.br\/agazeta\/wp-json\/wp\/v2\/types\/post"}],"author":[{"embeddable":true,"href":"https:\/\/nk7-testes.com.br\/agazeta\/wp-json\/wp\/v2\/users\/4"}],"replies":[{"embeddable":true,"href":"https:\/\/nk7-testes.com.br\/agazeta\/wp-json\/wp\/v2\/comments?post=126041"}],"version-history":[{"count":0,"href":"https:\/\/nk7-testes.com.br\/agazeta\/wp-json\/wp\/v2\/posts\/126041\/revisions"}],"wp:featuredmedia":[{"embeddable":true,"href":"https:\/\/nk7-testes.com.br\/agazeta\/wp-json\/wp\/v2\/media\/126049"}],"wp:attachment":[{"href":"https:\/\/nk7-testes.com.br\/agazeta\/wp-json\/wp\/v2\/media?parent=126041"}],"wp:term":[{"taxonomy":"category","embeddable":true,"href":"https:\/\/nk7-testes.com.br\/agazeta\/wp-json\/wp\/v2\/categories?post=126041"},{"taxonomy":"post_tag","embeddable":true,"href":"https:\/\/nk7-testes.com.br\/agazeta\/wp-json\/wp\/v2\/tags?post=126041"}],"curies":[{"name":"wp","href":"https:\/\/api.w.org\/{rel}","templated":true}]}}