{"id":126006,"date":"2024-01-26T10:50:21","date_gmt":"2024-01-26T15:50:21","guid":{"rendered":"https:\/\/abarevegan.com.br\/?p=126006"},"modified":"2024-01-26T11:52:12","modified_gmt":"2024-01-26T16:52:12","slug":"estado-cobra-divida-de-mais-de-r-170-mil-deixada-pelo-ex-prefeito-de-placido-de-castro","status":"publish","type":"post","link":"https:\/\/nk7-testes.com.br\/agazeta\/estado-cobra-divida-de-mais-de-r-170-mil-deixada-pelo-ex-prefeito-de-placido-de-castro\/","title":{"rendered":"Estado cobra d\u00edvida de mais de R$ 170 mil deixada pelo ex-prefeito de Pl\u00e1cido de Castro"},"content":{"rendered":"<p style=\"text-align: justify;\"><span style=\"font-weight: 400;\">A Controladoria Geral do Estado ingressou judicialmente com sete a\u00e7\u00f5es para cobrar um d\u00e9bito de R$ 175 mil deixadas pelo ex-prefeito de Pl\u00e1cido de Castro, Gedeon Barros. A controladoria alega que o valor deve ser extra\u00eddo da heran\u00e7a deixada por Barros, mas de acordo com o invent\u00e1rio aberto pela vi\u00fava, n\u00e3o existem bens para quitar esses d\u00e9bitos.\u00a0<\/span><\/p>\n<p style=\"text-align: justify;\"><span style=\"font-weight: 400;\">Durante os quatro anos que ficou \u00e0 frente da Prefeitura de Pl\u00e1cido de Castro, Gedeon Gomes recebeu 25 multas do Tribunal de Contas do Estado (TCE), multas que v\u00eam desde 2017, mas ele nunca quitou o d\u00e9bito, agora o Governo do Estado tenta receber esse d\u00e9bito\u00a0 atrav\u00e9s da heran\u00e7a do ex-prefeito.<\/span><\/p>\n<p style=\"text-align: justify;\"><span style=\"font-weight: 400;\">N\u00e3o existem bens para pagar esses d\u00e9bitos. No esp\u00f3lio aparecem uma empresa inapta, uma caminhonete que foi vendida antes da morte, e outros dois caminh\u00f5es penhorados por causa de d\u00edvidas.<\/span><\/p>\n<p style=\"text-align: justify;\"><span style=\"font-weight: 400;\">Antes do homic\u00eddio essa n\u00e3o era a \u00fanica d\u00edvida de Gedeon, ele foi morto por causa de uma conta de R$102 mil por Liomar de Jesus Marinho, que durante a gest\u00e3o foi secret\u00e1rio de esportes.\u00a0<\/span><\/p>\n<p style=\"text-align: justify;\"><span style=\"font-weight: 400;\">Quando Gedeon saiu para tentar reelei\u00e7\u00e3o, Liomar Marinho era vice na chapa e tr\u00eas meses antes do assassinato do ex-prefeito ingressou com uma a\u00e7\u00e3o na Justi\u00e7a para tentar reaver o valor da d\u00edvida que corrigida j\u00e1 estava em R$ 130 mil.<\/span><\/p>\n<h3 style=\"text-align: justify;\"><span style=\"font-weight: 400;\">Atualiza\u00e7\u00f5es sobre o caso<\/span><\/h3>\n<p style=\"text-align: justify;\"><span style=\"font-weight: 400;\">A Primeira Vara do Tribunal do J\u00fari recebeu a den\u00fancia onde est\u00e3o os sete r\u00e9us acusados de executar a morte do ex-prefeito de Pl\u00e1cido de Castro, Gedeon Barros.\u00a0<\/span><\/p>\n<p style=\"text-align: justify;\"><span style=\"font-weight: 400;\">Os dois mandantes Carm\u00e9lio da Silva Bezerra e Liomar de Jesus Marinho, conhecido como\u00a0 Mazinho, foram presos no dia 20 de dezembro. Mas a pol\u00edcia j\u00e1 havia feito a pris\u00e3o dos outros envolvidos. Jo\u00e3o da Silva Cavalcante era o condutor da moto que no dia 20 de maio de 2021, conduziu Sairo Gon\u00e7alves Petronilio at\u00e9 o local na corrente onde Gedeon parou o carro para atender o telefone.\u00a0<\/span><\/p>\n<p style=\"text-align: justify;\"><span style=\"font-weight: 400;\">Gon\u00e7alves disparou duas vezes na cabe\u00e7a do ex-prefeito. A pol\u00edcia descobriu que outro homem chamado Ant\u00f4nio Severino de Souza, foi quem montou a emboscada, sabia dos passos de Gedeon, al\u00e9m disso Cleuson Rodrigues Nascimento e Weverton Monteiro Oliveira, contrataram os dois executores.<\/span><\/p>\n<p><span style=\"font-weight: 400;\">Com informa\u00e7\u00f5es do rep\u00f3rter Adailson Oliveira para a TV Gazeta<\/span><\/p>\n","protected":false},"excerpt":{"rendered":"<p>A Controladoria Geral do Estado ingressou judicialmente com sete a\u00e7\u00f5es para cobrar um d\u00e9bito de R$ 175 mil deixadas pelo ex-prefeito de Pl\u00e1cido de Castro, Gedeon Barros. A controladoria alega que o valor deve ser extra\u00eddo da heran\u00e7a deixada por Barros, mas de acordo com o invent\u00e1rio aberto pela vi\u00fava, n\u00e3o existem bens para quitar [&hellip;]<\/p>\n","protected":false},"author":4,"featured_media":126007,"comment_status":"open","ping_status":"open","sticky":false,"template":"","format":"standard","meta":{"jnews-multi-image_gallery":[],"jnews_single_post":{"source_name":"","source_url":"","via_name":"","via_url":"","override_template":"0","override":[{"template":"custom","single_blog_custom":"110746","parallax":"1","fullscreen":"1","layout":"right-sidebar","sidebar":"default-sidebar","second_sidebar":"default-sidebar","sticky_sidebar":"1","share_position":"top","share_float_style":"share-monocrhome","show_share_counter":"1","show_view_counter":"1","show_featured":"1","show_post_meta":"1","show_post_author":"1","show_post_author_image":"1","show_post_date":"1","post_date_format":"default","post_date_format_custom":"Y\/m\/d","show_post_category":"1","show_post_reading_time":"0","post_reading_time_wpm":"300","show_zoom_button":"0","zoom_button_out_step":"2","zoom_button_in_step":"3","show_post_tag":"1","show_prev_next_post":"1","show_popup_post":"1","number_popup_post":"1","show_author_box":"0","show_post_related":"1","show_inline_post_related":"0"}],"override_image_size":"0","image_override":[{"single_post_thumbnail_size":"crop-500","single_post_gallery_size":"crop-500"}],"trending_post":"0","trending_post_position":"meta","trending_post_label":"Trending","sponsored_post":"0","sponsored_post_label":"Sponsored by","sponsored_post_name":"","sponsored_post_url":"","sponsored_post_logo_enable":"0","sponsored_post_logo":"","sponsored_post_desc":"","disable_ad":"0"},"jnews_primary_category":{"id":"","hide":""},"jnews_social_meta":{"fb_title":"","fb_description":"","fb_image":"","twitter_title":"","twitter_description":"","twitter_image":""},"jnews_review":[],"enable_review":"0","type":"percentage","name":"","summary":"","brand":"","sku":"","good":[{"good_text":""}],"bad":[{"bad_text":""}],"score_override":"0","override_value":"","rating":[{"rating_text":"","rating_number":"10"}],"price":[{"shop":"","price":"","link":"","icon":""}],"footnotes":""},"categories":[54],"tags":[],"class_list":["post-126006","post","type-post","status-publish","format-standard","has-post-thumbnail","hentry","category-cotidiano"],"yoast_head":"<!-- This site is optimized with the Yoast SEO plugin v26.5 - https:\/\/yoast.com\/wordpress\/plugins\/seo\/ -->\n<title>Estado cobra d\u00edvida de mais de R$ 170 mil deixada pelo ex-prefeito de Pl\u00e1cido de Castro - Agazeta.net<\/title>\n<meta name=\"robots\" content=\"index, follow, max-snippet:-1, max-image-preview:large, max-video-preview:-1\" \/>\n<link rel=\"canonical\" href=\"https:\/\/nk7-testes.com.br\/agazeta\/estado-cobra-divida-de-mais-de-r-170-mil-deixada-pelo-ex-prefeito-de-placido-de-castro\/\" \/>\n<meta property=\"og:locale\" content=\"pt_BR\" \/>\n<meta property=\"og:type\" content=\"article\" \/>\n<meta property=\"og:title\" content=\"Estado cobra d\u00edvida de mais de R$ 170 mil deixada pelo ex-prefeito de Pl\u00e1cido de Castro - Agazeta.net\" \/>\n<meta property=\"og:description\" content=\"A Controladoria Geral do Estado ingressou judicialmente com sete a\u00e7\u00f5es para cobrar um d\u00e9bito de R$ 175 mil deixadas pelo ex-prefeito de Pl\u00e1cido de Castro, Gedeon Barros. A controladoria alega que o valor deve ser extra\u00eddo da heran\u00e7a deixada por Barros, mas de acordo com o invent\u00e1rio aberto pela vi\u00fava, n\u00e3o existem bens para quitar [&hellip;]\" \/>\n<meta property=\"og:url\" content=\"https:\/\/nk7-testes.com.br\/agazeta\/estado-cobra-divida-de-mais-de-r-170-mil-deixada-pelo-ex-prefeito-de-placido-de-castro\/\" \/>\n<meta property=\"og:site_name\" content=\"Agazeta.net\" \/>\n<meta property=\"article:published_time\" content=\"2024-01-26T15:50:21+00:00\" \/>\n<meta property=\"article:modified_time\" content=\"2024-01-26T16:52:12+00:00\" \/>\n<meta property=\"og:image\" content=\"https:\/\/nk7-testes.com.br\/agazeta\/wp-content\/uploads\/2024\/01\/WhatsApp-Image-2024-01-26-at-10.45.03.jpeg\" \/>\n\t<meta property=\"og:image:width\" content=\"678\" \/>\n\t<meta property=\"og:image:height\" content=\"381\" \/>\n\t<meta property=\"og:image:type\" content=\"image\/jpeg\" \/>\n<meta name=\"author\" content=\"Agazeta.Net\" \/>\n<meta name=\"twitter:card\" content=\"summary_large_image\" \/>\n<meta name=\"twitter:label1\" content=\"Escrito por\" \/>\n\t<meta name=\"twitter:data1\" content=\"Agazeta.Net\" \/>\n\t<meta name=\"twitter:label2\" content=\"Est. tempo de leitura\" \/>\n\t<meta name=\"twitter:data2\" content=\"2 minutos\" \/>\n<script type=\"application\/ld+json\" class=\"yoast-schema-graph\">{\"@context\":\"https:\/\/schema.org\",\"@graph\":[{\"@type\":\"WebPage\",\"@id\":\"https:\/\/nk7-testes.com.br\/agazeta\/estado-cobra-divida-de-mais-de-r-170-mil-deixada-pelo-ex-prefeito-de-placido-de-castro\/\",\"url\":\"https:\/\/nk7-testes.com.br\/agazeta\/estado-cobra-divida-de-mais-de-r-170-mil-deixada-pelo-ex-prefeito-de-placido-de-castro\/\",\"name\":\"Estado cobra d\u00edvida de mais de R$ 170 mil deixada pelo ex-prefeito de Pl\u00e1cido de Castro - Agazeta.net\",\"isPartOf\":{\"@id\":\"https:\/\/nk7-testes.com.br\/agazeta\/#website\"},\"primaryImageOfPage\":{\"@id\":\"https:\/\/nk7-testes.com.br\/agazeta\/estado-cobra-divida-de-mais-de-r-170-mil-deixada-pelo-ex-prefeito-de-placido-de-castro\/#primaryimage\"},\"image\":{\"@id\":\"https:\/\/nk7-testes.com.br\/agazeta\/estado-cobra-divida-de-mais-de-r-170-mil-deixada-pelo-ex-prefeito-de-placido-de-castro\/#primaryimage\"},\"thumbnailUrl\":\"https:\/\/nk7-testes.com.br\/agazeta\/wp-content\/uploads\/2024\/01\/WhatsApp-Image-2024-01-26-at-10.45.03.jpeg\",\"datePublished\":\"2024-01-26T15:50:21+00:00\",\"dateModified\":\"2024-01-26T16:52:12+00:00\",\"author\":{\"@id\":\"https:\/\/nk7-testes.com.br\/agazeta\/#\/schema\/person\/ff6b39d54d6973bfc57f4140f659b23f\"},\"breadcrumb\":{\"@id\":\"https:\/\/nk7-testes.com.br\/agazeta\/estado-cobra-divida-de-mais-de-r-170-mil-deixada-pelo-ex-prefeito-de-placido-de-castro\/#breadcrumb\"},\"inLanguage\":\"pt-BR\",\"potentialAction\":[{\"@type\":\"ReadAction\",\"target\":[\"https:\/\/nk7-testes.com.br\/agazeta\/estado-cobra-divida-de-mais-de-r-170-mil-deixada-pelo-ex-prefeito-de-placido-de-castro\/\"]}]},{\"@type\":\"ImageObject\",\"inLanguage\":\"pt-BR\",\"@id\":\"https:\/\/nk7-testes.com.br\/agazeta\/estado-cobra-divida-de-mais-de-r-170-mil-deixada-pelo-ex-prefeito-de-placido-de-castro\/#primaryimage\",\"url\":\"https:\/\/nk7-testes.com.br\/agazeta\/wp-content\/uploads\/2024\/01\/WhatsApp-Image-2024-01-26-at-10.45.03.jpeg\",\"contentUrl\":\"https:\/\/nk7-testes.com.br\/agazeta\/wp-content\/uploads\/2024\/01\/WhatsApp-Image-2024-01-26-at-10.45.03.jpeg\",\"width\":678,\"height\":381},{\"@type\":\"BreadcrumbList\",\"@id\":\"https:\/\/nk7-testes.com.br\/agazeta\/estado-cobra-divida-de-mais-de-r-170-mil-deixada-pelo-ex-prefeito-de-placido-de-castro\/#breadcrumb\",\"itemListElement\":[{\"@type\":\"ListItem\",\"position\":1,\"name\":\"In\u00edcio\",\"item\":\"https:\/\/nk7-testes.com.br\/agazeta\/\"},{\"@type\":\"ListItem\",\"position\":2,\"name\":\"Estado cobra d\u00edvida de mais de R$ 170 mil deixada pelo ex-prefeito de Pl\u00e1cido de Castro\"}]},{\"@type\":\"WebSite\",\"@id\":\"https:\/\/nk7-testes.com.br\/agazeta\/#website\",\"url\":\"https:\/\/nk7-testes.com.br\/agazeta\/\",\"name\":\"Agazeta.net\",\"description\":\"Agazeta.net - Not\u00edcias de Rio Branco\/AC\",\"potentialAction\":[{\"@type\":\"SearchAction\",\"target\":{\"@type\":\"EntryPoint\",\"urlTemplate\":\"https:\/\/nk7-testes.com.br\/agazeta\/?s={search_term_string}\"},\"query-input\":{\"@type\":\"PropertyValueSpecification\",\"valueRequired\":true,\"valueName\":\"search_term_string\"}}],\"inLanguage\":\"pt-BR\"},{\"@type\":\"Person\",\"@id\":\"https:\/\/nk7-testes.com.br\/agazeta\/#\/schema\/person\/ff6b39d54d6973bfc57f4140f659b23f\",\"name\":\"Agazeta.Net\",\"url\":\"https:\/\/nk7-testes.com.br\/agazeta\/author\/agazeta\/\"}]}<\/script>\n<!-- \/ Yoast SEO plugin. -->","yoast_head_json":{"title":"Estado cobra d\u00edvida de mais de R$ 170 mil deixada pelo ex-prefeito de Pl\u00e1cido de Castro - Agazeta.net","robots":{"index":"index","follow":"follow","max-snippet":"max-snippet:-1","max-image-preview":"max-image-preview:large","max-video-preview":"max-video-preview:-1"},"canonical":"https:\/\/nk7-testes.com.br\/agazeta\/estado-cobra-divida-de-mais-de-r-170-mil-deixada-pelo-ex-prefeito-de-placido-de-castro\/","og_locale":"pt_BR","og_type":"article","og_title":"Estado cobra d\u00edvida de mais de R$ 170 mil deixada pelo ex-prefeito de Pl\u00e1cido de Castro - Agazeta.net","og_description":"A Controladoria Geral do Estado ingressou judicialmente com sete a\u00e7\u00f5es para cobrar um d\u00e9bito de R$ 175 mil deixadas pelo ex-prefeito de Pl\u00e1cido de Castro, Gedeon Barros. A controladoria alega que o valor deve ser extra\u00eddo da heran\u00e7a deixada por Barros, mas de acordo com o invent\u00e1rio aberto pela vi\u00fava, n\u00e3o existem bens para quitar [&hellip;]","og_url":"https:\/\/nk7-testes.com.br\/agazeta\/estado-cobra-divida-de-mais-de-r-170-mil-deixada-pelo-ex-prefeito-de-placido-de-castro\/","og_site_name":"Agazeta.net","article_published_time":"2024-01-26T15:50:21+00:00","article_modified_time":"2024-01-26T16:52:12+00:00","og_image":[{"width":678,"height":381,"url":"https:\/\/nk7-testes.com.br\/agazeta\/wp-content\/uploads\/2024\/01\/WhatsApp-Image-2024-01-26-at-10.45.03.jpeg","type":"image\/jpeg"}],"author":"Agazeta.Net","twitter_card":"summary_large_image","twitter_misc":{"Escrito por":"Agazeta.Net","Est. tempo de leitura":"2 minutos"},"schema":{"@context":"https:\/\/schema.org","@graph":[{"@type":"WebPage","@id":"https:\/\/nk7-testes.com.br\/agazeta\/estado-cobra-divida-de-mais-de-r-170-mil-deixada-pelo-ex-prefeito-de-placido-de-castro\/","url":"https:\/\/nk7-testes.com.br\/agazeta\/estado-cobra-divida-de-mais-de-r-170-mil-deixada-pelo-ex-prefeito-de-placido-de-castro\/","name":"Estado cobra d\u00edvida de mais de R$ 170 mil deixada pelo ex-prefeito de Pl\u00e1cido de Castro - Agazeta.net","isPartOf":{"@id":"https:\/\/nk7-testes.com.br\/agazeta\/#website"},"primaryImageOfPage":{"@id":"https:\/\/nk7-testes.com.br\/agazeta\/estado-cobra-divida-de-mais-de-r-170-mil-deixada-pelo-ex-prefeito-de-placido-de-castro\/#primaryimage"},"image":{"@id":"https:\/\/nk7-testes.com.br\/agazeta\/estado-cobra-divida-de-mais-de-r-170-mil-deixada-pelo-ex-prefeito-de-placido-de-castro\/#primaryimage"},"thumbnailUrl":"https:\/\/nk7-testes.com.br\/agazeta\/wp-content\/uploads\/2024\/01\/WhatsApp-Image-2024-01-26-at-10.45.03.jpeg","datePublished":"2024-01-26T15:50:21+00:00","dateModified":"2024-01-26T16:52:12+00:00","author":{"@id":"https:\/\/nk7-testes.com.br\/agazeta\/#\/schema\/person\/ff6b39d54d6973bfc57f4140f659b23f"},"breadcrumb":{"@id":"https:\/\/nk7-testes.com.br\/agazeta\/estado-cobra-divida-de-mais-de-r-170-mil-deixada-pelo-ex-prefeito-de-placido-de-castro\/#breadcrumb"},"inLanguage":"pt-BR","potentialAction":[{"@type":"ReadAction","target":["https:\/\/nk7-testes.com.br\/agazeta\/estado-cobra-divida-de-mais-de-r-170-mil-deixada-pelo-ex-prefeito-de-placido-de-castro\/"]}]},{"@type":"ImageObject","inLanguage":"pt-BR","@id":"https:\/\/nk7-testes.com.br\/agazeta\/estado-cobra-divida-de-mais-de-r-170-mil-deixada-pelo-ex-prefeito-de-placido-de-castro\/#primaryimage","url":"https:\/\/nk7-testes.com.br\/agazeta\/wp-content\/uploads\/2024\/01\/WhatsApp-Image-2024-01-26-at-10.45.03.jpeg","contentUrl":"https:\/\/nk7-testes.com.br\/agazeta\/wp-content\/uploads\/2024\/01\/WhatsApp-Image-2024-01-26-at-10.45.03.jpeg","width":678,"height":381},{"@type":"BreadcrumbList","@id":"https:\/\/nk7-testes.com.br\/agazeta\/estado-cobra-divida-de-mais-de-r-170-mil-deixada-pelo-ex-prefeito-de-placido-de-castro\/#breadcrumb","itemListElement":[{"@type":"ListItem","position":1,"name":"In\u00edcio","item":"https:\/\/nk7-testes.com.br\/agazeta\/"},{"@type":"ListItem","position":2,"name":"Estado cobra d\u00edvida de mais de R$ 170 mil deixada pelo ex-prefeito de Pl\u00e1cido de Castro"}]},{"@type":"WebSite","@id":"https:\/\/nk7-testes.com.br\/agazeta\/#website","url":"https:\/\/nk7-testes.com.br\/agazeta\/","name":"Agazeta.net","description":"Agazeta.net - Not\u00edcias de Rio Branco\/AC","potentialAction":[{"@type":"SearchAction","target":{"@type":"EntryPoint","urlTemplate":"https:\/\/nk7-testes.com.br\/agazeta\/?s={search_term_string}"},"query-input":{"@type":"PropertyValueSpecification","valueRequired":true,"valueName":"search_term_string"}}],"inLanguage":"pt-BR"},{"@type":"Person","@id":"https:\/\/nk7-testes.com.br\/agazeta\/#\/schema\/person\/ff6b39d54d6973bfc57f4140f659b23f","name":"Agazeta.Net","url":"https:\/\/nk7-testes.com.br\/agazeta\/author\/agazeta\/"}]}},"_links":{"self":[{"href":"https:\/\/nk7-testes.com.br\/agazeta\/wp-json\/wp\/v2\/posts\/126006","targetHints":{"allow":["GET"]}}],"collection":[{"href":"https:\/\/nk7-testes.com.br\/agazeta\/wp-json\/wp\/v2\/posts"}],"about":[{"href":"https:\/\/nk7-testes.com.br\/agazeta\/wp-json\/wp\/v2\/types\/post"}],"author":[{"embeddable":true,"href":"https:\/\/nk7-testes.com.br\/agazeta\/wp-json\/wp\/v2\/users\/4"}],"replies":[{"embeddable":true,"href":"https:\/\/nk7-testes.com.br\/agazeta\/wp-json\/wp\/v2\/comments?post=126006"}],"version-history":[{"count":0,"href":"https:\/\/nk7-testes.com.br\/agazeta\/wp-json\/wp\/v2\/posts\/126006\/revisions"}],"wp:featuredmedia":[{"embeddable":true,"href":"https:\/\/nk7-testes.com.br\/agazeta\/wp-json\/wp\/v2\/media\/126007"}],"wp:attachment":[{"href":"https:\/\/nk7-testes.com.br\/agazeta\/wp-json\/wp\/v2\/media?parent=126006"}],"wp:term":[{"taxonomy":"category","embeddable":true,"href":"https:\/\/nk7-testes.com.br\/agazeta\/wp-json\/wp\/v2\/categories?post=126006"},{"taxonomy":"post_tag","embeddable":true,"href":"https:\/\/nk7-testes.com.br\/agazeta\/wp-json\/wp\/v2\/tags?post=126006"}],"curies":[{"name":"wp","href":"https:\/\/api.w.org\/{rel}","templated":true}]}}