{"id":125941,"date":"2024-01-25T14:16:54","date_gmt":"2024-01-25T19:16:54","guid":{"rendered":"https:\/\/abarevegan.com.br\/?p=125941"},"modified":"2024-01-26T12:28:00","modified_gmt":"2024-01-26T17:28:00","slug":"campanha-antivacina-pode-ter-desacelerado-cobertura-vacinal-em-rio-branco-diz-semsa","status":"publish","type":"post","link":"https:\/\/nk7-testes.com.br\/agazeta\/campanha-antivacina-pode-ter-desacelerado-cobertura-vacinal-em-rio-branco-diz-semsa\/","title":{"rendered":"Campanha antivacina pode ter desacelerado cobertura vacinal em Rio Branco, diz Semsa"},"content":{"rendered":"<p>&nbsp;<\/p>\n<p style=\"text-align: justify;\"><span style=\"font-weight: 400;\">De acordo com a Secretaria Municipal de Sa\u00fade (Semsa), apenas 7,8% das pessoas que fazem parte dos grupos priorit\u00e1rios foram imunizadas. Idosos, gr\u00e1vidas e at\u00e9 mesmo pessoas com comorbidades, preferiram n\u00e3o se vacinar contra as doen\u00e7as infecciosas, como gripe, dengue e\u00a0 covid-19.\u00a0<\/span><\/p>\n<p style=\"text-align: justify;\"><span style=\"font-weight: 400;\">No caso da Covid-19, apenas 994 pessoas dos grupos priorit\u00e1rios est\u00e3o com todas as 3 doses em dia. Estamos falando de um p\u00fablico de quase 12 mil pessoas em Rio Branco. Essa fuga dos imunizantes ainda pode ser o resultado de uma campanha anti-vacina que ganhou for\u00e7a nas redes sociais entre os anos de 2021 e 2022.\u00a0<\/span><\/p>\n<p style=\"text-align: justify;\"><span style=\"font-weight: 400;\">Apesar da redu\u00e7\u00e3o das not\u00edcias falsas sobre os imunizantes, a popula\u00e7\u00e3o ainda se mostra insegura com a efic\u00e1cia dos rem\u00e9dios, como ressalta a diretora de vigil\u00e2ncia epidemiol\u00f3gica ,L\u00facia Monteiro.\u00a0\u00a0<\/span><\/p>\n<p style=\"text-align: justify;\"><span style=\"font-weight: 400;\">\u201cN\u00f3s tivemos uma melhora com a redu\u00e7\u00e3o das campanhas anti-vacinas,mas\u00a0 algumas pessoas ainda t\u00eam resist\u00eancia\u201d, afirma diretora\u00a0<\/span><\/p>\n<p style=\"text-align: justify;\"><span style=\"font-weight: 400;\">A Semsa comemora o crescimento no n\u00famero de crian\u00e7as que est\u00e3o sendo vacinadas com as primeiras doses. O \u00edndice chega a 80% desse p\u00fablico, mas esses n\u00fameros estavam bem abaixo com 47%, onde algumas vacinas n\u00e3o passavam de 30% da taxa de cobertura, deixando a popula\u00e7\u00e3o suscet\u00edvel a doen\u00e7as como t\u00e9tano, sarampo, difteria e paralisia infantil. Esses pais tamb\u00e9m foram atingidos pelos discursos anti-vacinas. Muitas fam\u00edlias buscaram os imunizantes porque foram obrigados, para n\u00e3o ficarem sem receber o bolsa fam\u00edlia. Outros perceberam que estavam colocando em risco a vida dos filhos.\u00a0\u00a0<\/span><\/p>\n<p style=\"text-align: justify;\"><span style=\"font-weight: 400;\">O Brasil que ficou sem casos de poliomielite durante 34 anos corre o risco de retorno da doen\u00e7a. A taxa de vacina\u00e7\u00e3o contra a paralisia infantil chegou a 95% no pa\u00eds e baixou para 70%.\u00a0<\/span><\/p>\n<p>Mat\u00e9ria feita em v\u00eddeo pelo rep\u00f3rter Adailson Oliveira para a TV Gazeta<\/p>\n","protected":false},"excerpt":{"rendered":"<p>&nbsp; De acordo com a Secretaria Municipal de Sa\u00fade (Semsa), apenas 7,8% das pessoas que fazem parte dos grupos priorit\u00e1rios foram imunizadas. Idosos, gr\u00e1vidas e at\u00e9 mesmo pessoas com comorbidades, preferiram n\u00e3o se vacinar contra as doen\u00e7as infecciosas, como gripe, dengue e\u00a0 covid-19.\u00a0 No caso da Covid-19, apenas 994 pessoas dos grupos priorit\u00e1rios est\u00e3o com [&hellip;]<\/p>\n","protected":false},"author":4,"featured_media":125942,"comment_status":"open","ping_status":"open","sticky":false,"template":"","format":"standard","meta":{"jnews-multi-image_gallery":[],"jnews_single_post":{"source_name":"","source_url":"","via_name":"","via_url":"","override_template":"0","override":[{"template":"custom","single_blog_custom":"110746","parallax":"1","fullscreen":"1","layout":"right-sidebar","sidebar":"default-sidebar","second_sidebar":"default-sidebar","sticky_sidebar":"1","share_position":"top","share_float_style":"share-monocrhome","show_share_counter":"1","show_view_counter":"1","show_featured":"1","show_post_meta":"1","show_post_author":"1","show_post_author_image":"1","show_post_date":"1","post_date_format":"default","post_date_format_custom":"Y\/m\/d","show_post_category":"1","show_post_reading_time":"0","post_reading_time_wpm":"300","show_zoom_button":"0","zoom_button_out_step":"2","zoom_button_in_step":"3","show_post_tag":"1","show_prev_next_post":"1","show_popup_post":"1","number_popup_post":"1","show_author_box":"0","show_post_related":"1","show_inline_post_related":"0"}],"override_image_size":"0","image_override":[{"single_post_thumbnail_size":"crop-500","single_post_gallery_size":"crop-500"}],"trending_post":"0","trending_post_position":"meta","trending_post_label":"Trending","sponsored_post":"0","sponsored_post_label":"Sponsored by","sponsored_post_name":"","sponsored_post_url":"","sponsored_post_logo_enable":"0","sponsored_post_logo":"","sponsored_post_desc":"","disable_ad":"0"},"jnews_primary_category":{"id":"","hide":""},"jnews_social_meta":{"fb_title":"","fb_description":"","fb_image":"","twitter_title":"","twitter_description":"","twitter_image":""},"jnews_review":[],"enable_review":"0","type":"percentage","name":"","summary":"","brand":"","sku":"","good":[{"good_text":""}],"bad":[{"bad_text":""}],"score_override":"0","override_value":"","rating":[{"rating_text":"","rating_number":"10"}],"price":[{"shop":"","price":"","link":"","icon":""}],"footnotes":""},"categories":[54],"tags":[],"class_list":["post-125941","post","type-post","status-publish","format-standard","has-post-thumbnail","hentry","category-cotidiano"],"yoast_head":"<!-- This site is optimized with the Yoast SEO plugin v26.5 - https:\/\/yoast.com\/wordpress\/plugins\/seo\/ -->\n<title>Campanha antivacina pode ter desacelerado cobertura vacinal em Rio Branco, diz Semsa - Agazeta.net<\/title>\n<meta name=\"robots\" content=\"index, follow, max-snippet:-1, max-image-preview:large, max-video-preview:-1\" \/>\n<link rel=\"canonical\" href=\"https:\/\/nk7-testes.com.br\/agazeta\/campanha-antivacina-pode-ter-desacelerado-cobertura-vacinal-em-rio-branco-diz-semsa\/\" \/>\n<meta property=\"og:locale\" content=\"pt_BR\" \/>\n<meta property=\"og:type\" content=\"article\" \/>\n<meta property=\"og:title\" content=\"Campanha antivacina pode ter desacelerado cobertura vacinal em Rio Branco, diz Semsa\" \/>\n<meta property=\"og:description\" content=\"Nova presid\u00eancia incentiva a imuniza\u00e7\u00e3o\" \/>\n<meta property=\"og:url\" content=\"https:\/\/nk7-testes.com.br\/agazeta\/campanha-antivacina-pode-ter-desacelerado-cobertura-vacinal-em-rio-branco-diz-semsa\/\" \/>\n<meta property=\"og:site_name\" content=\"Agazeta.net\" \/>\n<meta property=\"article:published_time\" content=\"2024-01-25T19:16:54+00:00\" \/>\n<meta property=\"article:modified_time\" content=\"2024-01-26T17:28:00+00:00\" \/>\n<meta property=\"og:image\" content=\"https:\/\/nk7-testes.com.br\/agazeta\/wp-content\/uploads\/2024\/01\/iStock-1299276539.jpg\" \/>\n\t<meta property=\"og:image:width\" content=\"800\" \/>\n\t<meta property=\"og:image:height\" content=\"400\" \/>\n\t<meta property=\"og:image:type\" content=\"image\/jpeg\" \/>\n<meta name=\"author\" content=\"Agazeta.Net\" \/>\n<meta name=\"twitter:card\" content=\"summary_large_image\" \/>\n<meta name=\"twitter:label1\" content=\"Escrito por\" \/>\n\t<meta name=\"twitter:data1\" content=\"Agazeta.Net\" \/>\n\t<meta name=\"twitter:label2\" content=\"Est. tempo de leitura\" \/>\n\t<meta name=\"twitter:data2\" content=\"2 minutos\" \/>\n<script type=\"application\/ld+json\" class=\"yoast-schema-graph\">{\"@context\":\"https:\/\/schema.org\",\"@graph\":[{\"@type\":\"WebPage\",\"@id\":\"https:\/\/nk7-testes.com.br\/agazeta\/campanha-antivacina-pode-ter-desacelerado-cobertura-vacinal-em-rio-branco-diz-semsa\/\",\"url\":\"https:\/\/nk7-testes.com.br\/agazeta\/campanha-antivacina-pode-ter-desacelerado-cobertura-vacinal-em-rio-branco-diz-semsa\/\",\"name\":\"Campanha antivacina pode ter desacelerado cobertura vacinal em Rio Branco, diz Semsa - Agazeta.net\",\"isPartOf\":{\"@id\":\"https:\/\/nk7-testes.com.br\/agazeta\/#website\"},\"primaryImageOfPage\":{\"@id\":\"https:\/\/nk7-testes.com.br\/agazeta\/campanha-antivacina-pode-ter-desacelerado-cobertura-vacinal-em-rio-branco-diz-semsa\/#primaryimage\"},\"image\":{\"@id\":\"https:\/\/nk7-testes.com.br\/agazeta\/campanha-antivacina-pode-ter-desacelerado-cobertura-vacinal-em-rio-branco-diz-semsa\/#primaryimage\"},\"thumbnailUrl\":\"https:\/\/nk7-testes.com.br\/agazeta\/wp-content\/uploads\/2024\/01\/iStock-1299276539.jpg\",\"datePublished\":\"2024-01-25T19:16:54+00:00\",\"dateModified\":\"2024-01-26T17:28:00+00:00\",\"author\":{\"@id\":\"https:\/\/nk7-testes.com.br\/agazeta\/#\/schema\/person\/ff6b39d54d6973bfc57f4140f659b23f\"},\"breadcrumb\":{\"@id\":\"https:\/\/nk7-testes.com.br\/agazeta\/campanha-antivacina-pode-ter-desacelerado-cobertura-vacinal-em-rio-branco-diz-semsa\/#breadcrumb\"},\"inLanguage\":\"pt-BR\",\"potentialAction\":[{\"@type\":\"ReadAction\",\"target\":[\"https:\/\/nk7-testes.com.br\/agazeta\/campanha-antivacina-pode-ter-desacelerado-cobertura-vacinal-em-rio-branco-diz-semsa\/\"]}]},{\"@type\":\"ImageObject\",\"inLanguage\":\"pt-BR\",\"@id\":\"https:\/\/nk7-testes.com.br\/agazeta\/campanha-antivacina-pode-ter-desacelerado-cobertura-vacinal-em-rio-branco-diz-semsa\/#primaryimage\",\"url\":\"https:\/\/nk7-testes.com.br\/agazeta\/wp-content\/uploads\/2024\/01\/iStock-1299276539.jpg\",\"contentUrl\":\"https:\/\/nk7-testes.com.br\/agazeta\/wp-content\/uploads\/2024\/01\/iStock-1299276539.jpg\",\"width\":800,\"height\":400},{\"@type\":\"BreadcrumbList\",\"@id\":\"https:\/\/nk7-testes.com.br\/agazeta\/campanha-antivacina-pode-ter-desacelerado-cobertura-vacinal-em-rio-branco-diz-semsa\/#breadcrumb\",\"itemListElement\":[{\"@type\":\"ListItem\",\"position\":1,\"name\":\"In\u00edcio\",\"item\":\"https:\/\/nk7-testes.com.br\/agazeta\/\"},{\"@type\":\"ListItem\",\"position\":2,\"name\":\"Campanha antivacina pode ter desacelerado cobertura vacinal em Rio Branco, diz Semsa\"}]},{\"@type\":\"WebSite\",\"@id\":\"https:\/\/nk7-testes.com.br\/agazeta\/#website\",\"url\":\"https:\/\/nk7-testes.com.br\/agazeta\/\",\"name\":\"Agazeta.net\",\"description\":\"Agazeta.net - Not\u00edcias de Rio Branco\/AC\",\"potentialAction\":[{\"@type\":\"SearchAction\",\"target\":{\"@type\":\"EntryPoint\",\"urlTemplate\":\"https:\/\/nk7-testes.com.br\/agazeta\/?s={search_term_string}\"},\"query-input\":{\"@type\":\"PropertyValueSpecification\",\"valueRequired\":true,\"valueName\":\"search_term_string\"}}],\"inLanguage\":\"pt-BR\"},{\"@type\":\"Person\",\"@id\":\"https:\/\/nk7-testes.com.br\/agazeta\/#\/schema\/person\/ff6b39d54d6973bfc57f4140f659b23f\",\"name\":\"Agazeta.Net\",\"url\":\"https:\/\/nk7-testes.com.br\/agazeta\/author\/agazeta\/\"}]}<\/script>\n<!-- \/ Yoast SEO plugin. -->","yoast_head_json":{"title":"Campanha antivacina pode ter desacelerado cobertura vacinal em Rio Branco, diz Semsa - Agazeta.net","robots":{"index":"index","follow":"follow","max-snippet":"max-snippet:-1","max-image-preview":"max-image-preview:large","max-video-preview":"max-video-preview:-1"},"canonical":"https:\/\/nk7-testes.com.br\/agazeta\/campanha-antivacina-pode-ter-desacelerado-cobertura-vacinal-em-rio-branco-diz-semsa\/","og_locale":"pt_BR","og_type":"article","og_title":"Campanha antivacina pode ter desacelerado cobertura vacinal em Rio Branco, diz Semsa","og_description":"Nova presid\u00eancia incentiva a imuniza\u00e7\u00e3o","og_url":"https:\/\/nk7-testes.com.br\/agazeta\/campanha-antivacina-pode-ter-desacelerado-cobertura-vacinal-em-rio-branco-diz-semsa\/","og_site_name":"Agazeta.net","article_published_time":"2024-01-25T19:16:54+00:00","article_modified_time":"2024-01-26T17:28:00+00:00","og_image":[{"width":800,"height":400,"url":"https:\/\/nk7-testes.com.br\/agazeta\/wp-content\/uploads\/2024\/01\/iStock-1299276539.jpg","type":"image\/jpeg"}],"author":"Agazeta.Net","twitter_card":"summary_large_image","twitter_misc":{"Escrito por":"Agazeta.Net","Est. tempo de leitura":"2 minutos"},"schema":{"@context":"https:\/\/schema.org","@graph":[{"@type":"WebPage","@id":"https:\/\/nk7-testes.com.br\/agazeta\/campanha-antivacina-pode-ter-desacelerado-cobertura-vacinal-em-rio-branco-diz-semsa\/","url":"https:\/\/nk7-testes.com.br\/agazeta\/campanha-antivacina-pode-ter-desacelerado-cobertura-vacinal-em-rio-branco-diz-semsa\/","name":"Campanha antivacina pode ter desacelerado cobertura vacinal em Rio Branco, diz Semsa - Agazeta.net","isPartOf":{"@id":"https:\/\/nk7-testes.com.br\/agazeta\/#website"},"primaryImageOfPage":{"@id":"https:\/\/nk7-testes.com.br\/agazeta\/campanha-antivacina-pode-ter-desacelerado-cobertura-vacinal-em-rio-branco-diz-semsa\/#primaryimage"},"image":{"@id":"https:\/\/nk7-testes.com.br\/agazeta\/campanha-antivacina-pode-ter-desacelerado-cobertura-vacinal-em-rio-branco-diz-semsa\/#primaryimage"},"thumbnailUrl":"https:\/\/nk7-testes.com.br\/agazeta\/wp-content\/uploads\/2024\/01\/iStock-1299276539.jpg","datePublished":"2024-01-25T19:16:54+00:00","dateModified":"2024-01-26T17:28:00+00:00","author":{"@id":"https:\/\/nk7-testes.com.br\/agazeta\/#\/schema\/person\/ff6b39d54d6973bfc57f4140f659b23f"},"breadcrumb":{"@id":"https:\/\/nk7-testes.com.br\/agazeta\/campanha-antivacina-pode-ter-desacelerado-cobertura-vacinal-em-rio-branco-diz-semsa\/#breadcrumb"},"inLanguage":"pt-BR","potentialAction":[{"@type":"ReadAction","target":["https:\/\/nk7-testes.com.br\/agazeta\/campanha-antivacina-pode-ter-desacelerado-cobertura-vacinal-em-rio-branco-diz-semsa\/"]}]},{"@type":"ImageObject","inLanguage":"pt-BR","@id":"https:\/\/nk7-testes.com.br\/agazeta\/campanha-antivacina-pode-ter-desacelerado-cobertura-vacinal-em-rio-branco-diz-semsa\/#primaryimage","url":"https:\/\/nk7-testes.com.br\/agazeta\/wp-content\/uploads\/2024\/01\/iStock-1299276539.jpg","contentUrl":"https:\/\/nk7-testes.com.br\/agazeta\/wp-content\/uploads\/2024\/01\/iStock-1299276539.jpg","width":800,"height":400},{"@type":"BreadcrumbList","@id":"https:\/\/nk7-testes.com.br\/agazeta\/campanha-antivacina-pode-ter-desacelerado-cobertura-vacinal-em-rio-branco-diz-semsa\/#breadcrumb","itemListElement":[{"@type":"ListItem","position":1,"name":"In\u00edcio","item":"https:\/\/nk7-testes.com.br\/agazeta\/"},{"@type":"ListItem","position":2,"name":"Campanha antivacina pode ter desacelerado cobertura vacinal em Rio Branco, diz Semsa"}]},{"@type":"WebSite","@id":"https:\/\/nk7-testes.com.br\/agazeta\/#website","url":"https:\/\/nk7-testes.com.br\/agazeta\/","name":"Agazeta.net","description":"Agazeta.net - Not\u00edcias de Rio Branco\/AC","potentialAction":[{"@type":"SearchAction","target":{"@type":"EntryPoint","urlTemplate":"https:\/\/nk7-testes.com.br\/agazeta\/?s={search_term_string}"},"query-input":{"@type":"PropertyValueSpecification","valueRequired":true,"valueName":"search_term_string"}}],"inLanguage":"pt-BR"},{"@type":"Person","@id":"https:\/\/nk7-testes.com.br\/agazeta\/#\/schema\/person\/ff6b39d54d6973bfc57f4140f659b23f","name":"Agazeta.Net","url":"https:\/\/nk7-testes.com.br\/agazeta\/author\/agazeta\/"}]}},"_links":{"self":[{"href":"https:\/\/nk7-testes.com.br\/agazeta\/wp-json\/wp\/v2\/posts\/125941","targetHints":{"allow":["GET"]}}],"collection":[{"href":"https:\/\/nk7-testes.com.br\/agazeta\/wp-json\/wp\/v2\/posts"}],"about":[{"href":"https:\/\/nk7-testes.com.br\/agazeta\/wp-json\/wp\/v2\/types\/post"}],"author":[{"embeddable":true,"href":"https:\/\/nk7-testes.com.br\/agazeta\/wp-json\/wp\/v2\/users\/4"}],"replies":[{"embeddable":true,"href":"https:\/\/nk7-testes.com.br\/agazeta\/wp-json\/wp\/v2\/comments?post=125941"}],"version-history":[{"count":0,"href":"https:\/\/nk7-testes.com.br\/agazeta\/wp-json\/wp\/v2\/posts\/125941\/revisions"}],"wp:featuredmedia":[{"embeddable":true,"href":"https:\/\/nk7-testes.com.br\/agazeta\/wp-json\/wp\/v2\/media\/125942"}],"wp:attachment":[{"href":"https:\/\/nk7-testes.com.br\/agazeta\/wp-json\/wp\/v2\/media?parent=125941"}],"wp:term":[{"taxonomy":"category","embeddable":true,"href":"https:\/\/nk7-testes.com.br\/agazeta\/wp-json\/wp\/v2\/categories?post=125941"},{"taxonomy":"post_tag","embeddable":true,"href":"https:\/\/nk7-testes.com.br\/agazeta\/wp-json\/wp\/v2\/tags?post=125941"}],"curies":[{"name":"wp","href":"https:\/\/api.w.org\/{rel}","templated":true}]}}