{"id":125930,"date":"2024-01-25T13:06:42","date_gmt":"2024-01-25T18:06:42","guid":{"rendered":"https:\/\/abarevegan.com.br\/?p=125930"},"modified":"2024-01-25T13:26:41","modified_gmt":"2024-01-25T18:26:41","slug":"em-rio-branco-mpac-recomenda-que-carteira-de-vacinacao-seja-apresentada-no-ato-da-matricula-escolar-infantil","status":"publish","type":"post","link":"https:\/\/nk7-testes.com.br\/agazeta\/em-rio-branco-mpac-recomenda-que-carteira-de-vacinacao-seja-apresentada-no-ato-da-matricula-escolar-infantil\/","title":{"rendered":"Em Rio Branco, MPAC recomenda que carteira de vacina\u00e7\u00e3o seja apresentada no ato da matr\u00edcula escolar infantil"},"content":{"rendered":"<p style=\"text-align: justify;\">O Minist\u00e9rio P\u00fablico do Estado do Acre (MPAC), por meio da 1\u00aa Promotoria de Justi\u00e7a Especializada de Defesa da Sa\u00fade, emitiu uma recomenda\u00e7\u00e3o ao Munic\u00edpio de Rio Branco sobre a necessidade de apresenta\u00e7\u00e3o da carteira\/caderneta de vacina\u00e7\u00e3o no ato da rematr\u00edcula e matr\u00edcula do ensino infantil, conforme determina a Lei Estadual n\u00ba 3.398\/2018, al\u00e9m de outras medidas para ampliar a vacina\u00e7\u00e3o.<\/p>\n<p style=\"text-align: justify;\">O promotor de Justi\u00e7a Ocimar da Silva Sales J\u00fanior alerta para a queda progressiva da cobertura vacinal, agravada pela pandemia da Covid-19 e a influ\u00eancia das fake news na hesita\u00e7\u00e3o em vacinar, ressaltando a necessidade de conscientiza\u00e7\u00e3o sobre a gravidade das doen\u00e7as imunopreven\u00edveis.<\/p>\n<p style=\"text-align: justify;\">Diante desse cen\u00e1rio, o MPAC recomenda que a Secretaria Municipal de Educa\u00e7\u00e3o e o Munic\u00edpio de Rio Branco providenciem, imediatamente, a mobiliza\u00e7\u00e3o das dire\u00e7\u00f5es das escolas para exigir a c\u00f3pia da apresenta\u00e7\u00e3o da carteira\/caderneta de vacina\u00e7\u00e3o no ato da matr\u00edcula e rematr\u00edcula do ensino infantil, ou providenciem na escola a confec\u00e7\u00e3o de c\u00f3pia da carteira\/caderneta original apresentada.<\/p>\n<p style=\"text-align: justify;\">Conforme o documento, alternativamente, poder\u00e1 ser entregue pelos pais ou respons\u00e1veis o documento Declara\u00e7\u00e3o de Vacina\u00e7\u00e3o em Dia (DVD), um certificado de regularidade vacinal que deve ser preenchido, obrigatoriamente, por profissional habilitado da \u00e1rea da sa\u00fade, com sua assinatura, carimbo e unidade de lota\u00e7\u00e3o.<\/p>\n<p style=\"text-align: justify;\">Caso n\u00e3o tenha sido apresentado nenhum dos documentos, dever\u00e1 ser estabelecido um prazo para que os pais ou respons\u00e1veis levem a crian\u00e7a a um posto de vacina\u00e7\u00e3o e apresentem \u00e0 dire\u00e7\u00e3o da escola o comprovante da vacina\u00e7\u00e3o, considerando que a vacina j\u00e1 esteja dispon\u00edvel para aquele grupo et\u00e1rio e no estoque do munic\u00edpio. Encerrado o prazo de rematr\u00edcula, o MPAC dever\u00e1 ser informado sobre a rela\u00e7\u00e3o de alunos que n\u00e3o tenham feito a regulariza\u00e7\u00e3o vacinal.<\/p>\n<p style=\"text-align: justify;\">O MPAC tamb\u00e9m recomenda \u00e0 Secret\u00e1ria Municipal de Sa\u00fade e ao Munic\u00edpio de Rio Branco que, em cinco dias, realizem a\u00e7\u00f5es para atender a popula\u00e7\u00e3o-alvo, incluindo disponibiliza\u00e7\u00e3o de vacina\u00e7\u00e3o em todas as Unidades de Sa\u00fade com hor\u00e1rios estendidos, busca ativa de n\u00e3o vacinados, manuten\u00e7\u00e3o de salas de vacina abertas sem restri\u00e7\u00e3o de acesso, entre outros.<\/p>\n<p style=\"text-align: justify;\">Al\u00e9m disso, solicita medidas para garantir a alimenta\u00e7\u00e3o regular do Sistema de Informa\u00e7\u00e3o do Programa Nacional de Imuniza\u00e7\u00f5es (SI-PNI), a comunica\u00e7\u00e3o de inconsist\u00eancias de dados no sistema da Rede Nacional de Dados da Sa\u00fade (RNDS) \u00e0 Secretaria de Estado da Sa\u00fade e ampla divulga\u00e7\u00e3o das campanhas de vacina\u00e7\u00e3o. O n\u00e3o acolhimento da recomenda\u00e7\u00e3o pode ensejar medidas legais, inclusive ajuizamento de a\u00e7\u00e3o civil p\u00fablica.<\/p>\n","protected":false},"excerpt":{"rendered":"<p>O Minist\u00e9rio P\u00fablico do Estado do Acre (MPAC), por meio da 1\u00aa Promotoria de Justi\u00e7a Especializada de Defesa da Sa\u00fade, emitiu uma recomenda\u00e7\u00e3o ao Munic\u00edpio de Rio Branco sobre a necessidade de apresenta\u00e7\u00e3o da carteira\/caderneta de vacina\u00e7\u00e3o no ato da rematr\u00edcula e matr\u00edcula do ensino infantil, conforme determina a Lei Estadual n\u00ba 3.398\/2018, al\u00e9m de [&hellip;]<\/p>\n","protected":false},"author":4,"featured_media":125933,"comment_status":"open","ping_status":"open","sticky":false,"template":"","format":"standard","meta":{"jnews-multi-image_gallery":[],"jnews_single_post":{"source_name":"","source_url":"","via_name":"","via_url":"","override_template":"0","override":[{"template":"custom","single_blog_custom":"110746","parallax":"1","fullscreen":"1","layout":"right-sidebar","sidebar":"default-sidebar","second_sidebar":"default-sidebar","sticky_sidebar":"1","share_position":"top","share_float_style":"share-monocrhome","show_share_counter":"1","show_view_counter":"1","show_featured":"1","show_post_meta":"1","show_post_author":"1","show_post_author_image":"1","show_post_date":"1","post_date_format":"default","post_date_format_custom":"Y\/m\/d","show_post_category":"1","show_post_reading_time":"0","post_reading_time_wpm":"300","show_zoom_button":"0","zoom_button_out_step":"2","zoom_button_in_step":"3","show_post_tag":"1","show_prev_next_post":"1","show_popup_post":"1","number_popup_post":"1","show_author_box":"0","show_post_related":"1","show_inline_post_related":"0"}],"override_image_size":"0","image_override":[{"single_post_thumbnail_size":"crop-500","single_post_gallery_size":"crop-500"}],"trending_post":"0","trending_post_position":"meta","trending_post_label":"Trending","sponsored_post":"0","sponsored_post_label":"Sponsored by","sponsored_post_name":"","sponsored_post_url":"","sponsored_post_logo_enable":"0","sponsored_post_logo":"","sponsored_post_desc":"","disable_ad":"0"},"jnews_primary_category":{"id":"","hide":""},"jnews_social_meta":{"fb_title":"","fb_description":"","fb_image":"","twitter_title":"","twitter_description":"","twitter_image":""},"jnews_review":[],"enable_review":"0","type":"percentage","name":"","summary":"","brand":"","sku":"","good":[{"good_text":""}],"bad":[{"bad_text":""}],"score_override":"0","override_value":"","rating":[{"rating_text":"","rating_number":"10"}],"price":[{"shop":"","price":"","link":"","icon":""}],"footnotes":""},"categories":[54],"tags":[],"class_list":["post-125930","post","type-post","status-publish","format-standard","has-post-thumbnail","hentry","category-cotidiano"],"yoast_head":"<!-- This site is optimized with the Yoast SEO plugin v26.5 - https:\/\/yoast.com\/wordpress\/plugins\/seo\/ -->\n<title>Em Rio Branco, MPAC recomenda que carteira de vacina\u00e7\u00e3o seja apresentada no ato da matr\u00edcula escolar infantil - Agazeta.net<\/title>\n<meta name=\"robots\" content=\"index, follow, max-snippet:-1, max-image-preview:large, max-video-preview:-1\" \/>\n<link rel=\"canonical\" href=\"https:\/\/nk7-testes.com.br\/agazeta\/em-rio-branco-mpac-recomenda-que-carteira-de-vacinacao-seja-apresentada-no-ato-da-matricula-escolar-infantil\/\" \/>\n<meta property=\"og:locale\" content=\"pt_BR\" \/>\n<meta property=\"og:type\" content=\"article\" \/>\n<meta property=\"og:title\" content=\"Em Rio Branco, MPAC recomenda que carteira de vacina\u00e7\u00e3o seja apresentada no ato da matr\u00edcula escolar infantil\" \/>\n<meta property=\"og:description\" content=\"Peido foi feito devido \u00e0 queda da cobertura vacinal\" \/>\n<meta property=\"og:url\" content=\"https:\/\/nk7-testes.com.br\/agazeta\/em-rio-branco-mpac-recomenda-que-carteira-de-vacinacao-seja-apresentada-no-ato-da-matricula-escolar-infantil\/\" \/>\n<meta property=\"og:site_name\" content=\"Agazeta.net\" \/>\n<meta property=\"article:published_time\" content=\"2024-01-25T18:06:42+00:00\" \/>\n<meta property=\"article:modified_time\" content=\"2024-01-25T18:26:41+00:00\" \/>\n<meta property=\"og:image\" content=\"https:\/\/nk7-testes.com.br\/agazeta\/wp-content\/uploads\/2024\/01\/1611360947600b6ab3cd52c_1611360947_3x2_rt.jpg\" \/>\n\t<meta property=\"og:image:width\" content=\"800\" \/>\n\t<meta property=\"og:image:height\" content=\"400\" \/>\n\t<meta property=\"og:image:type\" content=\"image\/jpeg\" \/>\n<meta name=\"author\" content=\"Agazeta.Net\" \/>\n<meta name=\"twitter:card\" content=\"summary_large_image\" \/>\n<meta name=\"twitter:label1\" content=\"Escrito por\" \/>\n\t<meta name=\"twitter:data1\" content=\"Agazeta.Net\" \/>\n\t<meta name=\"twitter:label2\" content=\"Est. tempo de leitura\" \/>\n\t<meta name=\"twitter:data2\" content=\"2 minutos\" \/>\n<script type=\"application\/ld+json\" class=\"yoast-schema-graph\">{\"@context\":\"https:\/\/schema.org\",\"@graph\":[{\"@type\":\"WebPage\",\"@id\":\"https:\/\/nk7-testes.com.br\/agazeta\/em-rio-branco-mpac-recomenda-que-carteira-de-vacinacao-seja-apresentada-no-ato-da-matricula-escolar-infantil\/\",\"url\":\"https:\/\/nk7-testes.com.br\/agazeta\/em-rio-branco-mpac-recomenda-que-carteira-de-vacinacao-seja-apresentada-no-ato-da-matricula-escolar-infantil\/\",\"name\":\"Em Rio Branco, MPAC recomenda que carteira de vacina\u00e7\u00e3o seja apresentada no ato da matr\u00edcula escolar infantil - Agazeta.net\",\"isPartOf\":{\"@id\":\"https:\/\/nk7-testes.com.br\/agazeta\/#website\"},\"primaryImageOfPage\":{\"@id\":\"https:\/\/nk7-testes.com.br\/agazeta\/em-rio-branco-mpac-recomenda-que-carteira-de-vacinacao-seja-apresentada-no-ato-da-matricula-escolar-infantil\/#primaryimage\"},\"image\":{\"@id\":\"https:\/\/nk7-testes.com.br\/agazeta\/em-rio-branco-mpac-recomenda-que-carteira-de-vacinacao-seja-apresentada-no-ato-da-matricula-escolar-infantil\/#primaryimage\"},\"thumbnailUrl\":\"https:\/\/nk7-testes.com.br\/agazeta\/wp-content\/uploads\/2024\/01\/1611360947600b6ab3cd52c_1611360947_3x2_rt.jpg\",\"datePublished\":\"2024-01-25T18:06:42+00:00\",\"dateModified\":\"2024-01-25T18:26:41+00:00\",\"author\":{\"@id\":\"https:\/\/nk7-testes.com.br\/agazeta\/#\/schema\/person\/ff6b39d54d6973bfc57f4140f659b23f\"},\"breadcrumb\":{\"@id\":\"https:\/\/nk7-testes.com.br\/agazeta\/em-rio-branco-mpac-recomenda-que-carteira-de-vacinacao-seja-apresentada-no-ato-da-matricula-escolar-infantil\/#breadcrumb\"},\"inLanguage\":\"pt-BR\",\"potentialAction\":[{\"@type\":\"ReadAction\",\"target\":[\"https:\/\/nk7-testes.com.br\/agazeta\/em-rio-branco-mpac-recomenda-que-carteira-de-vacinacao-seja-apresentada-no-ato-da-matricula-escolar-infantil\/\"]}]},{\"@type\":\"ImageObject\",\"inLanguage\":\"pt-BR\",\"@id\":\"https:\/\/nk7-testes.com.br\/agazeta\/em-rio-branco-mpac-recomenda-que-carteira-de-vacinacao-seja-apresentada-no-ato-da-matricula-escolar-infantil\/#primaryimage\",\"url\":\"https:\/\/nk7-testes.com.br\/agazeta\/wp-content\/uploads\/2024\/01\/1611360947600b6ab3cd52c_1611360947_3x2_rt.jpg\",\"contentUrl\":\"https:\/\/nk7-testes.com.br\/agazeta\/wp-content\/uploads\/2024\/01\/1611360947600b6ab3cd52c_1611360947_3x2_rt.jpg\",\"width\":800,\"height\":400},{\"@type\":\"BreadcrumbList\",\"@id\":\"https:\/\/nk7-testes.com.br\/agazeta\/em-rio-branco-mpac-recomenda-que-carteira-de-vacinacao-seja-apresentada-no-ato-da-matricula-escolar-infantil\/#breadcrumb\",\"itemListElement\":[{\"@type\":\"ListItem\",\"position\":1,\"name\":\"In\u00edcio\",\"item\":\"https:\/\/nk7-testes.com.br\/agazeta\/\"},{\"@type\":\"ListItem\",\"position\":2,\"name\":\"Em Rio Branco, MPAC recomenda que carteira de vacina\u00e7\u00e3o seja apresentada no ato da matr\u00edcula escolar infantil\"}]},{\"@type\":\"WebSite\",\"@id\":\"https:\/\/nk7-testes.com.br\/agazeta\/#website\",\"url\":\"https:\/\/nk7-testes.com.br\/agazeta\/\",\"name\":\"Agazeta.net\",\"description\":\"Agazeta.net - Not\u00edcias de Rio Branco\/AC\",\"potentialAction\":[{\"@type\":\"SearchAction\",\"target\":{\"@type\":\"EntryPoint\",\"urlTemplate\":\"https:\/\/nk7-testes.com.br\/agazeta\/?s={search_term_string}\"},\"query-input\":{\"@type\":\"PropertyValueSpecification\",\"valueRequired\":true,\"valueName\":\"search_term_string\"}}],\"inLanguage\":\"pt-BR\"},{\"@type\":\"Person\",\"@id\":\"https:\/\/nk7-testes.com.br\/agazeta\/#\/schema\/person\/ff6b39d54d6973bfc57f4140f659b23f\",\"name\":\"Agazeta.Net\",\"url\":\"https:\/\/nk7-testes.com.br\/agazeta\/author\/agazeta\/\"}]}<\/script>\n<!-- \/ Yoast SEO plugin. -->","yoast_head_json":{"title":"Em Rio Branco, MPAC recomenda que carteira de vacina\u00e7\u00e3o seja apresentada no ato da matr\u00edcula escolar infantil - Agazeta.net","robots":{"index":"index","follow":"follow","max-snippet":"max-snippet:-1","max-image-preview":"max-image-preview:large","max-video-preview":"max-video-preview:-1"},"canonical":"https:\/\/nk7-testes.com.br\/agazeta\/em-rio-branco-mpac-recomenda-que-carteira-de-vacinacao-seja-apresentada-no-ato-da-matricula-escolar-infantil\/","og_locale":"pt_BR","og_type":"article","og_title":"Em Rio Branco, MPAC recomenda que carteira de vacina\u00e7\u00e3o seja apresentada no ato da matr\u00edcula escolar infantil","og_description":"Peido foi feito devido \u00e0 queda da cobertura vacinal","og_url":"https:\/\/nk7-testes.com.br\/agazeta\/em-rio-branco-mpac-recomenda-que-carteira-de-vacinacao-seja-apresentada-no-ato-da-matricula-escolar-infantil\/","og_site_name":"Agazeta.net","article_published_time":"2024-01-25T18:06:42+00:00","article_modified_time":"2024-01-25T18:26:41+00:00","og_image":[{"width":800,"height":400,"url":"https:\/\/nk7-testes.com.br\/agazeta\/wp-content\/uploads\/2024\/01\/1611360947600b6ab3cd52c_1611360947_3x2_rt.jpg","type":"image\/jpeg"}],"author":"Agazeta.Net","twitter_card":"summary_large_image","twitter_misc":{"Escrito por":"Agazeta.Net","Est. tempo de leitura":"2 minutos"},"schema":{"@context":"https:\/\/schema.org","@graph":[{"@type":"WebPage","@id":"https:\/\/nk7-testes.com.br\/agazeta\/em-rio-branco-mpac-recomenda-que-carteira-de-vacinacao-seja-apresentada-no-ato-da-matricula-escolar-infantil\/","url":"https:\/\/nk7-testes.com.br\/agazeta\/em-rio-branco-mpac-recomenda-que-carteira-de-vacinacao-seja-apresentada-no-ato-da-matricula-escolar-infantil\/","name":"Em Rio Branco, MPAC recomenda que carteira de vacina\u00e7\u00e3o seja apresentada no ato da matr\u00edcula escolar infantil - Agazeta.net","isPartOf":{"@id":"https:\/\/nk7-testes.com.br\/agazeta\/#website"},"primaryImageOfPage":{"@id":"https:\/\/nk7-testes.com.br\/agazeta\/em-rio-branco-mpac-recomenda-que-carteira-de-vacinacao-seja-apresentada-no-ato-da-matricula-escolar-infantil\/#primaryimage"},"image":{"@id":"https:\/\/nk7-testes.com.br\/agazeta\/em-rio-branco-mpac-recomenda-que-carteira-de-vacinacao-seja-apresentada-no-ato-da-matricula-escolar-infantil\/#primaryimage"},"thumbnailUrl":"https:\/\/nk7-testes.com.br\/agazeta\/wp-content\/uploads\/2024\/01\/1611360947600b6ab3cd52c_1611360947_3x2_rt.jpg","datePublished":"2024-01-25T18:06:42+00:00","dateModified":"2024-01-25T18:26:41+00:00","author":{"@id":"https:\/\/nk7-testes.com.br\/agazeta\/#\/schema\/person\/ff6b39d54d6973bfc57f4140f659b23f"},"breadcrumb":{"@id":"https:\/\/nk7-testes.com.br\/agazeta\/em-rio-branco-mpac-recomenda-que-carteira-de-vacinacao-seja-apresentada-no-ato-da-matricula-escolar-infantil\/#breadcrumb"},"inLanguage":"pt-BR","potentialAction":[{"@type":"ReadAction","target":["https:\/\/nk7-testes.com.br\/agazeta\/em-rio-branco-mpac-recomenda-que-carteira-de-vacinacao-seja-apresentada-no-ato-da-matricula-escolar-infantil\/"]}]},{"@type":"ImageObject","inLanguage":"pt-BR","@id":"https:\/\/nk7-testes.com.br\/agazeta\/em-rio-branco-mpac-recomenda-que-carteira-de-vacinacao-seja-apresentada-no-ato-da-matricula-escolar-infantil\/#primaryimage","url":"https:\/\/nk7-testes.com.br\/agazeta\/wp-content\/uploads\/2024\/01\/1611360947600b6ab3cd52c_1611360947_3x2_rt.jpg","contentUrl":"https:\/\/nk7-testes.com.br\/agazeta\/wp-content\/uploads\/2024\/01\/1611360947600b6ab3cd52c_1611360947_3x2_rt.jpg","width":800,"height":400},{"@type":"BreadcrumbList","@id":"https:\/\/nk7-testes.com.br\/agazeta\/em-rio-branco-mpac-recomenda-que-carteira-de-vacinacao-seja-apresentada-no-ato-da-matricula-escolar-infantil\/#breadcrumb","itemListElement":[{"@type":"ListItem","position":1,"name":"In\u00edcio","item":"https:\/\/nk7-testes.com.br\/agazeta\/"},{"@type":"ListItem","position":2,"name":"Em Rio Branco, MPAC recomenda que carteira de vacina\u00e7\u00e3o seja apresentada no ato da matr\u00edcula escolar infantil"}]},{"@type":"WebSite","@id":"https:\/\/nk7-testes.com.br\/agazeta\/#website","url":"https:\/\/nk7-testes.com.br\/agazeta\/","name":"Agazeta.net","description":"Agazeta.net - Not\u00edcias de Rio Branco\/AC","potentialAction":[{"@type":"SearchAction","target":{"@type":"EntryPoint","urlTemplate":"https:\/\/nk7-testes.com.br\/agazeta\/?s={search_term_string}"},"query-input":{"@type":"PropertyValueSpecification","valueRequired":true,"valueName":"search_term_string"}}],"inLanguage":"pt-BR"},{"@type":"Person","@id":"https:\/\/nk7-testes.com.br\/agazeta\/#\/schema\/person\/ff6b39d54d6973bfc57f4140f659b23f","name":"Agazeta.Net","url":"https:\/\/nk7-testes.com.br\/agazeta\/author\/agazeta\/"}]}},"_links":{"self":[{"href":"https:\/\/nk7-testes.com.br\/agazeta\/wp-json\/wp\/v2\/posts\/125930","targetHints":{"allow":["GET"]}}],"collection":[{"href":"https:\/\/nk7-testes.com.br\/agazeta\/wp-json\/wp\/v2\/posts"}],"about":[{"href":"https:\/\/nk7-testes.com.br\/agazeta\/wp-json\/wp\/v2\/types\/post"}],"author":[{"embeddable":true,"href":"https:\/\/nk7-testes.com.br\/agazeta\/wp-json\/wp\/v2\/users\/4"}],"replies":[{"embeddable":true,"href":"https:\/\/nk7-testes.com.br\/agazeta\/wp-json\/wp\/v2\/comments?post=125930"}],"version-history":[{"count":0,"href":"https:\/\/nk7-testes.com.br\/agazeta\/wp-json\/wp\/v2\/posts\/125930\/revisions"}],"wp:featuredmedia":[{"embeddable":true,"href":"https:\/\/nk7-testes.com.br\/agazeta\/wp-json\/wp\/v2\/media\/125933"}],"wp:attachment":[{"href":"https:\/\/nk7-testes.com.br\/agazeta\/wp-json\/wp\/v2\/media?parent=125930"}],"wp:term":[{"taxonomy":"category","embeddable":true,"href":"https:\/\/nk7-testes.com.br\/agazeta\/wp-json\/wp\/v2\/categories?post=125930"},{"taxonomy":"post_tag","embeddable":true,"href":"https:\/\/nk7-testes.com.br\/agazeta\/wp-json\/wp\/v2\/tags?post=125930"}],"curies":[{"name":"wp","href":"https:\/\/api.w.org\/{rel}","templated":true}]}}