{"id":125861,"date":"2024-01-24T13:43:45","date_gmt":"2024-01-24T18:43:45","guid":{"rendered":"https:\/\/abarevegan.com.br\/?p=125861"},"modified":"2024-01-24T13:44:53","modified_gmt":"2024-01-24T18:44:53","slug":"depressao-e-ansiedade-sao-as-principais-doencas-identificadas-em-professores-afirma-presidente-do-sinteac","status":"publish","type":"post","link":"https:\/\/nk7-testes.com.br\/agazeta\/depressao-e-ansiedade-sao-as-principais-doencas-identificadas-em-professores-afirma-presidente-do-sinteac\/","title":{"rendered":"Depress\u00e3o e ansiedade s\u00e3o as principais doen\u00e7as identificadas em professores, afirma presidente do Sinteac"},"content":{"rendered":"<p style=\"text-align: justify;\"><span style=\"font-weight: 400;\">Por <\/span><b>Kerolayne Fran\u00e7a<\/b><span style=\"font-weight: 400;\"> para o <\/span><b>Agazeta.net<\/b><\/p>\n<p style=\"text-align: justify;\"><span style=\"font-weight: 400;\">Professora e presidente do Sindicato dos Trabalhadores em Educa\u00e7\u00e3o do Estado do Acre (Sinteac), Rosana Nascimento, compareceu ao programa Gazeta Entrevista, nesta segunda-feira (22), para falar sobre a nova lei de diretrizes de valoriza\u00e7\u00e3o dos profissionais da educa\u00e7\u00e3o, e tamb\u00e9m, referente ao conflito agr\u00e1rio na regi\u00e3o sul do Amazonas.<\/span><\/p>\n<p style=\"text-align: justify;\"><span style=\"font-weight: 400;\">A presidente relata que existia apenas uma proposta de diretrizes referente a essa valoriza\u00e7\u00e3o dos educadores. O atual presidente do Brasil Luiz In\u00e1cio Lula da Silva (PT) aprovou a Lei de N\u00ba 14.817, em 16 de janeiro de 2024, que refor\u00e7a a lei do piso salarial, promo\u00e7\u00e3o, condi\u00e7\u00f5es e tempo de trabalho, entre outros.<\/span><\/p>\n<p style=\"text-align: justify;\"><span style=\"font-weight: 400;\">\u201cEla vem refor\u00e7ar nossa luta, nos ajudar na mesa de negocia\u00e7\u00e3o, nas prefeituras e no pr\u00f3prio Estado. Ela veio em um momento muito prop\u00edcio, porque j\u00e1 est\u00e1 a\u00ed o reajuste do piso, j\u00e1 foi publicado de 3,62%\u201d, destaca Nascimento.<\/span><\/p>\n<p style=\"text-align: justify;\"><span style=\"font-weight: 400;\">A presidente do Sinteac destaca que no atual governo, a educa\u00e7\u00e3o passa por muitas melhoras. \u201cT\u00ednhamos sofrido um retrocesso enorme da educa\u00e7\u00e3o e agora com di\u00e1logo a gente tem avan\u00e7ado e retomado muitas pautas, uma dessas era mais recursos na educa\u00e7\u00e3o\u201d, ressalta.<\/span><\/p>\n<p style=\"text-align: justify;\"><span style=\"font-weight: 400;\">Segundo Rosana Nascimento, a sa\u00fade dos professores hoje est\u00e1 preocupante. O Sindicato possui atendimento psicol\u00f3gico e foi identificado que a depress\u00e3o e ansiedade s\u00e3o algumas das principais doen\u00e7as, e que desencadeiam outros tipos de doen\u00e7as.<\/span><\/p>\n<p style=\"text-align: justify;\"><span style=\"font-weight: 400;\">\u201cExiste uma imensidade de profissionais afastados com laudo m\u00e9dico que n\u00e3o tem mais condi\u00e7\u00e3o de estar em sala de aula\u201d, conta a mulher.<\/span><\/p>\n<p style=\"text-align: justify;\"><strong>Conflito Agr\u00e1rio<\/strong><\/p>\n<p style=\"text-align: justify;\"><span style=\"font-weight: 400;\">Rosana Nascimento tamb\u00e9m faz parte da Federa\u00e7\u00e3o das Associa\u00e7\u00f5es, Cooperativas de Produtores Rurais do Estado do Acre. Ela explica que a regi\u00e3o do sul do Amazonas est\u00e1 em conflito agr\u00e1rio, pois fica distante do Poder P\u00fablico, visto que Manaus fica distante dessa localidade.<\/span><\/p>\n<p style=\"text-align: justify;\"><span style=\"font-weight: 400;\">A Federa\u00e7\u00e3o conseguiu fazer com que o Instituto Nacional de Coloniza\u00e7\u00e3o e Reforma Agr\u00e1ria (Incra) arrecadasse esses locais. S\u00e3o dois territ\u00f3rios, sendo eles o Seringal Novo Andir\u00e1, que possui mais de 56 mil hectares, e o Seringal Novo Natal, com mais de 156 mil hectares. Os dois foram palcos de conflito, morte, assassinatos, den\u00fancia e presen\u00e7a de Pol\u00edcia Federal (PF) atuando no local.<\/span><\/p>\n<p style=\"text-align: justify;\"><span style=\"font-weight: 400;\">Segundo a professora, ap\u00f3s o Instituto Nacional de Coloniza\u00e7\u00e3o e Reforma Agr\u00e1ria (Incra) arrecadar a \u00e1rea, ele vai dizer o que fazer com a terra. Atualmente, essa situa\u00e7\u00e3o est\u00e1 na fase de pegar os documentos de cart\u00f3rio e as Secretarias de Patrim\u00f4nio do Estado de Manaus passar os documentos para o Incra.<\/span><\/p>\n<p style=\"text-align: justify;\"><span style=\"font-weight: 400;\">\u201cO Incra pega esses documentos e realiza o processo de destinar a \u00e1rea, se ele vai ser reserva florestal, extrativista, assentamento ou se vai regularizar as fam\u00edlias\u201d, explica a presidente.<\/span><\/p>\n<p style=\"text-align: justify;\"><span style=\"font-weight: 400;\">Nascimento relata, ainda, que no seringal Novo Andir\u00e1, que fica em Boca do Acre, envolve mais de 3.500 fam\u00edlias. Em Novo Natal atinge mais de 5 mil fam\u00edlias, devido ser uma \u00e1rea enorme.<\/span><\/p>\n<p style=\"text-align: justify;\"><i><span style=\"font-weight: 400;\">Estagi\u00e1ria supervisionada por Gisele Almeida<\/span><\/i><\/p>\n","protected":false},"excerpt":{"rendered":"<p>Por Kerolayne Fran\u00e7a para o Agazeta.net Professora e presidente do Sindicato dos Trabalhadores em Educa\u00e7\u00e3o do Estado do Acre (Sinteac), Rosana Nascimento, compareceu ao programa Gazeta Entrevista, nesta segunda-feira (22), para falar sobre a nova lei de diretrizes de valoriza\u00e7\u00e3o dos profissionais da educa\u00e7\u00e3o, e tamb\u00e9m, referente ao conflito agr\u00e1rio na regi\u00e3o sul do Amazonas. [&hellip;]<\/p>\n","protected":false},"author":4,"featured_media":125862,"comment_status":"open","ping_status":"open","sticky":false,"template":"","format":"standard","meta":{"jnews-multi-image_gallery":[],"jnews_single_post":{"source_name":"","source_url":"","via_name":"","via_url":"","override_template":"0","override":[{"template":"custom","single_blog_custom":"110746","parallax":"1","fullscreen":"1","layout":"right-sidebar","sidebar":"default-sidebar","second_sidebar":"default-sidebar","sticky_sidebar":"1","share_position":"top","share_float_style":"share-monocrhome","show_share_counter":"1","show_view_counter":"1","show_featured":"1","show_post_meta":"1","show_post_author":"1","show_post_author_image":"1","show_post_date":"1","post_date_format":"default","post_date_format_custom":"Y\/m\/d","show_post_category":"1","show_post_reading_time":"0","post_reading_time_wpm":"300","show_zoom_button":"0","zoom_button_out_step":"2","zoom_button_in_step":"3","show_post_tag":"1","show_prev_next_post":"1","show_popup_post":"1","number_popup_post":"1","show_author_box":"0","show_post_related":"1","show_inline_post_related":"0"}],"override_image_size":"0","image_override":[{"single_post_thumbnail_size":"crop-500","single_post_gallery_size":"crop-500"}],"trending_post":"0","trending_post_position":"meta","trending_post_label":"Trending","sponsored_post":"0","sponsored_post_label":"Sponsored by","sponsored_post_name":"","sponsored_post_url":"","sponsored_post_logo_enable":"0","sponsored_post_logo":"","sponsored_post_desc":"","disable_ad":"0"},"jnews_primary_category":{"id":"","hide":""},"jnews_social_meta":{"fb_title":"","fb_description":"","fb_image":"","twitter_title":"","twitter_description":"","twitter_image":""},"jnews_review":[],"enable_review":"0","type":"percentage","name":"","summary":"","brand":"","sku":"","good":[{"good_text":""}],"bad":[{"bad_text":""}],"score_override":"0","override_value":"","rating":[{"rating_text":"","rating_number":"10"}],"price":[{"shop":"","price":"","link":"","icon":""}],"footnotes":""},"categories":[54],"tags":[],"class_list":["post-125861","post","type-post","status-publish","format-standard","has-post-thumbnail","hentry","category-cotidiano"],"yoast_head":"<!-- This site is optimized with the Yoast SEO plugin v26.5 - https:\/\/yoast.com\/wordpress\/plugins\/seo\/ -->\n<title>Depress\u00e3o e ansiedade s\u00e3o as principais doen\u00e7as identificadas em professores, afirma presidente do Sinteac - Agazeta.net<\/title>\n<meta name=\"robots\" content=\"index, follow, max-snippet:-1, max-image-preview:large, max-video-preview:-1\" \/>\n<link rel=\"canonical\" href=\"https:\/\/nk7-testes.com.br\/agazeta\/depressao-e-ansiedade-sao-as-principais-doencas-identificadas-em-professores-afirma-presidente-do-sinteac\/\" \/>\n<meta property=\"og:locale\" content=\"pt_BR\" \/>\n<meta property=\"og:type\" content=\"article\" \/>\n<meta property=\"og:title\" content=\"Depress\u00e3o e ansiedade s\u00e3o as principais doen\u00e7as identificadas em professores, afirma presidente do Sinteac\" \/>\n<meta property=\"og:description\" content=\"No programa Gazeta Entrevista, Rosana Nascimento tamb\u00e9m comentou sobre o conflito agr\u00e1rio no Amazonas\" \/>\n<meta property=\"og:url\" content=\"https:\/\/nk7-testes.com.br\/agazeta\/depressao-e-ansiedade-sao-as-principais-doencas-identificadas-em-professores-afirma-presidente-do-sinteac\/\" \/>\n<meta property=\"og:site_name\" content=\"Agazeta.net\" \/>\n<meta property=\"article:published_time\" content=\"2024-01-24T18:43:45+00:00\" \/>\n<meta property=\"article:modified_time\" content=\"2024-01-24T18:44:53+00:00\" \/>\n<meta property=\"og:image\" content=\"https:\/\/nk7-testes.com.br\/agazeta\/wp-content\/uploads\/2024\/01\/WhatsApp-Image-2024-01-24-at-13.36.33.jpeg\" \/>\n\t<meta property=\"og:image:width\" content=\"960\" \/>\n\t<meta property=\"og:image:height\" content=\"960\" \/>\n\t<meta property=\"og:image:type\" content=\"image\/jpeg\" \/>\n<meta name=\"author\" content=\"Agazeta.Net\" \/>\n<meta name=\"twitter:card\" content=\"summary_large_image\" \/>\n<meta name=\"twitter:label1\" content=\"Escrito por\" \/>\n\t<meta name=\"twitter:data1\" content=\"Agazeta.Net\" \/>\n\t<meta name=\"twitter:label2\" content=\"Est. tempo de leitura\" \/>\n\t<meta name=\"twitter:data2\" content=\"3 minutos\" \/>\n<script type=\"application\/ld+json\" class=\"yoast-schema-graph\">{\"@context\":\"https:\/\/schema.org\",\"@graph\":[{\"@type\":\"WebPage\",\"@id\":\"https:\/\/nk7-testes.com.br\/agazeta\/depressao-e-ansiedade-sao-as-principais-doencas-identificadas-em-professores-afirma-presidente-do-sinteac\/\",\"url\":\"https:\/\/nk7-testes.com.br\/agazeta\/depressao-e-ansiedade-sao-as-principais-doencas-identificadas-em-professores-afirma-presidente-do-sinteac\/\",\"name\":\"Depress\u00e3o e ansiedade s\u00e3o as principais doen\u00e7as identificadas em professores, afirma presidente do Sinteac - Agazeta.net\",\"isPartOf\":{\"@id\":\"https:\/\/nk7-testes.com.br\/agazeta\/#website\"},\"primaryImageOfPage\":{\"@id\":\"https:\/\/nk7-testes.com.br\/agazeta\/depressao-e-ansiedade-sao-as-principais-doencas-identificadas-em-professores-afirma-presidente-do-sinteac\/#primaryimage\"},\"image\":{\"@id\":\"https:\/\/nk7-testes.com.br\/agazeta\/depressao-e-ansiedade-sao-as-principais-doencas-identificadas-em-professores-afirma-presidente-do-sinteac\/#primaryimage\"},\"thumbnailUrl\":\"https:\/\/nk7-testes.com.br\/agazeta\/wp-content\/uploads\/2024\/01\/WhatsApp-Image-2024-01-24-at-13.36.33.jpeg\",\"datePublished\":\"2024-01-24T18:43:45+00:00\",\"dateModified\":\"2024-01-24T18:44:53+00:00\",\"author\":{\"@id\":\"https:\/\/nk7-testes.com.br\/agazeta\/#\/schema\/person\/ff6b39d54d6973bfc57f4140f659b23f\"},\"breadcrumb\":{\"@id\":\"https:\/\/nk7-testes.com.br\/agazeta\/depressao-e-ansiedade-sao-as-principais-doencas-identificadas-em-professores-afirma-presidente-do-sinteac\/#breadcrumb\"},\"inLanguage\":\"pt-BR\",\"potentialAction\":[{\"@type\":\"ReadAction\",\"target\":[\"https:\/\/nk7-testes.com.br\/agazeta\/depressao-e-ansiedade-sao-as-principais-doencas-identificadas-em-professores-afirma-presidente-do-sinteac\/\"]}]},{\"@type\":\"ImageObject\",\"inLanguage\":\"pt-BR\",\"@id\":\"https:\/\/nk7-testes.com.br\/agazeta\/depressao-e-ansiedade-sao-as-principais-doencas-identificadas-em-professores-afirma-presidente-do-sinteac\/#primaryimage\",\"url\":\"https:\/\/nk7-testes.com.br\/agazeta\/wp-content\/uploads\/2024\/01\/WhatsApp-Image-2024-01-24-at-13.36.33.jpeg\",\"contentUrl\":\"https:\/\/nk7-testes.com.br\/agazeta\/wp-content\/uploads\/2024\/01\/WhatsApp-Image-2024-01-24-at-13.36.33.jpeg\",\"width\":960,\"height\":960},{\"@type\":\"BreadcrumbList\",\"@id\":\"https:\/\/nk7-testes.com.br\/agazeta\/depressao-e-ansiedade-sao-as-principais-doencas-identificadas-em-professores-afirma-presidente-do-sinteac\/#breadcrumb\",\"itemListElement\":[{\"@type\":\"ListItem\",\"position\":1,\"name\":\"In\u00edcio\",\"item\":\"https:\/\/nk7-testes.com.br\/agazeta\/\"},{\"@type\":\"ListItem\",\"position\":2,\"name\":\"Depress\u00e3o e ansiedade s\u00e3o as principais doen\u00e7as identificadas em professores, afirma presidente do Sinteac\"}]},{\"@type\":\"WebSite\",\"@id\":\"https:\/\/nk7-testes.com.br\/agazeta\/#website\",\"url\":\"https:\/\/nk7-testes.com.br\/agazeta\/\",\"name\":\"Agazeta.net\",\"description\":\"Agazeta.net - Not\u00edcias de Rio Branco\/AC\",\"potentialAction\":[{\"@type\":\"SearchAction\",\"target\":{\"@type\":\"EntryPoint\",\"urlTemplate\":\"https:\/\/nk7-testes.com.br\/agazeta\/?s={search_term_string}\"},\"query-input\":{\"@type\":\"PropertyValueSpecification\",\"valueRequired\":true,\"valueName\":\"search_term_string\"}}],\"inLanguage\":\"pt-BR\"},{\"@type\":\"Person\",\"@id\":\"https:\/\/nk7-testes.com.br\/agazeta\/#\/schema\/person\/ff6b39d54d6973bfc57f4140f659b23f\",\"name\":\"Agazeta.Net\",\"url\":\"https:\/\/nk7-testes.com.br\/agazeta\/author\/agazeta\/\"}]}<\/script>\n<!-- \/ Yoast SEO plugin. -->","yoast_head_json":{"title":"Depress\u00e3o e ansiedade s\u00e3o as principais doen\u00e7as identificadas em professores, afirma presidente do Sinteac - Agazeta.net","robots":{"index":"index","follow":"follow","max-snippet":"max-snippet:-1","max-image-preview":"max-image-preview:large","max-video-preview":"max-video-preview:-1"},"canonical":"https:\/\/nk7-testes.com.br\/agazeta\/depressao-e-ansiedade-sao-as-principais-doencas-identificadas-em-professores-afirma-presidente-do-sinteac\/","og_locale":"pt_BR","og_type":"article","og_title":"Depress\u00e3o e ansiedade s\u00e3o as principais doen\u00e7as identificadas em professores, afirma presidente do Sinteac","og_description":"No programa Gazeta Entrevista, Rosana Nascimento tamb\u00e9m comentou sobre o conflito agr\u00e1rio no Amazonas","og_url":"https:\/\/nk7-testes.com.br\/agazeta\/depressao-e-ansiedade-sao-as-principais-doencas-identificadas-em-professores-afirma-presidente-do-sinteac\/","og_site_name":"Agazeta.net","article_published_time":"2024-01-24T18:43:45+00:00","article_modified_time":"2024-01-24T18:44:53+00:00","og_image":[{"width":960,"height":960,"url":"https:\/\/nk7-testes.com.br\/agazeta\/wp-content\/uploads\/2024\/01\/WhatsApp-Image-2024-01-24-at-13.36.33.jpeg","type":"image\/jpeg"}],"author":"Agazeta.Net","twitter_card":"summary_large_image","twitter_misc":{"Escrito por":"Agazeta.Net","Est. tempo de leitura":"3 minutos"},"schema":{"@context":"https:\/\/schema.org","@graph":[{"@type":"WebPage","@id":"https:\/\/nk7-testes.com.br\/agazeta\/depressao-e-ansiedade-sao-as-principais-doencas-identificadas-em-professores-afirma-presidente-do-sinteac\/","url":"https:\/\/nk7-testes.com.br\/agazeta\/depressao-e-ansiedade-sao-as-principais-doencas-identificadas-em-professores-afirma-presidente-do-sinteac\/","name":"Depress\u00e3o e ansiedade s\u00e3o as principais doen\u00e7as identificadas em professores, afirma presidente do Sinteac - Agazeta.net","isPartOf":{"@id":"https:\/\/nk7-testes.com.br\/agazeta\/#website"},"primaryImageOfPage":{"@id":"https:\/\/nk7-testes.com.br\/agazeta\/depressao-e-ansiedade-sao-as-principais-doencas-identificadas-em-professores-afirma-presidente-do-sinteac\/#primaryimage"},"image":{"@id":"https:\/\/nk7-testes.com.br\/agazeta\/depressao-e-ansiedade-sao-as-principais-doencas-identificadas-em-professores-afirma-presidente-do-sinteac\/#primaryimage"},"thumbnailUrl":"https:\/\/nk7-testes.com.br\/agazeta\/wp-content\/uploads\/2024\/01\/WhatsApp-Image-2024-01-24-at-13.36.33.jpeg","datePublished":"2024-01-24T18:43:45+00:00","dateModified":"2024-01-24T18:44:53+00:00","author":{"@id":"https:\/\/nk7-testes.com.br\/agazeta\/#\/schema\/person\/ff6b39d54d6973bfc57f4140f659b23f"},"breadcrumb":{"@id":"https:\/\/nk7-testes.com.br\/agazeta\/depressao-e-ansiedade-sao-as-principais-doencas-identificadas-em-professores-afirma-presidente-do-sinteac\/#breadcrumb"},"inLanguage":"pt-BR","potentialAction":[{"@type":"ReadAction","target":["https:\/\/nk7-testes.com.br\/agazeta\/depressao-e-ansiedade-sao-as-principais-doencas-identificadas-em-professores-afirma-presidente-do-sinteac\/"]}]},{"@type":"ImageObject","inLanguage":"pt-BR","@id":"https:\/\/nk7-testes.com.br\/agazeta\/depressao-e-ansiedade-sao-as-principais-doencas-identificadas-em-professores-afirma-presidente-do-sinteac\/#primaryimage","url":"https:\/\/nk7-testes.com.br\/agazeta\/wp-content\/uploads\/2024\/01\/WhatsApp-Image-2024-01-24-at-13.36.33.jpeg","contentUrl":"https:\/\/nk7-testes.com.br\/agazeta\/wp-content\/uploads\/2024\/01\/WhatsApp-Image-2024-01-24-at-13.36.33.jpeg","width":960,"height":960},{"@type":"BreadcrumbList","@id":"https:\/\/nk7-testes.com.br\/agazeta\/depressao-e-ansiedade-sao-as-principais-doencas-identificadas-em-professores-afirma-presidente-do-sinteac\/#breadcrumb","itemListElement":[{"@type":"ListItem","position":1,"name":"In\u00edcio","item":"https:\/\/nk7-testes.com.br\/agazeta\/"},{"@type":"ListItem","position":2,"name":"Depress\u00e3o e ansiedade s\u00e3o as principais doen\u00e7as identificadas em professores, afirma presidente do Sinteac"}]},{"@type":"WebSite","@id":"https:\/\/nk7-testes.com.br\/agazeta\/#website","url":"https:\/\/nk7-testes.com.br\/agazeta\/","name":"Agazeta.net","description":"Agazeta.net - Not\u00edcias de Rio Branco\/AC","potentialAction":[{"@type":"SearchAction","target":{"@type":"EntryPoint","urlTemplate":"https:\/\/nk7-testes.com.br\/agazeta\/?s={search_term_string}"},"query-input":{"@type":"PropertyValueSpecification","valueRequired":true,"valueName":"search_term_string"}}],"inLanguage":"pt-BR"},{"@type":"Person","@id":"https:\/\/nk7-testes.com.br\/agazeta\/#\/schema\/person\/ff6b39d54d6973bfc57f4140f659b23f","name":"Agazeta.Net","url":"https:\/\/nk7-testes.com.br\/agazeta\/author\/agazeta\/"}]}},"_links":{"self":[{"href":"https:\/\/nk7-testes.com.br\/agazeta\/wp-json\/wp\/v2\/posts\/125861","targetHints":{"allow":["GET"]}}],"collection":[{"href":"https:\/\/nk7-testes.com.br\/agazeta\/wp-json\/wp\/v2\/posts"}],"about":[{"href":"https:\/\/nk7-testes.com.br\/agazeta\/wp-json\/wp\/v2\/types\/post"}],"author":[{"embeddable":true,"href":"https:\/\/nk7-testes.com.br\/agazeta\/wp-json\/wp\/v2\/users\/4"}],"replies":[{"embeddable":true,"href":"https:\/\/nk7-testes.com.br\/agazeta\/wp-json\/wp\/v2\/comments?post=125861"}],"version-history":[{"count":0,"href":"https:\/\/nk7-testes.com.br\/agazeta\/wp-json\/wp\/v2\/posts\/125861\/revisions"}],"wp:featuredmedia":[{"embeddable":true,"href":"https:\/\/nk7-testes.com.br\/agazeta\/wp-json\/wp\/v2\/media\/125862"}],"wp:attachment":[{"href":"https:\/\/nk7-testes.com.br\/agazeta\/wp-json\/wp\/v2\/media?parent=125861"}],"wp:term":[{"taxonomy":"category","embeddable":true,"href":"https:\/\/nk7-testes.com.br\/agazeta\/wp-json\/wp\/v2\/categories?post=125861"},{"taxonomy":"post_tag","embeddable":true,"href":"https:\/\/nk7-testes.com.br\/agazeta\/wp-json\/wp\/v2\/tags?post=125861"}],"curies":[{"name":"wp","href":"https:\/\/api.w.org\/{rel}","templated":true}]}}