{"id":125810,"date":"2024-01-23T16:03:47","date_gmt":"2024-01-23T21:03:47","guid":{"rendered":"https:\/\/abarevegan.com.br\/?p=125810"},"modified":"2024-01-23T16:03:47","modified_gmt":"2024-01-23T21:03:47","slug":"apos-paralisacao-fundhacre-emite-nota-e-diz-que-empresas-nao-repassaram-documentos-de-encargos-trabalhistas","status":"publish","type":"post","link":"https:\/\/nk7-testes.com.br\/agazeta\/apos-paralisacao-fundhacre-emite-nota-e-diz-que-empresas-nao-repassaram-documentos-de-encargos-trabalhistas\/","title":{"rendered":"Ap\u00f3s paralisa\u00e7\u00e3o, Fundhacre emite nota e diz que empresas n\u00e3o repassaram documentos de encargos trabalhistas"},"content":{"rendered":"<p style=\"text-align: justify;\">Funcion\u00e1rios terceirizados que fazem parte das empresas \u2018Maia e Pimentel\u2019 e \u2018New Time\u2019, em den\u00fancia nesta ter\u00e7a-feira (23), alegam que os atrasos salariais acontecem a cada dois meses desde 2023. Por correrem risco de despejo, passarem necessidades e tirarem dinheiro do bolso para cumprir com o compromisso de trabalho, os funcion\u00e1rios exigem uma resposta das empresas.<\/p>\n<p style=\"text-align: justify;\">&#8220;Sempre eles atrasam. Na maioria das vezes ficam dois meses dentro, a gente fica passando por esse constrangimento. Ficou o m\u00eas de outubro sem pagar e vieram pagar em novembro. Pagaram o d\u00e9cimo e garantiram que em dezembro n\u00f3s ter\u00edamos nosso sal\u00e1rio certinho, o que n\u00e3o aconteceu&#8221;, conta a funcion\u00e1ria Patr\u00edcia Medeiros.<\/p>\n<p style=\"text-align: justify;\">Em rela\u00e7\u00e3o \u00e0 empresa New Time, a situa\u00e7\u00e3o dos funcion\u00e1rio fica ainda pior. De acordo com a copeira Ivani Em\u00eddio, al\u00e9m do sal\u00e1rio atrasado, os funcion\u00e1rios est\u00e3o com tr\u00eas meses de vale alimenta\u00e7\u00e3o com pend\u00eancia.<\/p>\n<p style=\"text-align: justify;\">&#8220;A gente est\u00e1 com dois sal\u00e1rios atrasados e tr\u00eas vale alimenta\u00e7\u00e3o, e at\u00e9 hoje eles n\u00e3o pagam nossa insalubridade. A mesma quest\u00e3o do povo da Pimentel, tem n\u00f3s tamb\u00e9m. Tem gente que mora alugado, que tem crian\u00e7a pequena, com conta de luz atrasada. Nenhum respons\u00e1vel nos responde&#8221;, explica a mulher.<\/p>\n<p style=\"text-align: justify;\">Em nota, a Funda\u00e7\u00e3o Hospitalar do Acre (Fundhacre) esclarece que n\u00e3o existe atraso de pagamento \u00e0s empresas terceirizadas. Segundo a presidente em exerc\u00edcio, Duciana Ara\u00fajo, os pagamentos est\u00e3o em dia, exceto os de duas empresas que n\u00e3o repassaram os documentos de comprova\u00e7\u00e3o de encargos trabalhistas dos profissionais, o que \u00e9 uma exig\u00eancia, para que seja efetuado o pagamento de dezembro de 2023, o \u00fanico ainda pendente.<\/p>\n<p style=\"text-align: justify;\">A dire\u00e7\u00e3o da Fundhacre informa ainda que, t\u00e3o logo as empresas apresentem a documenta\u00e7\u00e3o exigida, o pagamento ser\u00e1 realizado.<\/p>\n<p>Leia a nota completa na \u00edntegra:<\/p>\n<p style=\"text-align: justify;\"><em>O governo do Estado, por meio da Funda\u00e7\u00e3o Hospital Estadual do Acre (Fundhacre), vem a p\u00fablico esclarecer, sobre a paralisa\u00e7\u00e3o de profissionais terceirizados que atuam na unidade hospitalar, que n\u00e3o existe atraso de pagamento \u00e0s empresas terceirizadas.<\/em><\/p>\n<p style=\"text-align: justify;\"><em>Todos os pagamentos est\u00e3o em dia, exceto os de duas empresas que n\u00e3o repassaram os documentos de comprova\u00e7\u00e3o de encargos trabalhistas dos profissionais, o que \u00e9 uma exig\u00eancia (contratual\/jur\u00eddica), para que seja efetuado o pagamento de dezembro de 2023, o \u00fanico ainda pendente.<\/em><\/p>\n<p style=\"text-align: justify;\"><em>A Dire\u00e7\u00e3o da Fundhacre informa ainda que, t\u00e3o logo as empresas apresentem a documenta\u00e7\u00e3o exigida, o pagamento ser\u00e1 realizado.<\/em><\/p>\n<p><em><strong>Mat\u00e9ria produzida em v\u00eddeo pela rep\u00f3rter Wanessa Souza para a TV Gazeta<\/strong><\/em><\/p>\n","protected":false},"excerpt":{"rendered":"<p>Funcion\u00e1rios terceirizados que fazem parte das empresas \u2018Maia e Pimentel\u2019 e \u2018New Time\u2019, em den\u00fancia nesta ter\u00e7a-feira (23), alegam que os atrasos salariais acontecem a cada dois meses desde 2023. Por correrem risco de despejo, passarem necessidades e tirarem dinheiro do bolso para cumprir com o compromisso de trabalho, os funcion\u00e1rios exigem uma resposta das [&hellip;]<\/p>\n","protected":false},"author":4,"featured_media":125814,"comment_status":"open","ping_status":"open","sticky":false,"template":"","format":"standard","meta":{"jnews-multi-image_gallery":[],"jnews_single_post":{"source_name":"","source_url":"","via_name":"","via_url":"","override_template":"0","override":[{"template":"custom","single_blog_custom":"110746","parallax":"1","fullscreen":"1","layout":"right-sidebar","sidebar":"default-sidebar","second_sidebar":"default-sidebar","sticky_sidebar":"1","share_position":"top","share_float_style":"share-monocrhome","show_share_counter":"1","show_view_counter":"1","show_featured":"1","show_post_meta":"1","show_post_author":"1","show_post_author_image":"1","show_post_date":"1","post_date_format":"default","post_date_format_custom":"Y\/m\/d","show_post_category":"1","show_post_reading_time":"0","post_reading_time_wpm":"300","show_zoom_button":"0","zoom_button_out_step":"2","zoom_button_in_step":"3","show_post_tag":"1","show_prev_next_post":"1","show_popup_post":"1","number_popup_post":"1","show_author_box":"0","show_post_related":"1","show_inline_post_related":"0"}],"override_image_size":"0","image_override":[{"single_post_thumbnail_size":"crop-500","single_post_gallery_size":"crop-500"}],"trending_post":"0","trending_post_position":"meta","trending_post_label":"Trending","sponsored_post":"0","sponsored_post_label":"Sponsored by","sponsored_post_name":"","sponsored_post_url":"","sponsored_post_logo_enable":"0","sponsored_post_logo":"","sponsored_post_desc":"","disable_ad":"0"},"jnews_primary_category":{"id":"","hide":""},"jnews_social_meta":{"fb_title":"","fb_description":"","fb_image":"","twitter_title":"","twitter_description":"","twitter_image":""},"jnews_review":[],"enable_review":"0","type":"percentage","name":"","summary":"","brand":"","sku":"","good":[{"good_text":""}],"bad":[{"bad_text":""}],"score_override":"0","override_value":"","rating":[{"rating_text":"","rating_number":"10"}],"price":[{"shop":"","price":"","link":"","icon":""}],"footnotes":""},"categories":[54],"tags":[],"class_list":["post-125810","post","type-post","status-publish","format-standard","has-post-thumbnail","hentry","category-cotidiano"],"yoast_head":"<!-- This site is optimized with the Yoast SEO plugin v26.5 - https:\/\/yoast.com\/wordpress\/plugins\/seo\/ -->\n<title>Ap\u00f3s paralisa\u00e7\u00e3o, Fundhacre emite nota e diz que empresas n\u00e3o repassaram documentos de encargos trabalhistas - Agazeta.net<\/title>\n<meta name=\"robots\" content=\"index, follow, max-snippet:-1, max-image-preview:large, max-video-preview:-1\" \/>\n<link rel=\"canonical\" href=\"https:\/\/nk7-testes.com.br\/agazeta\/apos-paralisacao-fundhacre-emite-nota-e-diz-que-empresas-nao-repassaram-documentos-de-encargos-trabalhistas\/\" \/>\n<meta property=\"og:locale\" content=\"pt_BR\" \/>\n<meta property=\"og:type\" content=\"article\" \/>\n<meta property=\"og:title\" content=\"Ap\u00f3s paralisa\u00e7\u00e3o, Fundhacre emite nota e diz que empresas n\u00e3o repassaram documentos de encargos trabalhistas\" \/>\n<meta property=\"og:description\" content=\"Funcion\u00e1rios das empresas \u2018Maia e Pimentel\u2019 e \u2018New Time\u2019 realizaram uma paralisa\u00e7\u00e3o nesta ter\u00e7a-feira (23)\" \/>\n<meta property=\"og:url\" content=\"https:\/\/nk7-testes.com.br\/agazeta\/apos-paralisacao-fundhacre-emite-nota-e-diz-que-empresas-nao-repassaram-documentos-de-encargos-trabalhistas\/\" \/>\n<meta property=\"og:site_name\" content=\"Agazeta.net\" \/>\n<meta property=\"article:published_time\" content=\"2024-01-23T21:03:47+00:00\" \/>\n<meta property=\"og:image\" content=\"https:\/\/nk7-testes.com.br\/agazeta\/wp-content\/uploads\/2024\/01\/WhatsApp-Image-2024-01-23-at-16.01.33.jpeg\" \/>\n\t<meta property=\"og:image:width\" content=\"800\" \/>\n\t<meta property=\"og:image:height\" content=\"400\" \/>\n\t<meta property=\"og:image:type\" content=\"image\/jpeg\" \/>\n<meta name=\"author\" content=\"Agazeta.Net\" \/>\n<meta name=\"twitter:card\" content=\"summary_large_image\" \/>\n<meta name=\"twitter:label1\" content=\"Escrito por\" \/>\n\t<meta name=\"twitter:data1\" content=\"Agazeta.Net\" \/>\n\t<meta name=\"twitter:label2\" content=\"Est. tempo de leitura\" \/>\n\t<meta name=\"twitter:data2\" content=\"2 minutos\" \/>\n<script type=\"application\/ld+json\" class=\"yoast-schema-graph\">{\"@context\":\"https:\/\/schema.org\",\"@graph\":[{\"@type\":\"WebPage\",\"@id\":\"https:\/\/nk7-testes.com.br\/agazeta\/apos-paralisacao-fundhacre-emite-nota-e-diz-que-empresas-nao-repassaram-documentos-de-encargos-trabalhistas\/\",\"url\":\"https:\/\/nk7-testes.com.br\/agazeta\/apos-paralisacao-fundhacre-emite-nota-e-diz-que-empresas-nao-repassaram-documentos-de-encargos-trabalhistas\/\",\"name\":\"Ap\u00f3s paralisa\u00e7\u00e3o, Fundhacre emite nota e diz que empresas n\u00e3o repassaram documentos de encargos trabalhistas - Agazeta.net\",\"isPartOf\":{\"@id\":\"https:\/\/nk7-testes.com.br\/agazeta\/#website\"},\"primaryImageOfPage\":{\"@id\":\"https:\/\/nk7-testes.com.br\/agazeta\/apos-paralisacao-fundhacre-emite-nota-e-diz-que-empresas-nao-repassaram-documentos-de-encargos-trabalhistas\/#primaryimage\"},\"image\":{\"@id\":\"https:\/\/nk7-testes.com.br\/agazeta\/apos-paralisacao-fundhacre-emite-nota-e-diz-que-empresas-nao-repassaram-documentos-de-encargos-trabalhistas\/#primaryimage\"},\"thumbnailUrl\":\"https:\/\/nk7-testes.com.br\/agazeta\/wp-content\/uploads\/2024\/01\/WhatsApp-Image-2024-01-23-at-16.01.33.jpeg\",\"datePublished\":\"2024-01-23T21:03:47+00:00\",\"author\":{\"@id\":\"https:\/\/nk7-testes.com.br\/agazeta\/#\/schema\/person\/ff6b39d54d6973bfc57f4140f659b23f\"},\"breadcrumb\":{\"@id\":\"https:\/\/nk7-testes.com.br\/agazeta\/apos-paralisacao-fundhacre-emite-nota-e-diz-que-empresas-nao-repassaram-documentos-de-encargos-trabalhistas\/#breadcrumb\"},\"inLanguage\":\"pt-BR\",\"potentialAction\":[{\"@type\":\"ReadAction\",\"target\":[\"https:\/\/nk7-testes.com.br\/agazeta\/apos-paralisacao-fundhacre-emite-nota-e-diz-que-empresas-nao-repassaram-documentos-de-encargos-trabalhistas\/\"]}]},{\"@type\":\"ImageObject\",\"inLanguage\":\"pt-BR\",\"@id\":\"https:\/\/nk7-testes.com.br\/agazeta\/apos-paralisacao-fundhacre-emite-nota-e-diz-que-empresas-nao-repassaram-documentos-de-encargos-trabalhistas\/#primaryimage\",\"url\":\"https:\/\/nk7-testes.com.br\/agazeta\/wp-content\/uploads\/2024\/01\/WhatsApp-Image-2024-01-23-at-16.01.33.jpeg\",\"contentUrl\":\"https:\/\/nk7-testes.com.br\/agazeta\/wp-content\/uploads\/2024\/01\/WhatsApp-Image-2024-01-23-at-16.01.33.jpeg\",\"width\":800,\"height\":400,\"caption\":\"Imagem: TV Gazeta\"},{\"@type\":\"BreadcrumbList\",\"@id\":\"https:\/\/nk7-testes.com.br\/agazeta\/apos-paralisacao-fundhacre-emite-nota-e-diz-que-empresas-nao-repassaram-documentos-de-encargos-trabalhistas\/#breadcrumb\",\"itemListElement\":[{\"@type\":\"ListItem\",\"position\":1,\"name\":\"In\u00edcio\",\"item\":\"https:\/\/nk7-testes.com.br\/agazeta\/\"},{\"@type\":\"ListItem\",\"position\":2,\"name\":\"Ap\u00f3s paralisa\u00e7\u00e3o, Fundhacre emite nota e diz que empresas n\u00e3o repassaram documentos de encargos trabalhistas\"}]},{\"@type\":\"WebSite\",\"@id\":\"https:\/\/nk7-testes.com.br\/agazeta\/#website\",\"url\":\"https:\/\/nk7-testes.com.br\/agazeta\/\",\"name\":\"Agazeta.net\",\"description\":\"Agazeta.net - Not\u00edcias de Rio Branco\/AC\",\"potentialAction\":[{\"@type\":\"SearchAction\",\"target\":{\"@type\":\"EntryPoint\",\"urlTemplate\":\"https:\/\/nk7-testes.com.br\/agazeta\/?s={search_term_string}\"},\"query-input\":{\"@type\":\"PropertyValueSpecification\",\"valueRequired\":true,\"valueName\":\"search_term_string\"}}],\"inLanguage\":\"pt-BR\"},{\"@type\":\"Person\",\"@id\":\"https:\/\/nk7-testes.com.br\/agazeta\/#\/schema\/person\/ff6b39d54d6973bfc57f4140f659b23f\",\"name\":\"Agazeta.Net\",\"url\":\"https:\/\/nk7-testes.com.br\/agazeta\/author\/agazeta\/\"}]}<\/script>\n<!-- \/ Yoast SEO plugin. -->","yoast_head_json":{"title":"Ap\u00f3s paralisa\u00e7\u00e3o, Fundhacre emite nota e diz que empresas n\u00e3o repassaram documentos de encargos trabalhistas - Agazeta.net","robots":{"index":"index","follow":"follow","max-snippet":"max-snippet:-1","max-image-preview":"max-image-preview:large","max-video-preview":"max-video-preview:-1"},"canonical":"https:\/\/nk7-testes.com.br\/agazeta\/apos-paralisacao-fundhacre-emite-nota-e-diz-que-empresas-nao-repassaram-documentos-de-encargos-trabalhistas\/","og_locale":"pt_BR","og_type":"article","og_title":"Ap\u00f3s paralisa\u00e7\u00e3o, Fundhacre emite nota e diz que empresas n\u00e3o repassaram documentos de encargos trabalhistas","og_description":"Funcion\u00e1rios das empresas \u2018Maia e Pimentel\u2019 e \u2018New Time\u2019 realizaram uma paralisa\u00e7\u00e3o nesta ter\u00e7a-feira (23)","og_url":"https:\/\/nk7-testes.com.br\/agazeta\/apos-paralisacao-fundhacre-emite-nota-e-diz-que-empresas-nao-repassaram-documentos-de-encargos-trabalhistas\/","og_site_name":"Agazeta.net","article_published_time":"2024-01-23T21:03:47+00:00","og_image":[{"width":800,"height":400,"url":"https:\/\/nk7-testes.com.br\/agazeta\/wp-content\/uploads\/2024\/01\/WhatsApp-Image-2024-01-23-at-16.01.33.jpeg","type":"image\/jpeg"}],"author":"Agazeta.Net","twitter_card":"summary_large_image","twitter_misc":{"Escrito por":"Agazeta.Net","Est. tempo de leitura":"2 minutos"},"schema":{"@context":"https:\/\/schema.org","@graph":[{"@type":"WebPage","@id":"https:\/\/nk7-testes.com.br\/agazeta\/apos-paralisacao-fundhacre-emite-nota-e-diz-que-empresas-nao-repassaram-documentos-de-encargos-trabalhistas\/","url":"https:\/\/nk7-testes.com.br\/agazeta\/apos-paralisacao-fundhacre-emite-nota-e-diz-que-empresas-nao-repassaram-documentos-de-encargos-trabalhistas\/","name":"Ap\u00f3s paralisa\u00e7\u00e3o, Fundhacre emite nota e diz que empresas n\u00e3o repassaram documentos de encargos trabalhistas - Agazeta.net","isPartOf":{"@id":"https:\/\/nk7-testes.com.br\/agazeta\/#website"},"primaryImageOfPage":{"@id":"https:\/\/nk7-testes.com.br\/agazeta\/apos-paralisacao-fundhacre-emite-nota-e-diz-que-empresas-nao-repassaram-documentos-de-encargos-trabalhistas\/#primaryimage"},"image":{"@id":"https:\/\/nk7-testes.com.br\/agazeta\/apos-paralisacao-fundhacre-emite-nota-e-diz-que-empresas-nao-repassaram-documentos-de-encargos-trabalhistas\/#primaryimage"},"thumbnailUrl":"https:\/\/nk7-testes.com.br\/agazeta\/wp-content\/uploads\/2024\/01\/WhatsApp-Image-2024-01-23-at-16.01.33.jpeg","datePublished":"2024-01-23T21:03:47+00:00","author":{"@id":"https:\/\/nk7-testes.com.br\/agazeta\/#\/schema\/person\/ff6b39d54d6973bfc57f4140f659b23f"},"breadcrumb":{"@id":"https:\/\/nk7-testes.com.br\/agazeta\/apos-paralisacao-fundhacre-emite-nota-e-diz-que-empresas-nao-repassaram-documentos-de-encargos-trabalhistas\/#breadcrumb"},"inLanguage":"pt-BR","potentialAction":[{"@type":"ReadAction","target":["https:\/\/nk7-testes.com.br\/agazeta\/apos-paralisacao-fundhacre-emite-nota-e-diz-que-empresas-nao-repassaram-documentos-de-encargos-trabalhistas\/"]}]},{"@type":"ImageObject","inLanguage":"pt-BR","@id":"https:\/\/nk7-testes.com.br\/agazeta\/apos-paralisacao-fundhacre-emite-nota-e-diz-que-empresas-nao-repassaram-documentos-de-encargos-trabalhistas\/#primaryimage","url":"https:\/\/nk7-testes.com.br\/agazeta\/wp-content\/uploads\/2024\/01\/WhatsApp-Image-2024-01-23-at-16.01.33.jpeg","contentUrl":"https:\/\/nk7-testes.com.br\/agazeta\/wp-content\/uploads\/2024\/01\/WhatsApp-Image-2024-01-23-at-16.01.33.jpeg","width":800,"height":400,"caption":"Imagem: TV Gazeta"},{"@type":"BreadcrumbList","@id":"https:\/\/nk7-testes.com.br\/agazeta\/apos-paralisacao-fundhacre-emite-nota-e-diz-que-empresas-nao-repassaram-documentos-de-encargos-trabalhistas\/#breadcrumb","itemListElement":[{"@type":"ListItem","position":1,"name":"In\u00edcio","item":"https:\/\/nk7-testes.com.br\/agazeta\/"},{"@type":"ListItem","position":2,"name":"Ap\u00f3s paralisa\u00e7\u00e3o, Fundhacre emite nota e diz que empresas n\u00e3o repassaram documentos de encargos trabalhistas"}]},{"@type":"WebSite","@id":"https:\/\/nk7-testes.com.br\/agazeta\/#website","url":"https:\/\/nk7-testes.com.br\/agazeta\/","name":"Agazeta.net","description":"Agazeta.net - Not\u00edcias de Rio Branco\/AC","potentialAction":[{"@type":"SearchAction","target":{"@type":"EntryPoint","urlTemplate":"https:\/\/nk7-testes.com.br\/agazeta\/?s={search_term_string}"},"query-input":{"@type":"PropertyValueSpecification","valueRequired":true,"valueName":"search_term_string"}}],"inLanguage":"pt-BR"},{"@type":"Person","@id":"https:\/\/nk7-testes.com.br\/agazeta\/#\/schema\/person\/ff6b39d54d6973bfc57f4140f659b23f","name":"Agazeta.Net","url":"https:\/\/nk7-testes.com.br\/agazeta\/author\/agazeta\/"}]}},"_links":{"self":[{"href":"https:\/\/nk7-testes.com.br\/agazeta\/wp-json\/wp\/v2\/posts\/125810","targetHints":{"allow":["GET"]}}],"collection":[{"href":"https:\/\/nk7-testes.com.br\/agazeta\/wp-json\/wp\/v2\/posts"}],"about":[{"href":"https:\/\/nk7-testes.com.br\/agazeta\/wp-json\/wp\/v2\/types\/post"}],"author":[{"embeddable":true,"href":"https:\/\/nk7-testes.com.br\/agazeta\/wp-json\/wp\/v2\/users\/4"}],"replies":[{"embeddable":true,"href":"https:\/\/nk7-testes.com.br\/agazeta\/wp-json\/wp\/v2\/comments?post=125810"}],"version-history":[{"count":0,"href":"https:\/\/nk7-testes.com.br\/agazeta\/wp-json\/wp\/v2\/posts\/125810\/revisions"}],"wp:featuredmedia":[{"embeddable":true,"href":"https:\/\/nk7-testes.com.br\/agazeta\/wp-json\/wp\/v2\/media\/125814"}],"wp:attachment":[{"href":"https:\/\/nk7-testes.com.br\/agazeta\/wp-json\/wp\/v2\/media?parent=125810"}],"wp:term":[{"taxonomy":"category","embeddable":true,"href":"https:\/\/nk7-testes.com.br\/agazeta\/wp-json\/wp\/v2\/categories?post=125810"},{"taxonomy":"post_tag","embeddable":true,"href":"https:\/\/nk7-testes.com.br\/agazeta\/wp-json\/wp\/v2\/tags?post=125810"}],"curies":[{"name":"wp","href":"https:\/\/api.w.org\/{rel}","templated":true}]}}