{"id":125716,"date":"2024-01-22T14:50:05","date_gmt":"2024-01-22T19:50:05","guid":{"rendered":"https:\/\/abarevegan.com.br\/?p=125716"},"modified":"2024-01-22T15:10:01","modified_gmt":"2024-01-22T20:10:01","slug":"acreana-gabe-alordio-lanca-o-livro-fogo-em-minha-pele-no-memorial-dos-autonomistas-neste-sabado-confira","status":"publish","type":"post","link":"https:\/\/nk7-testes.com.br\/agazeta\/acreana-gabe-alordio-lanca-o-livro-fogo-em-minha-pele-no-memorial-dos-autonomistas-neste-sabado-confira\/","title":{"rendered":"Acreana Gabe L Al\u00f3dio lan\u00e7a o livro &#8216;Fogo em Minha Pele&#8217; no Memorial dos Autonomistas neste s\u00e1bado; confira."},"content":{"rendered":"<p style=\"text-align: justify;\"><span style=\"font-weight: 400;\">No pr\u00f3ximo s\u00e1bado (27), Gabe L. Al\u00f3dio, vai lan\u00e7ar o seu primeiro livro de poemas, intitulado como \u201cFogo em minha pele\u201d. A obra, que ser\u00e1 lan\u00e7ada no Memorial dos Autonomistas \u00e0s 19h, reflete a vida pessoal da autora, como por exemplo, o processo de transi\u00e7\u00e3o de g\u00eanero em meio \u00e0 pandemia de Covid-19.\u00a0<\/span><\/p>\n<p style=\"text-align: justify;\"><span style=\"font-weight: 400;\">Em uma entrevista exclusiva, Gabe compartilhou detalhes sobre sua jornada na escrita, o processo de cria\u00e7\u00e3o do livro, e o que os leitores podem esperar dessa obra \u00fanica.<\/span><\/p>\n<p style=\"text-align: justify;\"><span style=\"font-weight: 400;\">&#8220;Fogo em Minha Pele&#8221; \u00e9 um mergulho profundo no universo da poesia, com uma reviravolta inspirada na m\u00fasica pop. Gabe revela que muitos dos poemas foram escritos como se fossem letras de m\u00fasica, com uma forte influ\u00eancia da cultura pop.\u00a0<\/span><\/p>\n<p style=\"text-align: justify;\"><span style=\"font-weight: 400;\">A intensidade dos poemas captura os momentos ca\u00f3ticos e emotivos vividos durante o confinamento, um per\u00edodo marcado por choros e dan\u00e7as solit\u00e1rias.<\/span><\/p>\n<p style=\"text-align: justify;\"><span style=\"font-weight: 400;\">A ideia de transformar seus poemas em uma colet\u00e2nea surgiu posteriormente, quando um amigo importante a encorajou a compartilhar suas palavras intimistas. Ap\u00f3s enviar uma amostra para v\u00e1rias editoras, a Editora Viseu se destacou ao pedir a obra completa.<\/span><\/p>\n<p style=\"text-align: justify;\"><span style=\"font-weight: 400;\">Esse momento desafiador levou a autora a organizar os poemas em uma narrativa coerente, explorando temas como fascismo, disforia de g\u00eanero, amor e a falta. A escritora expressa sua gratid\u00e3o \u00e0 Editora Viseu e ao editor Gabriel Martins por apoiarem uma escritora iniciante e contribu\u00edrem para o aprimoramento do livro.<\/span><\/p>\n<p style=\"text-align: justify;\"><span style=\"font-weight: 400;\">A principal mensagem que Gabe deseja transmitir com seu livro \u00e9 dirigida a todas as garotas que est\u00e3o se descobrindo e vivendo momentos de incerteza. \u201cFogo em Minha Pele&#8221; \u00e9 uma voz para aquelas garotas que enfrentam desafios, seja na espera por uma resposta de seu <\/span><i><span style=\"font-weight: 400;\">crush<\/span><\/i><span style=\"font-weight: 400;\"> mais velho, nas festas n\u00e3o convidadas ou nas l\u00e1grimas \u00e0 beira da piscina. A obra \u00e9 uma celebra\u00e7\u00e3o da juventude e uma reflex\u00e3o sobre o fogo inspirador que queima em cada uma delas\u201d, afirma a autora.<\/span><\/p>\n<p style=\"text-align: justify;\"><span style=\"font-weight: 400;\">Embora Gabe seja uma mulher trans, ela destaca que o livro n\u00e3o \u00e9 predominantemente sobre essa experi\u00eancia. A autora aborda aspectos espec\u00edficos, como a vontade de automutila\u00e7\u00e3o do p\u00eanis e os desafios nas rela\u00e7\u00f5es sociais durante a transi\u00e7\u00e3o. No entanto, ela enfatiza que o livro \u00e9 mais um evangelho sobre um amor n\u00e3o-rec\u00edproco, uma experi\u00eancia universal compartilhada por mulheres de todas as idades e identidades de g\u00eanero.<\/span><\/p>\n<p style=\"text-align: justify;\"><span style=\"font-weight: 400;\">&#8220;Fogo em Minha Pele&#8221; promete ser uma leitura \u00edntima e pessoal. Gabe sugere que os leitores podem esperar uma experi\u00eancia &#8220;relatable&#8221; em seus v\u00f4mitos po\u00e9ticos, conforme ela mesma descreve na primeira p\u00e1gina do livro. Este \u00e9 um convite para um mergulho profundo nos sentimentos e pensamentos de uma jovem escritora, uma experi\u00eancia liter\u00e1ria que promete ser t\u00e3o cativante quanto uma trilha sonora pop.<\/span><\/p>\n","protected":false},"excerpt":{"rendered":"<p>No pr\u00f3ximo s\u00e1bado (27), Gabe L. Al\u00f3dio, vai lan\u00e7ar o seu primeiro livro de poemas, intitulado como \u201cFogo em minha pele\u201d. A obra, que ser\u00e1 lan\u00e7ada no Memorial dos Autonomistas \u00e0s 19h, reflete a vida pessoal da autora, como por exemplo, o processo de transi\u00e7\u00e3o de g\u00eanero em meio \u00e0 pandemia de Covid-19.\u00a0 Em uma [&hellip;]<\/p>\n","protected":false},"author":4,"featured_media":125718,"comment_status":"open","ping_status":"open","sticky":false,"template":"","format":"standard","meta":{"jnews-multi-image_gallery":[],"jnews_single_post":{"source_name":"","source_url":"","via_name":"","via_url":"","override_template":"0","override":[{"template":"custom","single_blog_custom":"110746","parallax":"1","fullscreen":"1","layout":"right-sidebar","sidebar":"default-sidebar","second_sidebar":"default-sidebar","sticky_sidebar":"1","share_position":"top","share_float_style":"share-monocrhome","show_share_counter":"1","show_view_counter":"1","show_featured":"1","show_post_meta":"1","show_post_author":"1","show_post_author_image":"1","show_post_date":"1","post_date_format":"default","post_date_format_custom":"Y\/m\/d","show_post_category":"1","show_post_reading_time":"0","post_reading_time_wpm":"300","show_zoom_button":"0","zoom_button_out_step":"2","zoom_button_in_step":"3","show_post_tag":"1","show_prev_next_post":"1","show_popup_post":"1","number_popup_post":"1","show_author_box":"0","show_post_related":"1","show_inline_post_related":"0"}],"override_image_size":"0","image_override":[{"single_post_thumbnail_size":"crop-500","single_post_gallery_size":"crop-500"}],"trending_post":"0","trending_post_position":"meta","trending_post_label":"Trending","sponsored_post":"0","sponsored_post_label":"Sponsored by","sponsored_post_name":"","sponsored_post_url":"","sponsored_post_logo_enable":"0","sponsored_post_logo":"","sponsored_post_desc":"","disable_ad":"0"},"jnews_primary_category":{"id":"","hide":""},"jnews_social_meta":{"fb_title":"","fb_description":"","fb_image":"","twitter_title":"","twitter_description":"","twitter_image":""},"jnews_review":[],"enable_review":"0","type":"percentage","name":"","summary":"","brand":"","sku":"","good":[{"good_text":""}],"bad":[{"bad_text":""}],"score_override":"0","override_value":"","rating":[{"rating_text":"","rating_number":"10"}],"price":[{"shop":"","price":"","link":"","icon":""}],"footnotes":""},"categories":[54],"tags":[],"class_list":["post-125716","post","type-post","status-publish","format-standard","has-post-thumbnail","hentry","category-cotidiano"],"yoast_head":"<!-- This site is optimized with the Yoast SEO plugin v26.5 - https:\/\/yoast.com\/wordpress\/plugins\/seo\/ -->\n<title>Acreana Gabe L Al\u00f3dio lan\u00e7a o livro &#039;Fogo em Minha Pele&#039; no Memorial dos Autonomistas neste s\u00e1bado; confira. - Agazeta.net<\/title>\n<meta name=\"robots\" content=\"index, follow, max-snippet:-1, max-image-preview:large, max-video-preview:-1\" \/>\n<link rel=\"canonical\" href=\"https:\/\/nk7-testes.com.br\/agazeta\/acreana-gabe-alordio-lanca-o-livro-fogo-em-minha-pele-no-memorial-dos-autonomistas-neste-sabado-confira\/\" \/>\n<meta property=\"og:locale\" content=\"pt_BR\" \/>\n<meta property=\"og:type\" content=\"article\" \/>\n<meta property=\"og:title\" content=\"Acreana Gabe Al\u00f3rdio lan\u00e7a o livro &#039;Fogo em Minha Pele&#039; no Memorial dos Autonomistas neste s\u00e1bado; confira.\" \/>\n<meta property=\"og:description\" content=\"Lan\u00e7amento da obra acontece \u00e0s 19h\" \/>\n<meta property=\"og:url\" content=\"https:\/\/nk7-testes.com.br\/agazeta\/acreana-gabe-alordio-lanca-o-livro-fogo-em-minha-pele-no-memorial-dos-autonomistas-neste-sabado-confira\/\" \/>\n<meta property=\"og:site_name\" content=\"Agazeta.net\" \/>\n<meta property=\"article:published_time\" content=\"2024-01-22T19:50:05+00:00\" \/>\n<meta property=\"article:modified_time\" content=\"2024-01-22T20:10:01+00:00\" \/>\n<meta property=\"og:image\" content=\"https:\/\/nk7-testes.com.br\/agazeta\/wp-content\/uploads\/2024\/01\/WhatsApp-Image-2024-01-22-at-13.51.57-1.jpeg\" \/>\n\t<meta property=\"og:image:width\" content=\"800\" \/>\n\t<meta property=\"og:image:height\" content=\"401\" \/>\n\t<meta property=\"og:image:type\" content=\"image\/jpeg\" \/>\n<meta name=\"author\" content=\"Agazeta.Net\" \/>\n<meta name=\"twitter:card\" content=\"summary_large_image\" \/>\n<meta name=\"twitter:label1\" content=\"Escrito por\" \/>\n\t<meta name=\"twitter:data1\" content=\"Agazeta.Net\" \/>\n\t<meta name=\"twitter:label2\" content=\"Est. tempo de leitura\" \/>\n\t<meta name=\"twitter:data2\" content=\"2 minutos\" \/>\n<script type=\"application\/ld+json\" class=\"yoast-schema-graph\">{\"@context\":\"https:\/\/schema.org\",\"@graph\":[{\"@type\":\"WebPage\",\"@id\":\"https:\/\/nk7-testes.com.br\/agazeta\/acreana-gabe-alordio-lanca-o-livro-fogo-em-minha-pele-no-memorial-dos-autonomistas-neste-sabado-confira\/\",\"url\":\"https:\/\/nk7-testes.com.br\/agazeta\/acreana-gabe-alordio-lanca-o-livro-fogo-em-minha-pele-no-memorial-dos-autonomistas-neste-sabado-confira\/\",\"name\":\"Acreana Gabe L Al\u00f3dio lan\u00e7a o livro 'Fogo em Minha Pele' no Memorial dos Autonomistas neste s\u00e1bado; confira. - Agazeta.net\",\"isPartOf\":{\"@id\":\"https:\/\/nk7-testes.com.br\/agazeta\/#website\"},\"primaryImageOfPage\":{\"@id\":\"https:\/\/nk7-testes.com.br\/agazeta\/acreana-gabe-alordio-lanca-o-livro-fogo-em-minha-pele-no-memorial-dos-autonomistas-neste-sabado-confira\/#primaryimage\"},\"image\":{\"@id\":\"https:\/\/nk7-testes.com.br\/agazeta\/acreana-gabe-alordio-lanca-o-livro-fogo-em-minha-pele-no-memorial-dos-autonomistas-neste-sabado-confira\/#primaryimage\"},\"thumbnailUrl\":\"https:\/\/nk7-testes.com.br\/agazeta\/wp-content\/uploads\/2024\/01\/WhatsApp-Image-2024-01-22-at-13.51.57-1.jpeg\",\"datePublished\":\"2024-01-22T19:50:05+00:00\",\"dateModified\":\"2024-01-22T20:10:01+00:00\",\"author\":{\"@id\":\"https:\/\/nk7-testes.com.br\/agazeta\/#\/schema\/person\/ff6b39d54d6973bfc57f4140f659b23f\"},\"breadcrumb\":{\"@id\":\"https:\/\/nk7-testes.com.br\/agazeta\/acreana-gabe-alordio-lanca-o-livro-fogo-em-minha-pele-no-memorial-dos-autonomistas-neste-sabado-confira\/#breadcrumb\"},\"inLanguage\":\"pt-BR\",\"potentialAction\":[{\"@type\":\"ReadAction\",\"target\":[\"https:\/\/nk7-testes.com.br\/agazeta\/acreana-gabe-alordio-lanca-o-livro-fogo-em-minha-pele-no-memorial-dos-autonomistas-neste-sabado-confira\/\"]}]},{\"@type\":\"ImageObject\",\"inLanguage\":\"pt-BR\",\"@id\":\"https:\/\/nk7-testes.com.br\/agazeta\/acreana-gabe-alordio-lanca-o-livro-fogo-em-minha-pele-no-memorial-dos-autonomistas-neste-sabado-confira\/#primaryimage\",\"url\":\"https:\/\/nk7-testes.com.br\/agazeta\/wp-content\/uploads\/2024\/01\/WhatsApp-Image-2024-01-22-at-13.51.57-1.jpeg\",\"contentUrl\":\"https:\/\/nk7-testes.com.br\/agazeta\/wp-content\/uploads\/2024\/01\/WhatsApp-Image-2024-01-22-at-13.51.57-1.jpeg\",\"width\":800,\"height\":401,\"caption\":\"Foto:Ascom\"},{\"@type\":\"BreadcrumbList\",\"@id\":\"https:\/\/nk7-testes.com.br\/agazeta\/acreana-gabe-alordio-lanca-o-livro-fogo-em-minha-pele-no-memorial-dos-autonomistas-neste-sabado-confira\/#breadcrumb\",\"itemListElement\":[{\"@type\":\"ListItem\",\"position\":1,\"name\":\"In\u00edcio\",\"item\":\"https:\/\/nk7-testes.com.br\/agazeta\/\"},{\"@type\":\"ListItem\",\"position\":2,\"name\":\"Acreana Gabe L Al\u00f3dio lan\u00e7a o livro &#8216;Fogo em Minha Pele&#8217; no Memorial dos Autonomistas neste s\u00e1bado; confira.\"}]},{\"@type\":\"WebSite\",\"@id\":\"https:\/\/nk7-testes.com.br\/agazeta\/#website\",\"url\":\"https:\/\/nk7-testes.com.br\/agazeta\/\",\"name\":\"Agazeta.net\",\"description\":\"Agazeta.net - Not\u00edcias de Rio Branco\/AC\",\"potentialAction\":[{\"@type\":\"SearchAction\",\"target\":{\"@type\":\"EntryPoint\",\"urlTemplate\":\"https:\/\/nk7-testes.com.br\/agazeta\/?s={search_term_string}\"},\"query-input\":{\"@type\":\"PropertyValueSpecification\",\"valueRequired\":true,\"valueName\":\"search_term_string\"}}],\"inLanguage\":\"pt-BR\"},{\"@type\":\"Person\",\"@id\":\"https:\/\/nk7-testes.com.br\/agazeta\/#\/schema\/person\/ff6b39d54d6973bfc57f4140f659b23f\",\"name\":\"Agazeta.Net\",\"url\":\"https:\/\/nk7-testes.com.br\/agazeta\/author\/agazeta\/\"}]}<\/script>\n<!-- \/ Yoast SEO plugin. -->","yoast_head_json":{"title":"Acreana Gabe L Al\u00f3dio lan\u00e7a o livro 'Fogo em Minha Pele' no Memorial dos Autonomistas neste s\u00e1bado; confira. - Agazeta.net","robots":{"index":"index","follow":"follow","max-snippet":"max-snippet:-1","max-image-preview":"max-image-preview:large","max-video-preview":"max-video-preview:-1"},"canonical":"https:\/\/nk7-testes.com.br\/agazeta\/acreana-gabe-alordio-lanca-o-livro-fogo-em-minha-pele-no-memorial-dos-autonomistas-neste-sabado-confira\/","og_locale":"pt_BR","og_type":"article","og_title":"Acreana Gabe Al\u00f3rdio lan\u00e7a o livro 'Fogo em Minha Pele' no Memorial dos Autonomistas neste s\u00e1bado; confira.","og_description":"Lan\u00e7amento da obra acontece \u00e0s 19h","og_url":"https:\/\/nk7-testes.com.br\/agazeta\/acreana-gabe-alordio-lanca-o-livro-fogo-em-minha-pele-no-memorial-dos-autonomistas-neste-sabado-confira\/","og_site_name":"Agazeta.net","article_published_time":"2024-01-22T19:50:05+00:00","article_modified_time":"2024-01-22T20:10:01+00:00","og_image":[{"width":800,"height":401,"url":"https:\/\/nk7-testes.com.br\/agazeta\/wp-content\/uploads\/2024\/01\/WhatsApp-Image-2024-01-22-at-13.51.57-1.jpeg","type":"image\/jpeg"}],"author":"Agazeta.Net","twitter_card":"summary_large_image","twitter_misc":{"Escrito por":"Agazeta.Net","Est. tempo de leitura":"2 minutos"},"schema":{"@context":"https:\/\/schema.org","@graph":[{"@type":"WebPage","@id":"https:\/\/nk7-testes.com.br\/agazeta\/acreana-gabe-alordio-lanca-o-livro-fogo-em-minha-pele-no-memorial-dos-autonomistas-neste-sabado-confira\/","url":"https:\/\/nk7-testes.com.br\/agazeta\/acreana-gabe-alordio-lanca-o-livro-fogo-em-minha-pele-no-memorial-dos-autonomistas-neste-sabado-confira\/","name":"Acreana Gabe L Al\u00f3dio lan\u00e7a o livro 'Fogo em Minha Pele' no Memorial dos Autonomistas neste s\u00e1bado; confira. - Agazeta.net","isPartOf":{"@id":"https:\/\/nk7-testes.com.br\/agazeta\/#website"},"primaryImageOfPage":{"@id":"https:\/\/nk7-testes.com.br\/agazeta\/acreana-gabe-alordio-lanca-o-livro-fogo-em-minha-pele-no-memorial-dos-autonomistas-neste-sabado-confira\/#primaryimage"},"image":{"@id":"https:\/\/nk7-testes.com.br\/agazeta\/acreana-gabe-alordio-lanca-o-livro-fogo-em-minha-pele-no-memorial-dos-autonomistas-neste-sabado-confira\/#primaryimage"},"thumbnailUrl":"https:\/\/nk7-testes.com.br\/agazeta\/wp-content\/uploads\/2024\/01\/WhatsApp-Image-2024-01-22-at-13.51.57-1.jpeg","datePublished":"2024-01-22T19:50:05+00:00","dateModified":"2024-01-22T20:10:01+00:00","author":{"@id":"https:\/\/nk7-testes.com.br\/agazeta\/#\/schema\/person\/ff6b39d54d6973bfc57f4140f659b23f"},"breadcrumb":{"@id":"https:\/\/nk7-testes.com.br\/agazeta\/acreana-gabe-alordio-lanca-o-livro-fogo-em-minha-pele-no-memorial-dos-autonomistas-neste-sabado-confira\/#breadcrumb"},"inLanguage":"pt-BR","potentialAction":[{"@type":"ReadAction","target":["https:\/\/nk7-testes.com.br\/agazeta\/acreana-gabe-alordio-lanca-o-livro-fogo-em-minha-pele-no-memorial-dos-autonomistas-neste-sabado-confira\/"]}]},{"@type":"ImageObject","inLanguage":"pt-BR","@id":"https:\/\/nk7-testes.com.br\/agazeta\/acreana-gabe-alordio-lanca-o-livro-fogo-em-minha-pele-no-memorial-dos-autonomistas-neste-sabado-confira\/#primaryimage","url":"https:\/\/nk7-testes.com.br\/agazeta\/wp-content\/uploads\/2024\/01\/WhatsApp-Image-2024-01-22-at-13.51.57-1.jpeg","contentUrl":"https:\/\/nk7-testes.com.br\/agazeta\/wp-content\/uploads\/2024\/01\/WhatsApp-Image-2024-01-22-at-13.51.57-1.jpeg","width":800,"height":401,"caption":"Foto:Ascom"},{"@type":"BreadcrumbList","@id":"https:\/\/nk7-testes.com.br\/agazeta\/acreana-gabe-alordio-lanca-o-livro-fogo-em-minha-pele-no-memorial-dos-autonomistas-neste-sabado-confira\/#breadcrumb","itemListElement":[{"@type":"ListItem","position":1,"name":"In\u00edcio","item":"https:\/\/nk7-testes.com.br\/agazeta\/"},{"@type":"ListItem","position":2,"name":"Acreana Gabe L Al\u00f3dio lan\u00e7a o livro &#8216;Fogo em Minha Pele&#8217; no Memorial dos Autonomistas neste s\u00e1bado; confira."}]},{"@type":"WebSite","@id":"https:\/\/nk7-testes.com.br\/agazeta\/#website","url":"https:\/\/nk7-testes.com.br\/agazeta\/","name":"Agazeta.net","description":"Agazeta.net - Not\u00edcias de Rio Branco\/AC","potentialAction":[{"@type":"SearchAction","target":{"@type":"EntryPoint","urlTemplate":"https:\/\/nk7-testes.com.br\/agazeta\/?s={search_term_string}"},"query-input":{"@type":"PropertyValueSpecification","valueRequired":true,"valueName":"search_term_string"}}],"inLanguage":"pt-BR"},{"@type":"Person","@id":"https:\/\/nk7-testes.com.br\/agazeta\/#\/schema\/person\/ff6b39d54d6973bfc57f4140f659b23f","name":"Agazeta.Net","url":"https:\/\/nk7-testes.com.br\/agazeta\/author\/agazeta\/"}]}},"_links":{"self":[{"href":"https:\/\/nk7-testes.com.br\/agazeta\/wp-json\/wp\/v2\/posts\/125716","targetHints":{"allow":["GET"]}}],"collection":[{"href":"https:\/\/nk7-testes.com.br\/agazeta\/wp-json\/wp\/v2\/posts"}],"about":[{"href":"https:\/\/nk7-testes.com.br\/agazeta\/wp-json\/wp\/v2\/types\/post"}],"author":[{"embeddable":true,"href":"https:\/\/nk7-testes.com.br\/agazeta\/wp-json\/wp\/v2\/users\/4"}],"replies":[{"embeddable":true,"href":"https:\/\/nk7-testes.com.br\/agazeta\/wp-json\/wp\/v2\/comments?post=125716"}],"version-history":[{"count":0,"href":"https:\/\/nk7-testes.com.br\/agazeta\/wp-json\/wp\/v2\/posts\/125716\/revisions"}],"wp:featuredmedia":[{"embeddable":true,"href":"https:\/\/nk7-testes.com.br\/agazeta\/wp-json\/wp\/v2\/media\/125718"}],"wp:attachment":[{"href":"https:\/\/nk7-testes.com.br\/agazeta\/wp-json\/wp\/v2\/media?parent=125716"}],"wp:term":[{"taxonomy":"category","embeddable":true,"href":"https:\/\/nk7-testes.com.br\/agazeta\/wp-json\/wp\/v2\/categories?post=125716"},{"taxonomy":"post_tag","embeddable":true,"href":"https:\/\/nk7-testes.com.br\/agazeta\/wp-json\/wp\/v2\/tags?post=125716"}],"curies":[{"name":"wp","href":"https:\/\/api.w.org\/{rel}","templated":true}]}}