{"id":125705,"date":"2024-01-22T13:44:43","date_gmt":"2024-01-22T18:44:43","guid":{"rendered":"https:\/\/abarevegan.com.br\/?p=125705"},"modified":"2024-01-22T13:44:43","modified_gmt":"2024-01-22T18:44:43","slug":"uso-de-cameras-em-uniformes-policiais-sera-adotado-no-acre-diz-gladson-cameli","status":"publish","type":"post","link":"https:\/\/nk7-testes.com.br\/agazeta\/uso-de-cameras-em-uniformes-policiais-sera-adotado-no-acre-diz-gladson-cameli\/","title":{"rendered":"Uso de c\u00e2meras em uniformes policiais ser\u00e1 adotado no Acre, diz Gladson Cameli"},"content":{"rendered":"<p style=\"text-align: justify;\"><span style=\"font-weight: 400;\">O governador do estado do Acre, Gladson Cameli, planeja adotar uma medida que visa garantir mais transpar\u00eancia nas a\u00e7\u00f5es e abordagens policiais. Trata-se do uso de c\u00e2meras acopladas aos uniformes dos policiais, nos quais devem n\u00e3o s\u00f3 gravar as opera\u00e7\u00f5es e abordagens como tamb\u00e9m as atividades de rotina di\u00e1ria, tanto imagens quanto som.<\/span><\/p>\n<p style=\"text-align: justify;\"><span style=\"font-weight: 400;\">Embora o uso das c\u00e2meras n\u00e3o seja obrigat\u00f3rio e tenha gerado pol\u00eamica em todo o pa\u00eds, o governador do Acre, Gladson Cameli, j\u00e1 se posicionou a favor da medida e garantiu que ela ser\u00e1 adotada no estado. Segundo Cameli, n\u00e3o h\u00e1 resist\u00eancia por parte do comando da Pol\u00edcia Militar (PM) em rela\u00e7\u00e3o ao uso das c\u00e2meras nos uniformes dos policiais.<\/span><\/p>\n<p style=\"text-align: justify;\"><span style=\"font-weight: 400;\">O governador afirmou que aguarda a publica\u00e7\u00e3o das diretrizes nacionais pelo Minist\u00e9rio da Justi\u00e7a (MJ) para que o estado possa adotar a pr\u00e1tica. A previs\u00e3o \u00e9 de que isso ocorra em fevereiro, ap\u00f3s a realiza\u00e7\u00e3o de uma consulta p\u00fablica sobre o assunto.<\/span><\/p>\n<p style=\"text-align: justify;\"><span style=\"font-weight: 400;\">\u201cEstou s\u00f3 aguardando as normativas do Minist\u00e9rio da Justi\u00e7a para adotar as c\u00e2meras. N\u00e3o vejo resist\u00eancia da PM \u00e0 medida\u201d, afirmou Cameli a CNN.<\/span><\/p>\n<p style=\"text-align: justify;\"><span style=\"font-weight: 400;\">Um levantamento realizado pela Funda\u00e7\u00e3o Get\u00falio Vargas no estado de S\u00e3o Paulo revelou uma redu\u00e7\u00e3o significativa de 57% no n\u00famero de mortes decorrentes de interven\u00e7\u00e3o policial ap\u00f3s a ado\u00e7\u00e3o das c\u00e2meras nos uniformes. Al\u00e9m disso, o estudo constatou que a efetividade do trabalho da pol\u00edcia n\u00e3o foi comprometida ou reduzida.<\/span><\/p>\n<p style=\"text-align: justify;\"><span style=\"font-weight: 400;\">Vale ressaltar que a recomenda\u00e7\u00e3o para o uso de c\u00e2meras nos uniformes se estende para policiais penais, policiais militares, policiais civis, guardas municipais e bombeiros. Essa medida tem como objetivo principal garantir a transpar\u00eancia nas a\u00e7\u00f5es policiais, proteger tanto os cidad\u00e3os quanto os pr\u00f3prios policiais e contribuir para a redu\u00e7\u00e3o de mortes decorrentes de interven\u00e7\u00e3o policial.<\/span><\/p>\n<p><span style=\"font-weight: 400;\">Com informa\u00e7\u00f5es da rep\u00f3rter D\u00e9bora Ribeiro para a TV Gazeta<\/span><\/p>\n","protected":false},"excerpt":{"rendered":"<p>O governador do estado do Acre, Gladson Cameli, planeja adotar uma medida que visa garantir mais transpar\u00eancia nas a\u00e7\u00f5es e abordagens policiais. Trata-se do uso de c\u00e2meras acopladas aos uniformes dos policiais, nos quais devem n\u00e3o s\u00f3 gravar as opera\u00e7\u00f5es e abordagens como tamb\u00e9m as atividades de rotina di\u00e1ria, tanto imagens quanto som. Embora o [&hellip;]<\/p>\n","protected":false},"author":4,"featured_media":124125,"comment_status":"open","ping_status":"open","sticky":false,"template":"","format":"standard","meta":{"jnews-multi-image_gallery":[],"jnews_single_post":{"source_name":"","source_url":"","via_name":"","via_url":"","override_template":"0","override":[{"template":"custom","single_blog_custom":"110746","parallax":"1","fullscreen":"1","layout":"right-sidebar","sidebar":"default-sidebar","second_sidebar":"default-sidebar","sticky_sidebar":"1","share_position":"top","share_float_style":"share-monocrhome","show_share_counter":"1","show_view_counter":"1","show_featured":"1","show_post_meta":"1","show_post_author":"1","show_post_author_image":"1","show_post_date":"1","post_date_format":"default","post_date_format_custom":"Y\/m\/d","show_post_category":"1","show_post_reading_time":"0","post_reading_time_wpm":"300","show_zoom_button":"0","zoom_button_out_step":"2","zoom_button_in_step":"3","show_post_tag":"1","show_prev_next_post":"1","show_popup_post":"1","number_popup_post":"1","show_author_box":"0","show_post_related":"1","show_inline_post_related":"0"}],"override_image_size":"0","image_override":[{"single_post_thumbnail_size":"crop-500","single_post_gallery_size":"crop-500"}],"trending_post":"0","trending_post_position":"meta","trending_post_label":"Trending","sponsored_post":"0","sponsored_post_label":"Sponsored by","sponsored_post_name":"","sponsored_post_url":"","sponsored_post_logo_enable":"0","sponsored_post_logo":"","sponsored_post_desc":"","disable_ad":"0"},"jnews_primary_category":{"id":"","hide":""},"jnews_social_meta":{"fb_title":"","fb_description":"","fb_image":"","twitter_title":"","twitter_description":"","twitter_image":""},"jnews_review":[],"enable_review":"0","type":"percentage","name":"","summary":"","brand":"","sku":"","good":[{"good_text":""}],"bad":[{"bad_text":""}],"score_override":"0","override_value":"","rating":[{"rating_text":"","rating_number":"10"}],"price":[{"shop":"","price":"","link":"","icon":""}],"footnotes":""},"categories":[54],"tags":[],"class_list":["post-125705","post","type-post","status-publish","format-standard","has-post-thumbnail","hentry","category-cotidiano"],"yoast_head":"<!-- This site is optimized with the Yoast SEO plugin v26.5 - https:\/\/yoast.com\/wordpress\/plugins\/seo\/ -->\n<title>Uso de c\u00e2meras em uniformes policiais ser\u00e1 adotado no Acre, diz Gladson Cameli - Agazeta.net<\/title>\n<meta name=\"robots\" content=\"index, follow, max-snippet:-1, max-image-preview:large, max-video-preview:-1\" \/>\n<link rel=\"canonical\" href=\"https:\/\/nk7-testes.com.br\/agazeta\/uso-de-cameras-em-uniformes-policiais-sera-adotado-no-acre-diz-gladson-cameli\/\" \/>\n<meta property=\"og:locale\" content=\"pt_BR\" \/>\n<meta property=\"og:type\" content=\"article\" \/>\n<meta property=\"og:title\" content=\"Uso de c\u00e2meras em uniformes policiais ser\u00e1 adotado no Acre, diz Gladson Cameli - Agazeta.net\" \/>\n<meta property=\"og:description\" content=\"O governador do estado do Acre, Gladson Cameli, planeja adotar uma medida que visa garantir mais transpar\u00eancia nas a\u00e7\u00f5es e abordagens policiais. Trata-se do uso de c\u00e2meras acopladas aos uniformes dos policiais, nos quais devem n\u00e3o s\u00f3 gravar as opera\u00e7\u00f5es e abordagens como tamb\u00e9m as atividades de rotina di\u00e1ria, tanto imagens quanto som. Embora o [&hellip;]\" \/>\n<meta property=\"og:url\" content=\"https:\/\/nk7-testes.com.br\/agazeta\/uso-de-cameras-em-uniformes-policiais-sera-adotado-no-acre-diz-gladson-cameli\/\" \/>\n<meta property=\"og:site_name\" content=\"Agazeta.net\" \/>\n<meta property=\"article:published_time\" content=\"2024-01-22T18:44:43+00:00\" \/>\n<meta property=\"og:image\" content=\"https:\/\/nk7-testes.com.br\/agazeta\/wp-content\/uploads\/2023\/12\/WhatsApp-Image-2023-12-20-at-08.41.38.jpeg\" \/>\n\t<meta property=\"og:image:width\" content=\"984\" \/>\n\t<meta property=\"og:image:height\" content=\"553\" \/>\n\t<meta property=\"og:image:type\" content=\"image\/jpeg\" \/>\n<meta name=\"author\" content=\"Agazeta.Net\" \/>\n<meta name=\"twitter:card\" content=\"summary_large_image\" \/>\n<meta name=\"twitter:label1\" content=\"Escrito por\" \/>\n\t<meta name=\"twitter:data1\" content=\"Agazeta.Net\" \/>\n\t<meta name=\"twitter:label2\" content=\"Est. tempo de leitura\" \/>\n\t<meta name=\"twitter:data2\" content=\"2 minutos\" \/>\n<script type=\"application\/ld+json\" class=\"yoast-schema-graph\">{\"@context\":\"https:\/\/schema.org\",\"@graph\":[{\"@type\":\"WebPage\",\"@id\":\"https:\/\/nk7-testes.com.br\/agazeta\/uso-de-cameras-em-uniformes-policiais-sera-adotado-no-acre-diz-gladson-cameli\/\",\"url\":\"https:\/\/nk7-testes.com.br\/agazeta\/uso-de-cameras-em-uniformes-policiais-sera-adotado-no-acre-diz-gladson-cameli\/\",\"name\":\"Uso de c\u00e2meras em uniformes policiais ser\u00e1 adotado no Acre, diz Gladson Cameli - Agazeta.net\",\"isPartOf\":{\"@id\":\"https:\/\/nk7-testes.com.br\/agazeta\/#website\"},\"primaryImageOfPage\":{\"@id\":\"https:\/\/nk7-testes.com.br\/agazeta\/uso-de-cameras-em-uniformes-policiais-sera-adotado-no-acre-diz-gladson-cameli\/#primaryimage\"},\"image\":{\"@id\":\"https:\/\/nk7-testes.com.br\/agazeta\/uso-de-cameras-em-uniformes-policiais-sera-adotado-no-acre-diz-gladson-cameli\/#primaryimage\"},\"thumbnailUrl\":\"https:\/\/nk7-testes.com.br\/agazeta\/wp-content\/uploads\/2023\/12\/WhatsApp-Image-2023-12-20-at-08.41.38.jpeg\",\"datePublished\":\"2024-01-22T18:44:43+00:00\",\"author\":{\"@id\":\"https:\/\/nk7-testes.com.br\/agazeta\/#\/schema\/person\/ff6b39d54d6973bfc57f4140f659b23f\"},\"breadcrumb\":{\"@id\":\"https:\/\/nk7-testes.com.br\/agazeta\/uso-de-cameras-em-uniformes-policiais-sera-adotado-no-acre-diz-gladson-cameli\/#breadcrumb\"},\"inLanguage\":\"pt-BR\",\"potentialAction\":[{\"@type\":\"ReadAction\",\"target\":[\"https:\/\/nk7-testes.com.br\/agazeta\/uso-de-cameras-em-uniformes-policiais-sera-adotado-no-acre-diz-gladson-cameli\/\"]}]},{\"@type\":\"ImageObject\",\"inLanguage\":\"pt-BR\",\"@id\":\"https:\/\/nk7-testes.com.br\/agazeta\/uso-de-cameras-em-uniformes-policiais-sera-adotado-no-acre-diz-gladson-cameli\/#primaryimage\",\"url\":\"https:\/\/nk7-testes.com.br\/agazeta\/wp-content\/uploads\/2023\/12\/WhatsApp-Image-2023-12-20-at-08.41.38.jpeg\",\"contentUrl\":\"https:\/\/nk7-testes.com.br\/agazeta\/wp-content\/uploads\/2023\/12\/WhatsApp-Image-2023-12-20-at-08.41.38.jpeg\",\"width\":984,\"height\":553,\"caption\":\"Foto: Rovena Rosa\/Ag\u00eancia Brasil\"},{\"@type\":\"BreadcrumbList\",\"@id\":\"https:\/\/nk7-testes.com.br\/agazeta\/uso-de-cameras-em-uniformes-policiais-sera-adotado-no-acre-diz-gladson-cameli\/#breadcrumb\",\"itemListElement\":[{\"@type\":\"ListItem\",\"position\":1,\"name\":\"In\u00edcio\",\"item\":\"https:\/\/nk7-testes.com.br\/agazeta\/\"},{\"@type\":\"ListItem\",\"position\":2,\"name\":\"Uso de c\u00e2meras em uniformes policiais ser\u00e1 adotado no Acre, diz Gladson Cameli\"}]},{\"@type\":\"WebSite\",\"@id\":\"https:\/\/nk7-testes.com.br\/agazeta\/#website\",\"url\":\"https:\/\/nk7-testes.com.br\/agazeta\/\",\"name\":\"Agazeta.net\",\"description\":\"Agazeta.net - Not\u00edcias de Rio Branco\/AC\",\"potentialAction\":[{\"@type\":\"SearchAction\",\"target\":{\"@type\":\"EntryPoint\",\"urlTemplate\":\"https:\/\/nk7-testes.com.br\/agazeta\/?s={search_term_string}\"},\"query-input\":{\"@type\":\"PropertyValueSpecification\",\"valueRequired\":true,\"valueName\":\"search_term_string\"}}],\"inLanguage\":\"pt-BR\"},{\"@type\":\"Person\",\"@id\":\"https:\/\/nk7-testes.com.br\/agazeta\/#\/schema\/person\/ff6b39d54d6973bfc57f4140f659b23f\",\"name\":\"Agazeta.Net\",\"url\":\"https:\/\/nk7-testes.com.br\/agazeta\/author\/agazeta\/\"}]}<\/script>\n<!-- \/ Yoast SEO plugin. -->","yoast_head_json":{"title":"Uso de c\u00e2meras em uniformes policiais ser\u00e1 adotado no Acre, diz Gladson Cameli - Agazeta.net","robots":{"index":"index","follow":"follow","max-snippet":"max-snippet:-1","max-image-preview":"max-image-preview:large","max-video-preview":"max-video-preview:-1"},"canonical":"https:\/\/nk7-testes.com.br\/agazeta\/uso-de-cameras-em-uniformes-policiais-sera-adotado-no-acre-diz-gladson-cameli\/","og_locale":"pt_BR","og_type":"article","og_title":"Uso de c\u00e2meras em uniformes policiais ser\u00e1 adotado no Acre, diz Gladson Cameli - Agazeta.net","og_description":"O governador do estado do Acre, Gladson Cameli, planeja adotar uma medida que visa garantir mais transpar\u00eancia nas a\u00e7\u00f5es e abordagens policiais. Trata-se do uso de c\u00e2meras acopladas aos uniformes dos policiais, nos quais devem n\u00e3o s\u00f3 gravar as opera\u00e7\u00f5es e abordagens como tamb\u00e9m as atividades de rotina di\u00e1ria, tanto imagens quanto som. Embora o [&hellip;]","og_url":"https:\/\/nk7-testes.com.br\/agazeta\/uso-de-cameras-em-uniformes-policiais-sera-adotado-no-acre-diz-gladson-cameli\/","og_site_name":"Agazeta.net","article_published_time":"2024-01-22T18:44:43+00:00","og_image":[{"width":984,"height":553,"url":"https:\/\/nk7-testes.com.br\/agazeta\/wp-content\/uploads\/2023\/12\/WhatsApp-Image-2023-12-20-at-08.41.38.jpeg","type":"image\/jpeg"}],"author":"Agazeta.Net","twitter_card":"summary_large_image","twitter_misc":{"Escrito por":"Agazeta.Net","Est. tempo de leitura":"2 minutos"},"schema":{"@context":"https:\/\/schema.org","@graph":[{"@type":"WebPage","@id":"https:\/\/nk7-testes.com.br\/agazeta\/uso-de-cameras-em-uniformes-policiais-sera-adotado-no-acre-diz-gladson-cameli\/","url":"https:\/\/nk7-testes.com.br\/agazeta\/uso-de-cameras-em-uniformes-policiais-sera-adotado-no-acre-diz-gladson-cameli\/","name":"Uso de c\u00e2meras em uniformes policiais ser\u00e1 adotado no Acre, diz Gladson Cameli - Agazeta.net","isPartOf":{"@id":"https:\/\/nk7-testes.com.br\/agazeta\/#website"},"primaryImageOfPage":{"@id":"https:\/\/nk7-testes.com.br\/agazeta\/uso-de-cameras-em-uniformes-policiais-sera-adotado-no-acre-diz-gladson-cameli\/#primaryimage"},"image":{"@id":"https:\/\/nk7-testes.com.br\/agazeta\/uso-de-cameras-em-uniformes-policiais-sera-adotado-no-acre-diz-gladson-cameli\/#primaryimage"},"thumbnailUrl":"https:\/\/nk7-testes.com.br\/agazeta\/wp-content\/uploads\/2023\/12\/WhatsApp-Image-2023-12-20-at-08.41.38.jpeg","datePublished":"2024-01-22T18:44:43+00:00","author":{"@id":"https:\/\/nk7-testes.com.br\/agazeta\/#\/schema\/person\/ff6b39d54d6973bfc57f4140f659b23f"},"breadcrumb":{"@id":"https:\/\/nk7-testes.com.br\/agazeta\/uso-de-cameras-em-uniformes-policiais-sera-adotado-no-acre-diz-gladson-cameli\/#breadcrumb"},"inLanguage":"pt-BR","potentialAction":[{"@type":"ReadAction","target":["https:\/\/nk7-testes.com.br\/agazeta\/uso-de-cameras-em-uniformes-policiais-sera-adotado-no-acre-diz-gladson-cameli\/"]}]},{"@type":"ImageObject","inLanguage":"pt-BR","@id":"https:\/\/nk7-testes.com.br\/agazeta\/uso-de-cameras-em-uniformes-policiais-sera-adotado-no-acre-diz-gladson-cameli\/#primaryimage","url":"https:\/\/nk7-testes.com.br\/agazeta\/wp-content\/uploads\/2023\/12\/WhatsApp-Image-2023-12-20-at-08.41.38.jpeg","contentUrl":"https:\/\/nk7-testes.com.br\/agazeta\/wp-content\/uploads\/2023\/12\/WhatsApp-Image-2023-12-20-at-08.41.38.jpeg","width":984,"height":553,"caption":"Foto: Rovena Rosa\/Ag\u00eancia Brasil"},{"@type":"BreadcrumbList","@id":"https:\/\/nk7-testes.com.br\/agazeta\/uso-de-cameras-em-uniformes-policiais-sera-adotado-no-acre-diz-gladson-cameli\/#breadcrumb","itemListElement":[{"@type":"ListItem","position":1,"name":"In\u00edcio","item":"https:\/\/nk7-testes.com.br\/agazeta\/"},{"@type":"ListItem","position":2,"name":"Uso de c\u00e2meras em uniformes policiais ser\u00e1 adotado no Acre, diz Gladson Cameli"}]},{"@type":"WebSite","@id":"https:\/\/nk7-testes.com.br\/agazeta\/#website","url":"https:\/\/nk7-testes.com.br\/agazeta\/","name":"Agazeta.net","description":"Agazeta.net - Not\u00edcias de Rio Branco\/AC","potentialAction":[{"@type":"SearchAction","target":{"@type":"EntryPoint","urlTemplate":"https:\/\/nk7-testes.com.br\/agazeta\/?s={search_term_string}"},"query-input":{"@type":"PropertyValueSpecification","valueRequired":true,"valueName":"search_term_string"}}],"inLanguage":"pt-BR"},{"@type":"Person","@id":"https:\/\/nk7-testes.com.br\/agazeta\/#\/schema\/person\/ff6b39d54d6973bfc57f4140f659b23f","name":"Agazeta.Net","url":"https:\/\/nk7-testes.com.br\/agazeta\/author\/agazeta\/"}]}},"_links":{"self":[{"href":"https:\/\/nk7-testes.com.br\/agazeta\/wp-json\/wp\/v2\/posts\/125705","targetHints":{"allow":["GET"]}}],"collection":[{"href":"https:\/\/nk7-testes.com.br\/agazeta\/wp-json\/wp\/v2\/posts"}],"about":[{"href":"https:\/\/nk7-testes.com.br\/agazeta\/wp-json\/wp\/v2\/types\/post"}],"author":[{"embeddable":true,"href":"https:\/\/nk7-testes.com.br\/agazeta\/wp-json\/wp\/v2\/users\/4"}],"replies":[{"embeddable":true,"href":"https:\/\/nk7-testes.com.br\/agazeta\/wp-json\/wp\/v2\/comments?post=125705"}],"version-history":[{"count":0,"href":"https:\/\/nk7-testes.com.br\/agazeta\/wp-json\/wp\/v2\/posts\/125705\/revisions"}],"wp:featuredmedia":[{"embeddable":true,"href":"https:\/\/nk7-testes.com.br\/agazeta\/wp-json\/wp\/v2\/media\/124125"}],"wp:attachment":[{"href":"https:\/\/nk7-testes.com.br\/agazeta\/wp-json\/wp\/v2\/media?parent=125705"}],"wp:term":[{"taxonomy":"category","embeddable":true,"href":"https:\/\/nk7-testes.com.br\/agazeta\/wp-json\/wp\/v2\/categories?post=125705"},{"taxonomy":"post_tag","embeddable":true,"href":"https:\/\/nk7-testes.com.br\/agazeta\/wp-json\/wp\/v2\/tags?post=125705"}],"curies":[{"name":"wp","href":"https:\/\/api.w.org\/{rel}","templated":true}]}}