{"id":125686,"date":"2024-01-22T10:40:42","date_gmt":"2024-01-22T15:40:42","guid":{"rendered":"https:\/\/abarevegan.com.br\/?p=125686"},"modified":"2024-01-22T11:00:10","modified_gmt":"2024-01-22T16:00:10","slug":"em-rio-branco-policiais-civis-realizam-protesto-em-busca-de-melhores-condicoes-de-trabalho","status":"publish","type":"post","link":"https:\/\/nk7-testes.com.br\/agazeta\/em-rio-branco-policiais-civis-realizam-protesto-em-busca-de-melhores-condicoes-de-trabalho\/","title":{"rendered":"Em Rio Branco, policiais civis realizam protesto em busca de melhores condi\u00e7\u00f5es de trabalho"},"content":{"rendered":"<p>Por <strong>Inayme Lobo<\/strong> para o <strong>Agazeta.net<\/strong><\/p>\n<p style=\"text-align: justify;\">Policiais Civis do Acre (PC\/AC) se re\u00fanem em frente \u00e0 Divis\u00e3o Especializada de Investiga\u00e7\u00f5es Criminais (DEIC), nesta segunda-feira (22), para reivindicar melhor estrutura administrativa e remunera\u00e7\u00e3o. Os agentes de seguran\u00e7a fecharam a rua e estenderam faixas.<\/p>\n<p style=\"text-align: justify;\">Segundo o Sindicato dos Policiais Civis do Estado do Acre (Sinpol), a PC obteve apenas 5% de aumento na remunera\u00e7\u00e3o, feita de forma geral para os servidores, que ocorreu no final do primeiro mandato do governador Gladson Cameli (PP). No segundo mandato ocorreu um aumento escalonado at\u00e9 2026, mas nada espec\u00edfico para os policiais civis.<\/p>\n<p style=\"text-align: justify;\">Segundo Rafael Diniz, presidente do Sinpol, o objetivo \u00e9 cobrar melhor estrutura de trabalho para a Pol\u00edcia Civil, al\u00e9m das quest\u00f5es salariais. Para reivindicar melhorias na administra\u00e7\u00e3o, o Sindicato realizou visitas \u00e0s delegacias. A Opera\u00e7\u00e3o Padr\u00e3o n\u00e3o tem data para finalizar.<\/p>\n<p><em><strong>Com informa\u00e7\u00f5es do rep\u00f3rter Luan Rodrigo para a TV Gazeta<\/strong><\/em><\/p>\n","protected":false},"excerpt":{"rendered":"<p>Por Inayme Lobo para o Agazeta.net Policiais Civis do Acre (PC\/AC) se re\u00fanem em frente \u00e0 Divis\u00e3o Especializada de Investiga\u00e7\u00f5es Criminais (DEIC), nesta segunda-feira (22), para reivindicar melhor estrutura administrativa e remunera\u00e7\u00e3o. Os agentes de seguran\u00e7a fecharam a rua e estenderam faixas. Segundo o Sindicato dos Policiais Civis do Estado do Acre (Sinpol), a PC [&hellip;]<\/p>\n","protected":false},"author":4,"featured_media":125687,"comment_status":"open","ping_status":"open","sticky":false,"template":"","format":"standard","meta":{"jnews-multi-image_gallery":[],"jnews_single_post":{"source_name":"","source_url":"","via_name":"","via_url":"","override_template":"0","override":[{"template":"custom","single_blog_custom":"110746","parallax":"1","fullscreen":"1","layout":"right-sidebar","sidebar":"default-sidebar","second_sidebar":"default-sidebar","sticky_sidebar":"1","share_position":"top","share_float_style":"share-monocrhome","show_share_counter":"1","show_view_counter":"1","show_featured":"1","show_post_meta":"1","show_post_author":"1","show_post_author_image":"1","show_post_date":"1","post_date_format":"default","post_date_format_custom":"Y\/m\/d","show_post_category":"1","show_post_reading_time":"0","post_reading_time_wpm":"300","show_zoom_button":"0","zoom_button_out_step":"2","zoom_button_in_step":"3","show_post_tag":"1","show_prev_next_post":"1","show_popup_post":"1","number_popup_post":"1","show_author_box":"0","show_post_related":"1","show_inline_post_related":"0"}],"override_image_size":"0","image_override":[{"single_post_thumbnail_size":"crop-500","single_post_gallery_size":"crop-500"}],"trending_post":"0","trending_post_position":"meta","trending_post_label":"Trending","sponsored_post":"0","sponsored_post_label":"Sponsored by","sponsored_post_name":"","sponsored_post_url":"","sponsored_post_logo_enable":"0","sponsored_post_logo":"","sponsored_post_desc":"","disable_ad":"0"},"jnews_primary_category":{"id":"","hide":""},"jnews_social_meta":{"fb_title":"","fb_description":"","fb_image":"","twitter_title":"","twitter_description":"","twitter_image":""},"jnews_review":[],"enable_review":"0","type":"percentage","name":"","summary":"","brand":"","sku":"","good":[{"good_text":""}],"bad":[{"bad_text":""}],"score_override":"0","override_value":"","rating":[{"rating_text":"","rating_number":"10"}],"price":[{"shop":"","price":"","link":"","icon":""}],"footnotes":""},"categories":[54],"tags":[152],"class_list":["post-125686","post","type-post","status-publish","format-standard","has-post-thumbnail","hentry","category-cotidiano","tag-destaque"],"yoast_head":"<!-- This site is optimized with the Yoast SEO plugin v26.5 - https:\/\/yoast.com\/wordpress\/plugins\/seo\/ -->\n<title>Em Rio Branco, policiais civis realizam protesto em busca de melhores condi\u00e7\u00f5es de trabalho - Agazeta.net<\/title>\n<meta name=\"robots\" content=\"index, follow, max-snippet:-1, max-image-preview:large, max-video-preview:-1\" \/>\n<link rel=\"canonical\" href=\"https:\/\/nk7-testes.com.br\/agazeta\/em-rio-branco-policiais-civis-realizam-protesto-em-busca-de-melhores-condicoes-de-trabalho\/\" \/>\n<meta property=\"og:locale\" content=\"pt_BR\" \/>\n<meta property=\"og:type\" content=\"article\" \/>\n<meta property=\"og:title\" content=\"Em Rio Branco, policiais civis realizam protesto em busca de melhores condi\u00e7\u00f5es de trabalho\" \/>\n<meta property=\"og:description\" content=\"Opera\u00e7\u00e3o Padr\u00e3o, da PC\/AC, tamb\u00e9m reivindica reajuste salarial expec\u00edfico para a classe\" \/>\n<meta property=\"og:url\" content=\"https:\/\/nk7-testes.com.br\/agazeta\/em-rio-branco-policiais-civis-realizam-protesto-em-busca-de-melhores-condicoes-de-trabalho\/\" \/>\n<meta property=\"og:site_name\" content=\"Agazeta.net\" \/>\n<meta property=\"article:published_time\" content=\"2024-01-22T15:40:42+00:00\" \/>\n<meta property=\"article:modified_time\" content=\"2024-01-22T16:00:10+00:00\" \/>\n<meta property=\"og:image\" content=\"https:\/\/nk7-testes.com.br\/agazeta\/wp-content\/uploads\/2024\/01\/WhatsApp-Image-2024-01-22-at-09.45.12.jpeg\" \/>\n\t<meta property=\"og:image:width\" content=\"800\" \/>\n\t<meta property=\"og:image:height\" content=\"399\" \/>\n\t<meta property=\"og:image:type\" content=\"image\/jpeg\" \/>\n<meta name=\"author\" content=\"Agazeta.Net\" \/>\n<meta name=\"twitter:card\" content=\"summary_large_image\" \/>\n<meta name=\"twitter:label1\" content=\"Escrito por\" \/>\n\t<meta name=\"twitter:data1\" content=\"Agazeta.Net\" \/>\n\t<meta name=\"twitter:label2\" content=\"Est. tempo de leitura\" \/>\n\t<meta name=\"twitter:data2\" content=\"1 minuto\" \/>\n<script type=\"application\/ld+json\" class=\"yoast-schema-graph\">{\"@context\":\"https:\/\/schema.org\",\"@graph\":[{\"@type\":\"WebPage\",\"@id\":\"https:\/\/nk7-testes.com.br\/agazeta\/em-rio-branco-policiais-civis-realizam-protesto-em-busca-de-melhores-condicoes-de-trabalho\/\",\"url\":\"https:\/\/nk7-testes.com.br\/agazeta\/em-rio-branco-policiais-civis-realizam-protesto-em-busca-de-melhores-condicoes-de-trabalho\/\",\"name\":\"Em Rio Branco, policiais civis realizam protesto em busca de melhores condi\u00e7\u00f5es de trabalho - Agazeta.net\",\"isPartOf\":{\"@id\":\"https:\/\/nk7-testes.com.br\/agazeta\/#website\"},\"primaryImageOfPage\":{\"@id\":\"https:\/\/nk7-testes.com.br\/agazeta\/em-rio-branco-policiais-civis-realizam-protesto-em-busca-de-melhores-condicoes-de-trabalho\/#primaryimage\"},\"image\":{\"@id\":\"https:\/\/nk7-testes.com.br\/agazeta\/em-rio-branco-policiais-civis-realizam-protesto-em-busca-de-melhores-condicoes-de-trabalho\/#primaryimage\"},\"thumbnailUrl\":\"https:\/\/nk7-testes.com.br\/agazeta\/wp-content\/uploads\/2024\/01\/WhatsApp-Image-2024-01-22-at-09.45.12.jpeg\",\"datePublished\":\"2024-01-22T15:40:42+00:00\",\"dateModified\":\"2024-01-22T16:00:10+00:00\",\"author\":{\"@id\":\"https:\/\/nk7-testes.com.br\/agazeta\/#\/schema\/person\/ff6b39d54d6973bfc57f4140f659b23f\"},\"breadcrumb\":{\"@id\":\"https:\/\/nk7-testes.com.br\/agazeta\/em-rio-branco-policiais-civis-realizam-protesto-em-busca-de-melhores-condicoes-de-trabalho\/#breadcrumb\"},\"inLanguage\":\"pt-BR\",\"potentialAction\":[{\"@type\":\"ReadAction\",\"target\":[\"https:\/\/nk7-testes.com.br\/agazeta\/em-rio-branco-policiais-civis-realizam-protesto-em-busca-de-melhores-condicoes-de-trabalho\/\"]}]},{\"@type\":\"ImageObject\",\"inLanguage\":\"pt-BR\",\"@id\":\"https:\/\/nk7-testes.com.br\/agazeta\/em-rio-branco-policiais-civis-realizam-protesto-em-busca-de-melhores-condicoes-de-trabalho\/#primaryimage\",\"url\":\"https:\/\/nk7-testes.com.br\/agazeta\/wp-content\/uploads\/2024\/01\/WhatsApp-Image-2024-01-22-at-09.45.12.jpeg\",\"contentUrl\":\"https:\/\/nk7-testes.com.br\/agazeta\/wp-content\/uploads\/2024\/01\/WhatsApp-Image-2024-01-22-at-09.45.12.jpeg\",\"width\":800,\"height\":399,\"caption\":\"Imagem: Luan Rodrigo\/TV Gazeta\"},{\"@type\":\"BreadcrumbList\",\"@id\":\"https:\/\/nk7-testes.com.br\/agazeta\/em-rio-branco-policiais-civis-realizam-protesto-em-busca-de-melhores-condicoes-de-trabalho\/#breadcrumb\",\"itemListElement\":[{\"@type\":\"ListItem\",\"position\":1,\"name\":\"In\u00edcio\",\"item\":\"https:\/\/nk7-testes.com.br\/agazeta\/\"},{\"@type\":\"ListItem\",\"position\":2,\"name\":\"Em Rio Branco, policiais civis realizam protesto em busca de melhores condi\u00e7\u00f5es de trabalho\"}]},{\"@type\":\"WebSite\",\"@id\":\"https:\/\/nk7-testes.com.br\/agazeta\/#website\",\"url\":\"https:\/\/nk7-testes.com.br\/agazeta\/\",\"name\":\"Agazeta.net\",\"description\":\"Agazeta.net - Not\u00edcias de Rio Branco\/AC\",\"potentialAction\":[{\"@type\":\"SearchAction\",\"target\":{\"@type\":\"EntryPoint\",\"urlTemplate\":\"https:\/\/nk7-testes.com.br\/agazeta\/?s={search_term_string}\"},\"query-input\":{\"@type\":\"PropertyValueSpecification\",\"valueRequired\":true,\"valueName\":\"search_term_string\"}}],\"inLanguage\":\"pt-BR\"},{\"@type\":\"Person\",\"@id\":\"https:\/\/nk7-testes.com.br\/agazeta\/#\/schema\/person\/ff6b39d54d6973bfc57f4140f659b23f\",\"name\":\"Agazeta.Net\",\"url\":\"https:\/\/nk7-testes.com.br\/agazeta\/author\/agazeta\/\"}]}<\/script>\n<!-- \/ Yoast SEO plugin. -->","yoast_head_json":{"title":"Em Rio Branco, policiais civis realizam protesto em busca de melhores condi\u00e7\u00f5es de trabalho - Agazeta.net","robots":{"index":"index","follow":"follow","max-snippet":"max-snippet:-1","max-image-preview":"max-image-preview:large","max-video-preview":"max-video-preview:-1"},"canonical":"https:\/\/nk7-testes.com.br\/agazeta\/em-rio-branco-policiais-civis-realizam-protesto-em-busca-de-melhores-condicoes-de-trabalho\/","og_locale":"pt_BR","og_type":"article","og_title":"Em Rio Branco, policiais civis realizam protesto em busca de melhores condi\u00e7\u00f5es de trabalho","og_description":"Opera\u00e7\u00e3o Padr\u00e3o, da PC\/AC, tamb\u00e9m reivindica reajuste salarial expec\u00edfico para a classe","og_url":"https:\/\/nk7-testes.com.br\/agazeta\/em-rio-branco-policiais-civis-realizam-protesto-em-busca-de-melhores-condicoes-de-trabalho\/","og_site_name":"Agazeta.net","article_published_time":"2024-01-22T15:40:42+00:00","article_modified_time":"2024-01-22T16:00:10+00:00","og_image":[{"width":800,"height":399,"url":"https:\/\/nk7-testes.com.br\/agazeta\/wp-content\/uploads\/2024\/01\/WhatsApp-Image-2024-01-22-at-09.45.12.jpeg","type":"image\/jpeg"}],"author":"Agazeta.Net","twitter_card":"summary_large_image","twitter_misc":{"Escrito por":"Agazeta.Net","Est. tempo de leitura":"1 minuto"},"schema":{"@context":"https:\/\/schema.org","@graph":[{"@type":"WebPage","@id":"https:\/\/nk7-testes.com.br\/agazeta\/em-rio-branco-policiais-civis-realizam-protesto-em-busca-de-melhores-condicoes-de-trabalho\/","url":"https:\/\/nk7-testes.com.br\/agazeta\/em-rio-branco-policiais-civis-realizam-protesto-em-busca-de-melhores-condicoes-de-trabalho\/","name":"Em Rio Branco, policiais civis realizam protesto em busca de melhores condi\u00e7\u00f5es de trabalho - Agazeta.net","isPartOf":{"@id":"https:\/\/nk7-testes.com.br\/agazeta\/#website"},"primaryImageOfPage":{"@id":"https:\/\/nk7-testes.com.br\/agazeta\/em-rio-branco-policiais-civis-realizam-protesto-em-busca-de-melhores-condicoes-de-trabalho\/#primaryimage"},"image":{"@id":"https:\/\/nk7-testes.com.br\/agazeta\/em-rio-branco-policiais-civis-realizam-protesto-em-busca-de-melhores-condicoes-de-trabalho\/#primaryimage"},"thumbnailUrl":"https:\/\/nk7-testes.com.br\/agazeta\/wp-content\/uploads\/2024\/01\/WhatsApp-Image-2024-01-22-at-09.45.12.jpeg","datePublished":"2024-01-22T15:40:42+00:00","dateModified":"2024-01-22T16:00:10+00:00","author":{"@id":"https:\/\/nk7-testes.com.br\/agazeta\/#\/schema\/person\/ff6b39d54d6973bfc57f4140f659b23f"},"breadcrumb":{"@id":"https:\/\/nk7-testes.com.br\/agazeta\/em-rio-branco-policiais-civis-realizam-protesto-em-busca-de-melhores-condicoes-de-trabalho\/#breadcrumb"},"inLanguage":"pt-BR","potentialAction":[{"@type":"ReadAction","target":["https:\/\/nk7-testes.com.br\/agazeta\/em-rio-branco-policiais-civis-realizam-protesto-em-busca-de-melhores-condicoes-de-trabalho\/"]}]},{"@type":"ImageObject","inLanguage":"pt-BR","@id":"https:\/\/nk7-testes.com.br\/agazeta\/em-rio-branco-policiais-civis-realizam-protesto-em-busca-de-melhores-condicoes-de-trabalho\/#primaryimage","url":"https:\/\/nk7-testes.com.br\/agazeta\/wp-content\/uploads\/2024\/01\/WhatsApp-Image-2024-01-22-at-09.45.12.jpeg","contentUrl":"https:\/\/nk7-testes.com.br\/agazeta\/wp-content\/uploads\/2024\/01\/WhatsApp-Image-2024-01-22-at-09.45.12.jpeg","width":800,"height":399,"caption":"Imagem: Luan Rodrigo\/TV Gazeta"},{"@type":"BreadcrumbList","@id":"https:\/\/nk7-testes.com.br\/agazeta\/em-rio-branco-policiais-civis-realizam-protesto-em-busca-de-melhores-condicoes-de-trabalho\/#breadcrumb","itemListElement":[{"@type":"ListItem","position":1,"name":"In\u00edcio","item":"https:\/\/nk7-testes.com.br\/agazeta\/"},{"@type":"ListItem","position":2,"name":"Em Rio Branco, policiais civis realizam protesto em busca de melhores condi\u00e7\u00f5es de trabalho"}]},{"@type":"WebSite","@id":"https:\/\/nk7-testes.com.br\/agazeta\/#website","url":"https:\/\/nk7-testes.com.br\/agazeta\/","name":"Agazeta.net","description":"Agazeta.net - Not\u00edcias de Rio Branco\/AC","potentialAction":[{"@type":"SearchAction","target":{"@type":"EntryPoint","urlTemplate":"https:\/\/nk7-testes.com.br\/agazeta\/?s={search_term_string}"},"query-input":{"@type":"PropertyValueSpecification","valueRequired":true,"valueName":"search_term_string"}}],"inLanguage":"pt-BR"},{"@type":"Person","@id":"https:\/\/nk7-testes.com.br\/agazeta\/#\/schema\/person\/ff6b39d54d6973bfc57f4140f659b23f","name":"Agazeta.Net","url":"https:\/\/nk7-testes.com.br\/agazeta\/author\/agazeta\/"}]}},"_links":{"self":[{"href":"https:\/\/nk7-testes.com.br\/agazeta\/wp-json\/wp\/v2\/posts\/125686","targetHints":{"allow":["GET"]}}],"collection":[{"href":"https:\/\/nk7-testes.com.br\/agazeta\/wp-json\/wp\/v2\/posts"}],"about":[{"href":"https:\/\/nk7-testes.com.br\/agazeta\/wp-json\/wp\/v2\/types\/post"}],"author":[{"embeddable":true,"href":"https:\/\/nk7-testes.com.br\/agazeta\/wp-json\/wp\/v2\/users\/4"}],"replies":[{"embeddable":true,"href":"https:\/\/nk7-testes.com.br\/agazeta\/wp-json\/wp\/v2\/comments?post=125686"}],"version-history":[{"count":0,"href":"https:\/\/nk7-testes.com.br\/agazeta\/wp-json\/wp\/v2\/posts\/125686\/revisions"}],"wp:featuredmedia":[{"embeddable":true,"href":"https:\/\/nk7-testes.com.br\/agazeta\/wp-json\/wp\/v2\/media\/125687"}],"wp:attachment":[{"href":"https:\/\/nk7-testes.com.br\/agazeta\/wp-json\/wp\/v2\/media?parent=125686"}],"wp:term":[{"taxonomy":"category","embeddable":true,"href":"https:\/\/nk7-testes.com.br\/agazeta\/wp-json\/wp\/v2\/categories?post=125686"},{"taxonomy":"post_tag","embeddable":true,"href":"https:\/\/nk7-testes.com.br\/agazeta\/wp-json\/wp\/v2\/tags?post=125686"}],"curies":[{"name":"wp","href":"https:\/\/api.w.org\/{rel}","templated":true}]}}