{"id":125558,"date":"2024-01-18T15:36:03","date_gmt":"2024-01-18T20:36:03","guid":{"rendered":"https:\/\/abarevegan.com.br\/?p=125558"},"modified":"2024-01-18T15:36:03","modified_gmt":"2024-01-18T20:36:03","slug":"policia-federal-sera-acionada-afirma-promotor-do-mpac-apos-alegar-ter-sido-vitima-de-homofobia","status":"publish","type":"post","link":"https:\/\/nk7-testes.com.br\/agazeta\/policia-federal-sera-acionada-afirma-promotor-do-mpac-apos-alegar-ter-sido-vitima-de-homofobia\/","title":{"rendered":"&#8216;Pol\u00edcia Federal ser\u00e1 acionada&#8217;, afirma promotor do MPAC ap\u00f3s alegar ter sido v\u00edtima de homofobia"},"content":{"rendered":"<p style=\"text-align: justify;\">O promotor de Justi\u00e7a do Minist\u00e9rio P\u00fablico do Acre (MPAC), Tales Tranin, titular na Promotoria Criminal de Execu\u00e7\u00e3o Penal e Fiscaliza\u00e7\u00e3o de Pres\u00eddio, alega ser v\u00edtima de homofobia, praticada pelas redes sociais, atrav\u00e9s de um coment\u00e1rio.<\/p>\n<p style=\"text-align: justify;\">Em uma captura de tela do coment\u00e1rio em quest\u00e3o, o internauta de nome Pablo Felipe disse: &#8220;Esse g.a.y l\u00e1 sabe de nada&#8221;. Ap\u00f3s a circula\u00e7\u00e3o da imagem, Tranin buscou denunciar o caso no pr\u00f3prio Minist\u00e9rio P\u00fablico.<\/p>\n<p><img decoding=\"async\" class=\"aligncenter wp-image-125560 size-full\" src=\"https:\/\/nk7-testes.com.br\/wp-content\/uploads\/2024\/01\/WhatsApp-Image-2024-01-18-at-15.04.22.jpeg\" alt=\"\" width=\"720\" height=\"222\" srcset=\"https:\/\/nk7-testes.com.br\/agazeta\/wp-content\/uploads\/2024\/01\/WhatsApp-Image-2024-01-18-at-15.04.22.jpeg 720w, https:\/\/nk7-testes.com.br\/agazeta\/wp-content\/uploads\/2024\/01\/WhatsApp-Image-2024-01-18-at-15.04.22-300x93.jpeg 300w\" sizes=\"(max-width: 720px) 100vw, 720px\" \/><\/p>\n<p style=\"text-align: justify;\">A procuradora de Justi\u00e7a e coordenadora-geral do Centro de Atendimento \u00e0 V\u00edtima (CAV), Patr\u00edcia de Amorim R\u00eago, enviou memorandos ao procurador-geral de Justi\u00e7a, Danilo Lovisaro, e ao delegado-geral da Pol\u00edcia Civil do Acre (PC\/AC), Jos\u00e9 Henrique Maciel, explicando a situa\u00e7\u00e3o.<\/p>\n<p style=\"text-align: justify;\">\u00c9 v\u00e1lido ressaltar que o Supremo Tribunal Federal (STF) decidiu tipificar a homofobia como uma modalidade de racismo. Ao encerrar o julgamento dessa quest\u00e3o, a Corte afirmou a omiss\u00e3o do Congresso em aprovar a legisla\u00e7\u00e3o em quest\u00e3o e determinou que os casos de agress\u00f5es contra a comunidade LGBT (l\u00e9sbicas, gays, bissexuais, transexuais e travestis) sejam considerados como crime de racismo, at\u00e9 que uma norma espec\u00edfica seja aprovada pelo Congresso Nacional.<img decoding=\"async\" src=\"https:\/\/agenciabrasil.ebc.com.br\/ebc.gif?id=1145606&amp;o=node\" \/><\/p>\n<h4>Tales Tranin<\/h4>\n<p style=\"text-align: justify;\">O site Agazeta.net entrou em contato com o procurador Tales Tranin, para entender melhor o andamento da situa\u00e7\u00e3o. Segundo ele, a Pol\u00edcia Federal vai ser acionada, pois a situa\u00e7\u00e3o ocorreu pelas redes sociais.<\/p>\n<p style=\"text-align: justify;\">&#8220;Os documentos foram expedidos hoje. A Pol\u00edcia Federal ser\u00e1 acionada tamb\u00e9m, porque foi feito pelas redes sociais&#8221;, conta o promotor.<\/p>\n<h4>Suspeito<\/h4>\n<p style=\"text-align: justify;\">Entramos em contato com Pablo Felipe pelas redes sociais, em busca de entendermos a motiva\u00e7\u00e3o de tal a\u00e7\u00e3o discriminat\u00f3ria contra Tranin, por\u00e9m n\u00e3o obtivemos resposta. A mat\u00e9ria segue aberta para quaisquer esclarecimentos.<\/p>\n<h4>N\u00e3o \u00e9 a primeira vez<\/h4>\n<p style=\"text-align: justify;\">Dia 28 de agosto de 2023, um policial penal foi denunciado pelo MPAC, ap\u00f3s um coment\u00e1rio tido como homof\u00f3bico proferido em uma publica\u00e7\u00e3o de um ve\u00edculo de comunica\u00e7\u00e3o local na rede social Facebook. A den\u00fancia, assinada pelo promotor de Justi\u00e7a Abelardo Townes de Castro J\u00fanior, destacou que o denunciado \u00e9 acusado de proferir coment\u00e1rios discriminat\u00f3rios relacionados \u00e0 orienta\u00e7\u00e3o sexual do promotor de Justi\u00e7a, utilizando termos pejorativos e demonstrando preconceito.<\/p>\n<p>https:\/\/nk7-testes.com.br\/mp-do-acre-denuncia-policial-penal-por-suposta-homofobia-e-ameaca-a-promotor-de-justica\/<\/p>\n","protected":false},"excerpt":{"rendered":"<p>O promotor de Justi\u00e7a do Minist\u00e9rio P\u00fablico do Acre (MPAC), Tales Tranin, titular na Promotoria Criminal de Execu\u00e7\u00e3o Penal e Fiscaliza\u00e7\u00e3o de Pres\u00eddio, alega ser v\u00edtima de homofobia, praticada pelas redes sociais, atrav\u00e9s de um coment\u00e1rio. Em uma captura de tela do coment\u00e1rio em quest\u00e3o, o internauta de nome Pablo Felipe disse: &#8220;Esse g.a.y l\u00e1 [&hellip;]<\/p>\n","protected":false},"author":4,"featured_media":125562,"comment_status":"open","ping_status":"open","sticky":false,"template":"","format":"standard","meta":{"jnews-multi-image_gallery":[],"jnews_single_post":{"source_name":"","source_url":"","via_name":"","via_url":"","override_template":"0","override":[{"template":"custom","single_blog_custom":"110746","parallax":"1","fullscreen":"1","layout":"right-sidebar","sidebar":"default-sidebar","second_sidebar":"default-sidebar","sticky_sidebar":"1","share_position":"top","share_float_style":"share-monocrhome","show_share_counter":"1","show_view_counter":"1","show_featured":"1","show_post_meta":"1","show_post_author":"1","show_post_author_image":"1","show_post_date":"1","post_date_format":"default","post_date_format_custom":"Y\/m\/d","show_post_category":"1","show_post_reading_time":"0","post_reading_time_wpm":"300","show_zoom_button":"0","zoom_button_out_step":"2","zoom_button_in_step":"3","show_post_tag":"1","show_prev_next_post":"1","show_popup_post":"1","number_popup_post":"1","show_author_box":"0","show_post_related":"1","show_inline_post_related":"0"}],"override_image_size":"0","image_override":[{"single_post_thumbnail_size":"crop-500","single_post_gallery_size":"crop-500"}],"trending_post":"0","trending_post_position":"meta","trending_post_label":"Trending","sponsored_post":"0","sponsored_post_label":"Sponsored by","sponsored_post_name":"","sponsored_post_url":"","sponsored_post_logo_enable":"0","sponsored_post_logo":"","sponsored_post_desc":"","disable_ad":"0"},"jnews_primary_category":{"id":"","hide":""},"jnews_social_meta":{"fb_title":"","fb_description":"","fb_image":"","twitter_title":"","twitter_description":"","twitter_image":""},"jnews_review":[],"enable_review":"0","type":"percentage","name":"","summary":"","brand":"","sku":"","good":[{"good_text":""}],"bad":[{"bad_text":""}],"score_override":"0","override_value":"","rating":[{"rating_text":"","rating_number":"10"}],"price":[{"shop":"","price":"","link":"","icon":""}],"footnotes":""},"categories":[54],"tags":[152],"class_list":["post-125558","post","type-post","status-publish","format-standard","has-post-thumbnail","hentry","category-cotidiano","tag-destaque"],"yoast_head":"<!-- This site is optimized with the Yoast SEO plugin v26.5 - https:\/\/yoast.com\/wordpress\/plugins\/seo\/ -->\n<title>&#039;Pol\u00edcia Federal ser\u00e1 acionada&#039;, afirma promotor do MPAC ap\u00f3s alegar ter sido v\u00edtima de homofobia - Agazeta.net<\/title>\n<meta name=\"robots\" content=\"index, follow, max-snippet:-1, max-image-preview:large, max-video-preview:-1\" \/>\n<link rel=\"canonical\" href=\"https:\/\/nk7-testes.com.br\/agazeta\/policia-federal-sera-acionada-afirma-promotor-do-mpac-apos-alegar-ter-sido-vitima-de-homofobia\/\" \/>\n<meta property=\"og:locale\" content=\"pt_BR\" \/>\n<meta property=\"og:type\" content=\"article\" \/>\n<meta property=\"og:title\" content=\"&#039;Pol\u00edcia Federal ser\u00e1 acionada&#039;, afirma promotor do MPAC ap\u00f3s alegar ter sido v\u00edtima de homofobia\" \/>\n<meta property=\"og:description\" content=\"Em coment\u00e1rio feito pelas redes sociais, o internauta de nome Pablo Felipe disse: &quot;Esse g.a.y l\u00e1 sabe de nada&quot;\" \/>\n<meta property=\"og:url\" content=\"https:\/\/nk7-testes.com.br\/agazeta\/policia-federal-sera-acionada-afirma-promotor-do-mpac-apos-alegar-ter-sido-vitima-de-homofobia\/\" \/>\n<meta property=\"og:site_name\" content=\"Agazeta.net\" \/>\n<meta property=\"article:published_time\" content=\"2024-01-18T20:36:03+00:00\" \/>\n<meta property=\"og:image\" content=\"https:\/\/nk7-testes.com.br\/agazeta\/wp-content\/uploads\/2024\/01\/WhatsApp-Image-2024-01-18-at-15.34.25.jpeg\" \/>\n\t<meta property=\"og:image:width\" content=\"800\" \/>\n\t<meta property=\"og:image:height\" content=\"401\" \/>\n\t<meta property=\"og:image:type\" content=\"image\/jpeg\" \/>\n<meta name=\"author\" content=\"Agazeta.Net\" \/>\n<meta name=\"twitter:card\" content=\"summary_large_image\" \/>\n<meta name=\"twitter:label1\" content=\"Escrito por\" \/>\n\t<meta name=\"twitter:data1\" content=\"Agazeta.Net\" \/>\n\t<meta name=\"twitter:label2\" content=\"Est. tempo de leitura\" \/>\n\t<meta name=\"twitter:data2\" content=\"2 minutos\" \/>\n<script type=\"application\/ld+json\" class=\"yoast-schema-graph\">{\"@context\":\"https:\/\/schema.org\",\"@graph\":[{\"@type\":\"WebPage\",\"@id\":\"https:\/\/nk7-testes.com.br\/agazeta\/policia-federal-sera-acionada-afirma-promotor-do-mpac-apos-alegar-ter-sido-vitima-de-homofobia\/\",\"url\":\"https:\/\/nk7-testes.com.br\/agazeta\/policia-federal-sera-acionada-afirma-promotor-do-mpac-apos-alegar-ter-sido-vitima-de-homofobia\/\",\"name\":\"'Pol\u00edcia Federal ser\u00e1 acionada', afirma promotor do MPAC ap\u00f3s alegar ter sido v\u00edtima de homofobia - Agazeta.net\",\"isPartOf\":{\"@id\":\"https:\/\/nk7-testes.com.br\/agazeta\/#website\"},\"primaryImageOfPage\":{\"@id\":\"https:\/\/nk7-testes.com.br\/agazeta\/policia-federal-sera-acionada-afirma-promotor-do-mpac-apos-alegar-ter-sido-vitima-de-homofobia\/#primaryimage\"},\"image\":{\"@id\":\"https:\/\/nk7-testes.com.br\/agazeta\/policia-federal-sera-acionada-afirma-promotor-do-mpac-apos-alegar-ter-sido-vitima-de-homofobia\/#primaryimage\"},\"thumbnailUrl\":\"https:\/\/nk7-testes.com.br\/agazeta\/wp-content\/uploads\/2024\/01\/WhatsApp-Image-2024-01-18-at-15.34.25.jpeg\",\"datePublished\":\"2024-01-18T20:36:03+00:00\",\"author\":{\"@id\":\"https:\/\/nk7-testes.com.br\/agazeta\/#\/schema\/person\/ff6b39d54d6973bfc57f4140f659b23f\"},\"breadcrumb\":{\"@id\":\"https:\/\/nk7-testes.com.br\/agazeta\/policia-federal-sera-acionada-afirma-promotor-do-mpac-apos-alegar-ter-sido-vitima-de-homofobia\/#breadcrumb\"},\"inLanguage\":\"pt-BR\",\"potentialAction\":[{\"@type\":\"ReadAction\",\"target\":[\"https:\/\/nk7-testes.com.br\/agazeta\/policia-federal-sera-acionada-afirma-promotor-do-mpac-apos-alegar-ter-sido-vitima-de-homofobia\/\"]}]},{\"@type\":\"ImageObject\",\"inLanguage\":\"pt-BR\",\"@id\":\"https:\/\/nk7-testes.com.br\/agazeta\/policia-federal-sera-acionada-afirma-promotor-do-mpac-apos-alegar-ter-sido-vitima-de-homofobia\/#primaryimage\",\"url\":\"https:\/\/nk7-testes.com.br\/agazeta\/wp-content\/uploads\/2024\/01\/WhatsApp-Image-2024-01-18-at-15.34.25.jpeg\",\"contentUrl\":\"https:\/\/nk7-testes.com.br\/agazeta\/wp-content\/uploads\/2024\/01\/WhatsApp-Image-2024-01-18-at-15.34.25.jpeg\",\"width\":800,\"height\":401,\"caption\":\"Imagem: Arquivo pessoal\"},{\"@type\":\"BreadcrumbList\",\"@id\":\"https:\/\/nk7-testes.com.br\/agazeta\/policia-federal-sera-acionada-afirma-promotor-do-mpac-apos-alegar-ter-sido-vitima-de-homofobia\/#breadcrumb\",\"itemListElement\":[{\"@type\":\"ListItem\",\"position\":1,\"name\":\"In\u00edcio\",\"item\":\"https:\/\/nk7-testes.com.br\/agazeta\/\"},{\"@type\":\"ListItem\",\"position\":2,\"name\":\"&#8216;Pol\u00edcia Federal ser\u00e1 acionada&#8217;, afirma promotor do MPAC ap\u00f3s alegar ter sido v\u00edtima de homofobia\"}]},{\"@type\":\"WebSite\",\"@id\":\"https:\/\/nk7-testes.com.br\/agazeta\/#website\",\"url\":\"https:\/\/nk7-testes.com.br\/agazeta\/\",\"name\":\"Agazeta.net\",\"description\":\"Agazeta.net - Not\u00edcias de Rio Branco\/AC\",\"potentialAction\":[{\"@type\":\"SearchAction\",\"target\":{\"@type\":\"EntryPoint\",\"urlTemplate\":\"https:\/\/nk7-testes.com.br\/agazeta\/?s={search_term_string}\"},\"query-input\":{\"@type\":\"PropertyValueSpecification\",\"valueRequired\":true,\"valueName\":\"search_term_string\"}}],\"inLanguage\":\"pt-BR\"},{\"@type\":\"Person\",\"@id\":\"https:\/\/nk7-testes.com.br\/agazeta\/#\/schema\/person\/ff6b39d54d6973bfc57f4140f659b23f\",\"name\":\"Agazeta.Net\",\"url\":\"https:\/\/nk7-testes.com.br\/agazeta\/author\/agazeta\/\"}]}<\/script>\n<!-- \/ Yoast SEO plugin. -->","yoast_head_json":{"title":"'Pol\u00edcia Federal ser\u00e1 acionada', afirma promotor do MPAC ap\u00f3s alegar ter sido v\u00edtima de homofobia - Agazeta.net","robots":{"index":"index","follow":"follow","max-snippet":"max-snippet:-1","max-image-preview":"max-image-preview:large","max-video-preview":"max-video-preview:-1"},"canonical":"https:\/\/nk7-testes.com.br\/agazeta\/policia-federal-sera-acionada-afirma-promotor-do-mpac-apos-alegar-ter-sido-vitima-de-homofobia\/","og_locale":"pt_BR","og_type":"article","og_title":"'Pol\u00edcia Federal ser\u00e1 acionada', afirma promotor do MPAC ap\u00f3s alegar ter sido v\u00edtima de homofobia","og_description":"Em coment\u00e1rio feito pelas redes sociais, o internauta de nome Pablo Felipe disse: \"Esse g.a.y l\u00e1 sabe de nada\"","og_url":"https:\/\/nk7-testes.com.br\/agazeta\/policia-federal-sera-acionada-afirma-promotor-do-mpac-apos-alegar-ter-sido-vitima-de-homofobia\/","og_site_name":"Agazeta.net","article_published_time":"2024-01-18T20:36:03+00:00","og_image":[{"width":800,"height":401,"url":"https:\/\/nk7-testes.com.br\/agazeta\/wp-content\/uploads\/2024\/01\/WhatsApp-Image-2024-01-18-at-15.34.25.jpeg","type":"image\/jpeg"}],"author":"Agazeta.Net","twitter_card":"summary_large_image","twitter_misc":{"Escrito por":"Agazeta.Net","Est. tempo de leitura":"2 minutos"},"schema":{"@context":"https:\/\/schema.org","@graph":[{"@type":"WebPage","@id":"https:\/\/nk7-testes.com.br\/agazeta\/policia-federal-sera-acionada-afirma-promotor-do-mpac-apos-alegar-ter-sido-vitima-de-homofobia\/","url":"https:\/\/nk7-testes.com.br\/agazeta\/policia-federal-sera-acionada-afirma-promotor-do-mpac-apos-alegar-ter-sido-vitima-de-homofobia\/","name":"'Pol\u00edcia Federal ser\u00e1 acionada', afirma promotor do MPAC ap\u00f3s alegar ter sido v\u00edtima de homofobia - Agazeta.net","isPartOf":{"@id":"https:\/\/nk7-testes.com.br\/agazeta\/#website"},"primaryImageOfPage":{"@id":"https:\/\/nk7-testes.com.br\/agazeta\/policia-federal-sera-acionada-afirma-promotor-do-mpac-apos-alegar-ter-sido-vitima-de-homofobia\/#primaryimage"},"image":{"@id":"https:\/\/nk7-testes.com.br\/agazeta\/policia-federal-sera-acionada-afirma-promotor-do-mpac-apos-alegar-ter-sido-vitima-de-homofobia\/#primaryimage"},"thumbnailUrl":"https:\/\/nk7-testes.com.br\/agazeta\/wp-content\/uploads\/2024\/01\/WhatsApp-Image-2024-01-18-at-15.34.25.jpeg","datePublished":"2024-01-18T20:36:03+00:00","author":{"@id":"https:\/\/nk7-testes.com.br\/agazeta\/#\/schema\/person\/ff6b39d54d6973bfc57f4140f659b23f"},"breadcrumb":{"@id":"https:\/\/nk7-testes.com.br\/agazeta\/policia-federal-sera-acionada-afirma-promotor-do-mpac-apos-alegar-ter-sido-vitima-de-homofobia\/#breadcrumb"},"inLanguage":"pt-BR","potentialAction":[{"@type":"ReadAction","target":["https:\/\/nk7-testes.com.br\/agazeta\/policia-federal-sera-acionada-afirma-promotor-do-mpac-apos-alegar-ter-sido-vitima-de-homofobia\/"]}]},{"@type":"ImageObject","inLanguage":"pt-BR","@id":"https:\/\/nk7-testes.com.br\/agazeta\/policia-federal-sera-acionada-afirma-promotor-do-mpac-apos-alegar-ter-sido-vitima-de-homofobia\/#primaryimage","url":"https:\/\/nk7-testes.com.br\/agazeta\/wp-content\/uploads\/2024\/01\/WhatsApp-Image-2024-01-18-at-15.34.25.jpeg","contentUrl":"https:\/\/nk7-testes.com.br\/agazeta\/wp-content\/uploads\/2024\/01\/WhatsApp-Image-2024-01-18-at-15.34.25.jpeg","width":800,"height":401,"caption":"Imagem: Arquivo pessoal"},{"@type":"BreadcrumbList","@id":"https:\/\/nk7-testes.com.br\/agazeta\/policia-federal-sera-acionada-afirma-promotor-do-mpac-apos-alegar-ter-sido-vitima-de-homofobia\/#breadcrumb","itemListElement":[{"@type":"ListItem","position":1,"name":"In\u00edcio","item":"https:\/\/nk7-testes.com.br\/agazeta\/"},{"@type":"ListItem","position":2,"name":"&#8216;Pol\u00edcia Federal ser\u00e1 acionada&#8217;, afirma promotor do MPAC ap\u00f3s alegar ter sido v\u00edtima de homofobia"}]},{"@type":"WebSite","@id":"https:\/\/nk7-testes.com.br\/agazeta\/#website","url":"https:\/\/nk7-testes.com.br\/agazeta\/","name":"Agazeta.net","description":"Agazeta.net - Not\u00edcias de Rio Branco\/AC","potentialAction":[{"@type":"SearchAction","target":{"@type":"EntryPoint","urlTemplate":"https:\/\/nk7-testes.com.br\/agazeta\/?s={search_term_string}"},"query-input":{"@type":"PropertyValueSpecification","valueRequired":true,"valueName":"search_term_string"}}],"inLanguage":"pt-BR"},{"@type":"Person","@id":"https:\/\/nk7-testes.com.br\/agazeta\/#\/schema\/person\/ff6b39d54d6973bfc57f4140f659b23f","name":"Agazeta.Net","url":"https:\/\/nk7-testes.com.br\/agazeta\/author\/agazeta\/"}]}},"_links":{"self":[{"href":"https:\/\/nk7-testes.com.br\/agazeta\/wp-json\/wp\/v2\/posts\/125558","targetHints":{"allow":["GET"]}}],"collection":[{"href":"https:\/\/nk7-testes.com.br\/agazeta\/wp-json\/wp\/v2\/posts"}],"about":[{"href":"https:\/\/nk7-testes.com.br\/agazeta\/wp-json\/wp\/v2\/types\/post"}],"author":[{"embeddable":true,"href":"https:\/\/nk7-testes.com.br\/agazeta\/wp-json\/wp\/v2\/users\/4"}],"replies":[{"embeddable":true,"href":"https:\/\/nk7-testes.com.br\/agazeta\/wp-json\/wp\/v2\/comments?post=125558"}],"version-history":[{"count":0,"href":"https:\/\/nk7-testes.com.br\/agazeta\/wp-json\/wp\/v2\/posts\/125558\/revisions"}],"wp:featuredmedia":[{"embeddable":true,"href":"https:\/\/nk7-testes.com.br\/agazeta\/wp-json\/wp\/v2\/media\/125562"}],"wp:attachment":[{"href":"https:\/\/nk7-testes.com.br\/agazeta\/wp-json\/wp\/v2\/media?parent=125558"}],"wp:term":[{"taxonomy":"category","embeddable":true,"href":"https:\/\/nk7-testes.com.br\/agazeta\/wp-json\/wp\/v2\/categories?post=125558"},{"taxonomy":"post_tag","embeddable":true,"href":"https:\/\/nk7-testes.com.br\/agazeta\/wp-json\/wp\/v2\/tags?post=125558"}],"curies":[{"name":"wp","href":"https:\/\/api.w.org\/{rel}","templated":true}]}}