{"id":125548,"date":"2024-01-18T14:15:17","date_gmt":"2024-01-18T19:15:17","guid":{"rendered":"https:\/\/abarevegan.com.br\/?p=125548"},"modified":"2024-01-18T14:15:17","modified_gmt":"2024-01-18T19:15:17","slug":"justica-nega-pedido-de-revogacao-da-prisao-do-acusado-de-mandar-matar-ex-prefeito-de-placido-de-castro","status":"publish","type":"post","link":"https:\/\/nk7-testes.com.br\/agazeta\/justica-nega-pedido-de-revogacao-da-prisao-do-acusado-de-mandar-matar-ex-prefeito-de-placido-de-castro\/","title":{"rendered":"Justi\u00e7a nega pedido de revoga\u00e7\u00e3o da pris\u00e3o do acusado de mandar matar ex-prefeito de Pl\u00e1cido de Castro"},"content":{"rendered":"<p>Por <strong>Jo\u00e3o Cardoso<\/strong> para o <strong>Agazeta.net<\/strong><\/p>\n<p style=\"text-align: justify;\">A decis\u00e3o do juiz Daniel Bonfim, da 1\u00aa Vara do Tribunal do J\u00fari, divulgada nesta quinta-feira (18), nega o pedido de revoga\u00e7\u00e3o da pris\u00e3o do empres\u00e1rio Carm\u00e9lio Bezerra, apontado como um dos mandantes do assassinato do ex-prefeito de Pl\u00e1cido de Castro, Gedeon Barros.<\/p>\n<p style=\"text-align: justify;\">A defesa alega que o acusado n\u00e3o apresentava riscos \u00e0s testemunhas, portanto, a pris\u00e3o preventiva deveria ser revogada em favor da liberdade do acusado. Com apenas um recurso, o advogado David Santos tamb\u00e9m pediu que a pris\u00e3o fosse cumprida em domic\u00edlio, por conta da sa\u00fade do empres\u00e1rio.<\/p>\n<p style=\"text-align: justify;\">\u201cA pris\u00e3o preventiva do requerente foi decretada sob os argumentos de garantia da ordem p\u00fablica, necessidade de assegurar a conveni\u00eancia da instru\u00e7\u00e3o criminal e da aplica\u00e7\u00e3o da lei penal\u201d, afirma documento assinado pelo magistrado.<\/p>\n<p style=\"text-align: justify;\">Vale lembrar que o empres\u00e1rio Carm\u00e9lio Bezerra, e tamb\u00e9m o ex-secret\u00e1rio de esportes de Pl\u00e1cido de Castro, Mazinho, foram presos no dia 20 de dezembro, apontados como os principais mandantes do assassinato do ex-pol\u00edtico.<\/p>\n<p style=\"text-align: justify;\">Relembre o caso<\/p>\n<p style=\"text-align: justify;\">Em maio de 2021, o ex-prefeito foi assassinado com disparos de arma de fogo na regi\u00e3o do segundo distrito de Rio Branco, localizado no bairro Santa In\u00eas. Ap\u00f3s a pris\u00e3o dos principais apontados como mandantes do crime, tamb\u00e9m foi informado que uma poss\u00edvel motiva\u00e7\u00e3o do ato seria uma d\u00edvida financeira envolvendo Gedeon Bezerra e o ex-secret\u00e1rio de esportes.<\/p>\n<p><em>Estagi\u00e1rio supervisionado por Gisele Almeida\u00a0<\/em><\/p>\n","protected":false},"excerpt":{"rendered":"<p>Por Jo\u00e3o Cardoso para o Agazeta.net A decis\u00e3o do juiz Daniel Bonfim, da 1\u00aa Vara do Tribunal do J\u00fari, divulgada nesta quinta-feira (18), nega o pedido de revoga\u00e7\u00e3o da pris\u00e3o do empres\u00e1rio Carm\u00e9lio Bezerra, apontado como um dos mandantes do assassinato do ex-prefeito de Pl\u00e1cido de Castro, Gedeon Barros. A defesa alega que o acusado [&hellip;]<\/p>\n","protected":false},"author":4,"featured_media":125551,"comment_status":"open","ping_status":"open","sticky":false,"template":"","format":"standard","meta":{"jnews-multi-image_gallery":[],"jnews_single_post":{"source_name":"","source_url":"","via_name":"","via_url":"","override_template":"0","override":[{"template":"custom","single_blog_custom":"110746","parallax":"1","fullscreen":"1","layout":"right-sidebar","sidebar":"default-sidebar","second_sidebar":"default-sidebar","sticky_sidebar":"1","share_position":"top","share_float_style":"share-monocrhome","show_share_counter":"1","show_view_counter":"1","show_featured":"1","show_post_meta":"1","show_post_author":"1","show_post_author_image":"1","show_post_date":"1","post_date_format":"default","post_date_format_custom":"Y\/m\/d","show_post_category":"1","show_post_reading_time":"0","post_reading_time_wpm":"300","show_zoom_button":"0","zoom_button_out_step":"2","zoom_button_in_step":"3","show_post_tag":"1","show_prev_next_post":"1","show_popup_post":"1","number_popup_post":"1","show_author_box":"0","show_post_related":"1","show_inline_post_related":"0"}],"override_image_size":"0","image_override":[{"single_post_thumbnail_size":"crop-500","single_post_gallery_size":"crop-500"}],"trending_post":"0","trending_post_position":"meta","trending_post_label":"Trending","sponsored_post":"0","sponsored_post_label":"Sponsored by","sponsored_post_name":"","sponsored_post_url":"","sponsored_post_logo_enable":"0","sponsored_post_logo":"","sponsored_post_desc":"","disable_ad":"0"},"jnews_primary_category":{"id":"","hide":""},"jnews_social_meta":{"fb_title":"","fb_description":"","fb_image":"","twitter_title":"","twitter_description":"","twitter_image":""},"jnews_review":[],"enable_review":"0","type":"percentage","name":"","summary":"","brand":"","sku":"","good":[{"good_text":""}],"bad":[{"bad_text":""}],"score_override":"0","override_value":"","rating":[{"rating_text":"","rating_number":"10"}],"price":[{"shop":"","price":"","link":"","icon":""}],"footnotes":""},"categories":[54],"tags":[152],"class_list":["post-125548","post","type-post","status-publish","format-standard","has-post-thumbnail","hentry","category-cotidiano","tag-destaque"],"yoast_head":"<!-- This site is optimized with the Yoast SEO plugin v26.5 - https:\/\/yoast.com\/wordpress\/plugins\/seo\/ -->\n<title>Justi\u00e7a nega pedido de revoga\u00e7\u00e3o da pris\u00e3o do acusado de mandar matar ex-prefeito de Pl\u00e1cido de Castro - Agazeta.net<\/title>\n<meta name=\"robots\" content=\"index, follow, max-snippet:-1, max-image-preview:large, max-video-preview:-1\" \/>\n<link rel=\"canonical\" href=\"https:\/\/nk7-testes.com.br\/agazeta\/justica-nega-pedido-de-revogacao-da-prisao-do-acusado-de-mandar-matar-ex-prefeito-de-placido-de-castro\/\" \/>\n<meta property=\"og:locale\" content=\"pt_BR\" \/>\n<meta property=\"og:type\" content=\"article\" \/>\n<meta property=\"og:title\" content=\"Justi\u00e7a nega pedido de revoga\u00e7\u00e3o da pris\u00e3o do acusado de mandar matar ex-prefeito de Pl\u00e1cido de Castro\" \/>\n<meta property=\"og:description\" content=\"V\u00edtima foi assassinada em 2021, com um tiro na cabe\u00e7a\" \/>\n<meta property=\"og:url\" content=\"https:\/\/nk7-testes.com.br\/agazeta\/justica-nega-pedido-de-revogacao-da-prisao-do-acusado-de-mandar-matar-ex-prefeito-de-placido-de-castro\/\" \/>\n<meta property=\"og:site_name\" content=\"Agazeta.net\" \/>\n<meta property=\"article:published_time\" content=\"2024-01-18T19:15:17+00:00\" \/>\n<meta property=\"og:image\" content=\"https:\/\/nk7-testes.com.br\/agazeta\/wp-content\/uploads\/2024\/01\/WhatsApp-Image-2024-01-18-at-15.52.09.jpeg\" \/>\n\t<meta property=\"og:image:width\" content=\"800\" \/>\n\t<meta property=\"og:image:height\" content=\"400\" \/>\n\t<meta property=\"og:image:type\" content=\"image\/jpeg\" \/>\n<meta name=\"author\" content=\"Agazeta.Net\" \/>\n<meta name=\"twitter:card\" content=\"summary_large_image\" \/>\n<meta name=\"twitter:label1\" content=\"Escrito por\" \/>\n\t<meta name=\"twitter:data1\" content=\"Agazeta.Net\" \/>\n\t<meta name=\"twitter:label2\" content=\"Est. tempo de leitura\" \/>\n\t<meta name=\"twitter:data2\" content=\"1 minuto\" \/>\n<script type=\"application\/ld+json\" class=\"yoast-schema-graph\">{\"@context\":\"https:\/\/schema.org\",\"@graph\":[{\"@type\":\"WebPage\",\"@id\":\"https:\/\/nk7-testes.com.br\/agazeta\/justica-nega-pedido-de-revogacao-da-prisao-do-acusado-de-mandar-matar-ex-prefeito-de-placido-de-castro\/\",\"url\":\"https:\/\/nk7-testes.com.br\/agazeta\/justica-nega-pedido-de-revogacao-da-prisao-do-acusado-de-mandar-matar-ex-prefeito-de-placido-de-castro\/\",\"name\":\"Justi\u00e7a nega pedido de revoga\u00e7\u00e3o da pris\u00e3o do acusado de mandar matar ex-prefeito de Pl\u00e1cido de Castro - Agazeta.net\",\"isPartOf\":{\"@id\":\"https:\/\/nk7-testes.com.br\/agazeta\/#website\"},\"primaryImageOfPage\":{\"@id\":\"https:\/\/nk7-testes.com.br\/agazeta\/justica-nega-pedido-de-revogacao-da-prisao-do-acusado-de-mandar-matar-ex-prefeito-de-placido-de-castro\/#primaryimage\"},\"image\":{\"@id\":\"https:\/\/nk7-testes.com.br\/agazeta\/justica-nega-pedido-de-revogacao-da-prisao-do-acusado-de-mandar-matar-ex-prefeito-de-placido-de-castro\/#primaryimage\"},\"thumbnailUrl\":\"https:\/\/nk7-testes.com.br\/agazeta\/wp-content\/uploads\/2024\/01\/WhatsApp-Image-2024-01-18-at-15.52.09.jpeg\",\"datePublished\":\"2024-01-18T19:15:17+00:00\",\"author\":{\"@id\":\"https:\/\/nk7-testes.com.br\/agazeta\/#\/schema\/person\/ff6b39d54d6973bfc57f4140f659b23f\"},\"breadcrumb\":{\"@id\":\"https:\/\/nk7-testes.com.br\/agazeta\/justica-nega-pedido-de-revogacao-da-prisao-do-acusado-de-mandar-matar-ex-prefeito-de-placido-de-castro\/#breadcrumb\"},\"inLanguage\":\"pt-BR\",\"potentialAction\":[{\"@type\":\"ReadAction\",\"target\":[\"https:\/\/nk7-testes.com.br\/agazeta\/justica-nega-pedido-de-revogacao-da-prisao-do-acusado-de-mandar-matar-ex-prefeito-de-placido-de-castro\/\"]}]},{\"@type\":\"ImageObject\",\"inLanguage\":\"pt-BR\",\"@id\":\"https:\/\/nk7-testes.com.br\/agazeta\/justica-nega-pedido-de-revogacao-da-prisao-do-acusado-de-mandar-matar-ex-prefeito-de-placido-de-castro\/#primaryimage\",\"url\":\"https:\/\/nk7-testes.com.br\/agazeta\/wp-content\/uploads\/2024\/01\/WhatsApp-Image-2024-01-18-at-15.52.09.jpeg\",\"contentUrl\":\"https:\/\/nk7-testes.com.br\/agazeta\/wp-content\/uploads\/2024\/01\/WhatsApp-Image-2024-01-18-at-15.52.09.jpeg\",\"width\":800,\"height\":400},{\"@type\":\"BreadcrumbList\",\"@id\":\"https:\/\/nk7-testes.com.br\/agazeta\/justica-nega-pedido-de-revogacao-da-prisao-do-acusado-de-mandar-matar-ex-prefeito-de-placido-de-castro\/#breadcrumb\",\"itemListElement\":[{\"@type\":\"ListItem\",\"position\":1,\"name\":\"In\u00edcio\",\"item\":\"https:\/\/nk7-testes.com.br\/agazeta\/\"},{\"@type\":\"ListItem\",\"position\":2,\"name\":\"Justi\u00e7a nega pedido de revoga\u00e7\u00e3o da pris\u00e3o do acusado de mandar matar ex-prefeito de Pl\u00e1cido de Castro\"}]},{\"@type\":\"WebSite\",\"@id\":\"https:\/\/nk7-testes.com.br\/agazeta\/#website\",\"url\":\"https:\/\/nk7-testes.com.br\/agazeta\/\",\"name\":\"Agazeta.net\",\"description\":\"Agazeta.net - Not\u00edcias de Rio Branco\/AC\",\"potentialAction\":[{\"@type\":\"SearchAction\",\"target\":{\"@type\":\"EntryPoint\",\"urlTemplate\":\"https:\/\/nk7-testes.com.br\/agazeta\/?s={search_term_string}\"},\"query-input\":{\"@type\":\"PropertyValueSpecification\",\"valueRequired\":true,\"valueName\":\"search_term_string\"}}],\"inLanguage\":\"pt-BR\"},{\"@type\":\"Person\",\"@id\":\"https:\/\/nk7-testes.com.br\/agazeta\/#\/schema\/person\/ff6b39d54d6973bfc57f4140f659b23f\",\"name\":\"Agazeta.Net\",\"url\":\"https:\/\/nk7-testes.com.br\/agazeta\/author\/agazeta\/\"}]}<\/script>\n<!-- \/ Yoast SEO plugin. -->","yoast_head_json":{"title":"Justi\u00e7a nega pedido de revoga\u00e7\u00e3o da pris\u00e3o do acusado de mandar matar ex-prefeito de Pl\u00e1cido de Castro - Agazeta.net","robots":{"index":"index","follow":"follow","max-snippet":"max-snippet:-1","max-image-preview":"max-image-preview:large","max-video-preview":"max-video-preview:-1"},"canonical":"https:\/\/nk7-testes.com.br\/agazeta\/justica-nega-pedido-de-revogacao-da-prisao-do-acusado-de-mandar-matar-ex-prefeito-de-placido-de-castro\/","og_locale":"pt_BR","og_type":"article","og_title":"Justi\u00e7a nega pedido de revoga\u00e7\u00e3o da pris\u00e3o do acusado de mandar matar ex-prefeito de Pl\u00e1cido de Castro","og_description":"V\u00edtima foi assassinada em 2021, com um tiro na cabe\u00e7a","og_url":"https:\/\/nk7-testes.com.br\/agazeta\/justica-nega-pedido-de-revogacao-da-prisao-do-acusado-de-mandar-matar-ex-prefeito-de-placido-de-castro\/","og_site_name":"Agazeta.net","article_published_time":"2024-01-18T19:15:17+00:00","og_image":[{"width":800,"height":400,"url":"https:\/\/nk7-testes.com.br\/agazeta\/wp-content\/uploads\/2024\/01\/WhatsApp-Image-2024-01-18-at-15.52.09.jpeg","type":"image\/jpeg"}],"author":"Agazeta.Net","twitter_card":"summary_large_image","twitter_misc":{"Escrito por":"Agazeta.Net","Est. tempo de leitura":"1 minuto"},"schema":{"@context":"https:\/\/schema.org","@graph":[{"@type":"WebPage","@id":"https:\/\/nk7-testes.com.br\/agazeta\/justica-nega-pedido-de-revogacao-da-prisao-do-acusado-de-mandar-matar-ex-prefeito-de-placido-de-castro\/","url":"https:\/\/nk7-testes.com.br\/agazeta\/justica-nega-pedido-de-revogacao-da-prisao-do-acusado-de-mandar-matar-ex-prefeito-de-placido-de-castro\/","name":"Justi\u00e7a nega pedido de revoga\u00e7\u00e3o da pris\u00e3o do acusado de mandar matar ex-prefeito de Pl\u00e1cido de Castro - Agazeta.net","isPartOf":{"@id":"https:\/\/nk7-testes.com.br\/agazeta\/#website"},"primaryImageOfPage":{"@id":"https:\/\/nk7-testes.com.br\/agazeta\/justica-nega-pedido-de-revogacao-da-prisao-do-acusado-de-mandar-matar-ex-prefeito-de-placido-de-castro\/#primaryimage"},"image":{"@id":"https:\/\/nk7-testes.com.br\/agazeta\/justica-nega-pedido-de-revogacao-da-prisao-do-acusado-de-mandar-matar-ex-prefeito-de-placido-de-castro\/#primaryimage"},"thumbnailUrl":"https:\/\/nk7-testes.com.br\/agazeta\/wp-content\/uploads\/2024\/01\/WhatsApp-Image-2024-01-18-at-15.52.09.jpeg","datePublished":"2024-01-18T19:15:17+00:00","author":{"@id":"https:\/\/nk7-testes.com.br\/agazeta\/#\/schema\/person\/ff6b39d54d6973bfc57f4140f659b23f"},"breadcrumb":{"@id":"https:\/\/nk7-testes.com.br\/agazeta\/justica-nega-pedido-de-revogacao-da-prisao-do-acusado-de-mandar-matar-ex-prefeito-de-placido-de-castro\/#breadcrumb"},"inLanguage":"pt-BR","potentialAction":[{"@type":"ReadAction","target":["https:\/\/nk7-testes.com.br\/agazeta\/justica-nega-pedido-de-revogacao-da-prisao-do-acusado-de-mandar-matar-ex-prefeito-de-placido-de-castro\/"]}]},{"@type":"ImageObject","inLanguage":"pt-BR","@id":"https:\/\/nk7-testes.com.br\/agazeta\/justica-nega-pedido-de-revogacao-da-prisao-do-acusado-de-mandar-matar-ex-prefeito-de-placido-de-castro\/#primaryimage","url":"https:\/\/nk7-testes.com.br\/agazeta\/wp-content\/uploads\/2024\/01\/WhatsApp-Image-2024-01-18-at-15.52.09.jpeg","contentUrl":"https:\/\/nk7-testes.com.br\/agazeta\/wp-content\/uploads\/2024\/01\/WhatsApp-Image-2024-01-18-at-15.52.09.jpeg","width":800,"height":400},{"@type":"BreadcrumbList","@id":"https:\/\/nk7-testes.com.br\/agazeta\/justica-nega-pedido-de-revogacao-da-prisao-do-acusado-de-mandar-matar-ex-prefeito-de-placido-de-castro\/#breadcrumb","itemListElement":[{"@type":"ListItem","position":1,"name":"In\u00edcio","item":"https:\/\/nk7-testes.com.br\/agazeta\/"},{"@type":"ListItem","position":2,"name":"Justi\u00e7a nega pedido de revoga\u00e7\u00e3o da pris\u00e3o do acusado de mandar matar ex-prefeito de Pl\u00e1cido de Castro"}]},{"@type":"WebSite","@id":"https:\/\/nk7-testes.com.br\/agazeta\/#website","url":"https:\/\/nk7-testes.com.br\/agazeta\/","name":"Agazeta.net","description":"Agazeta.net - Not\u00edcias de Rio Branco\/AC","potentialAction":[{"@type":"SearchAction","target":{"@type":"EntryPoint","urlTemplate":"https:\/\/nk7-testes.com.br\/agazeta\/?s={search_term_string}"},"query-input":{"@type":"PropertyValueSpecification","valueRequired":true,"valueName":"search_term_string"}}],"inLanguage":"pt-BR"},{"@type":"Person","@id":"https:\/\/nk7-testes.com.br\/agazeta\/#\/schema\/person\/ff6b39d54d6973bfc57f4140f659b23f","name":"Agazeta.Net","url":"https:\/\/nk7-testes.com.br\/agazeta\/author\/agazeta\/"}]}},"_links":{"self":[{"href":"https:\/\/nk7-testes.com.br\/agazeta\/wp-json\/wp\/v2\/posts\/125548","targetHints":{"allow":["GET"]}}],"collection":[{"href":"https:\/\/nk7-testes.com.br\/agazeta\/wp-json\/wp\/v2\/posts"}],"about":[{"href":"https:\/\/nk7-testes.com.br\/agazeta\/wp-json\/wp\/v2\/types\/post"}],"author":[{"embeddable":true,"href":"https:\/\/nk7-testes.com.br\/agazeta\/wp-json\/wp\/v2\/users\/4"}],"replies":[{"embeddable":true,"href":"https:\/\/nk7-testes.com.br\/agazeta\/wp-json\/wp\/v2\/comments?post=125548"}],"version-history":[{"count":0,"href":"https:\/\/nk7-testes.com.br\/agazeta\/wp-json\/wp\/v2\/posts\/125548\/revisions"}],"wp:featuredmedia":[{"embeddable":true,"href":"https:\/\/nk7-testes.com.br\/agazeta\/wp-json\/wp\/v2\/media\/125551"}],"wp:attachment":[{"href":"https:\/\/nk7-testes.com.br\/agazeta\/wp-json\/wp\/v2\/media?parent=125548"}],"wp:term":[{"taxonomy":"category","embeddable":true,"href":"https:\/\/nk7-testes.com.br\/agazeta\/wp-json\/wp\/v2\/categories?post=125548"},{"taxonomy":"post_tag","embeddable":true,"href":"https:\/\/nk7-testes.com.br\/agazeta\/wp-json\/wp\/v2\/tags?post=125548"}],"curies":[{"name":"wp","href":"https:\/\/api.w.org\/{rel}","templated":true}]}}