{"id":125511,"date":"2024-01-17T16:48:22","date_gmt":"2024-01-17T21:48:22","guid":{"rendered":"https:\/\/abarevegan.com.br\/?p=125511"},"modified":"2024-01-17T17:06:11","modified_gmt":"2024-01-17T22:06:11","slug":"acreana-e-finalista-em-premiacao-que-reconhece-ativismo-negro-na-advocacia","status":"publish","type":"post","link":"https:\/\/nk7-testes.com.br\/agazeta\/acreana-e-finalista-em-premiacao-que-reconhece-ativismo-negro-na-advocacia\/","title":{"rendered":"Acreana \u00e9 finalista em premia\u00e7\u00e3o que reconhece ativismo negro na Advocacia"},"content":{"rendered":"<p>Por <strong>Kerolayne Fran\u00e7a<\/strong> para o <strong>Agazeta.net<\/strong><\/p>\n<p style=\"text-align: justify;\">Militante dos Direitos Humanos, com \u00eanfase em Rela\u00e7\u00f5es Raciais e no Movimento de Mulheres Negras, a advogada acreana L\u00facia Ribeiro \u00e9 uma das finalistas do Pr\u00eamio Best Sister-in-Law 2023, na categoria de Direitos Humanos. Evento visa premiar advogadas negras que se destacaram na advocacia no ano de 2023.<\/p>\n<p style=\"text-align: justify;\">Ribeiro \u00e9 advogada desde 2011 e atual principalmente na \u00e1rea criminal, previdenci\u00e1ria, da crian\u00e7a e adolescente, viol\u00eancia contra a mulher e dentre outros. Atualmente, \u00e9 pesquisadora de quest\u00f5es raciais e professora do curso de Direito da Est\u00e1cio Unimeta.<\/p>\n<p style=\"text-align: justify;\">A premia\u00e7\u00e3o \u00e9 organizada por uma institui\u00e7\u00e3o chamada Black Sisters-in-Law, que seria mulheres negras ou irm\u00e3s negras no direito. A entidade fica localizada em S\u00e3o Paulo, sendo brasileira, mas tamb\u00e9m com atua\u00e7\u00e3o no exterior. H\u00e1 pouco tempo, a institui\u00e7\u00e3o realizou um encontro com advogadas negras em Angola.<\/p>\n<p style=\"text-align: justify;\">Best Sister-in-Law 2023 premia mulheres em 18 categorias, por meio de uma vota\u00e7\u00e3o que encerra no dia 30 de janeiro. O pr\u00eamio ser\u00e1 entregue em 24 de fevereiro em S\u00e3o Paulo.<\/p>\n<p style=\"text-align: justify;\">Link para vota\u00e7\u00e3o: <a href=\"https:\/\/blacksistersinlaw.com.br\/\">https:\/\/blacksistersinlaw.com.br\/<\/a><\/p>\n<p style=\"text-align: justify;\"><strong>Pr\u00eamio Best Sister-in-Law<\/strong><\/p>\n<p style=\"text-align: justify;\">O pr\u00eamio surgiu em raz\u00e3o de diversos fatores; o primeiro foi porque a Organiza\u00e7\u00e3o das Na\u00e7\u00f5es Unidas (ONU), decretou, de 2015 a 2024, a D\u00e9cada Internacional de Afrodescendentes que precisam de justi\u00e7a, ser reconhecidos e desenvolvidos. Existem aproximadamente 200 milh\u00f5es de afrodescendentes espalhados no mundo. J\u00e1 a segunda trata de pessoas em situa\u00e7\u00e3o de pobreza, exclus\u00e3o social, marginalidade e a popula\u00e7\u00e3o negra.<\/p>\n<p style=\"text-align: justify;\">A advogada contou ao programa Gazeta Entrevista que no Estatuto da Igualdade Racial explica que a popula\u00e7\u00e3o negra brasileira \u00e9 determinada pelo total de pessoas que se autodeclaram pretas e pardas, conforme o quesito ra\u00e7a-cor do Instituto Brasileiro de Geografia e Estat\u00edstica (IBGE) ou os que adotam autodefini\u00e7\u00e3o ou defini\u00e7\u00e3o an\u00e1loga. Por exemplo, pessoas que se dizem morenas, dentre outros.<\/p>\n<p style=\"text-align: justify;\">Ela destacou ainda que no estado do Acre, quem \u00e9 retirado de suas casas, que perde as poucas coisas que tem em uma alaga\u00e7\u00e3o \u00e9 a popula\u00e7\u00e3o negra. Segundo IBGE, no censo de 2022, a popula\u00e7\u00e3o negra brasileira ultrapassou a popula\u00e7\u00e3o branca, totalizando 56%. No Acre, de acordo com o censo de 2010, 72% s\u00e3o negros, mais de 60% se autodeclara pardo e cerca de 6% a 8% se declara preto.<\/p>\n<p style=\"text-align: justify;\">\u201cEnt\u00e3o, quando n\u00f3s vemos as mat\u00e9rias de alaga\u00e7\u00e3o, viol\u00eancia, desbarrancamento, desmoronamento e popula\u00e7\u00e3o carcer\u00e1ria, a popula\u00e7\u00e3o negra \u00e9 maioria ali. Ent\u00e3o, quando n\u00f3s falamos de racismo ambiental, n\u00f3s estamos reconhecendo que a popula\u00e7\u00e3o negra habita os lugares insalubres desse pa\u00eds e que \u00e9 preciso voltar a aten\u00e7\u00e3o, porque quando n\u00f3s temos uma situa\u00e7\u00e3o de alaga\u00e7\u00e3o, de inunda\u00e7\u00e3o, s\u00e3o os primeiros a serem atingidos\u201d, destaca a advogada.<\/p>\n<p style=\"text-align: justify;\">Segundo Ribeiro, nesta premia\u00e7\u00e3o de 2023, a organiza\u00e7\u00e3o lutou pela indica\u00e7\u00e3o de uma mulher negra no Supremo Tribunal Federal (STF). \u201cS\u00e3o 132 anos da institui\u00e7\u00e3o e nunca teve uma mulher negra, n\u00e3o chegamos ao STF\u201d, ressalta.<\/p>\n<p style=\"text-align: justify;\">A advogada destacou tamb\u00e9m que o Conselho Nacional Judici\u00e1rio (CNJ) fez uma pesquisa no poder judici\u00e1rio e que a maioria dos ju\u00edzes deste pa\u00eds s\u00e3o homens brancos, e heterossexuais, que v\u00eam de fam\u00edlia de boa renda.<\/p>\n<p style=\"text-align: justify;\"><em>Estagi\u00e1ria supervisionada por Gisele Almeida<\/em><\/p>\n","protected":false},"excerpt":{"rendered":"<p>Por Kerolayne Fran\u00e7a para o Agazeta.net Militante dos Direitos Humanos, com \u00eanfase em Rela\u00e7\u00f5es Raciais e no Movimento de Mulheres Negras, a advogada acreana L\u00facia Ribeiro \u00e9 uma das finalistas do Pr\u00eamio Best Sister-in-Law 2023, na categoria de Direitos Humanos. Evento visa premiar advogadas negras que se destacaram na advocacia no ano de 2023. Ribeiro [&hellip;]<\/p>\n","protected":false},"author":4,"featured_media":125518,"comment_status":"open","ping_status":"open","sticky":false,"template":"","format":"standard","meta":{"jnews-multi-image_gallery":[],"jnews_single_post":{"source_name":"","source_url":"","via_name":"","via_url":"","override_template":"0","override":[{"template":"custom","single_blog_custom":"110746","parallax":"1","fullscreen":"1","layout":"right-sidebar","sidebar":"default-sidebar","second_sidebar":"default-sidebar","sticky_sidebar":"1","share_position":"top","share_float_style":"share-monocrhome","show_share_counter":"1","show_view_counter":"1","show_featured":"1","show_post_meta":"1","show_post_author":"1","show_post_author_image":"1","show_post_date":"1","post_date_format":"default","post_date_format_custom":"Y\/m\/d","show_post_category":"1","show_post_reading_time":"0","post_reading_time_wpm":"300","show_zoom_button":"0","zoom_button_out_step":"2","zoom_button_in_step":"3","show_post_tag":"1","show_prev_next_post":"1","show_popup_post":"1","number_popup_post":"1","show_author_box":"0","show_post_related":"1","show_inline_post_related":"0"}],"override_image_size":"0","image_override":[{"single_post_thumbnail_size":"crop-500","single_post_gallery_size":"crop-500"}],"trending_post":"0","trending_post_position":"meta","trending_post_label":"Trending","sponsored_post":"0","sponsored_post_label":"Sponsored by","sponsored_post_name":"","sponsored_post_url":"","sponsored_post_logo_enable":"0","sponsored_post_logo":"","sponsored_post_desc":"","disable_ad":"0"},"jnews_primary_category":{"id":"","hide":""},"jnews_social_meta":{"fb_title":"","fb_description":"","fb_image":"","twitter_title":"","twitter_description":"","twitter_image":""},"jnews_review":[],"enable_review":"0","type":"percentage","name":"","summary":"","brand":"","sku":"","good":[{"good_text":""}],"bad":[{"bad_text":""}],"score_override":"0","override_value":"","rating":[{"rating_text":"","rating_number":"10"}],"price":[{"shop":"","price":"","link":"","icon":""}],"footnotes":""},"categories":[54],"tags":[],"class_list":["post-125511","post","type-post","status-publish","format-standard","has-post-thumbnail","hentry","category-cotidiano"],"yoast_head":"<!-- This site is optimized with the Yoast SEO plugin v26.5 - https:\/\/yoast.com\/wordpress\/plugins\/seo\/ -->\n<title>Acreana \u00e9 finalista em premia\u00e7\u00e3o que reconhece ativismo negro na Advocacia - Agazeta.net<\/title>\n<meta name=\"robots\" content=\"index, follow, max-snippet:-1, max-image-preview:large, max-video-preview:-1\" \/>\n<link rel=\"canonical\" href=\"https:\/\/nk7-testes.com.br\/agazeta\/acreana-e-finalista-em-premiacao-que-reconhece-ativismo-negro-na-advocacia\/\" \/>\n<meta property=\"og:locale\" content=\"pt_BR\" \/>\n<meta property=\"og:type\" content=\"article\" \/>\n<meta property=\"og:title\" content=\"Acreana \u00e9 finalista em premia\u00e7\u00e3o que reconhece ativismo negro na Advocacia\" \/>\n<meta property=\"og:description\" content=\"Evento visa premiar advogadas negras que se destacaram no ano de 2023\" \/>\n<meta property=\"og:url\" content=\"https:\/\/nk7-testes.com.br\/agazeta\/acreana-e-finalista-em-premiacao-que-reconhece-ativismo-negro-na-advocacia\/\" \/>\n<meta property=\"og:site_name\" content=\"Agazeta.net\" \/>\n<meta property=\"article:published_time\" content=\"2024-01-17T21:48:22+00:00\" \/>\n<meta property=\"article:modified_time\" content=\"2024-01-17T22:06:11+00:00\" \/>\n<meta property=\"og:image\" content=\"https:\/\/nk7-testes.com.br\/agazeta\/wp-content\/uploads\/2024\/01\/WhatsApp-Image-2024-01-17-at-17.04.20.jpeg\" \/>\n\t<meta property=\"og:image:width\" content=\"800\" \/>\n\t<meta property=\"og:image:height\" content=\"402\" \/>\n\t<meta property=\"og:image:type\" content=\"image\/jpeg\" \/>\n<meta name=\"author\" content=\"Agazeta.Net\" \/>\n<meta name=\"twitter:card\" content=\"summary_large_image\" \/>\n<meta name=\"twitter:label1\" content=\"Escrito por\" \/>\n\t<meta name=\"twitter:data1\" content=\"Agazeta.Net\" \/>\n\t<meta name=\"twitter:label2\" content=\"Est. tempo de leitura\" \/>\n\t<meta name=\"twitter:data2\" content=\"3 minutos\" \/>\n<script type=\"application\/ld+json\" class=\"yoast-schema-graph\">{\"@context\":\"https:\/\/schema.org\",\"@graph\":[{\"@type\":\"WebPage\",\"@id\":\"https:\/\/nk7-testes.com.br\/agazeta\/acreana-e-finalista-em-premiacao-que-reconhece-ativismo-negro-na-advocacia\/\",\"url\":\"https:\/\/nk7-testes.com.br\/agazeta\/acreana-e-finalista-em-premiacao-que-reconhece-ativismo-negro-na-advocacia\/\",\"name\":\"Acreana \u00e9 finalista em premia\u00e7\u00e3o que reconhece ativismo negro na Advocacia - Agazeta.net\",\"isPartOf\":{\"@id\":\"https:\/\/nk7-testes.com.br\/agazeta\/#website\"},\"primaryImageOfPage\":{\"@id\":\"https:\/\/nk7-testes.com.br\/agazeta\/acreana-e-finalista-em-premiacao-que-reconhece-ativismo-negro-na-advocacia\/#primaryimage\"},\"image\":{\"@id\":\"https:\/\/nk7-testes.com.br\/agazeta\/acreana-e-finalista-em-premiacao-que-reconhece-ativismo-negro-na-advocacia\/#primaryimage\"},\"thumbnailUrl\":\"https:\/\/nk7-testes.com.br\/agazeta\/wp-content\/uploads\/2024\/01\/WhatsApp-Image-2024-01-17-at-17.04.20.jpeg\",\"datePublished\":\"2024-01-17T21:48:22+00:00\",\"dateModified\":\"2024-01-17T22:06:11+00:00\",\"author\":{\"@id\":\"https:\/\/nk7-testes.com.br\/agazeta\/#\/schema\/person\/ff6b39d54d6973bfc57f4140f659b23f\"},\"breadcrumb\":{\"@id\":\"https:\/\/nk7-testes.com.br\/agazeta\/acreana-e-finalista-em-premiacao-que-reconhece-ativismo-negro-na-advocacia\/#breadcrumb\"},\"inLanguage\":\"pt-BR\",\"potentialAction\":[{\"@type\":\"ReadAction\",\"target\":[\"https:\/\/nk7-testes.com.br\/agazeta\/acreana-e-finalista-em-premiacao-que-reconhece-ativismo-negro-na-advocacia\/\"]}]},{\"@type\":\"ImageObject\",\"inLanguage\":\"pt-BR\",\"@id\":\"https:\/\/nk7-testes.com.br\/agazeta\/acreana-e-finalista-em-premiacao-que-reconhece-ativismo-negro-na-advocacia\/#primaryimage\",\"url\":\"https:\/\/nk7-testes.com.br\/agazeta\/wp-content\/uploads\/2024\/01\/WhatsApp-Image-2024-01-17-at-17.04.20.jpeg\",\"contentUrl\":\"https:\/\/nk7-testes.com.br\/agazeta\/wp-content\/uploads\/2024\/01\/WhatsApp-Image-2024-01-17-at-17.04.20.jpeg\",\"width\":800,\"height\":402},{\"@type\":\"BreadcrumbList\",\"@id\":\"https:\/\/nk7-testes.com.br\/agazeta\/acreana-e-finalista-em-premiacao-que-reconhece-ativismo-negro-na-advocacia\/#breadcrumb\",\"itemListElement\":[{\"@type\":\"ListItem\",\"position\":1,\"name\":\"In\u00edcio\",\"item\":\"https:\/\/nk7-testes.com.br\/agazeta\/\"},{\"@type\":\"ListItem\",\"position\":2,\"name\":\"Acreana \u00e9 finalista em premia\u00e7\u00e3o que reconhece ativismo negro na Advocacia\"}]},{\"@type\":\"WebSite\",\"@id\":\"https:\/\/nk7-testes.com.br\/agazeta\/#website\",\"url\":\"https:\/\/nk7-testes.com.br\/agazeta\/\",\"name\":\"Agazeta.net\",\"description\":\"Agazeta.net - Not\u00edcias de Rio Branco\/AC\",\"potentialAction\":[{\"@type\":\"SearchAction\",\"target\":{\"@type\":\"EntryPoint\",\"urlTemplate\":\"https:\/\/nk7-testes.com.br\/agazeta\/?s={search_term_string}\"},\"query-input\":{\"@type\":\"PropertyValueSpecification\",\"valueRequired\":true,\"valueName\":\"search_term_string\"}}],\"inLanguage\":\"pt-BR\"},{\"@type\":\"Person\",\"@id\":\"https:\/\/nk7-testes.com.br\/agazeta\/#\/schema\/person\/ff6b39d54d6973bfc57f4140f659b23f\",\"name\":\"Agazeta.Net\",\"url\":\"https:\/\/nk7-testes.com.br\/agazeta\/author\/agazeta\/\"}]}<\/script>\n<!-- \/ Yoast SEO plugin. -->","yoast_head_json":{"title":"Acreana \u00e9 finalista em premia\u00e7\u00e3o que reconhece ativismo negro na Advocacia - Agazeta.net","robots":{"index":"index","follow":"follow","max-snippet":"max-snippet:-1","max-image-preview":"max-image-preview:large","max-video-preview":"max-video-preview:-1"},"canonical":"https:\/\/nk7-testes.com.br\/agazeta\/acreana-e-finalista-em-premiacao-que-reconhece-ativismo-negro-na-advocacia\/","og_locale":"pt_BR","og_type":"article","og_title":"Acreana \u00e9 finalista em premia\u00e7\u00e3o que reconhece ativismo negro na Advocacia","og_description":"Evento visa premiar advogadas negras que se destacaram no ano de 2023","og_url":"https:\/\/nk7-testes.com.br\/agazeta\/acreana-e-finalista-em-premiacao-que-reconhece-ativismo-negro-na-advocacia\/","og_site_name":"Agazeta.net","article_published_time":"2024-01-17T21:48:22+00:00","article_modified_time":"2024-01-17T22:06:11+00:00","og_image":[{"width":800,"height":402,"url":"https:\/\/nk7-testes.com.br\/agazeta\/wp-content\/uploads\/2024\/01\/WhatsApp-Image-2024-01-17-at-17.04.20.jpeg","type":"image\/jpeg"}],"author":"Agazeta.Net","twitter_card":"summary_large_image","twitter_misc":{"Escrito por":"Agazeta.Net","Est. tempo de leitura":"3 minutos"},"schema":{"@context":"https:\/\/schema.org","@graph":[{"@type":"WebPage","@id":"https:\/\/nk7-testes.com.br\/agazeta\/acreana-e-finalista-em-premiacao-que-reconhece-ativismo-negro-na-advocacia\/","url":"https:\/\/nk7-testes.com.br\/agazeta\/acreana-e-finalista-em-premiacao-que-reconhece-ativismo-negro-na-advocacia\/","name":"Acreana \u00e9 finalista em premia\u00e7\u00e3o que reconhece ativismo negro na Advocacia - Agazeta.net","isPartOf":{"@id":"https:\/\/nk7-testes.com.br\/agazeta\/#website"},"primaryImageOfPage":{"@id":"https:\/\/nk7-testes.com.br\/agazeta\/acreana-e-finalista-em-premiacao-que-reconhece-ativismo-negro-na-advocacia\/#primaryimage"},"image":{"@id":"https:\/\/nk7-testes.com.br\/agazeta\/acreana-e-finalista-em-premiacao-que-reconhece-ativismo-negro-na-advocacia\/#primaryimage"},"thumbnailUrl":"https:\/\/nk7-testes.com.br\/agazeta\/wp-content\/uploads\/2024\/01\/WhatsApp-Image-2024-01-17-at-17.04.20.jpeg","datePublished":"2024-01-17T21:48:22+00:00","dateModified":"2024-01-17T22:06:11+00:00","author":{"@id":"https:\/\/nk7-testes.com.br\/agazeta\/#\/schema\/person\/ff6b39d54d6973bfc57f4140f659b23f"},"breadcrumb":{"@id":"https:\/\/nk7-testes.com.br\/agazeta\/acreana-e-finalista-em-premiacao-que-reconhece-ativismo-negro-na-advocacia\/#breadcrumb"},"inLanguage":"pt-BR","potentialAction":[{"@type":"ReadAction","target":["https:\/\/nk7-testes.com.br\/agazeta\/acreana-e-finalista-em-premiacao-que-reconhece-ativismo-negro-na-advocacia\/"]}]},{"@type":"ImageObject","inLanguage":"pt-BR","@id":"https:\/\/nk7-testes.com.br\/agazeta\/acreana-e-finalista-em-premiacao-que-reconhece-ativismo-negro-na-advocacia\/#primaryimage","url":"https:\/\/nk7-testes.com.br\/agazeta\/wp-content\/uploads\/2024\/01\/WhatsApp-Image-2024-01-17-at-17.04.20.jpeg","contentUrl":"https:\/\/nk7-testes.com.br\/agazeta\/wp-content\/uploads\/2024\/01\/WhatsApp-Image-2024-01-17-at-17.04.20.jpeg","width":800,"height":402},{"@type":"BreadcrumbList","@id":"https:\/\/nk7-testes.com.br\/agazeta\/acreana-e-finalista-em-premiacao-que-reconhece-ativismo-negro-na-advocacia\/#breadcrumb","itemListElement":[{"@type":"ListItem","position":1,"name":"In\u00edcio","item":"https:\/\/nk7-testes.com.br\/agazeta\/"},{"@type":"ListItem","position":2,"name":"Acreana \u00e9 finalista em premia\u00e7\u00e3o que reconhece ativismo negro na Advocacia"}]},{"@type":"WebSite","@id":"https:\/\/nk7-testes.com.br\/agazeta\/#website","url":"https:\/\/nk7-testes.com.br\/agazeta\/","name":"Agazeta.net","description":"Agazeta.net - Not\u00edcias de Rio Branco\/AC","potentialAction":[{"@type":"SearchAction","target":{"@type":"EntryPoint","urlTemplate":"https:\/\/nk7-testes.com.br\/agazeta\/?s={search_term_string}"},"query-input":{"@type":"PropertyValueSpecification","valueRequired":true,"valueName":"search_term_string"}}],"inLanguage":"pt-BR"},{"@type":"Person","@id":"https:\/\/nk7-testes.com.br\/agazeta\/#\/schema\/person\/ff6b39d54d6973bfc57f4140f659b23f","name":"Agazeta.Net","url":"https:\/\/nk7-testes.com.br\/agazeta\/author\/agazeta\/"}]}},"_links":{"self":[{"href":"https:\/\/nk7-testes.com.br\/agazeta\/wp-json\/wp\/v2\/posts\/125511","targetHints":{"allow":["GET"]}}],"collection":[{"href":"https:\/\/nk7-testes.com.br\/agazeta\/wp-json\/wp\/v2\/posts"}],"about":[{"href":"https:\/\/nk7-testes.com.br\/agazeta\/wp-json\/wp\/v2\/types\/post"}],"author":[{"embeddable":true,"href":"https:\/\/nk7-testes.com.br\/agazeta\/wp-json\/wp\/v2\/users\/4"}],"replies":[{"embeddable":true,"href":"https:\/\/nk7-testes.com.br\/agazeta\/wp-json\/wp\/v2\/comments?post=125511"}],"version-history":[{"count":0,"href":"https:\/\/nk7-testes.com.br\/agazeta\/wp-json\/wp\/v2\/posts\/125511\/revisions"}],"wp:featuredmedia":[{"embeddable":true,"href":"https:\/\/nk7-testes.com.br\/agazeta\/wp-json\/wp\/v2\/media\/125518"}],"wp:attachment":[{"href":"https:\/\/nk7-testes.com.br\/agazeta\/wp-json\/wp\/v2\/media?parent=125511"}],"wp:term":[{"taxonomy":"category","embeddable":true,"href":"https:\/\/nk7-testes.com.br\/agazeta\/wp-json\/wp\/v2\/categories?post=125511"},{"taxonomy":"post_tag","embeddable":true,"href":"https:\/\/nk7-testes.com.br\/agazeta\/wp-json\/wp\/v2\/tags?post=125511"}],"curies":[{"name":"wp","href":"https:\/\/api.w.org\/{rel}","templated":true}]}}