{"id":125456,"date":"2024-01-17T09:43:49","date_gmt":"2024-01-17T14:43:49","guid":{"rendered":"https:\/\/abarevegan.com.br\/?p=125456"},"modified":"2024-01-17T09:43:49","modified_gmt":"2024-01-17T14:43:49","slug":"prefeitura-de-rio-branco-vai-realizar-carnaval-na-praca-da-revolucao-de-2-ate-4-de-fevereiro","status":"publish","type":"post","link":"https:\/\/nk7-testes.com.br\/agazeta\/prefeitura-de-rio-branco-vai-realizar-carnaval-na-praca-da-revolucao-de-2-ate-4-de-fevereiro\/","title":{"rendered":"Prefeitura de Rio Branco vai realizar carnaval na Pra\u00e7a da Revolu\u00e7\u00e3o de 2 at\u00e9 4 de fevereiro"},"content":{"rendered":"<p style=\"text-align: justify;\"><span style=\"font-weight: 400;\">A Prefeitura de Rio Branco em uma coletiva de imprensa nesta ter\u00e7a-feira (16), determinou a Pra\u00e7a da Revolu\u00e7\u00e3o como local para sediar o carnaval, devido \u00e0 sua import\u00e2ncia hist\u00f3rica e capacidade de receber grandes p\u00fablicos. A celebra\u00e7\u00e3o est\u00e1 prevista para ocorrer de 2 a 4 de fevereiro no coreto da pra\u00e7a.<\/span><\/p>\n<p style=\"text-align: justify;\"><span style=\"font-weight: 400;\">J\u00e1\u00a0 o carnaval oficial ter\u00e1 in\u00edcio no dia 9 e ser\u00e1 realizado at\u00e9 o dia 14 de fevereiro no cruzamento da Avenida Get\u00falio Vargas com a Rui Barbosa.<\/span><\/p>\n<p style=\"text-align: justify;\"><span style=\"font-weight: 400;\">Durante a coletiva de imprensa, o prefeito Ti\u00e3o Bocalom falou sobre os preparativos da Prefeitura para o evento e esclarece que quer fazer a celebra\u00e7\u00e3o no Centro para resgatar as tradi\u00e7\u00f5es antigas, pois era l\u00e1 que ocorria e tamb\u00e9m pela seguran\u00e7a que ser\u00e1 maior por ser em um ambiente mais controlado.<\/span><\/p>\n<p style=\"text-align: justify;\"><span style=\"font-weight: 400;\">&#8220;Decidimos fazer o carnaval aqui no centro, pois queremos resgatar a tradi\u00e7\u00e3o antiga. O espa\u00e7o \u00e9 menor, mas a seguran\u00e7a aqui \u00e9 muito maior. O acesso para as pessoas que v\u00eam dos bairros \u00e9 mais f\u00e1cil, pois est\u00e1 pr\u00f3ximo do terminal, na Pra\u00e7a da Revolu\u00e7\u00e3o, onde tivemos um grande sucesso com as festividades de Natal. Sem d\u00favida, \u00e9 um resgate cultural, n\u00e3o tenho d\u00favidas&#8221;, afirma o prefeito.<\/span><\/p>\n<p style=\"text-align: justify;\"><span style=\"font-weight: 400;\">A Prefeitura fornecer\u00e1 apoio log\u00edstico para que os bairros tamb\u00e9m possam celebrar o carnaval, segundo Bocalom.<\/span><\/p>\n<p style=\"text-align: justify;\"><span style=\"font-weight: 400;\">&#8220;A Prefeitura estar\u00e1 ajudando diretamente, por meio da Funda\u00e7\u00e3o Garibald Brasil, todos os eventos que acontecem nos bairros de Rio Branco. Portanto, n\u00e3o \u00e9 porque faremos o carnaval aqui no centro que iremos acabar com as celebra\u00e7\u00f5es nos bairros&#8221;, explica Bocalom.<\/span><\/p>\n<p style=\"text-align: justify;\"><span style=\"font-weight: 400;\">O apoio log\u00edstico depender\u00e1 das propostas que os bairros apresentarem \u00e0 Prefeitura at\u00e9 o dia 19. Os blocos e presidentes de bairro podem procurar a FGB e apresentar as demandas.<\/span><\/p>\n","protected":false},"excerpt":{"rendered":"<p>A Prefeitura de Rio Branco em uma coletiva de imprensa nesta ter\u00e7a-feira (16), determinou a Pra\u00e7a da Revolu\u00e7\u00e3o como local para sediar o carnaval, devido \u00e0 sua import\u00e2ncia hist\u00f3rica e capacidade de receber grandes p\u00fablicos. A celebra\u00e7\u00e3o est\u00e1 prevista para ocorrer de 2 a 4 de fevereiro no coreto da pra\u00e7a. J\u00e1\u00a0 o carnaval oficial [&hellip;]<\/p>\n","protected":false},"author":4,"featured_media":125457,"comment_status":"open","ping_status":"open","sticky":false,"template":"","format":"standard","meta":{"jnews-multi-image_gallery":[],"jnews_single_post":{"source_name":"","source_url":"","via_name":"","via_url":"","override_template":"0","override":[{"template":"custom","single_blog_custom":"110746","parallax":"1","fullscreen":"1","layout":"right-sidebar","sidebar":"default-sidebar","second_sidebar":"default-sidebar","sticky_sidebar":"1","share_position":"top","share_float_style":"share-monocrhome","show_share_counter":"1","show_view_counter":"1","show_featured":"1","show_post_meta":"1","show_post_author":"1","show_post_author_image":"1","show_post_date":"1","post_date_format":"default","post_date_format_custom":"Y\/m\/d","show_post_category":"1","show_post_reading_time":"0","post_reading_time_wpm":"300","show_zoom_button":"0","zoom_button_out_step":"2","zoom_button_in_step":"3","show_post_tag":"1","show_prev_next_post":"1","show_popup_post":"1","number_popup_post":"1","show_author_box":"0","show_post_related":"1","show_inline_post_related":"0"}],"override_image_size":"0","image_override":[{"single_post_thumbnail_size":"crop-500","single_post_gallery_size":"crop-500"}],"trending_post":"0","trending_post_position":"meta","trending_post_label":"Trending","sponsored_post":"0","sponsored_post_label":"Sponsored by","sponsored_post_name":"","sponsored_post_url":"","sponsored_post_logo_enable":"0","sponsored_post_logo":"","sponsored_post_desc":"","disable_ad":"0"},"jnews_primary_category":{"id":"","hide":""},"jnews_social_meta":{"fb_title":"","fb_description":"","fb_image":"","twitter_title":"","twitter_description":"","twitter_image":""},"jnews_review":[],"enable_review":"0","type":"percentage","name":"","summary":"","brand":"","sku":"","good":[{"good_text":""}],"bad":[{"bad_text":""}],"score_override":"0","override_value":"","rating":[{"rating_text":"","rating_number":"10"}],"price":[{"shop":"","price":"","link":"","icon":""}],"footnotes":""},"categories":[54],"tags":[],"class_list":["post-125456","post","type-post","status-publish","format-standard","has-post-thumbnail","hentry","category-cotidiano"],"yoast_head":"<!-- This site is optimized with the Yoast SEO plugin v26.5 - https:\/\/yoast.com\/wordpress\/plugins\/seo\/ -->\n<title>Prefeitura de Rio Branco vai realizar carnaval na Pra\u00e7a da Revolu\u00e7\u00e3o de 2 at\u00e9 4 de fevereiro - Agazeta.net<\/title>\n<meta name=\"robots\" content=\"index, follow, max-snippet:-1, max-image-preview:large, max-video-preview:-1\" \/>\n<link rel=\"canonical\" href=\"https:\/\/nk7-testes.com.br\/agazeta\/prefeitura-de-rio-branco-vai-realizar-carnaval-na-praca-da-revolucao-de-2-ate-4-de-fevereiro\/\" \/>\n<meta property=\"og:locale\" content=\"pt_BR\" \/>\n<meta property=\"og:type\" content=\"article\" \/>\n<meta property=\"og:title\" content=\"Prefeitura de Rio Branco vai realizar carnaval na Pra\u00e7a da Revolu\u00e7\u00e3o de 2 at\u00e9 4 de fevereiro - Agazeta.net\" \/>\n<meta property=\"og:description\" content=\"A Prefeitura de Rio Branco em uma coletiva de imprensa nesta ter\u00e7a-feira (16), determinou a Pra\u00e7a da Revolu\u00e7\u00e3o como local para sediar o carnaval, devido \u00e0 sua import\u00e2ncia hist\u00f3rica e capacidade de receber grandes p\u00fablicos. A celebra\u00e7\u00e3o est\u00e1 prevista para ocorrer de 2 a 4 de fevereiro no coreto da pra\u00e7a. J\u00e1\u00a0 o carnaval oficial [&hellip;]\" \/>\n<meta property=\"og:url\" content=\"https:\/\/nk7-testes.com.br\/agazeta\/prefeitura-de-rio-branco-vai-realizar-carnaval-na-praca-da-revolucao-de-2-ate-4-de-fevereiro\/\" \/>\n<meta property=\"og:site_name\" content=\"Agazeta.net\" \/>\n<meta property=\"article:published_time\" content=\"2024-01-17T14:43:49+00:00\" \/>\n<meta property=\"og:image\" content=\"https:\/\/nk7-testes.com.br\/agazeta\/wp-content\/uploads\/2024\/01\/WhatsApp-Image-2024-01-17-at-09.42.33.jpeg\" \/>\n\t<meta property=\"og:image:width\" content=\"1024\" \/>\n\t<meta property=\"og:image:height\" content=\"576\" \/>\n\t<meta property=\"og:image:type\" content=\"image\/jpeg\" \/>\n<meta name=\"author\" content=\"Agazeta.Net\" \/>\n<meta name=\"twitter:card\" content=\"summary_large_image\" \/>\n<meta name=\"twitter:label1\" content=\"Escrito por\" \/>\n\t<meta name=\"twitter:data1\" content=\"Agazeta.Net\" \/>\n\t<meta name=\"twitter:label2\" content=\"Est. tempo de leitura\" \/>\n\t<meta name=\"twitter:data2\" content=\"2 minutos\" \/>\n<script type=\"application\/ld+json\" class=\"yoast-schema-graph\">{\"@context\":\"https:\/\/schema.org\",\"@graph\":[{\"@type\":\"WebPage\",\"@id\":\"https:\/\/nk7-testes.com.br\/agazeta\/prefeitura-de-rio-branco-vai-realizar-carnaval-na-praca-da-revolucao-de-2-ate-4-de-fevereiro\/\",\"url\":\"https:\/\/nk7-testes.com.br\/agazeta\/prefeitura-de-rio-branco-vai-realizar-carnaval-na-praca-da-revolucao-de-2-ate-4-de-fevereiro\/\",\"name\":\"Prefeitura de Rio Branco vai realizar carnaval na Pra\u00e7a da Revolu\u00e7\u00e3o de 2 at\u00e9 4 de fevereiro - Agazeta.net\",\"isPartOf\":{\"@id\":\"https:\/\/nk7-testes.com.br\/agazeta\/#website\"},\"primaryImageOfPage\":{\"@id\":\"https:\/\/nk7-testes.com.br\/agazeta\/prefeitura-de-rio-branco-vai-realizar-carnaval-na-praca-da-revolucao-de-2-ate-4-de-fevereiro\/#primaryimage\"},\"image\":{\"@id\":\"https:\/\/nk7-testes.com.br\/agazeta\/prefeitura-de-rio-branco-vai-realizar-carnaval-na-praca-da-revolucao-de-2-ate-4-de-fevereiro\/#primaryimage\"},\"thumbnailUrl\":\"https:\/\/nk7-testes.com.br\/agazeta\/wp-content\/uploads\/2024\/01\/WhatsApp-Image-2024-01-17-at-09.42.33.jpeg\",\"datePublished\":\"2024-01-17T14:43:49+00:00\",\"author\":{\"@id\":\"https:\/\/nk7-testes.com.br\/agazeta\/#\/schema\/person\/ff6b39d54d6973bfc57f4140f659b23f\"},\"breadcrumb\":{\"@id\":\"https:\/\/nk7-testes.com.br\/agazeta\/prefeitura-de-rio-branco-vai-realizar-carnaval-na-praca-da-revolucao-de-2-ate-4-de-fevereiro\/#breadcrumb\"},\"inLanguage\":\"pt-BR\",\"potentialAction\":[{\"@type\":\"ReadAction\",\"target\":[\"https:\/\/nk7-testes.com.br\/agazeta\/prefeitura-de-rio-branco-vai-realizar-carnaval-na-praca-da-revolucao-de-2-ate-4-de-fevereiro\/\"]}]},{\"@type\":\"ImageObject\",\"inLanguage\":\"pt-BR\",\"@id\":\"https:\/\/nk7-testes.com.br\/agazeta\/prefeitura-de-rio-branco-vai-realizar-carnaval-na-praca-da-revolucao-de-2-ate-4-de-fevereiro\/#primaryimage\",\"url\":\"https:\/\/nk7-testes.com.br\/agazeta\/wp-content\/uploads\/2024\/01\/WhatsApp-Image-2024-01-17-at-09.42.33.jpeg\",\"contentUrl\":\"https:\/\/nk7-testes.com.br\/agazeta\/wp-content\/uploads\/2024\/01\/WhatsApp-Image-2024-01-17-at-09.42.33.jpeg\",\"width\":1024,\"height\":576,\"caption\":\"Foto: Val Fernandes\/Assecom\"},{\"@type\":\"BreadcrumbList\",\"@id\":\"https:\/\/nk7-testes.com.br\/agazeta\/prefeitura-de-rio-branco-vai-realizar-carnaval-na-praca-da-revolucao-de-2-ate-4-de-fevereiro\/#breadcrumb\",\"itemListElement\":[{\"@type\":\"ListItem\",\"position\":1,\"name\":\"In\u00edcio\",\"item\":\"https:\/\/nk7-testes.com.br\/agazeta\/\"},{\"@type\":\"ListItem\",\"position\":2,\"name\":\"Prefeitura de Rio Branco vai realizar carnaval na Pra\u00e7a da Revolu\u00e7\u00e3o de 2 at\u00e9 4 de fevereiro\"}]},{\"@type\":\"WebSite\",\"@id\":\"https:\/\/nk7-testes.com.br\/agazeta\/#website\",\"url\":\"https:\/\/nk7-testes.com.br\/agazeta\/\",\"name\":\"Agazeta.net\",\"description\":\"Agazeta.net - Not\u00edcias de Rio Branco\/AC\",\"potentialAction\":[{\"@type\":\"SearchAction\",\"target\":{\"@type\":\"EntryPoint\",\"urlTemplate\":\"https:\/\/nk7-testes.com.br\/agazeta\/?s={search_term_string}\"},\"query-input\":{\"@type\":\"PropertyValueSpecification\",\"valueRequired\":true,\"valueName\":\"search_term_string\"}}],\"inLanguage\":\"pt-BR\"},{\"@type\":\"Person\",\"@id\":\"https:\/\/nk7-testes.com.br\/agazeta\/#\/schema\/person\/ff6b39d54d6973bfc57f4140f659b23f\",\"name\":\"Agazeta.Net\",\"url\":\"https:\/\/nk7-testes.com.br\/agazeta\/author\/agazeta\/\"}]}<\/script>\n<!-- \/ Yoast SEO plugin. -->","yoast_head_json":{"title":"Prefeitura de Rio Branco vai realizar carnaval na Pra\u00e7a da Revolu\u00e7\u00e3o de 2 at\u00e9 4 de fevereiro - Agazeta.net","robots":{"index":"index","follow":"follow","max-snippet":"max-snippet:-1","max-image-preview":"max-image-preview:large","max-video-preview":"max-video-preview:-1"},"canonical":"https:\/\/nk7-testes.com.br\/agazeta\/prefeitura-de-rio-branco-vai-realizar-carnaval-na-praca-da-revolucao-de-2-ate-4-de-fevereiro\/","og_locale":"pt_BR","og_type":"article","og_title":"Prefeitura de Rio Branco vai realizar carnaval na Pra\u00e7a da Revolu\u00e7\u00e3o de 2 at\u00e9 4 de fevereiro - Agazeta.net","og_description":"A Prefeitura de Rio Branco em uma coletiva de imprensa nesta ter\u00e7a-feira (16), determinou a Pra\u00e7a da Revolu\u00e7\u00e3o como local para sediar o carnaval, devido \u00e0 sua import\u00e2ncia hist\u00f3rica e capacidade de receber grandes p\u00fablicos. A celebra\u00e7\u00e3o est\u00e1 prevista para ocorrer de 2 a 4 de fevereiro no coreto da pra\u00e7a. J\u00e1\u00a0 o carnaval oficial [&hellip;]","og_url":"https:\/\/nk7-testes.com.br\/agazeta\/prefeitura-de-rio-branco-vai-realizar-carnaval-na-praca-da-revolucao-de-2-ate-4-de-fevereiro\/","og_site_name":"Agazeta.net","article_published_time":"2024-01-17T14:43:49+00:00","og_image":[{"width":1024,"height":576,"url":"https:\/\/nk7-testes.com.br\/agazeta\/wp-content\/uploads\/2024\/01\/WhatsApp-Image-2024-01-17-at-09.42.33.jpeg","type":"image\/jpeg"}],"author":"Agazeta.Net","twitter_card":"summary_large_image","twitter_misc":{"Escrito por":"Agazeta.Net","Est. tempo de leitura":"2 minutos"},"schema":{"@context":"https:\/\/schema.org","@graph":[{"@type":"WebPage","@id":"https:\/\/nk7-testes.com.br\/agazeta\/prefeitura-de-rio-branco-vai-realizar-carnaval-na-praca-da-revolucao-de-2-ate-4-de-fevereiro\/","url":"https:\/\/nk7-testes.com.br\/agazeta\/prefeitura-de-rio-branco-vai-realizar-carnaval-na-praca-da-revolucao-de-2-ate-4-de-fevereiro\/","name":"Prefeitura de Rio Branco vai realizar carnaval na Pra\u00e7a da Revolu\u00e7\u00e3o de 2 at\u00e9 4 de fevereiro - Agazeta.net","isPartOf":{"@id":"https:\/\/nk7-testes.com.br\/agazeta\/#website"},"primaryImageOfPage":{"@id":"https:\/\/nk7-testes.com.br\/agazeta\/prefeitura-de-rio-branco-vai-realizar-carnaval-na-praca-da-revolucao-de-2-ate-4-de-fevereiro\/#primaryimage"},"image":{"@id":"https:\/\/nk7-testes.com.br\/agazeta\/prefeitura-de-rio-branco-vai-realizar-carnaval-na-praca-da-revolucao-de-2-ate-4-de-fevereiro\/#primaryimage"},"thumbnailUrl":"https:\/\/nk7-testes.com.br\/agazeta\/wp-content\/uploads\/2024\/01\/WhatsApp-Image-2024-01-17-at-09.42.33.jpeg","datePublished":"2024-01-17T14:43:49+00:00","author":{"@id":"https:\/\/nk7-testes.com.br\/agazeta\/#\/schema\/person\/ff6b39d54d6973bfc57f4140f659b23f"},"breadcrumb":{"@id":"https:\/\/nk7-testes.com.br\/agazeta\/prefeitura-de-rio-branco-vai-realizar-carnaval-na-praca-da-revolucao-de-2-ate-4-de-fevereiro\/#breadcrumb"},"inLanguage":"pt-BR","potentialAction":[{"@type":"ReadAction","target":["https:\/\/nk7-testes.com.br\/agazeta\/prefeitura-de-rio-branco-vai-realizar-carnaval-na-praca-da-revolucao-de-2-ate-4-de-fevereiro\/"]}]},{"@type":"ImageObject","inLanguage":"pt-BR","@id":"https:\/\/nk7-testes.com.br\/agazeta\/prefeitura-de-rio-branco-vai-realizar-carnaval-na-praca-da-revolucao-de-2-ate-4-de-fevereiro\/#primaryimage","url":"https:\/\/nk7-testes.com.br\/agazeta\/wp-content\/uploads\/2024\/01\/WhatsApp-Image-2024-01-17-at-09.42.33.jpeg","contentUrl":"https:\/\/nk7-testes.com.br\/agazeta\/wp-content\/uploads\/2024\/01\/WhatsApp-Image-2024-01-17-at-09.42.33.jpeg","width":1024,"height":576,"caption":"Foto: Val Fernandes\/Assecom"},{"@type":"BreadcrumbList","@id":"https:\/\/nk7-testes.com.br\/agazeta\/prefeitura-de-rio-branco-vai-realizar-carnaval-na-praca-da-revolucao-de-2-ate-4-de-fevereiro\/#breadcrumb","itemListElement":[{"@type":"ListItem","position":1,"name":"In\u00edcio","item":"https:\/\/nk7-testes.com.br\/agazeta\/"},{"@type":"ListItem","position":2,"name":"Prefeitura de Rio Branco vai realizar carnaval na Pra\u00e7a da Revolu\u00e7\u00e3o de 2 at\u00e9 4 de fevereiro"}]},{"@type":"WebSite","@id":"https:\/\/nk7-testes.com.br\/agazeta\/#website","url":"https:\/\/nk7-testes.com.br\/agazeta\/","name":"Agazeta.net","description":"Agazeta.net - Not\u00edcias de Rio Branco\/AC","potentialAction":[{"@type":"SearchAction","target":{"@type":"EntryPoint","urlTemplate":"https:\/\/nk7-testes.com.br\/agazeta\/?s={search_term_string}"},"query-input":{"@type":"PropertyValueSpecification","valueRequired":true,"valueName":"search_term_string"}}],"inLanguage":"pt-BR"},{"@type":"Person","@id":"https:\/\/nk7-testes.com.br\/agazeta\/#\/schema\/person\/ff6b39d54d6973bfc57f4140f659b23f","name":"Agazeta.Net","url":"https:\/\/nk7-testes.com.br\/agazeta\/author\/agazeta\/"}]}},"_links":{"self":[{"href":"https:\/\/nk7-testes.com.br\/agazeta\/wp-json\/wp\/v2\/posts\/125456","targetHints":{"allow":["GET"]}}],"collection":[{"href":"https:\/\/nk7-testes.com.br\/agazeta\/wp-json\/wp\/v2\/posts"}],"about":[{"href":"https:\/\/nk7-testes.com.br\/agazeta\/wp-json\/wp\/v2\/types\/post"}],"author":[{"embeddable":true,"href":"https:\/\/nk7-testes.com.br\/agazeta\/wp-json\/wp\/v2\/users\/4"}],"replies":[{"embeddable":true,"href":"https:\/\/nk7-testes.com.br\/agazeta\/wp-json\/wp\/v2\/comments?post=125456"}],"version-history":[{"count":0,"href":"https:\/\/nk7-testes.com.br\/agazeta\/wp-json\/wp\/v2\/posts\/125456\/revisions"}],"wp:featuredmedia":[{"embeddable":true,"href":"https:\/\/nk7-testes.com.br\/agazeta\/wp-json\/wp\/v2\/media\/125457"}],"wp:attachment":[{"href":"https:\/\/nk7-testes.com.br\/agazeta\/wp-json\/wp\/v2\/media?parent=125456"}],"wp:term":[{"taxonomy":"category","embeddable":true,"href":"https:\/\/nk7-testes.com.br\/agazeta\/wp-json\/wp\/v2\/categories?post=125456"},{"taxonomy":"post_tag","embeddable":true,"href":"https:\/\/nk7-testes.com.br\/agazeta\/wp-json\/wp\/v2\/tags?post=125456"}],"curies":[{"name":"wp","href":"https:\/\/api.w.org\/{rel}","templated":true}]}}