{"id":125342,"date":"2024-01-15T12:02:19","date_gmt":"2024-01-15T17:02:19","guid":{"rendered":"https:\/\/abarevegan.com.br\/?p=125342"},"modified":"2024-01-15T12:02:19","modified_gmt":"2024-01-15T17:02:19","slug":"detento-morre-de-dengue-no-interior-do-acre-e-iapen-esclarece-o-caso","status":"publish","type":"post","link":"https:\/\/nk7-testes.com.br\/agazeta\/detento-morre-de-dengue-no-interior-do-acre-e-iapen-esclarece-o-caso\/","title":{"rendered":"Detento morre de dengue no interior do Acre e Iapen esclarece o caso"},"content":{"rendered":"<p style=\"text-align: justify;\"><span style=\"font-weight: 400;\">O governo do estado, por meio do Instituto de Administra\u00e7\u00e3o Penitenci\u00e1ria do Acre (Iapen), emitiu uma nota nesta segunda-feira (15) para esclarecer a causa da morte do detento Ivan Souza da Silva, de 31 anos. Segundo a nota, Ivan faleceu na noite de domingo (14) em Cruzeiro do Sul devido \u00e0 Dengue.<\/span><\/p>\n<p style=\"text-align: justify;\"><span style=\"font-weight: 400;\">De acordo com a Certid\u00e3o de \u00d3bito, as causas da morte foram hemorragia intraparenquimatosa, plaquetopenia e dengue.<\/span><\/p>\n<p style=\"text-align: justify;\"><span style=\"font-weight: 400;\">O detento estava internado h\u00e1 18 dias e o hospital j\u00e1 havia solicitado a Transfer\u00eancia de Paciente Fora de Domic\u00edlio (TFD) para que ele recebesse tratamento em Rio Branco. No entanto, o n\u00edvel de plaquetas do paciente n\u00e3o se estabilizou, impossibilitando a transfer\u00eancia.<\/span><\/p>\n<p style=\"text-align: justify;\"><span style=\"font-weight: 400;\">A fam\u00edlia do detento acompanhou a situa\u00e7\u00e3o no hospital e o Iapen deve cuidar dos tr\u00e2mites relacionados ao vel\u00f3rio e enterro.<\/span><\/p>\n<p style=\"text-align: justify;\"><span style=\"font-weight: 400;\">Essa ocorr\u00eancia destaca a import\u00e2ncia de medidas preventivas e de combate ao mosquito Aedes aegypti, transmissor da Dengue. \u00c9 fundamental que todos estejam atentos aos sintomas da Dengue e adotem medidas de preven\u00e7\u00e3o, como eliminar poss\u00edveis criadouros do mosquito e buscar atendimento m\u00e9dico ao apresentar sintomas suspeitos.<\/span><\/p>\n<h3 style=\"text-align: justify;\"><span style=\"font-weight: 400;\">Confira a nota na \u00edntegra:<\/span><\/h3>\n<p style=\"text-align: justify;\"><span style=\"font-weight: 400;\">O governo do Estado, por meio do Instituto de Administra\u00e7\u00e3o Penitenci\u00e1ria do Acre (Iapen), informa que foi registrado o \u00f3bito do preso Ivan Souza da Silva, de 31 anos, na noite deste domingo, 14, \u00e0s 20h40, no Hospital do Juru\u00e1, em Cruzeiro do Sul.<\/span><\/p>\n<p style=\"text-align: justify;\"><span style=\"font-weight: 400;\">Segundo consta na Certid\u00e3o de \u00d3bito, as causas da morte foram hemorragia intraparenquimatosa, plaquetopenia e dengue.<\/span><\/p>\n<p style=\"text-align: justify;\"><span style=\"font-weight: 400;\">Ivan estava internado h\u00e1 18 dias, e o hospital j\u00e1 havia solicitado TFD para que o reeducando recebesse tratamento em Rio Branco, por\u00e9m o n\u00edvel de plaquetas do paciente n\u00e3o se estabilizou, n\u00e3o sendo poss\u00edvel transferi-lo por este motivo.<\/span><\/p>\n<p style=\"text-align: justify;\"><span style=\"font-weight: 400;\">A fam\u00edlia do reeducando estava acompanhando a situa\u00e7\u00e3o no hospital e o Iapen segue cuidando dos tr\u00e2mites do vel\u00f3rio e enterro.<\/span><\/p>\n<p style=\"text-align: justify;\"><span style=\"font-weight: 400;\">O Iapen se solidariza com a fam\u00edlia de Ivan neste momento de dor.<\/span><\/p>\n<p style=\"text-align: justify;\"><span style=\"font-weight: 400;\">Alexandre Nascimento<\/span><span style=\"font-weight: 400;\"><br \/>\n<\/span><span style=\"font-weight: 400;\">Presidente do Iapen\/AC<\/span><\/p>\n<p style=\"text-align: justify;\">\n","protected":false},"excerpt":{"rendered":"<p>O governo do estado, por meio do Instituto de Administra\u00e7\u00e3o Penitenci\u00e1ria do Acre (Iapen), emitiu uma nota nesta segunda-feira (15) para esclarecer a causa da morte do detento Ivan Souza da Silva, de 31 anos. Segundo a nota, Ivan faleceu na noite de domingo (14) em Cruzeiro do Sul devido \u00e0 Dengue. De acordo com [&hellip;]<\/p>\n","protected":false},"author":4,"featured_media":125343,"comment_status":"open","ping_status":"open","sticky":false,"template":"","format":"standard","meta":{"jnews-multi-image_gallery":[],"jnews_single_post":{"source_name":"","source_url":"","via_name":"","via_url":"","override_template":"0","override":[{"template":"custom","single_blog_custom":"110746","parallax":"1","fullscreen":"1","layout":"right-sidebar","sidebar":"default-sidebar","second_sidebar":"default-sidebar","sticky_sidebar":"1","share_position":"top","share_float_style":"share-monocrhome","show_share_counter":"1","show_view_counter":"1","show_featured":"1","show_post_meta":"1","show_post_author":"1","show_post_author_image":"1","show_post_date":"1","post_date_format":"default","post_date_format_custom":"Y\/m\/d","show_post_category":"1","show_post_reading_time":"0","post_reading_time_wpm":"300","show_zoom_button":"0","zoom_button_out_step":"2","zoom_button_in_step":"3","show_post_tag":"1","show_prev_next_post":"1","show_popup_post":"1","number_popup_post":"1","show_author_box":"0","show_post_related":"1","show_inline_post_related":"0"}],"override_image_size":"0","image_override":[{"single_post_thumbnail_size":"crop-500","single_post_gallery_size":"crop-500"}],"trending_post":"0","trending_post_position":"meta","trending_post_label":"Trending","sponsored_post":"0","sponsored_post_label":"Sponsored by","sponsored_post_name":"","sponsored_post_url":"","sponsored_post_logo_enable":"0","sponsored_post_logo":"","sponsored_post_desc":"","disable_ad":"0"},"jnews_primary_category":{"id":"","hide":""},"jnews_social_meta":{"fb_title":"","fb_description":"","fb_image":"","twitter_title":"","twitter_description":"","twitter_image":""},"jnews_review":[],"enable_review":"0","type":"percentage","name":"","summary":"","brand":"","sku":"","good":[{"good_text":""}],"bad":[{"bad_text":""}],"score_override":"0","override_value":"","rating":[{"rating_text":"","rating_number":"10"}],"price":[{"shop":"","price":"","link":"","icon":""}],"footnotes":""},"categories":[54],"tags":[],"class_list":["post-125342","post","type-post","status-publish","format-standard","has-post-thumbnail","hentry","category-cotidiano"],"yoast_head":"<!-- This site is optimized with the Yoast SEO plugin v26.5 - https:\/\/yoast.com\/wordpress\/plugins\/seo\/ -->\n<title>Detento morre de dengue no interior do Acre e Iapen esclarece o caso - Agazeta.net<\/title>\n<meta name=\"robots\" content=\"index, follow, max-snippet:-1, max-image-preview:large, max-video-preview:-1\" \/>\n<link rel=\"canonical\" href=\"https:\/\/nk7-testes.com.br\/agazeta\/detento-morre-de-dengue-no-interior-do-acre-e-iapen-esclarece-o-caso\/\" \/>\n<meta property=\"og:locale\" content=\"pt_BR\" \/>\n<meta property=\"og:type\" content=\"article\" \/>\n<meta property=\"og:title\" content=\"Detento morre de dengue no interior do Acre e Iapen esclarece o caso - Agazeta.net\" \/>\n<meta property=\"og:description\" content=\"O governo do estado, por meio do Instituto de Administra\u00e7\u00e3o Penitenci\u00e1ria do Acre (Iapen), emitiu uma nota nesta segunda-feira (15) para esclarecer a causa da morte do detento Ivan Souza da Silva, de 31 anos. Segundo a nota, Ivan faleceu na noite de domingo (14) em Cruzeiro do Sul devido \u00e0 Dengue. De acordo com [&hellip;]\" \/>\n<meta property=\"og:url\" content=\"https:\/\/nk7-testes.com.br\/agazeta\/detento-morre-de-dengue-no-interior-do-acre-e-iapen-esclarece-o-caso\/\" \/>\n<meta property=\"og:site_name\" content=\"Agazeta.net\" \/>\n<meta property=\"article:published_time\" content=\"2024-01-15T17:02:19+00:00\" \/>\n<meta property=\"og:image\" content=\"https:\/\/nk7-testes.com.br\/agazeta\/wp-content\/uploads\/2024\/01\/WhatsApp-Image-2024-01-15-at-12.00.24.jpeg\" \/>\n\t<meta property=\"og:image:width\" content=\"678\" \/>\n\t<meta property=\"og:image:height\" content=\"381\" \/>\n\t<meta property=\"og:image:type\" content=\"image\/jpeg\" \/>\n<meta name=\"author\" content=\"Agazeta.Net\" \/>\n<meta name=\"twitter:card\" content=\"summary_large_image\" \/>\n<meta name=\"twitter:label1\" content=\"Escrito por\" \/>\n\t<meta name=\"twitter:data1\" content=\"Agazeta.Net\" \/>\n\t<meta name=\"twitter:label2\" content=\"Est. tempo de leitura\" \/>\n\t<meta name=\"twitter:data2\" content=\"2 minutos\" \/>\n<script type=\"application\/ld+json\" class=\"yoast-schema-graph\">{\"@context\":\"https:\/\/schema.org\",\"@graph\":[{\"@type\":\"WebPage\",\"@id\":\"https:\/\/nk7-testes.com.br\/agazeta\/detento-morre-de-dengue-no-interior-do-acre-e-iapen-esclarece-o-caso\/\",\"url\":\"https:\/\/nk7-testes.com.br\/agazeta\/detento-morre-de-dengue-no-interior-do-acre-e-iapen-esclarece-o-caso\/\",\"name\":\"Detento morre de dengue no interior do Acre e Iapen esclarece o caso - Agazeta.net\",\"isPartOf\":{\"@id\":\"https:\/\/nk7-testes.com.br\/agazeta\/#website\"},\"primaryImageOfPage\":{\"@id\":\"https:\/\/nk7-testes.com.br\/agazeta\/detento-morre-de-dengue-no-interior-do-acre-e-iapen-esclarece-o-caso\/#primaryimage\"},\"image\":{\"@id\":\"https:\/\/nk7-testes.com.br\/agazeta\/detento-morre-de-dengue-no-interior-do-acre-e-iapen-esclarece-o-caso\/#primaryimage\"},\"thumbnailUrl\":\"https:\/\/nk7-testes.com.br\/agazeta\/wp-content\/uploads\/2024\/01\/WhatsApp-Image-2024-01-15-at-12.00.24.jpeg\",\"datePublished\":\"2024-01-15T17:02:19+00:00\",\"author\":{\"@id\":\"https:\/\/nk7-testes.com.br\/agazeta\/#\/schema\/person\/ff6b39d54d6973bfc57f4140f659b23f\"},\"breadcrumb\":{\"@id\":\"https:\/\/nk7-testes.com.br\/agazeta\/detento-morre-de-dengue-no-interior-do-acre-e-iapen-esclarece-o-caso\/#breadcrumb\"},\"inLanguage\":\"pt-BR\",\"potentialAction\":[{\"@type\":\"ReadAction\",\"target\":[\"https:\/\/nk7-testes.com.br\/agazeta\/detento-morre-de-dengue-no-interior-do-acre-e-iapen-esclarece-o-caso\/\"]}]},{\"@type\":\"ImageObject\",\"inLanguage\":\"pt-BR\",\"@id\":\"https:\/\/nk7-testes.com.br\/agazeta\/detento-morre-de-dengue-no-interior-do-acre-e-iapen-esclarece-o-caso\/#primaryimage\",\"url\":\"https:\/\/nk7-testes.com.br\/agazeta\/wp-content\/uploads\/2024\/01\/WhatsApp-Image-2024-01-15-at-12.00.24.jpeg\",\"contentUrl\":\"https:\/\/nk7-testes.com.br\/agazeta\/wp-content\/uploads\/2024\/01\/WhatsApp-Image-2024-01-15-at-12.00.24.jpeg\",\"width\":678,\"height\":381,\"caption\":\"Mosquito da Dengue\"},{\"@type\":\"BreadcrumbList\",\"@id\":\"https:\/\/nk7-testes.com.br\/agazeta\/detento-morre-de-dengue-no-interior-do-acre-e-iapen-esclarece-o-caso\/#breadcrumb\",\"itemListElement\":[{\"@type\":\"ListItem\",\"position\":1,\"name\":\"In\u00edcio\",\"item\":\"https:\/\/nk7-testes.com.br\/agazeta\/\"},{\"@type\":\"ListItem\",\"position\":2,\"name\":\"Detento morre de dengue no interior do Acre e Iapen esclarece o caso\"}]},{\"@type\":\"WebSite\",\"@id\":\"https:\/\/nk7-testes.com.br\/agazeta\/#website\",\"url\":\"https:\/\/nk7-testes.com.br\/agazeta\/\",\"name\":\"Agazeta.net\",\"description\":\"Agazeta.net - Not\u00edcias de Rio Branco\/AC\",\"potentialAction\":[{\"@type\":\"SearchAction\",\"target\":{\"@type\":\"EntryPoint\",\"urlTemplate\":\"https:\/\/nk7-testes.com.br\/agazeta\/?s={search_term_string}\"},\"query-input\":{\"@type\":\"PropertyValueSpecification\",\"valueRequired\":true,\"valueName\":\"search_term_string\"}}],\"inLanguage\":\"pt-BR\"},{\"@type\":\"Person\",\"@id\":\"https:\/\/nk7-testes.com.br\/agazeta\/#\/schema\/person\/ff6b39d54d6973bfc57f4140f659b23f\",\"name\":\"Agazeta.Net\",\"url\":\"https:\/\/nk7-testes.com.br\/agazeta\/author\/agazeta\/\"}]}<\/script>\n<!-- \/ Yoast SEO plugin. -->","yoast_head_json":{"title":"Detento morre de dengue no interior do Acre e Iapen esclarece o caso - Agazeta.net","robots":{"index":"index","follow":"follow","max-snippet":"max-snippet:-1","max-image-preview":"max-image-preview:large","max-video-preview":"max-video-preview:-1"},"canonical":"https:\/\/nk7-testes.com.br\/agazeta\/detento-morre-de-dengue-no-interior-do-acre-e-iapen-esclarece-o-caso\/","og_locale":"pt_BR","og_type":"article","og_title":"Detento morre de dengue no interior do Acre e Iapen esclarece o caso - Agazeta.net","og_description":"O governo do estado, por meio do Instituto de Administra\u00e7\u00e3o Penitenci\u00e1ria do Acre (Iapen), emitiu uma nota nesta segunda-feira (15) para esclarecer a causa da morte do detento Ivan Souza da Silva, de 31 anos. Segundo a nota, Ivan faleceu na noite de domingo (14) em Cruzeiro do Sul devido \u00e0 Dengue. De acordo com [&hellip;]","og_url":"https:\/\/nk7-testes.com.br\/agazeta\/detento-morre-de-dengue-no-interior-do-acre-e-iapen-esclarece-o-caso\/","og_site_name":"Agazeta.net","article_published_time":"2024-01-15T17:02:19+00:00","og_image":[{"width":678,"height":381,"url":"https:\/\/nk7-testes.com.br\/agazeta\/wp-content\/uploads\/2024\/01\/WhatsApp-Image-2024-01-15-at-12.00.24.jpeg","type":"image\/jpeg"}],"author":"Agazeta.Net","twitter_card":"summary_large_image","twitter_misc":{"Escrito por":"Agazeta.Net","Est. tempo de leitura":"2 minutos"},"schema":{"@context":"https:\/\/schema.org","@graph":[{"@type":"WebPage","@id":"https:\/\/nk7-testes.com.br\/agazeta\/detento-morre-de-dengue-no-interior-do-acre-e-iapen-esclarece-o-caso\/","url":"https:\/\/nk7-testes.com.br\/agazeta\/detento-morre-de-dengue-no-interior-do-acre-e-iapen-esclarece-o-caso\/","name":"Detento morre de dengue no interior do Acre e Iapen esclarece o caso - Agazeta.net","isPartOf":{"@id":"https:\/\/nk7-testes.com.br\/agazeta\/#website"},"primaryImageOfPage":{"@id":"https:\/\/nk7-testes.com.br\/agazeta\/detento-morre-de-dengue-no-interior-do-acre-e-iapen-esclarece-o-caso\/#primaryimage"},"image":{"@id":"https:\/\/nk7-testes.com.br\/agazeta\/detento-morre-de-dengue-no-interior-do-acre-e-iapen-esclarece-o-caso\/#primaryimage"},"thumbnailUrl":"https:\/\/nk7-testes.com.br\/agazeta\/wp-content\/uploads\/2024\/01\/WhatsApp-Image-2024-01-15-at-12.00.24.jpeg","datePublished":"2024-01-15T17:02:19+00:00","author":{"@id":"https:\/\/nk7-testes.com.br\/agazeta\/#\/schema\/person\/ff6b39d54d6973bfc57f4140f659b23f"},"breadcrumb":{"@id":"https:\/\/nk7-testes.com.br\/agazeta\/detento-morre-de-dengue-no-interior-do-acre-e-iapen-esclarece-o-caso\/#breadcrumb"},"inLanguage":"pt-BR","potentialAction":[{"@type":"ReadAction","target":["https:\/\/nk7-testes.com.br\/agazeta\/detento-morre-de-dengue-no-interior-do-acre-e-iapen-esclarece-o-caso\/"]}]},{"@type":"ImageObject","inLanguage":"pt-BR","@id":"https:\/\/nk7-testes.com.br\/agazeta\/detento-morre-de-dengue-no-interior-do-acre-e-iapen-esclarece-o-caso\/#primaryimage","url":"https:\/\/nk7-testes.com.br\/agazeta\/wp-content\/uploads\/2024\/01\/WhatsApp-Image-2024-01-15-at-12.00.24.jpeg","contentUrl":"https:\/\/nk7-testes.com.br\/agazeta\/wp-content\/uploads\/2024\/01\/WhatsApp-Image-2024-01-15-at-12.00.24.jpeg","width":678,"height":381,"caption":"Mosquito da Dengue"},{"@type":"BreadcrumbList","@id":"https:\/\/nk7-testes.com.br\/agazeta\/detento-morre-de-dengue-no-interior-do-acre-e-iapen-esclarece-o-caso\/#breadcrumb","itemListElement":[{"@type":"ListItem","position":1,"name":"In\u00edcio","item":"https:\/\/nk7-testes.com.br\/agazeta\/"},{"@type":"ListItem","position":2,"name":"Detento morre de dengue no interior do Acre e Iapen esclarece o caso"}]},{"@type":"WebSite","@id":"https:\/\/nk7-testes.com.br\/agazeta\/#website","url":"https:\/\/nk7-testes.com.br\/agazeta\/","name":"Agazeta.net","description":"Agazeta.net - Not\u00edcias de Rio Branco\/AC","potentialAction":[{"@type":"SearchAction","target":{"@type":"EntryPoint","urlTemplate":"https:\/\/nk7-testes.com.br\/agazeta\/?s={search_term_string}"},"query-input":{"@type":"PropertyValueSpecification","valueRequired":true,"valueName":"search_term_string"}}],"inLanguage":"pt-BR"},{"@type":"Person","@id":"https:\/\/nk7-testes.com.br\/agazeta\/#\/schema\/person\/ff6b39d54d6973bfc57f4140f659b23f","name":"Agazeta.Net","url":"https:\/\/nk7-testes.com.br\/agazeta\/author\/agazeta\/"}]}},"_links":{"self":[{"href":"https:\/\/nk7-testes.com.br\/agazeta\/wp-json\/wp\/v2\/posts\/125342","targetHints":{"allow":["GET"]}}],"collection":[{"href":"https:\/\/nk7-testes.com.br\/agazeta\/wp-json\/wp\/v2\/posts"}],"about":[{"href":"https:\/\/nk7-testes.com.br\/agazeta\/wp-json\/wp\/v2\/types\/post"}],"author":[{"embeddable":true,"href":"https:\/\/nk7-testes.com.br\/agazeta\/wp-json\/wp\/v2\/users\/4"}],"replies":[{"embeddable":true,"href":"https:\/\/nk7-testes.com.br\/agazeta\/wp-json\/wp\/v2\/comments?post=125342"}],"version-history":[{"count":0,"href":"https:\/\/nk7-testes.com.br\/agazeta\/wp-json\/wp\/v2\/posts\/125342\/revisions"}],"wp:featuredmedia":[{"embeddable":true,"href":"https:\/\/nk7-testes.com.br\/agazeta\/wp-json\/wp\/v2\/media\/125343"}],"wp:attachment":[{"href":"https:\/\/nk7-testes.com.br\/agazeta\/wp-json\/wp\/v2\/media?parent=125342"}],"wp:term":[{"taxonomy":"category","embeddable":true,"href":"https:\/\/nk7-testes.com.br\/agazeta\/wp-json\/wp\/v2\/categories?post=125342"},{"taxonomy":"post_tag","embeddable":true,"href":"https:\/\/nk7-testes.com.br\/agazeta\/wp-json\/wp\/v2\/tags?post=125342"}],"curies":[{"name":"wp","href":"https:\/\/api.w.org\/{rel}","templated":true}]}}