{"id":125214,"date":"2024-01-12T12:17:57","date_gmt":"2024-01-12T17:17:57","guid":{"rendered":"https:\/\/abarevegan.com.br\/?p=125214"},"modified":"2024-01-12T12:17:57","modified_gmt":"2024-01-12T17:17:57","slug":"iptu-2024-aumento-de-quase-4-e-confirmado-em-rio-branco","status":"publish","type":"post","link":"https:\/\/nk7-testes.com.br\/agazeta\/iptu-2024-aumento-de-quase-4-e-confirmado-em-rio-branco\/","title":{"rendered":"IPTU 2024: aumento de quase 4% \u00e9 confirmado em Rio Branco"},"content":{"rendered":"<p style=\"text-align: justify;\"><span style=\"font-weight: 400;\">O per\u00edodo de isen\u00e7\u00e3o de IPTU para as fam\u00edlias afetadas pela enchente se encerrou, com isso, neste ano de 2024, toda a popula\u00e7\u00e3o rio-branquense dever\u00e1 arcar com o imposto que est\u00e1 previsto para ser pago no dia 27 de mar\u00e7o. Al\u00e9m disso, o valor do IPTU ficou mais alto para 2024, com um acr\u00e9scimo de cerca de 3,85%.<\/span><\/p>\n<p style=\"text-align: justify;\"><span style=\"font-weight: 400;\">Para o secret\u00e1rio de finan\u00e7as, Wilson Leite, ano passado as isen\u00e7\u00f5es foram dadas por conta dos desastres naturais que ocorreram como a enxurrada do igarap\u00e9 S\u00e3o Francisco e do Rio Acre e mesmo que esse ano aconte\u00e7a outro desastre, dever\u00e1 haver um novo estudo e uma nova lei para definir as prerrogativas.<\/span><\/p>\n<p style=\"text-align: justify;\"><span style=\"font-weight: 400;\">&#8220;Aquelas isen\u00e7\u00f5es foram dadas por conta dos desastres naturais que houveram como a enxurrada do Igarap\u00e9 S\u00e3o Francisco e a Enchente do Rio Acre, que aquela isen\u00e7\u00e3o foi para aquele per\u00edodo. Se houver um novo desastre, a\u00ed \u00e9 outra lei e a\u00ed a gente vai estudar quais s\u00e3o os im\u00f3veis que ser\u00e3o beneficiados com essa isen\u00e7\u00e3o,&#8221;comenta.<\/span><\/p>\n<p style=\"text-align: justify;\"><span style=\"font-weight: 400;\">Al\u00e9m disso, ele acredita que a popula\u00e7\u00e3o estar\u00e1 mais solicita ao ver o dinheiro desses impostos investidos em pol\u00edticas p\u00fablicas como o programa Asfalta Rio Branco.<\/span><\/p>\n<p style=\"text-align: justify;\"><span style=\"font-weight: 400;\">&#8220;A popula\u00e7\u00e3o, ela come\u00e7a a ver o retorno do imposto que ela paga, na pr\u00f3xima semana vamos lan\u00e7ar o Asfalta Rio Branco, se Deus quiser e a popula\u00e7\u00e3o ficar\u00e1 sensibilizada com o esfor\u00e7o da Prefeitura em tapar esses buracos da cidade&#8221;, conclui.<\/span><\/p>\n<p style=\"text-align: justify;\"><span style=\"font-weight: 400;\">No ano passado, a prefeitura lan\u00e7ou em carn\u00eas de IPTU um valor total de R$ 84 milh\u00f5es. No entanto, a arrecada\u00e7\u00e3o foi de apenas 40% desse montante, ou seja, pouco mais de R$ 36 milh\u00f5es. Isso representa uma queda de quase 2% em rela\u00e7\u00e3o ao ano de 2022.<\/span><\/p>\n<p style=\"text-align: justify;\"><span style=\"font-weight: 400;\">Para este ano, os carn\u00eas do IPTU j\u00e1 est\u00e3o prontos e os contribuintes devem receber as faturas do imposto no m\u00eas de fevereiro. O valor lan\u00e7ado \u00e9 consideravelmente maior do que o do ano anterior, e chega a R$ 94 milh\u00f5es no total.\u00a0<\/span><\/p>\n<p style=\"text-align: justify;\"><span style=\"font-weight: 400;\">Essa diferen\u00e7a n\u00e3o se deve apenas ao aumento do n\u00famero de im\u00f3veis, mas tamb\u00e9m ao fato de que o valor do IPTU ficou mais alto para 2024, com um acr\u00e9scimo de cerca de 3,85%.<\/span><\/p>\n<p style=\"text-align: justify;\"><span style=\"font-weight: 400;\">Os contribuintes t\u00eam a op\u00e7\u00e3o de parcelar o valor em at\u00e9 10 vezes. Al\u00e9m disso, aqueles que optarem pelo pagamento integral e n\u00e3o possu\u00edrem d\u00e9bitos anteriores ter\u00e3o um desconto de at\u00e9 20%. Neste ano, a Prefeitura tamb\u00e9m ir\u00e1 aceitar o pagamento integral do IPTU no cart\u00e3o de cr\u00e9dito, e permitir\u00e1 que as pessoas parcelem em at\u00e9 6 vezes sem juros.<\/span><\/p>\n<p style=\"text-align: justify;\"><span style=\"font-weight: 400;\">Os contribuintes devem ficar atentos aos prazos e formas de pagamento estabelecidos nos carn\u00eas do IPTU, para evitar atrasos e poss\u00edveis penalidades. A Prefeitura est\u00e1 dispon\u00edvel para esclarecer d\u00favidas e prestar informa\u00e7\u00f5es adicionais sobre o imposto.<\/span><\/p>\n<p style=\"text-align: justify;\"><span style=\"font-weight: 400;\">Com informa\u00e7\u00f5es de Adailson Oliveira para a TV Gazeta<\/span><\/p>\n","protected":false},"excerpt":{"rendered":"<p>O per\u00edodo de isen\u00e7\u00e3o de IPTU para as fam\u00edlias afetadas pela enchente se encerrou, com isso, neste ano de 2024, toda a popula\u00e7\u00e3o rio-branquense dever\u00e1 arcar com o imposto que est\u00e1 previsto para ser pago no dia 27 de mar\u00e7o. Al\u00e9m disso, o valor do IPTU ficou mais alto para 2024, com um acr\u00e9scimo de [&hellip;]<\/p>\n","protected":false},"author":4,"featured_media":125215,"comment_status":"open","ping_status":"open","sticky":false,"template":"","format":"standard","meta":{"jnews-multi-image_gallery":[],"jnews_single_post":{"source_name":"","source_url":"","via_name":"","via_url":"","override_template":"0","override":[{"template":"custom","single_blog_custom":"110746","parallax":"1","fullscreen":"1","layout":"right-sidebar","sidebar":"default-sidebar","second_sidebar":"default-sidebar","sticky_sidebar":"1","share_position":"top","share_float_style":"share-monocrhome","show_share_counter":"1","show_view_counter":"1","show_featured":"1","show_post_meta":"1","show_post_author":"1","show_post_author_image":"1","show_post_date":"1","post_date_format":"default","post_date_format_custom":"Y\/m\/d","show_post_category":"1","show_post_reading_time":"0","post_reading_time_wpm":"300","show_zoom_button":"0","zoom_button_out_step":"2","zoom_button_in_step":"3","show_post_tag":"1","show_prev_next_post":"1","show_popup_post":"1","number_popup_post":"1","show_author_box":"0","show_post_related":"1","show_inline_post_related":"0"}],"override_image_size":"0","image_override":[{"single_post_thumbnail_size":"crop-500","single_post_gallery_size":"crop-500"}],"trending_post":"0","trending_post_position":"meta","trending_post_label":"Trending","sponsored_post":"0","sponsored_post_label":"Sponsored by","sponsored_post_name":"","sponsored_post_url":"","sponsored_post_logo_enable":"0","sponsored_post_logo":"","sponsored_post_desc":"","disable_ad":"0"},"jnews_primary_category":{"id":"","hide":""},"jnews_social_meta":{"fb_title":"","fb_description":"","fb_image":"","twitter_title":"","twitter_description":"","twitter_image":""},"jnews_review":[],"enable_review":"0","type":"percentage","name":"","summary":"","brand":"","sku":"","good":[{"good_text":""}],"bad":[{"bad_text":""}],"score_override":"0","override_value":"","rating":[{"rating_text":"","rating_number":"10"}],"price":[{"shop":"","price":"","link":"","icon":""}],"footnotes":""},"categories":[54],"tags":[],"class_list":["post-125214","post","type-post","status-publish","format-standard","has-post-thumbnail","hentry","category-cotidiano"],"yoast_head":"<!-- This site is optimized with the Yoast SEO plugin v26.5 - https:\/\/yoast.com\/wordpress\/plugins\/seo\/ -->\n<title>IPTU 2024: aumento de quase 4% \u00e9 confirmado em Rio Branco - Agazeta.net<\/title>\n<meta name=\"robots\" content=\"index, follow, max-snippet:-1, max-image-preview:large, max-video-preview:-1\" \/>\n<link rel=\"canonical\" href=\"https:\/\/nk7-testes.com.br\/agazeta\/iptu-2024-aumento-de-quase-4-e-confirmado-em-rio-branco\/\" \/>\n<meta property=\"og:locale\" content=\"pt_BR\" \/>\n<meta property=\"og:type\" content=\"article\" \/>\n<meta property=\"og:title\" content=\"IPTU 2024: aumento de quase 4% \u00e9 confirmado em Rio Branco - Agazeta.net\" \/>\n<meta property=\"og:description\" content=\"O per\u00edodo de isen\u00e7\u00e3o de IPTU para as fam\u00edlias afetadas pela enchente se encerrou, com isso, neste ano de 2024, toda a popula\u00e7\u00e3o rio-branquense dever\u00e1 arcar com o imposto que est\u00e1 previsto para ser pago no dia 27 de mar\u00e7o. Al\u00e9m disso, o valor do IPTU ficou mais alto para 2024, com um acr\u00e9scimo de [&hellip;]\" \/>\n<meta property=\"og:url\" content=\"https:\/\/nk7-testes.com.br\/agazeta\/iptu-2024-aumento-de-quase-4-e-confirmado-em-rio-branco\/\" \/>\n<meta property=\"og:site_name\" content=\"Agazeta.net\" \/>\n<meta property=\"article:published_time\" content=\"2024-01-12T17:17:57+00:00\" \/>\n<meta property=\"og:image\" content=\"https:\/\/nk7-testes.com.br\/agazeta\/wp-content\/uploads\/2024\/01\/WhatsApp-Image-2024-01-12-at-12.08.15.jpeg\" \/>\n\t<meta property=\"og:image:width\" content=\"686\" \/>\n\t<meta property=\"og:image:height\" content=\"386\" \/>\n\t<meta property=\"og:image:type\" content=\"image\/jpeg\" \/>\n<meta name=\"author\" content=\"Agazeta.Net\" \/>\n<meta name=\"twitter:card\" content=\"summary_large_image\" \/>\n<meta name=\"twitter:label1\" content=\"Escrito por\" \/>\n\t<meta name=\"twitter:data1\" content=\"Agazeta.Net\" \/>\n\t<meta name=\"twitter:label2\" content=\"Est. tempo de leitura\" \/>\n\t<meta name=\"twitter:data2\" content=\"3 minutos\" \/>\n<script type=\"application\/ld+json\" class=\"yoast-schema-graph\">{\"@context\":\"https:\/\/schema.org\",\"@graph\":[{\"@type\":\"WebPage\",\"@id\":\"https:\/\/nk7-testes.com.br\/agazeta\/iptu-2024-aumento-de-quase-4-e-confirmado-em-rio-branco\/\",\"url\":\"https:\/\/nk7-testes.com.br\/agazeta\/iptu-2024-aumento-de-quase-4-e-confirmado-em-rio-branco\/\",\"name\":\"IPTU 2024: aumento de quase 4% \u00e9 confirmado em Rio Branco - Agazeta.net\",\"isPartOf\":{\"@id\":\"https:\/\/nk7-testes.com.br\/agazeta\/#website\"},\"primaryImageOfPage\":{\"@id\":\"https:\/\/nk7-testes.com.br\/agazeta\/iptu-2024-aumento-de-quase-4-e-confirmado-em-rio-branco\/#primaryimage\"},\"image\":{\"@id\":\"https:\/\/nk7-testes.com.br\/agazeta\/iptu-2024-aumento-de-quase-4-e-confirmado-em-rio-branco\/#primaryimage\"},\"thumbnailUrl\":\"https:\/\/nk7-testes.com.br\/agazeta\/wp-content\/uploads\/2024\/01\/WhatsApp-Image-2024-01-12-at-12.08.15.jpeg\",\"datePublished\":\"2024-01-12T17:17:57+00:00\",\"author\":{\"@id\":\"https:\/\/nk7-testes.com.br\/agazeta\/#\/schema\/person\/ff6b39d54d6973bfc57f4140f659b23f\"},\"breadcrumb\":{\"@id\":\"https:\/\/nk7-testes.com.br\/agazeta\/iptu-2024-aumento-de-quase-4-e-confirmado-em-rio-branco\/#breadcrumb\"},\"inLanguage\":\"pt-BR\",\"potentialAction\":[{\"@type\":\"ReadAction\",\"target\":[\"https:\/\/nk7-testes.com.br\/agazeta\/iptu-2024-aumento-de-quase-4-e-confirmado-em-rio-branco\/\"]}]},{\"@type\":\"ImageObject\",\"inLanguage\":\"pt-BR\",\"@id\":\"https:\/\/nk7-testes.com.br\/agazeta\/iptu-2024-aumento-de-quase-4-e-confirmado-em-rio-branco\/#primaryimage\",\"url\":\"https:\/\/nk7-testes.com.br\/agazeta\/wp-content\/uploads\/2024\/01\/WhatsApp-Image-2024-01-12-at-12.08.15.jpeg\",\"contentUrl\":\"https:\/\/nk7-testes.com.br\/agazeta\/wp-content\/uploads\/2024\/01\/WhatsApp-Image-2024-01-12-at-12.08.15.jpeg\",\"width\":686,\"height\":386},{\"@type\":\"BreadcrumbList\",\"@id\":\"https:\/\/nk7-testes.com.br\/agazeta\/iptu-2024-aumento-de-quase-4-e-confirmado-em-rio-branco\/#breadcrumb\",\"itemListElement\":[{\"@type\":\"ListItem\",\"position\":1,\"name\":\"In\u00edcio\",\"item\":\"https:\/\/nk7-testes.com.br\/agazeta\/\"},{\"@type\":\"ListItem\",\"position\":2,\"name\":\"IPTU 2024: aumento de quase 4% \u00e9 confirmado em Rio Branco\"}]},{\"@type\":\"WebSite\",\"@id\":\"https:\/\/nk7-testes.com.br\/agazeta\/#website\",\"url\":\"https:\/\/nk7-testes.com.br\/agazeta\/\",\"name\":\"Agazeta.net\",\"description\":\"Agazeta.net - Not\u00edcias de Rio Branco\/AC\",\"potentialAction\":[{\"@type\":\"SearchAction\",\"target\":{\"@type\":\"EntryPoint\",\"urlTemplate\":\"https:\/\/nk7-testes.com.br\/agazeta\/?s={search_term_string}\"},\"query-input\":{\"@type\":\"PropertyValueSpecification\",\"valueRequired\":true,\"valueName\":\"search_term_string\"}}],\"inLanguage\":\"pt-BR\"},{\"@type\":\"Person\",\"@id\":\"https:\/\/nk7-testes.com.br\/agazeta\/#\/schema\/person\/ff6b39d54d6973bfc57f4140f659b23f\",\"name\":\"Agazeta.Net\",\"url\":\"https:\/\/nk7-testes.com.br\/agazeta\/author\/agazeta\/\"}]}<\/script>\n<!-- \/ Yoast SEO plugin. -->","yoast_head_json":{"title":"IPTU 2024: aumento de quase 4% \u00e9 confirmado em Rio Branco - Agazeta.net","robots":{"index":"index","follow":"follow","max-snippet":"max-snippet:-1","max-image-preview":"max-image-preview:large","max-video-preview":"max-video-preview:-1"},"canonical":"https:\/\/nk7-testes.com.br\/agazeta\/iptu-2024-aumento-de-quase-4-e-confirmado-em-rio-branco\/","og_locale":"pt_BR","og_type":"article","og_title":"IPTU 2024: aumento de quase 4% \u00e9 confirmado em Rio Branco - Agazeta.net","og_description":"O per\u00edodo de isen\u00e7\u00e3o de IPTU para as fam\u00edlias afetadas pela enchente se encerrou, com isso, neste ano de 2024, toda a popula\u00e7\u00e3o rio-branquense dever\u00e1 arcar com o imposto que est\u00e1 previsto para ser pago no dia 27 de mar\u00e7o. Al\u00e9m disso, o valor do IPTU ficou mais alto para 2024, com um acr\u00e9scimo de [&hellip;]","og_url":"https:\/\/nk7-testes.com.br\/agazeta\/iptu-2024-aumento-de-quase-4-e-confirmado-em-rio-branco\/","og_site_name":"Agazeta.net","article_published_time":"2024-01-12T17:17:57+00:00","og_image":[{"width":686,"height":386,"url":"https:\/\/nk7-testes.com.br\/agazeta\/wp-content\/uploads\/2024\/01\/WhatsApp-Image-2024-01-12-at-12.08.15.jpeg","type":"image\/jpeg"}],"author":"Agazeta.Net","twitter_card":"summary_large_image","twitter_misc":{"Escrito por":"Agazeta.Net","Est. tempo de leitura":"3 minutos"},"schema":{"@context":"https:\/\/schema.org","@graph":[{"@type":"WebPage","@id":"https:\/\/nk7-testes.com.br\/agazeta\/iptu-2024-aumento-de-quase-4-e-confirmado-em-rio-branco\/","url":"https:\/\/nk7-testes.com.br\/agazeta\/iptu-2024-aumento-de-quase-4-e-confirmado-em-rio-branco\/","name":"IPTU 2024: aumento de quase 4% \u00e9 confirmado em Rio Branco - Agazeta.net","isPartOf":{"@id":"https:\/\/nk7-testes.com.br\/agazeta\/#website"},"primaryImageOfPage":{"@id":"https:\/\/nk7-testes.com.br\/agazeta\/iptu-2024-aumento-de-quase-4-e-confirmado-em-rio-branco\/#primaryimage"},"image":{"@id":"https:\/\/nk7-testes.com.br\/agazeta\/iptu-2024-aumento-de-quase-4-e-confirmado-em-rio-branco\/#primaryimage"},"thumbnailUrl":"https:\/\/nk7-testes.com.br\/agazeta\/wp-content\/uploads\/2024\/01\/WhatsApp-Image-2024-01-12-at-12.08.15.jpeg","datePublished":"2024-01-12T17:17:57+00:00","author":{"@id":"https:\/\/nk7-testes.com.br\/agazeta\/#\/schema\/person\/ff6b39d54d6973bfc57f4140f659b23f"},"breadcrumb":{"@id":"https:\/\/nk7-testes.com.br\/agazeta\/iptu-2024-aumento-de-quase-4-e-confirmado-em-rio-branco\/#breadcrumb"},"inLanguage":"pt-BR","potentialAction":[{"@type":"ReadAction","target":["https:\/\/nk7-testes.com.br\/agazeta\/iptu-2024-aumento-de-quase-4-e-confirmado-em-rio-branco\/"]}]},{"@type":"ImageObject","inLanguage":"pt-BR","@id":"https:\/\/nk7-testes.com.br\/agazeta\/iptu-2024-aumento-de-quase-4-e-confirmado-em-rio-branco\/#primaryimage","url":"https:\/\/nk7-testes.com.br\/agazeta\/wp-content\/uploads\/2024\/01\/WhatsApp-Image-2024-01-12-at-12.08.15.jpeg","contentUrl":"https:\/\/nk7-testes.com.br\/agazeta\/wp-content\/uploads\/2024\/01\/WhatsApp-Image-2024-01-12-at-12.08.15.jpeg","width":686,"height":386},{"@type":"BreadcrumbList","@id":"https:\/\/nk7-testes.com.br\/agazeta\/iptu-2024-aumento-de-quase-4-e-confirmado-em-rio-branco\/#breadcrumb","itemListElement":[{"@type":"ListItem","position":1,"name":"In\u00edcio","item":"https:\/\/nk7-testes.com.br\/agazeta\/"},{"@type":"ListItem","position":2,"name":"IPTU 2024: aumento de quase 4% \u00e9 confirmado em Rio Branco"}]},{"@type":"WebSite","@id":"https:\/\/nk7-testes.com.br\/agazeta\/#website","url":"https:\/\/nk7-testes.com.br\/agazeta\/","name":"Agazeta.net","description":"Agazeta.net - Not\u00edcias de Rio Branco\/AC","potentialAction":[{"@type":"SearchAction","target":{"@type":"EntryPoint","urlTemplate":"https:\/\/nk7-testes.com.br\/agazeta\/?s={search_term_string}"},"query-input":{"@type":"PropertyValueSpecification","valueRequired":true,"valueName":"search_term_string"}}],"inLanguage":"pt-BR"},{"@type":"Person","@id":"https:\/\/nk7-testes.com.br\/agazeta\/#\/schema\/person\/ff6b39d54d6973bfc57f4140f659b23f","name":"Agazeta.Net","url":"https:\/\/nk7-testes.com.br\/agazeta\/author\/agazeta\/"}]}},"_links":{"self":[{"href":"https:\/\/nk7-testes.com.br\/agazeta\/wp-json\/wp\/v2\/posts\/125214","targetHints":{"allow":["GET"]}}],"collection":[{"href":"https:\/\/nk7-testes.com.br\/agazeta\/wp-json\/wp\/v2\/posts"}],"about":[{"href":"https:\/\/nk7-testes.com.br\/agazeta\/wp-json\/wp\/v2\/types\/post"}],"author":[{"embeddable":true,"href":"https:\/\/nk7-testes.com.br\/agazeta\/wp-json\/wp\/v2\/users\/4"}],"replies":[{"embeddable":true,"href":"https:\/\/nk7-testes.com.br\/agazeta\/wp-json\/wp\/v2\/comments?post=125214"}],"version-history":[{"count":0,"href":"https:\/\/nk7-testes.com.br\/agazeta\/wp-json\/wp\/v2\/posts\/125214\/revisions"}],"wp:featuredmedia":[{"embeddable":true,"href":"https:\/\/nk7-testes.com.br\/agazeta\/wp-json\/wp\/v2\/media\/125215"}],"wp:attachment":[{"href":"https:\/\/nk7-testes.com.br\/agazeta\/wp-json\/wp\/v2\/media?parent=125214"}],"wp:term":[{"taxonomy":"category","embeddable":true,"href":"https:\/\/nk7-testes.com.br\/agazeta\/wp-json\/wp\/v2\/categories?post=125214"},{"taxonomy":"post_tag","embeddable":true,"href":"https:\/\/nk7-testes.com.br\/agazeta\/wp-json\/wp\/v2\/tags?post=125214"}],"curies":[{"name":"wp","href":"https:\/\/api.w.org\/{rel}","templated":true}]}}