{"id":125206,"date":"2024-01-12T10:58:02","date_gmt":"2024-01-12T15:58:02","guid":{"rendered":"https:\/\/abarevegan.com.br\/?p=125206"},"modified":"2024-01-12T11:30:16","modified_gmt":"2024-01-12T16:30:16","slug":"mpac-deve-apurar-caso-de-homem-que-morreu-em-viatura-policial-apos-pedido-dos-familiares","status":"publish","type":"post","link":"https:\/\/nk7-testes.com.br\/agazeta\/mpac-deve-apurar-caso-de-homem-que-morreu-em-viatura-policial-apos-pedido-dos-familiares\/","title":{"rendered":"MPAC deve apurar caso de homem que morreu em viatura policial ap\u00f3s pedido dos familiares"},"content":{"rendered":"<p style=\"text-align: justify;\"><span style=\"font-weight: 400;\">Os familiares de Richard Gomes da Silva, que faleceu em uma viatura policial ap\u00f3s abordagem no \u00faltimo s\u00e1bado (06), solicitaram ao Minist\u00e9rio P\u00fablico do Acre (MPAC) que investigue o ocorrido. Eles esperam que o MPAC consiga respostas plaus\u00edveis que justifiquem a morte do familiar.<\/span><\/p>\n<p style=\"text-align: justify;\"><span style=\"font-weight: 400;\">Quem iniciou a den\u00fancia foi a irm\u00e3, Railane Gomes, que est\u00e1 inconformada com a situa\u00e7\u00e3o e para ela, a partir dessa reportagem o MPAC dever\u00e1 come\u00e7ar a investiga\u00e7\u00e3o. Al\u00e9m disso, ela pede que as c\u00e2meras de seguran\u00e7a do local sejam verificadas para melhores conclus\u00f5es, tendo em vista que ela foi afastada do local pela pol\u00edcia.<\/span><\/p>\n<p style=\"text-align: justify;\"><span style=\"font-weight: 400;\">&#8220;Eu pe\u00e7o que o Minist\u00e9rio P\u00fablico, em posse dessa reportagem, que eu t\u00f4 fazendo, investigue toda essa a\u00e7\u00e3o.\u00a0 Pe\u00e7o \u00e0s c\u00e2meras l\u00e1 da Delegacia da Mulher porque eu s\u00f3 falei um pouco com ele l\u00e1. Depois eles pediram que eu me retirasse e fecharam os port\u00f5es&#8221;, comenta.<\/span><\/p>\n<p style=\"text-align: justify;\"><span style=\"font-weight: 400;\">Segundo a irm\u00e3, que acompanhou o irm\u00e3o at\u00e9 a Delegacia da Mulher, no Segundo Distrito, ele ficou dentro da viatura completamente agitado, enquanto aguardava para ser atendido pelo delegado plantonista. Com isso, ficou cerca de duas horas sem ser assistido por ningu\u00e9m.<\/span><\/p>\n<p style=\"text-align: justify;\"><span style=\"font-weight: 400;\">&#8220;Mas o que mais chama aten\u00e7\u00e3o \u00e9 que por 2 horas, ele n\u00e3o foi assistido e quando foi encontrado j\u00e1 estava sem vida. De uma hora da manh\u00e3 que meu irm\u00e3o entrou, foi at\u00e9 \u00e0s tr\u00eas da madrugada, que foi a hora que ele parou de se bater e que o Samu chegou e que eu suponho que foi a hora que ele morreu, foi de uma \u00e0s 3 da manh\u00e3&#8221;, diz.<\/span><\/p>\n<p style=\"text-align: justify;\"><span style=\"font-weight: 400;\">A pr\u00f3pria pol\u00edcia acionou o Servi\u00e7o\u00a0 de Atendimento M\u00f3vel de Urg\u00eancia (Samu), pois ele estava se debatendo muito no ve\u00edculo e aparentava supostos sinais de overdose, mas quando o atendimento chegou ao local, Gomes j\u00e1 estava morto.<\/span><\/p>\n<p style=\"text-align: justify;\"><span style=\"font-weight: 400;\">Houve tentativa de reanima\u00e7\u00e3o por alguns minutos, mas os param\u00e9dicos n\u00e3o conseguiram e o \u00f3bito foi declarado ali mesmo, segundo nota publicada pela Pol\u00edcia Militar.<\/span><\/p>\n<p style=\"text-align: justify;\"><span style=\"font-weight: 400;\">Ap\u00f3s o incidente, o Instituto M\u00e9dico Legal (IML) foi acionado para fazer os procedimentos padr\u00e3o e o Minist\u00e9rio P\u00fablico deve apurar o caso.<\/span><\/p>\n<p><span style=\"font-weight: 400;\">Com informa\u00e7\u00f5es de Marilson Maia para TV Gazeta<\/span><\/p>\n","protected":false},"excerpt":{"rendered":"<p>Os familiares de Richard Gomes da Silva, que faleceu em uma viatura policial ap\u00f3s abordagem no \u00faltimo s\u00e1bado (06), solicitaram ao Minist\u00e9rio P\u00fablico do Acre (MPAC) que investigue o ocorrido. Eles esperam que o MPAC consiga respostas plaus\u00edveis que justifiquem a morte do familiar. Quem iniciou a den\u00fancia foi a irm\u00e3, Railane Gomes, que est\u00e1 [&hellip;]<\/p>\n","protected":false},"author":4,"featured_media":125207,"comment_status":"open","ping_status":"open","sticky":false,"template":"","format":"standard","meta":{"jnews-multi-image_gallery":[],"jnews_single_post":{"source_name":"","source_url":"","via_name":"","via_url":"","override_template":"0","override":[{"template":"custom","single_blog_custom":"110746","parallax":"1","fullscreen":"1","layout":"right-sidebar","sidebar":"default-sidebar","second_sidebar":"default-sidebar","sticky_sidebar":"1","share_position":"top","share_float_style":"share-monocrhome","show_share_counter":"1","show_view_counter":"1","show_featured":"1","show_post_meta":"1","show_post_author":"1","show_post_author_image":"1","show_post_date":"1","post_date_format":"default","post_date_format_custom":"Y\/m\/d","show_post_category":"1","show_post_reading_time":"0","post_reading_time_wpm":"300","show_zoom_button":"0","zoom_button_out_step":"2","zoom_button_in_step":"3","show_post_tag":"1","show_prev_next_post":"1","show_popup_post":"1","number_popup_post":"1","show_author_box":"0","show_post_related":"1","show_inline_post_related":"0"}],"override_image_size":"0","image_override":[{"single_post_thumbnail_size":"crop-500","single_post_gallery_size":"crop-500"}],"trending_post":"0","trending_post_position":"meta","trending_post_label":"Trending","sponsored_post":"0","sponsored_post_label":"Sponsored by","sponsored_post_name":"","sponsored_post_url":"","sponsored_post_logo_enable":"0","sponsored_post_logo":"","sponsored_post_desc":"","disable_ad":"0"},"jnews_primary_category":{"id":"","hide":""},"jnews_social_meta":{"fb_title":"","fb_description":"","fb_image":"","twitter_title":"","twitter_description":"","twitter_image":""},"jnews_review":[],"enable_review":"0","type":"percentage","name":"","summary":"","brand":"","sku":"","good":[{"good_text":""}],"bad":[{"bad_text":""}],"score_override":"0","override_value":"","rating":[{"rating_text":"","rating_number":"10"}],"price":[{"shop":"","price":"","link":"","icon":""}],"footnotes":""},"categories":[54],"tags":[152],"class_list":["post-125206","post","type-post","status-publish","format-standard","has-post-thumbnail","hentry","category-cotidiano","tag-destaque"],"yoast_head":"<!-- This site is optimized with the Yoast SEO plugin v26.5 - https:\/\/yoast.com\/wordpress\/plugins\/seo\/ -->\n<title>MPAC deve apurar caso de homem que morreu em viatura policial ap\u00f3s pedido dos familiares - Agazeta.net<\/title>\n<meta name=\"robots\" content=\"index, follow, max-snippet:-1, max-image-preview:large, max-video-preview:-1\" \/>\n<link rel=\"canonical\" href=\"https:\/\/nk7-testes.com.br\/agazeta\/mpac-deve-apurar-caso-de-homem-que-morreu-em-viatura-policial-apos-pedido-dos-familiares\/\" \/>\n<meta property=\"og:locale\" content=\"pt_BR\" \/>\n<meta property=\"og:type\" content=\"article\" \/>\n<meta property=\"og:title\" content=\"MPAC deve apurar caso de homem que morreu em viatura policial ap\u00f3s pedido dos familiares - Agazeta.net\" \/>\n<meta property=\"og:description\" content=\"Os familiares de Richard Gomes da Silva, que faleceu em uma viatura policial ap\u00f3s abordagem no \u00faltimo s\u00e1bado (06), solicitaram ao Minist\u00e9rio P\u00fablico do Acre (MPAC) que investigue o ocorrido. Eles esperam que o MPAC consiga respostas plaus\u00edveis que justifiquem a morte do familiar. Quem iniciou a den\u00fancia foi a irm\u00e3, Railane Gomes, que est\u00e1 [&hellip;]\" \/>\n<meta property=\"og:url\" content=\"https:\/\/nk7-testes.com.br\/agazeta\/mpac-deve-apurar-caso-de-homem-que-morreu-em-viatura-policial-apos-pedido-dos-familiares\/\" \/>\n<meta property=\"og:site_name\" content=\"Agazeta.net\" \/>\n<meta property=\"article:published_time\" content=\"2024-01-12T15:58:02+00:00\" \/>\n<meta property=\"article:modified_time\" content=\"2024-01-12T16:30:16+00:00\" \/>\n<meta property=\"og:image\" content=\"https:\/\/nk7-testes.com.br\/agazeta\/wp-content\/uploads\/2024\/01\/WhatsApp-Image-2024-01-12-at-10.55.58.jpeg\" \/>\n\t<meta property=\"og:image:width\" content=\"1154\" \/>\n\t<meta property=\"og:image:height\" content=\"650\" \/>\n\t<meta property=\"og:image:type\" content=\"image\/jpeg\" \/>\n<meta name=\"author\" content=\"Agazeta.Net\" \/>\n<meta name=\"twitter:card\" content=\"summary_large_image\" \/>\n<meta name=\"twitter:label1\" content=\"Escrito por\" \/>\n\t<meta name=\"twitter:data1\" content=\"Agazeta.Net\" \/>\n\t<meta name=\"twitter:label2\" content=\"Est. tempo de leitura\" \/>\n\t<meta name=\"twitter:data2\" content=\"2 minutos\" \/>\n<script type=\"application\/ld+json\" class=\"yoast-schema-graph\">{\"@context\":\"https:\/\/schema.org\",\"@graph\":[{\"@type\":\"WebPage\",\"@id\":\"https:\/\/nk7-testes.com.br\/agazeta\/mpac-deve-apurar-caso-de-homem-que-morreu-em-viatura-policial-apos-pedido-dos-familiares\/\",\"url\":\"https:\/\/nk7-testes.com.br\/agazeta\/mpac-deve-apurar-caso-de-homem-que-morreu-em-viatura-policial-apos-pedido-dos-familiares\/\",\"name\":\"MPAC deve apurar caso de homem que morreu em viatura policial ap\u00f3s pedido dos familiares - Agazeta.net\",\"isPartOf\":{\"@id\":\"https:\/\/nk7-testes.com.br\/agazeta\/#website\"},\"primaryImageOfPage\":{\"@id\":\"https:\/\/nk7-testes.com.br\/agazeta\/mpac-deve-apurar-caso-de-homem-que-morreu-em-viatura-policial-apos-pedido-dos-familiares\/#primaryimage\"},\"image\":{\"@id\":\"https:\/\/nk7-testes.com.br\/agazeta\/mpac-deve-apurar-caso-de-homem-que-morreu-em-viatura-policial-apos-pedido-dos-familiares\/#primaryimage\"},\"thumbnailUrl\":\"https:\/\/nk7-testes.com.br\/agazeta\/wp-content\/uploads\/2024\/01\/WhatsApp-Image-2024-01-12-at-10.55.58.jpeg\",\"datePublished\":\"2024-01-12T15:58:02+00:00\",\"dateModified\":\"2024-01-12T16:30:16+00:00\",\"author\":{\"@id\":\"https:\/\/nk7-testes.com.br\/agazeta\/#\/schema\/person\/ff6b39d54d6973bfc57f4140f659b23f\"},\"breadcrumb\":{\"@id\":\"https:\/\/nk7-testes.com.br\/agazeta\/mpac-deve-apurar-caso-de-homem-que-morreu-em-viatura-policial-apos-pedido-dos-familiares\/#breadcrumb\"},\"inLanguage\":\"pt-BR\",\"potentialAction\":[{\"@type\":\"ReadAction\",\"target\":[\"https:\/\/nk7-testes.com.br\/agazeta\/mpac-deve-apurar-caso-de-homem-que-morreu-em-viatura-policial-apos-pedido-dos-familiares\/\"]}]},{\"@type\":\"ImageObject\",\"inLanguage\":\"pt-BR\",\"@id\":\"https:\/\/nk7-testes.com.br\/agazeta\/mpac-deve-apurar-caso-de-homem-que-morreu-em-viatura-policial-apos-pedido-dos-familiares\/#primaryimage\",\"url\":\"https:\/\/nk7-testes.com.br\/agazeta\/wp-content\/uploads\/2024\/01\/WhatsApp-Image-2024-01-12-at-10.55.58.jpeg\",\"contentUrl\":\"https:\/\/nk7-testes.com.br\/agazeta\/wp-content\/uploads\/2024\/01\/WhatsApp-Image-2024-01-12-at-10.55.58.jpeg\",\"width\":1154,\"height\":650,\"caption\":\"Imagem da reportagem do Gazeta Alerta\"},{\"@type\":\"BreadcrumbList\",\"@id\":\"https:\/\/nk7-testes.com.br\/agazeta\/mpac-deve-apurar-caso-de-homem-que-morreu-em-viatura-policial-apos-pedido-dos-familiares\/#breadcrumb\",\"itemListElement\":[{\"@type\":\"ListItem\",\"position\":1,\"name\":\"In\u00edcio\",\"item\":\"https:\/\/nk7-testes.com.br\/agazeta\/\"},{\"@type\":\"ListItem\",\"position\":2,\"name\":\"MPAC deve apurar caso de homem que morreu em viatura policial ap\u00f3s pedido dos familiares\"}]},{\"@type\":\"WebSite\",\"@id\":\"https:\/\/nk7-testes.com.br\/agazeta\/#website\",\"url\":\"https:\/\/nk7-testes.com.br\/agazeta\/\",\"name\":\"Agazeta.net\",\"description\":\"Agazeta.net - Not\u00edcias de Rio Branco\/AC\",\"potentialAction\":[{\"@type\":\"SearchAction\",\"target\":{\"@type\":\"EntryPoint\",\"urlTemplate\":\"https:\/\/nk7-testes.com.br\/agazeta\/?s={search_term_string}\"},\"query-input\":{\"@type\":\"PropertyValueSpecification\",\"valueRequired\":true,\"valueName\":\"search_term_string\"}}],\"inLanguage\":\"pt-BR\"},{\"@type\":\"Person\",\"@id\":\"https:\/\/nk7-testes.com.br\/agazeta\/#\/schema\/person\/ff6b39d54d6973bfc57f4140f659b23f\",\"name\":\"Agazeta.Net\",\"url\":\"https:\/\/nk7-testes.com.br\/agazeta\/author\/agazeta\/\"}]}<\/script>\n<!-- \/ Yoast SEO plugin. -->","yoast_head_json":{"title":"MPAC deve apurar caso de homem que morreu em viatura policial ap\u00f3s pedido dos familiares - Agazeta.net","robots":{"index":"index","follow":"follow","max-snippet":"max-snippet:-1","max-image-preview":"max-image-preview:large","max-video-preview":"max-video-preview:-1"},"canonical":"https:\/\/nk7-testes.com.br\/agazeta\/mpac-deve-apurar-caso-de-homem-que-morreu-em-viatura-policial-apos-pedido-dos-familiares\/","og_locale":"pt_BR","og_type":"article","og_title":"MPAC deve apurar caso de homem que morreu em viatura policial ap\u00f3s pedido dos familiares - Agazeta.net","og_description":"Os familiares de Richard Gomes da Silva, que faleceu em uma viatura policial ap\u00f3s abordagem no \u00faltimo s\u00e1bado (06), solicitaram ao Minist\u00e9rio P\u00fablico do Acre (MPAC) que investigue o ocorrido. Eles esperam que o MPAC consiga respostas plaus\u00edveis que justifiquem a morte do familiar. Quem iniciou a den\u00fancia foi a irm\u00e3, Railane Gomes, que est\u00e1 [&hellip;]","og_url":"https:\/\/nk7-testes.com.br\/agazeta\/mpac-deve-apurar-caso-de-homem-que-morreu-em-viatura-policial-apos-pedido-dos-familiares\/","og_site_name":"Agazeta.net","article_published_time":"2024-01-12T15:58:02+00:00","article_modified_time":"2024-01-12T16:30:16+00:00","og_image":[{"width":1154,"height":650,"url":"https:\/\/nk7-testes.com.br\/agazeta\/wp-content\/uploads\/2024\/01\/WhatsApp-Image-2024-01-12-at-10.55.58.jpeg","type":"image\/jpeg"}],"author":"Agazeta.Net","twitter_card":"summary_large_image","twitter_misc":{"Escrito por":"Agazeta.Net","Est. tempo de leitura":"2 minutos"},"schema":{"@context":"https:\/\/schema.org","@graph":[{"@type":"WebPage","@id":"https:\/\/nk7-testes.com.br\/agazeta\/mpac-deve-apurar-caso-de-homem-que-morreu-em-viatura-policial-apos-pedido-dos-familiares\/","url":"https:\/\/nk7-testes.com.br\/agazeta\/mpac-deve-apurar-caso-de-homem-que-morreu-em-viatura-policial-apos-pedido-dos-familiares\/","name":"MPAC deve apurar caso de homem que morreu em viatura policial ap\u00f3s pedido dos familiares - Agazeta.net","isPartOf":{"@id":"https:\/\/nk7-testes.com.br\/agazeta\/#website"},"primaryImageOfPage":{"@id":"https:\/\/nk7-testes.com.br\/agazeta\/mpac-deve-apurar-caso-de-homem-que-morreu-em-viatura-policial-apos-pedido-dos-familiares\/#primaryimage"},"image":{"@id":"https:\/\/nk7-testes.com.br\/agazeta\/mpac-deve-apurar-caso-de-homem-que-morreu-em-viatura-policial-apos-pedido-dos-familiares\/#primaryimage"},"thumbnailUrl":"https:\/\/nk7-testes.com.br\/agazeta\/wp-content\/uploads\/2024\/01\/WhatsApp-Image-2024-01-12-at-10.55.58.jpeg","datePublished":"2024-01-12T15:58:02+00:00","dateModified":"2024-01-12T16:30:16+00:00","author":{"@id":"https:\/\/nk7-testes.com.br\/agazeta\/#\/schema\/person\/ff6b39d54d6973bfc57f4140f659b23f"},"breadcrumb":{"@id":"https:\/\/nk7-testes.com.br\/agazeta\/mpac-deve-apurar-caso-de-homem-que-morreu-em-viatura-policial-apos-pedido-dos-familiares\/#breadcrumb"},"inLanguage":"pt-BR","potentialAction":[{"@type":"ReadAction","target":["https:\/\/nk7-testes.com.br\/agazeta\/mpac-deve-apurar-caso-de-homem-que-morreu-em-viatura-policial-apos-pedido-dos-familiares\/"]}]},{"@type":"ImageObject","inLanguage":"pt-BR","@id":"https:\/\/nk7-testes.com.br\/agazeta\/mpac-deve-apurar-caso-de-homem-que-morreu-em-viatura-policial-apos-pedido-dos-familiares\/#primaryimage","url":"https:\/\/nk7-testes.com.br\/agazeta\/wp-content\/uploads\/2024\/01\/WhatsApp-Image-2024-01-12-at-10.55.58.jpeg","contentUrl":"https:\/\/nk7-testes.com.br\/agazeta\/wp-content\/uploads\/2024\/01\/WhatsApp-Image-2024-01-12-at-10.55.58.jpeg","width":1154,"height":650,"caption":"Imagem da reportagem do Gazeta Alerta"},{"@type":"BreadcrumbList","@id":"https:\/\/nk7-testes.com.br\/agazeta\/mpac-deve-apurar-caso-de-homem-que-morreu-em-viatura-policial-apos-pedido-dos-familiares\/#breadcrumb","itemListElement":[{"@type":"ListItem","position":1,"name":"In\u00edcio","item":"https:\/\/nk7-testes.com.br\/agazeta\/"},{"@type":"ListItem","position":2,"name":"MPAC deve apurar caso de homem que morreu em viatura policial ap\u00f3s pedido dos familiares"}]},{"@type":"WebSite","@id":"https:\/\/nk7-testes.com.br\/agazeta\/#website","url":"https:\/\/nk7-testes.com.br\/agazeta\/","name":"Agazeta.net","description":"Agazeta.net - Not\u00edcias de Rio Branco\/AC","potentialAction":[{"@type":"SearchAction","target":{"@type":"EntryPoint","urlTemplate":"https:\/\/nk7-testes.com.br\/agazeta\/?s={search_term_string}"},"query-input":{"@type":"PropertyValueSpecification","valueRequired":true,"valueName":"search_term_string"}}],"inLanguage":"pt-BR"},{"@type":"Person","@id":"https:\/\/nk7-testes.com.br\/agazeta\/#\/schema\/person\/ff6b39d54d6973bfc57f4140f659b23f","name":"Agazeta.Net","url":"https:\/\/nk7-testes.com.br\/agazeta\/author\/agazeta\/"}]}},"_links":{"self":[{"href":"https:\/\/nk7-testes.com.br\/agazeta\/wp-json\/wp\/v2\/posts\/125206","targetHints":{"allow":["GET"]}}],"collection":[{"href":"https:\/\/nk7-testes.com.br\/agazeta\/wp-json\/wp\/v2\/posts"}],"about":[{"href":"https:\/\/nk7-testes.com.br\/agazeta\/wp-json\/wp\/v2\/types\/post"}],"author":[{"embeddable":true,"href":"https:\/\/nk7-testes.com.br\/agazeta\/wp-json\/wp\/v2\/users\/4"}],"replies":[{"embeddable":true,"href":"https:\/\/nk7-testes.com.br\/agazeta\/wp-json\/wp\/v2\/comments?post=125206"}],"version-history":[{"count":0,"href":"https:\/\/nk7-testes.com.br\/agazeta\/wp-json\/wp\/v2\/posts\/125206\/revisions"}],"wp:featuredmedia":[{"embeddable":true,"href":"https:\/\/nk7-testes.com.br\/agazeta\/wp-json\/wp\/v2\/media\/125207"}],"wp:attachment":[{"href":"https:\/\/nk7-testes.com.br\/agazeta\/wp-json\/wp\/v2\/media?parent=125206"}],"wp:term":[{"taxonomy":"category","embeddable":true,"href":"https:\/\/nk7-testes.com.br\/agazeta\/wp-json\/wp\/v2\/categories?post=125206"},{"taxonomy":"post_tag","embeddable":true,"href":"https:\/\/nk7-testes.com.br\/agazeta\/wp-json\/wp\/v2\/tags?post=125206"}],"curies":[{"name":"wp","href":"https:\/\/api.w.org\/{rel}","templated":true}]}}