{"id":125128,"date":"2024-01-10T17:14:25","date_gmt":"2024-01-10T22:14:25","guid":{"rendered":"https:\/\/abarevegan.com.br\/?p=125128"},"modified":"2024-01-10T17:14:25","modified_gmt":"2024-01-10T22:14:25","slug":"padre-explica-motivo-de-entrar-de-moto-em-igreja-no-acre-instrumento-de-evangelizacao","status":"publish","type":"post","link":"https:\/\/nk7-testes.com.br\/agazeta\/padre-explica-motivo-de-entrar-de-moto-em-igreja-no-acre-instrumento-de-evangelizacao\/","title":{"rendered":"Padre explica motivo de entrar de moto em igreja no Acre: &#8216;Instrumento de evangeliza\u00e7\u00e3o&#8217;"},"content":{"rendered":"<p style=\"text-align: justify;\">Em v\u00eddeo, nesta quarta-feira (10), o padre Ant\u00f4nio Menezes, da par\u00f3quia S\u00e3o Sebasti\u00e3o, explica o motivo de entrar na missa dirigindo uma motocicleta suja de lama. Situa\u00e7\u00e3o ocorreu na \u00faltima segunda-feira (8), no munic\u00edpio de Xapuri.<\/p>\n<p style=\"text-align: justify;\">De acordo com o p\u00e1roco, tem lugares no interior do munic\u00edpio que carros n\u00e3o chegam, apenas motocicletas. Durantes as miss\u00f5es religiosas, Menezes precisa utilizar o meio de transporte para chegar em determinadas localidades.<\/p>\n<p style=\"text-align: justify;\">&#8220;Tem lugares que a gente anda que n\u00e3o vai carro. Cheguei do interior, cansado, na hora da missa. Veio no meu cora\u00e7\u00e3o o desejo de entrar na igreja de moto&#8221;, conta o p\u00e1roco.<\/p>\n<p style=\"text-align: justify;\">Ele afirma que entrou no templo religioso daquele maneira para mostrar a realidade ao povo. Al\u00e9m disso, declara que a moto \u00e9 instrumento de evangeliza\u00e7\u00e3o.<\/p>\n<p style=\"text-align: justify;\">&#8220;Eu entrei do jeito que estava para mostrar a realidade para o povo. A moto \u00e9 um instrumento de evangeliza\u00e7\u00e3o, \u00e9 uma ben\u00e7\u00e3o. Tem lugares, aqui em Xapuri, que n\u00e3o passa nem quadriciclo, mas passa moto. N\u00e3o foi por falta de respeito, foi para mostrar nossa miss\u00e3o, todo sujo de lama&#8221;, salienta.<\/p>\n","protected":false},"excerpt":{"rendered":"<p>Em v\u00eddeo, nesta quarta-feira (10), o padre Ant\u00f4nio Menezes, da par\u00f3quia S\u00e3o Sebasti\u00e3o, explica o motivo de entrar na missa dirigindo uma motocicleta suja de lama. Situa\u00e7\u00e3o ocorreu na \u00faltima segunda-feira (8), no munic\u00edpio de Xapuri. De acordo com o p\u00e1roco, tem lugares no interior do munic\u00edpio que carros n\u00e3o chegam, apenas motocicletas. Durantes as [&hellip;]<\/p>\n","protected":false},"author":4,"featured_media":125129,"comment_status":"open","ping_status":"open","sticky":false,"template":"","format":"standard","meta":{"jnews-multi-image_gallery":[],"jnews_single_post":{"source_name":"","source_url":"","via_name":"","via_url":"","override_template":"0","override":[{"template":"custom","single_blog_custom":"110746","parallax":"1","fullscreen":"1","layout":"right-sidebar","sidebar":"default-sidebar","second_sidebar":"default-sidebar","sticky_sidebar":"1","share_position":"top","share_float_style":"share-monocrhome","show_share_counter":"1","show_view_counter":"1","show_featured":"1","show_post_meta":"1","show_post_author":"1","show_post_author_image":"1","show_post_date":"1","post_date_format":"default","post_date_format_custom":"Y\/m\/d","show_post_category":"1","show_post_reading_time":"0","post_reading_time_wpm":"300","show_zoom_button":"0","zoom_button_out_step":"2","zoom_button_in_step":"3","show_post_tag":"1","show_prev_next_post":"1","show_popup_post":"1","number_popup_post":"1","show_author_box":"0","show_post_related":"1","show_inline_post_related":"0"}],"override_image_size":"0","image_override":[{"single_post_thumbnail_size":"crop-500","single_post_gallery_size":"crop-500"}],"trending_post":"0","trending_post_position":"meta","trending_post_label":"Trending","sponsored_post":"0","sponsored_post_label":"Sponsored by","sponsored_post_name":"","sponsored_post_url":"","sponsored_post_logo_enable":"0","sponsored_post_logo":"","sponsored_post_desc":"","disable_ad":"0"},"jnews_primary_category":{"id":"","hide":""},"jnews_social_meta":{"fb_title":"","fb_description":"","fb_image":"","twitter_title":"","twitter_description":"","twitter_image":""},"jnews_review":[],"enable_review":"0","type":"percentage","name":"","summary":"","brand":"","sku":"","good":[{"good_text":""}],"bad":[{"bad_text":""}],"score_override":"0","override_value":"","rating":[{"rating_text":"","rating_number":"10"}],"price":[{"shop":"","price":"","link":"","icon":""}],"footnotes":""},"categories":[54],"tags":[],"class_list":["post-125128","post","type-post","status-publish","format-standard","has-post-thumbnail","hentry","category-cotidiano"],"yoast_head":"<!-- This site is optimized with the Yoast SEO plugin v26.5 - https:\/\/yoast.com\/wordpress\/plugins\/seo\/ -->\n<title>Padre explica motivo de entrar de moto em igreja no Acre: &#039;Instrumento de evangeliza\u00e7\u00e3o&#039; - Agazeta.net<\/title>\n<meta name=\"robots\" content=\"index, follow, max-snippet:-1, max-image-preview:large, max-video-preview:-1\" \/>\n<link rel=\"canonical\" href=\"https:\/\/nk7-testes.com.br\/agazeta\/padre-explica-motivo-de-entrar-de-moto-em-igreja-no-acre-instrumento-de-evangelizacao\/\" \/>\n<meta property=\"og:locale\" content=\"pt_BR\" \/>\n<meta property=\"og:type\" content=\"article\" \/>\n<meta property=\"og:title\" content=\"Padre explica motivo de entrar de moto em igreja no Acre: &#039;Instrumento de evangeliza\u00e7\u00e3o&#039;\" \/>\n<meta property=\"og:description\" content=\"Menezes precisa utilizar o meio de transporte para chegar em determinadas localidades durante miss\u00f5es\" \/>\n<meta property=\"og:url\" content=\"https:\/\/nk7-testes.com.br\/agazeta\/padre-explica-motivo-de-entrar-de-moto-em-igreja-no-acre-instrumento-de-evangelizacao\/\" \/>\n<meta property=\"og:site_name\" content=\"Agazeta.net\" \/>\n<meta property=\"article:published_time\" content=\"2024-01-10T22:14:25+00:00\" \/>\n<meta property=\"og:image\" content=\"https:\/\/nk7-testes.com.br\/agazeta\/wp-content\/uploads\/2024\/01\/WhatsApp-Image-2024-01-10-at-19.11.19.jpeg\" \/>\n\t<meta property=\"og:image:width\" content=\"800\" \/>\n\t<meta property=\"og:image:height\" content=\"402\" \/>\n\t<meta property=\"og:image:type\" content=\"image\/jpeg\" \/>\n<meta name=\"author\" content=\"Agazeta.Net\" \/>\n<meta name=\"twitter:card\" content=\"summary_large_image\" \/>\n<meta name=\"twitter:label1\" content=\"Escrito por\" \/>\n\t<meta name=\"twitter:data1\" content=\"Agazeta.Net\" \/>\n\t<meta name=\"twitter:label2\" content=\"Est. tempo de leitura\" \/>\n\t<meta name=\"twitter:data2\" content=\"1 minuto\" \/>\n<script type=\"application\/ld+json\" class=\"yoast-schema-graph\">{\"@context\":\"https:\/\/schema.org\",\"@graph\":[{\"@type\":\"WebPage\",\"@id\":\"https:\/\/nk7-testes.com.br\/agazeta\/padre-explica-motivo-de-entrar-de-moto-em-igreja-no-acre-instrumento-de-evangelizacao\/\",\"url\":\"https:\/\/nk7-testes.com.br\/agazeta\/padre-explica-motivo-de-entrar-de-moto-em-igreja-no-acre-instrumento-de-evangelizacao\/\",\"name\":\"Padre explica motivo de entrar de moto em igreja no Acre: 'Instrumento de evangeliza\u00e7\u00e3o' - Agazeta.net\",\"isPartOf\":{\"@id\":\"https:\/\/nk7-testes.com.br\/agazeta\/#website\"},\"primaryImageOfPage\":{\"@id\":\"https:\/\/nk7-testes.com.br\/agazeta\/padre-explica-motivo-de-entrar-de-moto-em-igreja-no-acre-instrumento-de-evangelizacao\/#primaryimage\"},\"image\":{\"@id\":\"https:\/\/nk7-testes.com.br\/agazeta\/padre-explica-motivo-de-entrar-de-moto-em-igreja-no-acre-instrumento-de-evangelizacao\/#primaryimage\"},\"thumbnailUrl\":\"https:\/\/nk7-testes.com.br\/agazeta\/wp-content\/uploads\/2024\/01\/WhatsApp-Image-2024-01-10-at-19.11.19.jpeg\",\"datePublished\":\"2024-01-10T22:14:25+00:00\",\"author\":{\"@id\":\"https:\/\/nk7-testes.com.br\/agazeta\/#\/schema\/person\/ff6b39d54d6973bfc57f4140f659b23f\"},\"breadcrumb\":{\"@id\":\"https:\/\/nk7-testes.com.br\/agazeta\/padre-explica-motivo-de-entrar-de-moto-em-igreja-no-acre-instrumento-de-evangelizacao\/#breadcrumb\"},\"inLanguage\":\"pt-BR\",\"potentialAction\":[{\"@type\":\"ReadAction\",\"target\":[\"https:\/\/nk7-testes.com.br\/agazeta\/padre-explica-motivo-de-entrar-de-moto-em-igreja-no-acre-instrumento-de-evangelizacao\/\"]}]},{\"@type\":\"ImageObject\",\"inLanguage\":\"pt-BR\",\"@id\":\"https:\/\/nk7-testes.com.br\/agazeta\/padre-explica-motivo-de-entrar-de-moto-em-igreja-no-acre-instrumento-de-evangelizacao\/#primaryimage\",\"url\":\"https:\/\/nk7-testes.com.br\/agazeta\/wp-content\/uploads\/2024\/01\/WhatsApp-Image-2024-01-10-at-19.11.19.jpeg\",\"contentUrl\":\"https:\/\/nk7-testes.com.br\/agazeta\/wp-content\/uploads\/2024\/01\/WhatsApp-Image-2024-01-10-at-19.11.19.jpeg\",\"width\":800,\"height\":402},{\"@type\":\"BreadcrumbList\",\"@id\":\"https:\/\/nk7-testes.com.br\/agazeta\/padre-explica-motivo-de-entrar-de-moto-em-igreja-no-acre-instrumento-de-evangelizacao\/#breadcrumb\",\"itemListElement\":[{\"@type\":\"ListItem\",\"position\":1,\"name\":\"In\u00edcio\",\"item\":\"https:\/\/nk7-testes.com.br\/agazeta\/\"},{\"@type\":\"ListItem\",\"position\":2,\"name\":\"Padre explica motivo de entrar de moto em igreja no Acre: &#8216;Instrumento de evangeliza\u00e7\u00e3o&#8217;\"}]},{\"@type\":\"WebSite\",\"@id\":\"https:\/\/nk7-testes.com.br\/agazeta\/#website\",\"url\":\"https:\/\/nk7-testes.com.br\/agazeta\/\",\"name\":\"Agazeta.net\",\"description\":\"Agazeta.net - Not\u00edcias de Rio Branco\/AC\",\"potentialAction\":[{\"@type\":\"SearchAction\",\"target\":{\"@type\":\"EntryPoint\",\"urlTemplate\":\"https:\/\/nk7-testes.com.br\/agazeta\/?s={search_term_string}\"},\"query-input\":{\"@type\":\"PropertyValueSpecification\",\"valueRequired\":true,\"valueName\":\"search_term_string\"}}],\"inLanguage\":\"pt-BR\"},{\"@type\":\"Person\",\"@id\":\"https:\/\/nk7-testes.com.br\/agazeta\/#\/schema\/person\/ff6b39d54d6973bfc57f4140f659b23f\",\"name\":\"Agazeta.Net\",\"url\":\"https:\/\/nk7-testes.com.br\/agazeta\/author\/agazeta\/\"}]}<\/script>\n<!-- \/ Yoast SEO plugin. -->","yoast_head_json":{"title":"Padre explica motivo de entrar de moto em igreja no Acre: 'Instrumento de evangeliza\u00e7\u00e3o' - Agazeta.net","robots":{"index":"index","follow":"follow","max-snippet":"max-snippet:-1","max-image-preview":"max-image-preview:large","max-video-preview":"max-video-preview:-1"},"canonical":"https:\/\/nk7-testes.com.br\/agazeta\/padre-explica-motivo-de-entrar-de-moto-em-igreja-no-acre-instrumento-de-evangelizacao\/","og_locale":"pt_BR","og_type":"article","og_title":"Padre explica motivo de entrar de moto em igreja no Acre: 'Instrumento de evangeliza\u00e7\u00e3o'","og_description":"Menezes precisa utilizar o meio de transporte para chegar em determinadas localidades durante miss\u00f5es","og_url":"https:\/\/nk7-testes.com.br\/agazeta\/padre-explica-motivo-de-entrar-de-moto-em-igreja-no-acre-instrumento-de-evangelizacao\/","og_site_name":"Agazeta.net","article_published_time":"2024-01-10T22:14:25+00:00","og_image":[{"width":800,"height":402,"url":"https:\/\/nk7-testes.com.br\/agazeta\/wp-content\/uploads\/2024\/01\/WhatsApp-Image-2024-01-10-at-19.11.19.jpeg","type":"image\/jpeg"}],"author":"Agazeta.Net","twitter_card":"summary_large_image","twitter_misc":{"Escrito por":"Agazeta.Net","Est. tempo de leitura":"1 minuto"},"schema":{"@context":"https:\/\/schema.org","@graph":[{"@type":"WebPage","@id":"https:\/\/nk7-testes.com.br\/agazeta\/padre-explica-motivo-de-entrar-de-moto-em-igreja-no-acre-instrumento-de-evangelizacao\/","url":"https:\/\/nk7-testes.com.br\/agazeta\/padre-explica-motivo-de-entrar-de-moto-em-igreja-no-acre-instrumento-de-evangelizacao\/","name":"Padre explica motivo de entrar de moto em igreja no Acre: 'Instrumento de evangeliza\u00e7\u00e3o' - Agazeta.net","isPartOf":{"@id":"https:\/\/nk7-testes.com.br\/agazeta\/#website"},"primaryImageOfPage":{"@id":"https:\/\/nk7-testes.com.br\/agazeta\/padre-explica-motivo-de-entrar-de-moto-em-igreja-no-acre-instrumento-de-evangelizacao\/#primaryimage"},"image":{"@id":"https:\/\/nk7-testes.com.br\/agazeta\/padre-explica-motivo-de-entrar-de-moto-em-igreja-no-acre-instrumento-de-evangelizacao\/#primaryimage"},"thumbnailUrl":"https:\/\/nk7-testes.com.br\/agazeta\/wp-content\/uploads\/2024\/01\/WhatsApp-Image-2024-01-10-at-19.11.19.jpeg","datePublished":"2024-01-10T22:14:25+00:00","author":{"@id":"https:\/\/nk7-testes.com.br\/agazeta\/#\/schema\/person\/ff6b39d54d6973bfc57f4140f659b23f"},"breadcrumb":{"@id":"https:\/\/nk7-testes.com.br\/agazeta\/padre-explica-motivo-de-entrar-de-moto-em-igreja-no-acre-instrumento-de-evangelizacao\/#breadcrumb"},"inLanguage":"pt-BR","potentialAction":[{"@type":"ReadAction","target":["https:\/\/nk7-testes.com.br\/agazeta\/padre-explica-motivo-de-entrar-de-moto-em-igreja-no-acre-instrumento-de-evangelizacao\/"]}]},{"@type":"ImageObject","inLanguage":"pt-BR","@id":"https:\/\/nk7-testes.com.br\/agazeta\/padre-explica-motivo-de-entrar-de-moto-em-igreja-no-acre-instrumento-de-evangelizacao\/#primaryimage","url":"https:\/\/nk7-testes.com.br\/agazeta\/wp-content\/uploads\/2024\/01\/WhatsApp-Image-2024-01-10-at-19.11.19.jpeg","contentUrl":"https:\/\/nk7-testes.com.br\/agazeta\/wp-content\/uploads\/2024\/01\/WhatsApp-Image-2024-01-10-at-19.11.19.jpeg","width":800,"height":402},{"@type":"BreadcrumbList","@id":"https:\/\/nk7-testes.com.br\/agazeta\/padre-explica-motivo-de-entrar-de-moto-em-igreja-no-acre-instrumento-de-evangelizacao\/#breadcrumb","itemListElement":[{"@type":"ListItem","position":1,"name":"In\u00edcio","item":"https:\/\/nk7-testes.com.br\/agazeta\/"},{"@type":"ListItem","position":2,"name":"Padre explica motivo de entrar de moto em igreja no Acre: &#8216;Instrumento de evangeliza\u00e7\u00e3o&#8217;"}]},{"@type":"WebSite","@id":"https:\/\/nk7-testes.com.br\/agazeta\/#website","url":"https:\/\/nk7-testes.com.br\/agazeta\/","name":"Agazeta.net","description":"Agazeta.net - Not\u00edcias de Rio Branco\/AC","potentialAction":[{"@type":"SearchAction","target":{"@type":"EntryPoint","urlTemplate":"https:\/\/nk7-testes.com.br\/agazeta\/?s={search_term_string}"},"query-input":{"@type":"PropertyValueSpecification","valueRequired":true,"valueName":"search_term_string"}}],"inLanguage":"pt-BR"},{"@type":"Person","@id":"https:\/\/nk7-testes.com.br\/agazeta\/#\/schema\/person\/ff6b39d54d6973bfc57f4140f659b23f","name":"Agazeta.Net","url":"https:\/\/nk7-testes.com.br\/agazeta\/author\/agazeta\/"}]}},"_links":{"self":[{"href":"https:\/\/nk7-testes.com.br\/agazeta\/wp-json\/wp\/v2\/posts\/125128","targetHints":{"allow":["GET"]}}],"collection":[{"href":"https:\/\/nk7-testes.com.br\/agazeta\/wp-json\/wp\/v2\/posts"}],"about":[{"href":"https:\/\/nk7-testes.com.br\/agazeta\/wp-json\/wp\/v2\/types\/post"}],"author":[{"embeddable":true,"href":"https:\/\/nk7-testes.com.br\/agazeta\/wp-json\/wp\/v2\/users\/4"}],"replies":[{"embeddable":true,"href":"https:\/\/nk7-testes.com.br\/agazeta\/wp-json\/wp\/v2\/comments?post=125128"}],"version-history":[{"count":0,"href":"https:\/\/nk7-testes.com.br\/agazeta\/wp-json\/wp\/v2\/posts\/125128\/revisions"}],"wp:featuredmedia":[{"embeddable":true,"href":"https:\/\/nk7-testes.com.br\/agazeta\/wp-json\/wp\/v2\/media\/125129"}],"wp:attachment":[{"href":"https:\/\/nk7-testes.com.br\/agazeta\/wp-json\/wp\/v2\/media?parent=125128"}],"wp:term":[{"taxonomy":"category","embeddable":true,"href":"https:\/\/nk7-testes.com.br\/agazeta\/wp-json\/wp\/v2\/categories?post=125128"},{"taxonomy":"post_tag","embeddable":true,"href":"https:\/\/nk7-testes.com.br\/agazeta\/wp-json\/wp\/v2\/tags?post=125128"}],"curies":[{"name":"wp","href":"https:\/\/api.w.org\/{rel}","templated":true}]}}