{"id":125095,"date":"2024-01-10T14:20:23","date_gmt":"2024-01-10T19:20:23","guid":{"rendered":"https:\/\/abarevegan.com.br\/?p=125095"},"modified":"2024-10-30T08:38:47","modified_gmt":"2024-10-30T13:38:47","slug":"ise-ac-tem-reducao-de-quase-80-no-numero-de-socioeducandos-nos-ultimos-cinco-anos","status":"publish","type":"post","link":"https:\/\/nk7-testes.com.br\/agazeta\/ise-ac-tem-reducao-de-quase-80-no-numero-de-socioeducandos-nos-ultimos-cinco-anos\/","title":{"rendered":"ISE-AC tem redu\u00e7\u00e3o de quase 80% no n\u00famero de socioeducandos nos \u00faltimos cinco anos"},"content":{"rendered":"<p style=\"text-align: justify\">O Instituto Socioeducativo do Acre (ISE\/AC) atualmente abriga 148 jovens apreendidos, na capital e interior. Em 2018, o n\u00famero ultrapassava 700, o que resulta, em cinco anos, uma diminui\u00e7\u00e3o de cerca de 78,8% de menores infratores sob os cuidados do \u00f3rg\u00e3o. Apesar da queda significativa, o ISE afirma n\u00e3o ter uma explica\u00e7\u00e3o ou um estudo para tentar entender sobre a grande diminui\u00e7\u00e3o de socioeducandos.<\/p>\n<p style=\"text-align: justify\">Nas \u201cpousadas\u201d espalhadas pelo Estado, os adolescentes t\u00eam uma programa\u00e7\u00e3o di\u00e1ria, que inclui escolariza\u00e7\u00e3o de manh\u00e3 ou \u00e0 tarde, atendimentos psicol\u00f3gicos, assist\u00eancia social, odontol\u00f3gica e de sa\u00fade.<\/p>\n<figure id=\"attachment_125099\" aria-describedby=\"caption-attachment-125099\" style=\"width: 538px\" class=\"wp-caption aligncenter\"><img decoding=\"async\" class=\"wp-image-125099 \" src=\"https:\/\/nk7-testes.com.br\/wp-content\/uploads\/2024\/01\/7f9a83e2-2e2a-4edc-bb68-38d3a995b0a9-1536x1022-1.jpeg\" alt=\"\" width=\"538\" height=\"358\" srcset=\"https:\/\/nk7-testes.com.br\/agazeta\/wp-content\/uploads\/2024\/01\/7f9a83e2-2e2a-4edc-bb68-38d3a995b0a9-1536x1022-1.jpeg 1536w, https:\/\/nk7-testes.com.br\/agazeta\/wp-content\/uploads\/2024\/01\/7f9a83e2-2e2a-4edc-bb68-38d3a995b0a9-1536x1022-1-300x200.jpeg 300w, https:\/\/nk7-testes.com.br\/agazeta\/wp-content\/uploads\/2024\/01\/7f9a83e2-2e2a-4edc-bb68-38d3a995b0a9-1536x1022-1-1024x681.jpeg 1024w, https:\/\/nk7-testes.com.br\/agazeta\/wp-content\/uploads\/2024\/01\/7f9a83e2-2e2a-4edc-bb68-38d3a995b0a9-1536x1022-1-768x511.jpeg 768w, https:\/\/nk7-testes.com.br\/agazeta\/wp-content\/uploads\/2024\/01\/7f9a83e2-2e2a-4edc-bb68-38d3a995b0a9-1536x1022-1-750x499.jpeg 750w, https:\/\/nk7-testes.com.br\/agazeta\/wp-content\/uploads\/2024\/01\/7f9a83e2-2e2a-4edc-bb68-38d3a995b0a9-1536x1022-1-1140x759.jpeg 1140w\" sizes=\"(max-width: 538px) 100vw, 538px\" \/><figcaption id=\"caption-attachment-125099\" class=\"wp-caption-text\">Foto: Neto Lucena\/Secom<\/figcaption><\/figure>\n<p style=\"text-align: justify\">Al\u00e9m disso, eles t\u00eam direito a visitas de familiares toda semana, chamada de v\u00eddeo regular com a fam\u00edlia e refei\u00e7\u00f5es que incluem caf\u00e9 da manh\u00e3, almo\u00e7o, jantar e lanche, at\u00e9 mesmo um lanche da escola no per\u00edodo da tarde.<\/p>\n<p style=\"text-align: justify\">De acordo com o \u00f3rg\u00e3o, os jovens inseridos no sistema participam de atividades complementares como assist\u00eancia religiosa, esporte e lazer, atividades culturais, cursos profissionalizantes e trabalho na horta.<\/p>\n<p style=\"text-align: justify\">\u201cTodo o trabalho desenvolvido tem por objetivo a ressocializa\u00e7\u00e3o e evitar a reincid\u00eancia do ato infracional, com retorno ao lar e \u00e0 sociedade como um cidad\u00e3o de bem. O ISE trabalha forte a quest\u00e3o dos cursos profissionalizantes para proporcionar oportunidades e facilitar a reintegra\u00e7\u00e3o no mercado de trabalho e sociedade ap\u00f3s a desinterna\u00e7\u00e3o\u201d, esclarece o Instituto.<\/p>\n<figure id=\"attachment_125100\" aria-describedby=\"caption-attachment-125100\" style=\"width: 554px\" class=\"wp-caption aligncenter\"><img decoding=\"async\" class=\"wp-image-125100 \" src=\"https:\/\/nk7-testes.com.br\/wp-content\/uploads\/2024\/01\/ISE_Jovem.jpeg\" alt=\"\" width=\"554\" height=\"312\" srcset=\"https:\/\/nk7-testes.com.br\/agazeta\/wp-content\/uploads\/2024\/01\/ISE_Jovem.jpeg 1032w, https:\/\/nk7-testes.com.br\/agazeta\/wp-content\/uploads\/2024\/01\/ISE_Jovem-300x169.jpeg 300w, https:\/\/nk7-testes.com.br\/agazeta\/wp-content\/uploads\/2024\/01\/ISE_Jovem-1024x576.jpeg 1024w, https:\/\/nk7-testes.com.br\/agazeta\/wp-content\/uploads\/2024\/01\/ISE_Jovem-768x432.jpeg 768w, https:\/\/nk7-testes.com.br\/agazeta\/wp-content\/uploads\/2024\/01\/ISE_Jovem-750x422.jpeg 750w\" sizes=\"(max-width: 554px) 100vw, 554px\" \/><figcaption id=\"caption-attachment-125100\" class=\"wp-caption-text\">Foto: Secom<\/figcaption><\/figure>\n<h4 style=\"text-align: justify\">Projetos<\/h4>\n<p style=\"text-align: justify\">O ISE tem no curr\u00edculo diversos projetos para serem trabalhados com os menores. \u2018Plantando Sonhos\u2019 e \u2018Entre Linhas e Agulhas\u2019 s\u00e3o exemplos de projetos ofertados dentro do sistema.<\/p>\n<p style=\"text-align: justify\">Segundo a diretora do Centro Socioeducativo Mocinha Magalh\u00e3es, Alessandra Ara\u00fajo, esses projetos visam capacitar o adolescente para, quando sair da unidade, ter uma profiss\u00e3o.<\/p>\n<figure id=\"attachment_125103\" aria-describedby=\"caption-attachment-125103\" style=\"width: 581px\" class=\"wp-caption aligncenter\"><img decoding=\"async\" class=\"wp-image-125103 \" src=\"https:\/\/nk7-testes.com.br\/wp-content\/uploads\/2024\/01\/WhatsApp-Image-2024-01-10-at-15.56.36-1.jpeg\" alt=\"\" width=\"581\" height=\"434\" srcset=\"https:\/\/nk7-testes.com.br\/agazeta\/wp-content\/uploads\/2024\/01\/WhatsApp-Image-2024-01-10-at-15.56.36-1.jpeg 790w, https:\/\/nk7-testes.com.br\/agazeta\/wp-content\/uploads\/2024\/01\/WhatsApp-Image-2024-01-10-at-15.56.36-1-300x224.jpeg 300w, https:\/\/nk7-testes.com.br\/agazeta\/wp-content\/uploads\/2024\/01\/WhatsApp-Image-2024-01-10-at-15.56.36-1-768x574.jpeg 768w, https:\/\/nk7-testes.com.br\/agazeta\/wp-content\/uploads\/2024\/01\/WhatsApp-Image-2024-01-10-at-15.56.36-1-750x560.jpeg 750w\" sizes=\"(max-width: 581px) 100vw, 581px\" \/><figcaption id=\"caption-attachment-125103\" class=\"wp-caption-text\">Foto: Secom<\/figcaption><\/figure>\n<p style=\"text-align: justify\">\u201cAtrav\u00e9s desses cursos que ele possa, l\u00e1 fora, se sustentar. Esse \u00e9 o objetivo desses cursos. Temos tamb\u00e9m os mais voltados \u00e0 cidadania, \u00e0 quest\u00e3o humana, ao pessoal e a valoriza\u00e7\u00e3o do ser humano\u201d, destaca Ara\u00fajo, em v\u00eddeo institucional.<\/p>\n<figure id=\"attachment_125101\" aria-describedby=\"caption-attachment-125101\" style=\"width: 555px\" class=\"wp-caption aligncenter\"><img decoding=\"async\" class=\"wp-image-125101 \" src=\"https:\/\/nk7-testes.com.br\/wp-content\/uploads\/2024\/01\/WhatsApp-Image-2024-01-10-at-15.56.36.jpeg\" alt=\"\" width=\"555\" height=\"350\" srcset=\"https:\/\/nk7-testes.com.br\/agazeta\/wp-content\/uploads\/2024\/01\/WhatsApp-Image-2024-01-10-at-15.56.36.jpeg 932w, https:\/\/nk7-testes.com.br\/agazeta\/wp-content\/uploads\/2024\/01\/WhatsApp-Image-2024-01-10-at-15.56.36-300x189.jpeg 300w, https:\/\/nk7-testes.com.br\/agazeta\/wp-content\/uploads\/2024\/01\/WhatsApp-Image-2024-01-10-at-15.56.36-768x484.jpeg 768w, https:\/\/nk7-testes.com.br\/agazeta\/wp-content\/uploads\/2024\/01\/WhatsApp-Image-2024-01-10-at-15.56.36-750x472.jpeg 750w\" sizes=\"(max-width: 555px) 100vw, 555px\" \/><figcaption id=\"caption-attachment-125101\" class=\"wp-caption-text\">Foto: Julia Beatriz Couto<\/figcaption><\/figure>\n<h4 style=\"text-align: justify\">Educa\u00e7\u00e3o<\/h4>\n<p style=\"text-align: justify\">O investimento na educa\u00e7\u00e3o \u00e9 um dos focos do ISE. Em 2023, foram aplicadas as provas do Exame Nacional do Ensino M\u00e9dio (Enem) para Pessoas Privadas de Liberdade (PPL). Ao todo foram 58 socioeducandos inscritos no exame nos oito centros socioeducativos do Acre.<\/p>\n<p style=\"text-align: justify\">O Enem PPL tem a mesma estrutura da avalia\u00e7\u00e3o convencional, com 180 quest\u00f5es objetivas de Linguagens, Matem\u00e1tica, Ci\u00eancias da Natureza, Ci\u00eancias Humanas e reda\u00e7\u00e3o; e \u00e9 aplicado em todo o territ\u00f3rio brasileiro, tanto nas unidades prisionais quanto nas socioeducativas.<\/p>\n<figure id=\"attachment_125102\" aria-describedby=\"caption-attachment-125102\" style=\"width: 541px\" class=\"wp-caption aligncenter\"><img decoding=\"async\" class=\"wp-image-125102 \" src=\"https:\/\/nk7-testes.com.br\/wp-content\/uploads\/2024\/01\/5d86f432-4e35-459e-a330-df85321526d8.jpeg\" alt=\"\" width=\"541\" height=\"406\" srcset=\"https:\/\/nk7-testes.com.br\/agazeta\/wp-content\/uploads\/2024\/01\/5d86f432-4e35-459e-a330-df85321526d8.jpeg 1024w, https:\/\/nk7-testes.com.br\/agazeta\/wp-content\/uploads\/2024\/01\/5d86f432-4e35-459e-a330-df85321526d8-300x225.jpeg 300w, https:\/\/nk7-testes.com.br\/agazeta\/wp-content\/uploads\/2024\/01\/5d86f432-4e35-459e-a330-df85321526d8-768x576.jpeg 768w, https:\/\/nk7-testes.com.br\/agazeta\/wp-content\/uploads\/2024\/01\/5d86f432-4e35-459e-a330-df85321526d8-750x563.jpeg 750w\" sizes=\"(max-width: 541px) 100vw, 541px\" \/><figcaption id=\"caption-attachment-125102\" class=\"wp-caption-text\">Foto: Julia Beatriz Couto<\/figcaption><\/figure>\n<p style=\"text-align: justify\">O presidente do \u00f3rg\u00e3o, M\u00e1rio C\u00e9sar Freitas, ressalta que prestar o Enem \u00e9 uma chance \u00fanica para que esses menores possam transformar o futuro e mudar a pr\u00f3pria condi\u00e7\u00e3o.<\/p>\n<p style=\"text-align: justify\">\u201cEsse exame \u00e9 mais uma oportunidade para a ressocializa\u00e7\u00e3o desses adolescentes junto \u00e0 comunidade, al\u00e9m de possibilitar a entrada no n\u00edvel superior, onde buscar\u00e3o perspectivas educacionais mais amplas. No ano de 2023, tivemos dez alunos aprovados no Enem para estudar na Universidade Federal do Acre e no Instituto Federal do Acre\u201d, relata Freitas.<\/p>\n<h4 style=\"text-align: justify\">Alimenta\u00e7\u00e3o<\/h4>\n<p style=\"text-align: justify\">Ap\u00f3s Muriel Gomes da Silva, m\u00e3e do socioeducando com as iniciais L.H.G.S, denunciar ao site <strong>Agazeta.net<\/strong> um poss\u00edvel descaso com a alimenta\u00e7\u00e3o servida pelo ISE, o respons\u00e1vel pela parte aliment\u00edcia do \u00f3rg\u00e3o, Jeferson Albuquerque Ribeiro, rebateu as acusa\u00e7\u00f5es.<\/p>\n<p style=\"text-align: justify\">Ribeiro trabalha h\u00e1 cerca de tr\u00eas anos no Instituto e afirma que o card\u00e1pio \u00e9 feito por um nutricionista e de forma intercalada para evitar repeti\u00e7\u00e3o nos pratos servidos.<\/p>\n<p style=\"text-align: justify\">\u201cO card\u00e1pio \u00e9 feito de forma intercalada para evitar repeti\u00e7\u00e3o, e \u00e9 enviado ao \u00f3rg\u00e3o todo m\u00eas para aprova\u00e7\u00e3o. E, sim, tem nutricionista. A empresa serve quatro refei\u00e7\u00f5es, mas eles se alimentam mais duas vezes pelo col\u00e9gio\u201d, destaca o funcion\u00e1rio.<\/p>\n<p style=\"text-align: justify\">Segundo ele, a empresa terceirizada respons\u00e1vel pelos alimentos dos jovens est\u00e1 h\u00e1 anos no ramo e j\u00e1 tem experi\u00eancia. Apesar de algumas dificuldades encontradas pelo caminho, a comida \u00e9 sempre de boa qualidade.<\/p>\n<p style=\"text-align: justify\">\u201cA empresa est\u00e1 h\u00e1 muito tempo no ramo. Ent\u00e3o, temos muita experi\u00eancia, sendo assim, diminuindo as dificuldades. \u00c0s vezes a remunera\u00e7\u00e3o atrasa um pouco, o que dificulta, mas sempre \u00e9 sanada\u201d, destaca Ribeiro.<\/p>\n<p style=\"text-align: justify\">O Minist\u00e9rio P\u00fablico do Acre (MPAC) tamb\u00e9m realiza fiscaliza\u00e7\u00f5es mensais dentro dos centros socioeducativos do Estado, afim de garantir que os direitos dessas pessoas sejam resguardados. \u201cA fiscaliza\u00e7\u00e3o \u00e9 todo m\u00eas, o MP cobra direto. Tem a fiscaliza\u00e7\u00e3o, n\u00e3o \u00e9 algo solto. Eles cobram bastante o \u00f3rg\u00e3o e sou notificado. A praxe mesmo \u00e9 mandar para o ISE, mas o MP est\u00e1 sempre fiscalizando\u201d, salienta.<\/p>\n\n<p style=\"text-align: justify\">Muriel da Silva, quando procurou o <strong>Agazeta.net<\/strong>, contou que estavam servindo bolas de carne mo\u00edda com nervo. \u201cFoi uma carne mo\u00edda l\u00e1 parece que s\u00f3 a bola, cheia de sangue, eles n\u00e3o comem\u201d, disse a mulher. Sobre isso, Jeferson Ribeiro conta que os jovens inventam situa\u00e7\u00f5es por n\u00e3o gostarem da carne.<\/p>\n<p style=\"text-align: justify\">\u201cEles chegam ao absurdo de dizer que n\u00e3o querem carne mo\u00edda. Como esse m\u00eas de dezembro teve carne mo\u00edda no card\u00e1pio, a\u00ed eles ficam fazendo essas situa\u00e7\u00f5es. Qualquer cidad\u00e3o come isso em um prato, eles querem se mandar. N\u00e3o pode comer uma carne mo\u00edda, que \u00e9 servida s\u00f3 uma vez na semana\u201d, comenta.<\/p>\n<p style=\"text-align: justify\">A Promotoria de Justi\u00e7a Especializada de Execu\u00e7\u00f5es de Medidas Socioeducativas, que tem como titular a promotora de Justi\u00e7a Vanessa de Macedo Muniz, est\u00e1 sempre nas depend\u00eancias dos centros para averigua\u00e7\u00f5es, como salienta o funcion\u00e1rio.<\/p>\n<h4 style=\"text-align: justify\">A\u00e7\u00f5es<\/h4>\n<p style=\"text-align: justify\">Em 2023, o Instituto Socioeducativo do Acre realizou diversas a\u00e7\u00f5es dentro das unidades. De acordo com Vivencia Maria Gomes, gerente de A\u00e7\u00f5es Sociopedag\u00f3gicas, a \u2018Assist\u00eancia Religiosa\u2019 \u00e9 um dos destaques dentro do ISE.<\/p>\n<p style=\"text-align: justify\">\u201c\u00c9 um direito assegurado por lei. Ele resguarda o direito dos adolescentes ter a escolha a qual religi\u00e3o ele gostaria de ser acompanhado. Tamb\u00e9m temos os cursos profissionalizantes, na inten\u00e7\u00e3o de ressocializar o adolescente\u201d, destaca Gomes.<\/p>\n<figure id=\"attachment_125104\" aria-describedby=\"caption-attachment-125104\" style=\"width: 565px\" class=\"wp-caption aligncenter\"><img decoding=\"async\" class=\"wp-image-125104 \" src=\"https:\/\/nk7-testes.com.br\/wp-content\/uploads\/2024\/01\/WhatsApp-Image-2024-01-10-at-15.56.34.jpeg\" alt=\"\" width=\"565\" height=\"377\" srcset=\"https:\/\/nk7-testes.com.br\/agazeta\/wp-content\/uploads\/2024\/01\/WhatsApp-Image-2024-01-10-at-15.56.34.jpeg 862w, https:\/\/nk7-testes.com.br\/agazeta\/wp-content\/uploads\/2024\/01\/WhatsApp-Image-2024-01-10-at-15.56.34-300x200.jpeg 300w, https:\/\/nk7-testes.com.br\/agazeta\/wp-content\/uploads\/2024\/01\/WhatsApp-Image-2024-01-10-at-15.56.34-768x513.jpeg 768w, https:\/\/nk7-testes.com.br\/agazeta\/wp-content\/uploads\/2024\/01\/WhatsApp-Image-2024-01-10-at-15.56.34-750x501.jpeg 750w\" sizes=\"(max-width: 565px) 100vw, 565px\" \/><figcaption id=\"caption-attachment-125104\" class=\"wp-caption-text\">Foto: Julia Beatriz Couto<\/figcaption><\/figure>\n<p style=\"text-align: justify\">O concurso p\u00fablico para a contrata\u00e7\u00e3o de 322 novos agentes para \u00f3rg\u00e3o tamb\u00e9m ocorreu neste \u00faltimo ano, visando o aumento do efetivo de servidores \u00e0 disposi\u00e7\u00e3o dentro dos centros socioeducativos do Estado. Dessa forma, o governo do Acre demonstra que atua na ressocializa\u00e7\u00e3o desses menos e n\u00e3o a exclus\u00e3o da sociedade na qual eles pertencem.<\/p>\n<figure id=\"attachment_125105\" aria-describedby=\"caption-attachment-125105\" style=\"width: 551px\" class=\"wp-caption aligncenter\"><img decoding=\"async\" class=\"wp-image-125105 \" src=\"https:\/\/nk7-testes.com.br\/wp-content\/uploads\/2024\/01\/2CD4CA6C-03D4-417E-9258-DABD8923A430-scaled-1-1536x1024-1.jpeg\" alt=\"\" width=\"551\" height=\"367\" srcset=\"https:\/\/nk7-testes.com.br\/agazeta\/wp-content\/uploads\/2024\/01\/2CD4CA6C-03D4-417E-9258-DABD8923A430-scaled-1-1536x1024-1.jpeg 1536w, https:\/\/nk7-testes.com.br\/agazeta\/wp-content\/uploads\/2024\/01\/2CD4CA6C-03D4-417E-9258-DABD8923A430-scaled-1-1536x1024-1-300x200.jpeg 300w, https:\/\/nk7-testes.com.br\/agazeta\/wp-content\/uploads\/2024\/01\/2CD4CA6C-03D4-417E-9258-DABD8923A430-scaled-1-1536x1024-1-1024x683.jpeg 1024w, https:\/\/nk7-testes.com.br\/agazeta\/wp-content\/uploads\/2024\/01\/2CD4CA6C-03D4-417E-9258-DABD8923A430-scaled-1-1536x1024-1-768x512.jpeg 768w, https:\/\/nk7-testes.com.br\/agazeta\/wp-content\/uploads\/2024\/01\/2CD4CA6C-03D4-417E-9258-DABD8923A430-scaled-1-1536x1024-1-750x500.jpeg 750w, https:\/\/nk7-testes.com.br\/agazeta\/wp-content\/uploads\/2024\/01\/2CD4CA6C-03D4-417E-9258-DABD8923A430-scaled-1-1536x1024-1-1140x760.jpeg 1140w\" sizes=\"(max-width: 551px) 100vw, 551px\" \/><figcaption id=\"caption-attachment-125105\" class=\"wp-caption-text\">Foto: Secom<\/figcaption><\/figure>\n<p style=\"text-align: justify\">Chefe do Departamento de Meio Fechado, Daniel Cardoso, declara que todos os projetos e a\u00e7\u00f5es oferecidas pelo ISE s\u00e3o para que esses menores sejam reinseridos na sociedade acreana de forma que venham mudar de vida e, assim, garantir o futuro longe da ilegalidade.<\/p>\n","protected":false},"excerpt":{"rendered":"<p>O Instituto Socioeducativo do Acre (ISE\/AC) atualmente abriga 148 jovens apreendidos, na capital e interior. Em 2018, o n\u00famero ultrapassava 700, o que resulta, em cinco anos, uma diminui\u00e7\u00e3o de cerca de 78,8% de menores infratores sob os cuidados do \u00f3rg\u00e3o. Apesar da queda significativa, o ISE afirma n\u00e3o ter uma explica\u00e7\u00e3o ou um estudo [&hellip;]<\/p>\n","protected":false},"author":4,"featured_media":125107,"comment_status":"open","ping_status":"open","sticky":false,"template":"","format":"standard","meta":{"jnews-multi-image_gallery":[],"jnews_single_post":{"source_name":"","source_url":"","via_name":"","via_url":"","override_template":"0","override":[{"template":"custom","single_blog_custom":"110746","parallax":"1","fullscreen":"1","layout":"right-sidebar","sidebar":"default-sidebar","second_sidebar":"default-sidebar","sticky_sidebar":"1","share_position":"top","share_float_style":"share-monocrhome","show_share_counter":"1","show_view_counter":"1","show_featured":"1","show_post_meta":"1","show_post_author":"1","show_post_author_image":"1","show_post_date":"1","post_date_format":"default","post_date_format_custom":"Y\/m\/d","show_post_category":"1","show_post_reading_time":"0","post_reading_time_wpm":"300","show_zoom_button":"0","zoom_button_out_step":"2","zoom_button_in_step":"3","show_post_tag":"1","show_prev_next_post":"1","show_popup_post":"1","number_popup_post":"1","show_author_box":"0","show_post_related":"1","show_inline_post_related":"0","post_calculate_word_method":"str_word_count"}],"override_image_size":"0","image_override":[{"single_post_thumbnail_size":"crop-500","single_post_gallery_size":"crop-500"}],"trending_post":"0","trending_post_position":"meta","trending_post_label":"Trending","sponsored_post":"0","sponsored_post_label":"Sponsored by","sponsored_post_name":"","sponsored_post_url":"","sponsored_post_logo_enable":"0","sponsored_post_logo":"","sponsored_post_desc":"","disable_ad":"0","format":"standard","subtitle":"Jovens inseridos no sistema participam de atividades culturais, al\u00e9m de esporte e lazer e cursos profissionalizantes","jnews_video_option_group":[[]]},"jnews_primary_category":{"id":"","hide":""},"jnews_social_meta":{"fb_title":"","fb_description":"","fb_image":"","twitter_title":"","twitter_description":"","twitter_image":""},"jnews_review":[],"enable_review":"0","type":"percentage","name":"","summary":"","brand":"","sku":"","good":[{"good_text":""}],"bad":[{"bad_text":""}],"score_override":"0","override_value":"","rating":[{"rating_text":"","rating_number":"10"}],"price":[{"shop":"","price":"","link":"","icon":""}],"footnotes":""},"categories":[54],"tags":[],"class_list":["post-125095","post","type-post","status-publish","format-standard","has-post-thumbnail","hentry","category-cotidiano"],"yoast_head":"<!-- This site is optimized with the Yoast SEO plugin v26.5 - https:\/\/yoast.com\/wordpress\/plugins\/seo\/ -->\n<title>ISE-AC tem redu\u00e7\u00e3o de quase 80% no n\u00famero de socioeducandos nos \u00faltimos cinco anos - Agazeta.net<\/title>\n<meta name=\"robots\" content=\"index, follow, max-snippet:-1, max-image-preview:large, max-video-preview:-1\" \/>\n<link rel=\"canonical\" href=\"https:\/\/nk7-testes.com.br\/agazeta\/ise-ac-tem-reducao-de-quase-80-no-numero-de-socioeducandos-nos-ultimos-cinco-anos\/\" \/>\n<meta property=\"og:locale\" content=\"pt_BR\" \/>\n<meta property=\"og:type\" content=\"article\" \/>\n<meta property=\"og:title\" content=\"ISE-AC tem redu\u00e7\u00e3o de quase 80% no n\u00famero de socioeducandos nos \u00faltimos cinco anos\" \/>\n<meta property=\"og:description\" content=\"Jovens inseridos no sistema participam de atividades atividades culturais, al\u00e9m de esporte e lazer e cursos profissionalizantes\" \/>\n<meta property=\"og:url\" content=\"https:\/\/nk7-testes.com.br\/agazeta\/ise-ac-tem-reducao-de-quase-80-no-numero-de-socioeducandos-nos-ultimos-cinco-anos\/\" \/>\n<meta property=\"og:site_name\" content=\"Agazeta.net\" \/>\n<meta property=\"article:published_time\" content=\"2024-01-10T19:20:23+00:00\" \/>\n<meta property=\"article:modified_time\" content=\"2024-10-30T13:38:47+00:00\" \/>\n<meta property=\"og:image\" content=\"https:\/\/nk7-testes.com.br\/agazeta\/wp-content\/uploads\/2024\/01\/ise.jpeg\" \/>\n\t<meta property=\"og:image:width\" content=\"800\" \/>\n\t<meta property=\"og:image:height\" content=\"401\" \/>\n\t<meta property=\"og:image:type\" content=\"image\/jpeg\" \/>\n<meta name=\"author\" content=\"Agazeta.Net\" \/>\n<meta name=\"twitter:card\" content=\"summary_large_image\" \/>\n<meta name=\"twitter:label1\" content=\"Escrito por\" \/>\n\t<meta name=\"twitter:data1\" content=\"Agazeta.Net\" \/>\n\t<meta name=\"twitter:label2\" content=\"Est. tempo de leitura\" \/>\n\t<meta name=\"twitter:data2\" content=\"8 minutos\" \/>\n<script type=\"application\/ld+json\" class=\"yoast-schema-graph\">{\"@context\":\"https:\/\/schema.org\",\"@graph\":[{\"@type\":\"WebPage\",\"@id\":\"https:\/\/nk7-testes.com.br\/agazeta\/ise-ac-tem-reducao-de-quase-80-no-numero-de-socioeducandos-nos-ultimos-cinco-anos\/\",\"url\":\"https:\/\/nk7-testes.com.br\/agazeta\/ise-ac-tem-reducao-de-quase-80-no-numero-de-socioeducandos-nos-ultimos-cinco-anos\/\",\"name\":\"ISE-AC tem redu\u00e7\u00e3o de quase 80% no n\u00famero de socioeducandos nos \u00faltimos cinco anos - Agazeta.net\",\"isPartOf\":{\"@id\":\"https:\/\/nk7-testes.com.br\/agazeta\/#website\"},\"primaryImageOfPage\":{\"@id\":\"https:\/\/nk7-testes.com.br\/agazeta\/ise-ac-tem-reducao-de-quase-80-no-numero-de-socioeducandos-nos-ultimos-cinco-anos\/#primaryimage\"},\"image\":{\"@id\":\"https:\/\/nk7-testes.com.br\/agazeta\/ise-ac-tem-reducao-de-quase-80-no-numero-de-socioeducandos-nos-ultimos-cinco-anos\/#primaryimage\"},\"thumbnailUrl\":\"https:\/\/nk7-testes.com.br\/agazeta\/wp-content\/uploads\/2024\/01\/ise.jpeg\",\"datePublished\":\"2024-01-10T19:20:23+00:00\",\"dateModified\":\"2024-10-30T13:38:47+00:00\",\"author\":{\"@id\":\"https:\/\/nk7-testes.com.br\/agazeta\/#\/schema\/person\/ff6b39d54d6973bfc57f4140f659b23f\"},\"breadcrumb\":{\"@id\":\"https:\/\/nk7-testes.com.br\/agazeta\/ise-ac-tem-reducao-de-quase-80-no-numero-de-socioeducandos-nos-ultimos-cinco-anos\/#breadcrumb\"},\"inLanguage\":\"pt-BR\",\"potentialAction\":[{\"@type\":\"ReadAction\",\"target\":[\"https:\/\/nk7-testes.com.br\/agazeta\/ise-ac-tem-reducao-de-quase-80-no-numero-de-socioeducandos-nos-ultimos-cinco-anos\/\"]}]},{\"@type\":\"ImageObject\",\"inLanguage\":\"pt-BR\",\"@id\":\"https:\/\/nk7-testes.com.br\/agazeta\/ise-ac-tem-reducao-de-quase-80-no-numero-de-socioeducandos-nos-ultimos-cinco-anos\/#primaryimage\",\"url\":\"https:\/\/nk7-testes.com.br\/agazeta\/wp-content\/uploads\/2024\/01\/ise.jpeg\",\"contentUrl\":\"https:\/\/nk7-testes.com.br\/agazeta\/wp-content\/uploads\/2024\/01\/ise.jpeg\",\"width\":800,\"height\":401,\"caption\":\"Foto: Ag\u00eancia Acre\"},{\"@type\":\"BreadcrumbList\",\"@id\":\"https:\/\/nk7-testes.com.br\/agazeta\/ise-ac-tem-reducao-de-quase-80-no-numero-de-socioeducandos-nos-ultimos-cinco-anos\/#breadcrumb\",\"itemListElement\":[{\"@type\":\"ListItem\",\"position\":1,\"name\":\"In\u00edcio\",\"item\":\"https:\/\/nk7-testes.com.br\/agazeta\/\"},{\"@type\":\"ListItem\",\"position\":2,\"name\":\"ISE-AC tem redu\u00e7\u00e3o de quase 80% no n\u00famero de socioeducandos nos \u00faltimos cinco anos\"}]},{\"@type\":\"WebSite\",\"@id\":\"https:\/\/nk7-testes.com.br\/agazeta\/#website\",\"url\":\"https:\/\/nk7-testes.com.br\/agazeta\/\",\"name\":\"Agazeta.net\",\"description\":\"Agazeta.net - Not\u00edcias de Rio Branco\/AC\",\"potentialAction\":[{\"@type\":\"SearchAction\",\"target\":{\"@type\":\"EntryPoint\",\"urlTemplate\":\"https:\/\/nk7-testes.com.br\/agazeta\/?s={search_term_string}\"},\"query-input\":{\"@type\":\"PropertyValueSpecification\",\"valueRequired\":true,\"valueName\":\"search_term_string\"}}],\"inLanguage\":\"pt-BR\"},{\"@type\":\"Person\",\"@id\":\"https:\/\/nk7-testes.com.br\/agazeta\/#\/schema\/person\/ff6b39d54d6973bfc57f4140f659b23f\",\"name\":\"Agazeta.Net\",\"url\":\"https:\/\/nk7-testes.com.br\/agazeta\/author\/agazeta\/\"}]}<\/script>\n<!-- \/ Yoast SEO plugin. -->","yoast_head_json":{"title":"ISE-AC tem redu\u00e7\u00e3o de quase 80% no n\u00famero de socioeducandos nos \u00faltimos cinco anos - Agazeta.net","robots":{"index":"index","follow":"follow","max-snippet":"max-snippet:-1","max-image-preview":"max-image-preview:large","max-video-preview":"max-video-preview:-1"},"canonical":"https:\/\/nk7-testes.com.br\/agazeta\/ise-ac-tem-reducao-de-quase-80-no-numero-de-socioeducandos-nos-ultimos-cinco-anos\/","og_locale":"pt_BR","og_type":"article","og_title":"ISE-AC tem redu\u00e7\u00e3o de quase 80% no n\u00famero de socioeducandos nos \u00faltimos cinco anos","og_description":"Jovens inseridos no sistema participam de atividades atividades culturais, al\u00e9m de esporte e lazer e cursos profissionalizantes","og_url":"https:\/\/nk7-testes.com.br\/agazeta\/ise-ac-tem-reducao-de-quase-80-no-numero-de-socioeducandos-nos-ultimos-cinco-anos\/","og_site_name":"Agazeta.net","article_published_time":"2024-01-10T19:20:23+00:00","article_modified_time":"2024-10-30T13:38:47+00:00","og_image":[{"width":800,"height":401,"url":"https:\/\/nk7-testes.com.br\/agazeta\/wp-content\/uploads\/2024\/01\/ise.jpeg","type":"image\/jpeg"}],"author":"Agazeta.Net","twitter_card":"summary_large_image","twitter_misc":{"Escrito por":"Agazeta.Net","Est. tempo de leitura":"8 minutos"},"schema":{"@context":"https:\/\/schema.org","@graph":[{"@type":"WebPage","@id":"https:\/\/nk7-testes.com.br\/agazeta\/ise-ac-tem-reducao-de-quase-80-no-numero-de-socioeducandos-nos-ultimos-cinco-anos\/","url":"https:\/\/nk7-testes.com.br\/agazeta\/ise-ac-tem-reducao-de-quase-80-no-numero-de-socioeducandos-nos-ultimos-cinco-anos\/","name":"ISE-AC tem redu\u00e7\u00e3o de quase 80% no n\u00famero de socioeducandos nos \u00faltimos cinco anos - Agazeta.net","isPartOf":{"@id":"https:\/\/nk7-testes.com.br\/agazeta\/#website"},"primaryImageOfPage":{"@id":"https:\/\/nk7-testes.com.br\/agazeta\/ise-ac-tem-reducao-de-quase-80-no-numero-de-socioeducandos-nos-ultimos-cinco-anos\/#primaryimage"},"image":{"@id":"https:\/\/nk7-testes.com.br\/agazeta\/ise-ac-tem-reducao-de-quase-80-no-numero-de-socioeducandos-nos-ultimos-cinco-anos\/#primaryimage"},"thumbnailUrl":"https:\/\/nk7-testes.com.br\/agazeta\/wp-content\/uploads\/2024\/01\/ise.jpeg","datePublished":"2024-01-10T19:20:23+00:00","dateModified":"2024-10-30T13:38:47+00:00","author":{"@id":"https:\/\/nk7-testes.com.br\/agazeta\/#\/schema\/person\/ff6b39d54d6973bfc57f4140f659b23f"},"breadcrumb":{"@id":"https:\/\/nk7-testes.com.br\/agazeta\/ise-ac-tem-reducao-de-quase-80-no-numero-de-socioeducandos-nos-ultimos-cinco-anos\/#breadcrumb"},"inLanguage":"pt-BR","potentialAction":[{"@type":"ReadAction","target":["https:\/\/nk7-testes.com.br\/agazeta\/ise-ac-tem-reducao-de-quase-80-no-numero-de-socioeducandos-nos-ultimos-cinco-anos\/"]}]},{"@type":"ImageObject","inLanguage":"pt-BR","@id":"https:\/\/nk7-testes.com.br\/agazeta\/ise-ac-tem-reducao-de-quase-80-no-numero-de-socioeducandos-nos-ultimos-cinco-anos\/#primaryimage","url":"https:\/\/nk7-testes.com.br\/agazeta\/wp-content\/uploads\/2024\/01\/ise.jpeg","contentUrl":"https:\/\/nk7-testes.com.br\/agazeta\/wp-content\/uploads\/2024\/01\/ise.jpeg","width":800,"height":401,"caption":"Foto: Ag\u00eancia Acre"},{"@type":"BreadcrumbList","@id":"https:\/\/nk7-testes.com.br\/agazeta\/ise-ac-tem-reducao-de-quase-80-no-numero-de-socioeducandos-nos-ultimos-cinco-anos\/#breadcrumb","itemListElement":[{"@type":"ListItem","position":1,"name":"In\u00edcio","item":"https:\/\/nk7-testes.com.br\/agazeta\/"},{"@type":"ListItem","position":2,"name":"ISE-AC tem redu\u00e7\u00e3o de quase 80% no n\u00famero de socioeducandos nos \u00faltimos cinco anos"}]},{"@type":"WebSite","@id":"https:\/\/nk7-testes.com.br\/agazeta\/#website","url":"https:\/\/nk7-testes.com.br\/agazeta\/","name":"Agazeta.net","description":"Agazeta.net - Not\u00edcias de Rio Branco\/AC","potentialAction":[{"@type":"SearchAction","target":{"@type":"EntryPoint","urlTemplate":"https:\/\/nk7-testes.com.br\/agazeta\/?s={search_term_string}"},"query-input":{"@type":"PropertyValueSpecification","valueRequired":true,"valueName":"search_term_string"}}],"inLanguage":"pt-BR"},{"@type":"Person","@id":"https:\/\/nk7-testes.com.br\/agazeta\/#\/schema\/person\/ff6b39d54d6973bfc57f4140f659b23f","name":"Agazeta.Net","url":"https:\/\/nk7-testes.com.br\/agazeta\/author\/agazeta\/"}]}},"_links":{"self":[{"href":"https:\/\/nk7-testes.com.br\/agazeta\/wp-json\/wp\/v2\/posts\/125095","targetHints":{"allow":["GET"]}}],"collection":[{"href":"https:\/\/nk7-testes.com.br\/agazeta\/wp-json\/wp\/v2\/posts"}],"about":[{"href":"https:\/\/nk7-testes.com.br\/agazeta\/wp-json\/wp\/v2\/types\/post"}],"author":[{"embeddable":true,"href":"https:\/\/nk7-testes.com.br\/agazeta\/wp-json\/wp\/v2\/users\/4"}],"replies":[{"embeddable":true,"href":"https:\/\/nk7-testes.com.br\/agazeta\/wp-json\/wp\/v2\/comments?post=125095"}],"version-history":[{"count":0,"href":"https:\/\/nk7-testes.com.br\/agazeta\/wp-json\/wp\/v2\/posts\/125095\/revisions"}],"wp:featuredmedia":[{"embeddable":true,"href":"https:\/\/nk7-testes.com.br\/agazeta\/wp-json\/wp\/v2\/media\/125107"}],"wp:attachment":[{"href":"https:\/\/nk7-testes.com.br\/agazeta\/wp-json\/wp\/v2\/media?parent=125095"}],"wp:term":[{"taxonomy":"category","embeddable":true,"href":"https:\/\/nk7-testes.com.br\/agazeta\/wp-json\/wp\/v2\/categories?post=125095"},{"taxonomy":"post_tag","embeddable":true,"href":"https:\/\/nk7-testes.com.br\/agazeta\/wp-json\/wp\/v2\/tags?post=125095"}],"curies":[{"name":"wp","href":"https:\/\/api.w.org\/{rel}","templated":true}]}}