{"id":125020,"date":"2024-01-09T10:07:06","date_gmt":"2024-01-09T15:07:06","guid":{"rendered":"https:\/\/abarevegan.com.br\/?p=125020"},"modified":"2024-01-09T10:07:06","modified_gmt":"2024-01-09T15:07:06","slug":"prefeitura-de-rio-branco-anuncia-pausa-no-programa-recomeco-entenda","status":"publish","type":"post","link":"https:\/\/nk7-testes.com.br\/agazeta\/prefeitura-de-rio-branco-anuncia-pausa-no-programa-recomeco-entenda\/","title":{"rendered":"Prefeitura de Rio Branco anuncia pausa no Programa Recome\u00e7o; entenda"},"content":{"rendered":"<p style=\"text-align: justify;\"><span style=\"font-weight: 400;\">A Prefeitura de Rio Branco realizou nesta segunda-feira (08) uma coletiva de imprensa para esclarecer uma den\u00fancia feita pelo vereador F\u00e1bio Ara\u00fajo, que esteve no galp\u00e3o onde est\u00e3o armazenados m\u00f3veis e utens\u00edlios do Programa Recome\u00e7o no \u00faltimo s\u00e1bado (06). Na coletiva foi definido que o programa ser\u00e1 pausado at\u00e9 que se regularizem as quest\u00f5es burocr\u00e1ticas.<\/span><\/p>\n<p style=\"text-align: justify;\"><span style=\"font-weight: 400;\">Com isso, diversas fam\u00edlias que precisam desses utens\u00edlios ser\u00e3o afetadas e ter\u00e3o que aguardar at\u00e9 a regulariza\u00e7\u00e3o do programa, que at\u00e9 o momento n\u00e3o tem data definida.<\/span><\/p>\n<p style=\"text-align: justify;\"><span style=\"font-weight: 400;\">Segundo o vereador F\u00e1bio Ara\u00fajo que gravou um v\u00eddeo no galp\u00e3o, a situa\u00e7\u00e3o est\u00e1 complicada, pois segundo ele existem mais de 6 mil m\u00f3veis abandonados e estragados que possivelmente n\u00e3o ter\u00e3o mais nenhuma serventia para as pessoas que precisam.<\/span><\/p>\n<p style=\"text-align: justify;\"><span style=\"font-weight: 400;\">&#8220;Estamos aqui no Galp\u00e3o do Programa Recome\u00e7o e eu quero dizer para voc\u00eas que o material prometido pelo prefeito est\u00e1 aqui no dep\u00f3sito apodrecendo e se estragando&#8221;, reclama.<\/span><\/p>\n<p style=\"text-align: justify;\"><span style=\"font-weight: 400;\">Na coletiva de imprensa, a Prefeitura desacreditou a den\u00fancia e a classificou como leviana. De acordo com o secret\u00e1rio de Gest\u00e3o Administrativa de Rio Branco, Jonathan Santiago, houve atraso das empresas fornecedoras dos m\u00f3veis e eletrodom\u00e9sticos, o que justifica a demora na entrega do benef\u00edcio.<\/span><\/p>\n<p style=\"text-align: justify;\"><span style=\"font-weight: 400;\">&#8220;Foram mais de 20 mil itens adquiridos no Programa Recome\u00e7o, sendo a grande maioria colch\u00f5es e travesseiros. Os bens que ele falou que est\u00e3o apodrecendo e mofando tratam-se de apenas dois colch\u00f5es, num universo de 4 mil colch\u00f5es. Devido a um vendaval, 10 colch\u00f5es molharam, sendo que oito foram recuperados. Esses dois foram separados. Al\u00e9m disso, houve um atraso por parte dos fornecedores&#8221;, comenta.<\/span><\/p>\n<p style=\"text-align: justify;\"><span style=\"font-weight: 400;\">A secret\u00e1ria municipal de Assist\u00eancia Social e Direitos Humanos, Suellen Ara\u00fajo, durante a coletiva, afirma que a inten\u00e7\u00e3o da Prefeitura nunca foi fazer politicagem ou assistencialismo. Alegou que todo o processo est\u00e1 documentado e ser\u00e1 enviado ao Minist\u00e9rio P\u00fablico, mesmo que este ainda n\u00e3o tenha solicitado.<\/span><\/p>\n<p style=\"text-align: justify;\"><span style=\"font-weight: 400;\">&#8220;Todas as alega\u00e7\u00f5es que ele comentou, ele j\u00e1 sabia a resposta, porque ele tirou a lona que esses m\u00f3veis estavam separados. Est\u00e1 tudo registrado, toda a documenta\u00e7\u00e3o. Estamos finalizando tudo para mostrar ao Minist\u00e9rio P\u00fablico e a todos os \u00f3rg\u00e3os competentes&#8221;, diz.<\/span><\/p>\n<p style=\"text-align: justify;\"><span style=\"font-weight: 400;\">Cerca de 30 presidentes de bairro estiveram presentes e manifestaram apoio \u00e0 prefeitura em rela\u00e7\u00e3o \u00e0 den\u00fancia.<\/span><\/p>\n<p><span style=\"font-weight: 400;\">Com informa\u00e7\u00f5es de Wanessa Lima para a TV Gazeta<\/span><\/p>\n","protected":false},"excerpt":{"rendered":"<p>A Prefeitura de Rio Branco realizou nesta segunda-feira (08) uma coletiva de imprensa para esclarecer uma den\u00fancia feita pelo vereador F\u00e1bio Ara\u00fajo, que esteve no galp\u00e3o onde est\u00e3o armazenados m\u00f3veis e utens\u00edlios do Programa Recome\u00e7o no \u00faltimo s\u00e1bado (06). Na coletiva foi definido que o programa ser\u00e1 pausado at\u00e9 que se regularizem as quest\u00f5es burocr\u00e1ticas. [&hellip;]<\/p>\n","protected":false},"author":4,"featured_media":125021,"comment_status":"open","ping_status":"open","sticky":false,"template":"","format":"standard","meta":{"jnews-multi-image_gallery":[],"jnews_single_post":{"source_name":"","source_url":"","via_name":"","via_url":"","override_template":"0","override":[{"template":"custom","single_blog_custom":"110746","parallax":"1","fullscreen":"1","layout":"right-sidebar","sidebar":"default-sidebar","second_sidebar":"default-sidebar","sticky_sidebar":"1","share_position":"top","share_float_style":"share-monocrhome","show_share_counter":"1","show_view_counter":"1","show_featured":"1","show_post_meta":"1","show_post_author":"1","show_post_author_image":"1","show_post_date":"1","post_date_format":"default","post_date_format_custom":"Y\/m\/d","show_post_category":"1","show_post_reading_time":"0","post_reading_time_wpm":"300","show_zoom_button":"0","zoom_button_out_step":"2","zoom_button_in_step":"3","show_post_tag":"1","show_prev_next_post":"1","show_popup_post":"1","number_popup_post":"1","show_author_box":"0","show_post_related":"1","show_inline_post_related":"0"}],"override_image_size":"0","image_override":[{"single_post_thumbnail_size":"crop-500","single_post_gallery_size":"crop-500"}],"trending_post":"0","trending_post_position":"meta","trending_post_label":"Trending","sponsored_post":"0","sponsored_post_label":"Sponsored by","sponsored_post_name":"","sponsored_post_url":"","sponsored_post_logo_enable":"0","sponsored_post_logo":"","sponsored_post_desc":"","disable_ad":"0"},"jnews_primary_category":{"id":"","hide":""},"jnews_social_meta":{"fb_title":"","fb_description":"","fb_image":"","twitter_title":"","twitter_description":"","twitter_image":""},"jnews_review":[],"enable_review":"0","type":"percentage","name":"","summary":"","brand":"","sku":"","good":[{"good_text":""}],"bad":[{"bad_text":""}],"score_override":"0","override_value":"","rating":[{"rating_text":"","rating_number":"10"}],"price":[{"shop":"","price":"","link":"","icon":""}],"footnotes":""},"categories":[54],"tags":[],"class_list":["post-125020","post","type-post","status-publish","format-standard","has-post-thumbnail","hentry","category-cotidiano"],"yoast_head":"<!-- This site is optimized with the Yoast SEO plugin v26.5 - https:\/\/yoast.com\/wordpress\/plugins\/seo\/ -->\n<title>Prefeitura de Rio Branco anuncia pausa no Programa Recome\u00e7o; entenda - Agazeta.net<\/title>\n<meta name=\"robots\" content=\"index, follow, max-snippet:-1, max-image-preview:large, max-video-preview:-1\" \/>\n<link rel=\"canonical\" href=\"https:\/\/nk7-testes.com.br\/agazeta\/prefeitura-de-rio-branco-anuncia-pausa-no-programa-recomeco-entenda\/\" \/>\n<meta property=\"og:locale\" content=\"pt_BR\" \/>\n<meta property=\"og:type\" content=\"article\" \/>\n<meta property=\"og:title\" content=\"Prefeitura de Rio Branco anuncia pausa no Programa Recome\u00e7o; entenda - Agazeta.net\" \/>\n<meta property=\"og:description\" content=\"A Prefeitura de Rio Branco realizou nesta segunda-feira (08) uma coletiva de imprensa para esclarecer uma den\u00fancia feita pelo vereador F\u00e1bio Ara\u00fajo, que esteve no galp\u00e3o onde est\u00e3o armazenados m\u00f3veis e utens\u00edlios do Programa Recome\u00e7o no \u00faltimo s\u00e1bado (06). Na coletiva foi definido que o programa ser\u00e1 pausado at\u00e9 que se regularizem as quest\u00f5es burocr\u00e1ticas. [&hellip;]\" \/>\n<meta property=\"og:url\" content=\"https:\/\/nk7-testes.com.br\/agazeta\/prefeitura-de-rio-branco-anuncia-pausa-no-programa-recomeco-entenda\/\" \/>\n<meta property=\"og:site_name\" content=\"Agazeta.net\" \/>\n<meta property=\"article:published_time\" content=\"2024-01-09T15:07:06+00:00\" \/>\n<meta property=\"og:image\" content=\"https:\/\/nk7-testes.com.br\/agazeta\/wp-content\/uploads\/2024\/01\/WhatsApp-Image-2024-01-09-at-10.04.52.jpeg\" \/>\n\t<meta property=\"og:image:width\" content=\"984\" \/>\n\t<meta property=\"og:image:height\" content=\"554\" \/>\n\t<meta property=\"og:image:type\" content=\"image\/jpeg\" \/>\n<meta name=\"author\" content=\"Agazeta.Net\" \/>\n<meta name=\"twitter:card\" content=\"summary_large_image\" \/>\n<meta name=\"twitter:label1\" content=\"Escrito por\" \/>\n\t<meta name=\"twitter:data1\" content=\"Agazeta.Net\" \/>\n\t<meta name=\"twitter:label2\" content=\"Est. tempo de leitura\" \/>\n\t<meta name=\"twitter:data2\" content=\"2 minutos\" \/>\n<script type=\"application\/ld+json\" class=\"yoast-schema-graph\">{\"@context\":\"https:\/\/schema.org\",\"@graph\":[{\"@type\":\"WebPage\",\"@id\":\"https:\/\/nk7-testes.com.br\/agazeta\/prefeitura-de-rio-branco-anuncia-pausa-no-programa-recomeco-entenda\/\",\"url\":\"https:\/\/nk7-testes.com.br\/agazeta\/prefeitura-de-rio-branco-anuncia-pausa-no-programa-recomeco-entenda\/\",\"name\":\"Prefeitura de Rio Branco anuncia pausa no Programa Recome\u00e7o; entenda - Agazeta.net\",\"isPartOf\":{\"@id\":\"https:\/\/nk7-testes.com.br\/agazeta\/#website\"},\"primaryImageOfPage\":{\"@id\":\"https:\/\/nk7-testes.com.br\/agazeta\/prefeitura-de-rio-branco-anuncia-pausa-no-programa-recomeco-entenda\/#primaryimage\"},\"image\":{\"@id\":\"https:\/\/nk7-testes.com.br\/agazeta\/prefeitura-de-rio-branco-anuncia-pausa-no-programa-recomeco-entenda\/#primaryimage\"},\"thumbnailUrl\":\"https:\/\/nk7-testes.com.br\/agazeta\/wp-content\/uploads\/2024\/01\/WhatsApp-Image-2024-01-09-at-10.04.52.jpeg\",\"datePublished\":\"2024-01-09T15:07:06+00:00\",\"author\":{\"@id\":\"https:\/\/nk7-testes.com.br\/agazeta\/#\/schema\/person\/ff6b39d54d6973bfc57f4140f659b23f\"},\"breadcrumb\":{\"@id\":\"https:\/\/nk7-testes.com.br\/agazeta\/prefeitura-de-rio-branco-anuncia-pausa-no-programa-recomeco-entenda\/#breadcrumb\"},\"inLanguage\":\"pt-BR\",\"potentialAction\":[{\"@type\":\"ReadAction\",\"target\":[\"https:\/\/nk7-testes.com.br\/agazeta\/prefeitura-de-rio-branco-anuncia-pausa-no-programa-recomeco-entenda\/\"]}]},{\"@type\":\"ImageObject\",\"inLanguage\":\"pt-BR\",\"@id\":\"https:\/\/nk7-testes.com.br\/agazeta\/prefeitura-de-rio-branco-anuncia-pausa-no-programa-recomeco-entenda\/#primaryimage\",\"url\":\"https:\/\/nk7-testes.com.br\/agazeta\/wp-content\/uploads\/2024\/01\/WhatsApp-Image-2024-01-09-at-10.04.52.jpeg\",\"contentUrl\":\"https:\/\/nk7-testes.com.br\/agazeta\/wp-content\/uploads\/2024\/01\/WhatsApp-Image-2024-01-09-at-10.04.52.jpeg\",\"width\":984,\"height\":554,\"caption\":\"Imagem da Prefeitura de Rio Branco\"},{\"@type\":\"BreadcrumbList\",\"@id\":\"https:\/\/nk7-testes.com.br\/agazeta\/prefeitura-de-rio-branco-anuncia-pausa-no-programa-recomeco-entenda\/#breadcrumb\",\"itemListElement\":[{\"@type\":\"ListItem\",\"position\":1,\"name\":\"In\u00edcio\",\"item\":\"https:\/\/nk7-testes.com.br\/agazeta\/\"},{\"@type\":\"ListItem\",\"position\":2,\"name\":\"Prefeitura de Rio Branco anuncia pausa no Programa Recome\u00e7o; entenda\"}]},{\"@type\":\"WebSite\",\"@id\":\"https:\/\/nk7-testes.com.br\/agazeta\/#website\",\"url\":\"https:\/\/nk7-testes.com.br\/agazeta\/\",\"name\":\"Agazeta.net\",\"description\":\"Agazeta.net - Not\u00edcias de Rio Branco\/AC\",\"potentialAction\":[{\"@type\":\"SearchAction\",\"target\":{\"@type\":\"EntryPoint\",\"urlTemplate\":\"https:\/\/nk7-testes.com.br\/agazeta\/?s={search_term_string}\"},\"query-input\":{\"@type\":\"PropertyValueSpecification\",\"valueRequired\":true,\"valueName\":\"search_term_string\"}}],\"inLanguage\":\"pt-BR\"},{\"@type\":\"Person\",\"@id\":\"https:\/\/nk7-testes.com.br\/agazeta\/#\/schema\/person\/ff6b39d54d6973bfc57f4140f659b23f\",\"name\":\"Agazeta.Net\",\"url\":\"https:\/\/nk7-testes.com.br\/agazeta\/author\/agazeta\/\"}]}<\/script>\n<!-- \/ Yoast SEO plugin. -->","yoast_head_json":{"title":"Prefeitura de Rio Branco anuncia pausa no Programa Recome\u00e7o; entenda - Agazeta.net","robots":{"index":"index","follow":"follow","max-snippet":"max-snippet:-1","max-image-preview":"max-image-preview:large","max-video-preview":"max-video-preview:-1"},"canonical":"https:\/\/nk7-testes.com.br\/agazeta\/prefeitura-de-rio-branco-anuncia-pausa-no-programa-recomeco-entenda\/","og_locale":"pt_BR","og_type":"article","og_title":"Prefeitura de Rio Branco anuncia pausa no Programa Recome\u00e7o; entenda - Agazeta.net","og_description":"A Prefeitura de Rio Branco realizou nesta segunda-feira (08) uma coletiva de imprensa para esclarecer uma den\u00fancia feita pelo vereador F\u00e1bio Ara\u00fajo, que esteve no galp\u00e3o onde est\u00e3o armazenados m\u00f3veis e utens\u00edlios do Programa Recome\u00e7o no \u00faltimo s\u00e1bado (06). Na coletiva foi definido que o programa ser\u00e1 pausado at\u00e9 que se regularizem as quest\u00f5es burocr\u00e1ticas. [&hellip;]","og_url":"https:\/\/nk7-testes.com.br\/agazeta\/prefeitura-de-rio-branco-anuncia-pausa-no-programa-recomeco-entenda\/","og_site_name":"Agazeta.net","article_published_time":"2024-01-09T15:07:06+00:00","og_image":[{"width":984,"height":554,"url":"https:\/\/nk7-testes.com.br\/agazeta\/wp-content\/uploads\/2024\/01\/WhatsApp-Image-2024-01-09-at-10.04.52.jpeg","type":"image\/jpeg"}],"author":"Agazeta.Net","twitter_card":"summary_large_image","twitter_misc":{"Escrito por":"Agazeta.Net","Est. tempo de leitura":"2 minutos"},"schema":{"@context":"https:\/\/schema.org","@graph":[{"@type":"WebPage","@id":"https:\/\/nk7-testes.com.br\/agazeta\/prefeitura-de-rio-branco-anuncia-pausa-no-programa-recomeco-entenda\/","url":"https:\/\/nk7-testes.com.br\/agazeta\/prefeitura-de-rio-branco-anuncia-pausa-no-programa-recomeco-entenda\/","name":"Prefeitura de Rio Branco anuncia pausa no Programa Recome\u00e7o; entenda - Agazeta.net","isPartOf":{"@id":"https:\/\/nk7-testes.com.br\/agazeta\/#website"},"primaryImageOfPage":{"@id":"https:\/\/nk7-testes.com.br\/agazeta\/prefeitura-de-rio-branco-anuncia-pausa-no-programa-recomeco-entenda\/#primaryimage"},"image":{"@id":"https:\/\/nk7-testes.com.br\/agazeta\/prefeitura-de-rio-branco-anuncia-pausa-no-programa-recomeco-entenda\/#primaryimage"},"thumbnailUrl":"https:\/\/nk7-testes.com.br\/agazeta\/wp-content\/uploads\/2024\/01\/WhatsApp-Image-2024-01-09-at-10.04.52.jpeg","datePublished":"2024-01-09T15:07:06+00:00","author":{"@id":"https:\/\/nk7-testes.com.br\/agazeta\/#\/schema\/person\/ff6b39d54d6973bfc57f4140f659b23f"},"breadcrumb":{"@id":"https:\/\/nk7-testes.com.br\/agazeta\/prefeitura-de-rio-branco-anuncia-pausa-no-programa-recomeco-entenda\/#breadcrumb"},"inLanguage":"pt-BR","potentialAction":[{"@type":"ReadAction","target":["https:\/\/nk7-testes.com.br\/agazeta\/prefeitura-de-rio-branco-anuncia-pausa-no-programa-recomeco-entenda\/"]}]},{"@type":"ImageObject","inLanguage":"pt-BR","@id":"https:\/\/nk7-testes.com.br\/agazeta\/prefeitura-de-rio-branco-anuncia-pausa-no-programa-recomeco-entenda\/#primaryimage","url":"https:\/\/nk7-testes.com.br\/agazeta\/wp-content\/uploads\/2024\/01\/WhatsApp-Image-2024-01-09-at-10.04.52.jpeg","contentUrl":"https:\/\/nk7-testes.com.br\/agazeta\/wp-content\/uploads\/2024\/01\/WhatsApp-Image-2024-01-09-at-10.04.52.jpeg","width":984,"height":554,"caption":"Imagem da Prefeitura de Rio Branco"},{"@type":"BreadcrumbList","@id":"https:\/\/nk7-testes.com.br\/agazeta\/prefeitura-de-rio-branco-anuncia-pausa-no-programa-recomeco-entenda\/#breadcrumb","itemListElement":[{"@type":"ListItem","position":1,"name":"In\u00edcio","item":"https:\/\/nk7-testes.com.br\/agazeta\/"},{"@type":"ListItem","position":2,"name":"Prefeitura de Rio Branco anuncia pausa no Programa Recome\u00e7o; entenda"}]},{"@type":"WebSite","@id":"https:\/\/nk7-testes.com.br\/agazeta\/#website","url":"https:\/\/nk7-testes.com.br\/agazeta\/","name":"Agazeta.net","description":"Agazeta.net - Not\u00edcias de Rio Branco\/AC","potentialAction":[{"@type":"SearchAction","target":{"@type":"EntryPoint","urlTemplate":"https:\/\/nk7-testes.com.br\/agazeta\/?s={search_term_string}"},"query-input":{"@type":"PropertyValueSpecification","valueRequired":true,"valueName":"search_term_string"}}],"inLanguage":"pt-BR"},{"@type":"Person","@id":"https:\/\/nk7-testes.com.br\/agazeta\/#\/schema\/person\/ff6b39d54d6973bfc57f4140f659b23f","name":"Agazeta.Net","url":"https:\/\/nk7-testes.com.br\/agazeta\/author\/agazeta\/"}]}},"_links":{"self":[{"href":"https:\/\/nk7-testes.com.br\/agazeta\/wp-json\/wp\/v2\/posts\/125020","targetHints":{"allow":["GET"]}}],"collection":[{"href":"https:\/\/nk7-testes.com.br\/agazeta\/wp-json\/wp\/v2\/posts"}],"about":[{"href":"https:\/\/nk7-testes.com.br\/agazeta\/wp-json\/wp\/v2\/types\/post"}],"author":[{"embeddable":true,"href":"https:\/\/nk7-testes.com.br\/agazeta\/wp-json\/wp\/v2\/users\/4"}],"replies":[{"embeddable":true,"href":"https:\/\/nk7-testes.com.br\/agazeta\/wp-json\/wp\/v2\/comments?post=125020"}],"version-history":[{"count":0,"href":"https:\/\/nk7-testes.com.br\/agazeta\/wp-json\/wp\/v2\/posts\/125020\/revisions"}],"wp:featuredmedia":[{"embeddable":true,"href":"https:\/\/nk7-testes.com.br\/agazeta\/wp-json\/wp\/v2\/media\/125021"}],"wp:attachment":[{"href":"https:\/\/nk7-testes.com.br\/agazeta\/wp-json\/wp\/v2\/media?parent=125020"}],"wp:term":[{"taxonomy":"category","embeddable":true,"href":"https:\/\/nk7-testes.com.br\/agazeta\/wp-json\/wp\/v2\/categories?post=125020"},{"taxonomy":"post_tag","embeddable":true,"href":"https:\/\/nk7-testes.com.br\/agazeta\/wp-json\/wp\/v2\/tags?post=125020"}],"curies":[{"name":"wp","href":"https:\/\/api.w.org\/{rel}","templated":true}]}}