{"id":124968,"date":"2024-01-08T17:24:20","date_gmt":"2024-01-08T22:24:20","guid":{"rendered":"https:\/\/abarevegan.com.br\/?p=124968"},"modified":"2024-01-09T07:01:40","modified_gmt":"2024-01-09T12:01:40","slug":"prf-ac-registrou-30-mortes-em-rodovias-federais-em-2023-quase-o-dobro-em-relacao-a-2022","status":"publish","type":"post","link":"https:\/\/nk7-testes.com.br\/agazeta\/prf-ac-registrou-30-mortes-em-rodovias-federais-em-2023-quase-o-dobro-em-relacao-a-2022\/","title":{"rendered":"PRF-AC registrou 30 mortes em rodovias federais em 2023; quase o dobro em rela\u00e7\u00e3o a 2022"},"content":{"rendered":"<p style=\"text-align: justify;\">Dados da Pol\u00edcia Rodovi\u00e1ria Federal (PRF) mostram que em 2023, as BRs 317 e 364, rodovias federais que cortam o Acre, registraram 233 acidentes e 30 \u00f3bitos. Em compara\u00e7\u00e3o ao ano de 2022, foram sete acidentes e 12 mortes a mais. No \u00faltimo ano, 283 ficaram feridas.<\/p>\n<p style=\"text-align: justify;\">Segundo a superintend\u00eancia da PRF no Acre, um acidente pode envolver v\u00e1rios fatores e, em torno de 70% dos casos, s\u00e3o causados por imprud\u00eancia e a\u00e7\u00f5es humanas.<\/p>\n<p style=\"text-align: justify;\">&#8220;Cerca de 70% dos acidentes s\u00e3o causados diretamente por a\u00e7\u00f5es humanas. Um acidente para ocorrer envolve v\u00e1rios fatores, mas em s\u00edntese, as a\u00e7\u00f5es diretas s\u00e3o causadas por desrespeito ao C\u00f3digo de Tr\u00e2nsito Brasileiro e normas correlatas. Assim, imprud\u00eancia dos condutores \u00e9 a causa gen\u00e9rica&#8221;, destaca a PRF.<\/p>\n<p style=\"text-align: justify;\">Em setembro de 2023, Sara Moura, de 25 anos, morreu ap\u00f3s a motocicleta que ela dirigia colidir com caminhonete, na BR-364. O motorista fugiu do local sem prestar socorro e \u00e9 poss\u00edvel que ele estivesse sob efeito de \u00e1lcool, pois pr\u00f3ximo ao volante tinha uma lata de cerveja. A mulher deixou um filho de 5 anos.<\/p>\n<p style=\"text-align: justify;\">Casos com esse mostram que muitos acidentes de tr\u00e2nsito podem ser evitados, caso haja o respeito do C\u00f3digo de Tr\u00e2nsito Brasileiro (CTB). No mesmo m\u00eas do ocorrido, a v\u00edtima iria tomar posse de um concurso p\u00fablico do Estado e teve a vida tirada por imprud\u00eancia.<\/p>\n<p style=\"text-align: justify;\">Al\u00e9m disso, tamb\u00e9m foi informado os trechos que mais ocorrem acidentes e quais medidas necess\u00e1rias est\u00e3o sendo tomadas para abordar esses locais. &#8220;Estatisticamente, o trecho mais cr\u00edtico de acidentes vai do km 120 at\u00e9 o km 150, da BR-364, dentro do per\u00edmetro urbano de Rio Branco. A PRF tem realizado, em conjunto com os parceiros do tr\u00e2nsito, dentre os demais \u00f3rg\u00e3os p\u00fablicos, a\u00e7\u00f5es educativas e fiscaliza\u00e7\u00f5es ostensivas. Campanhas nas redes sociais tamb\u00e9m est\u00e3o entre as a\u00e7\u00f5es realizadas&#8221;, afirma.<\/p>\n<p style=\"text-align: justify;\">A PRF realiza a\u00e7\u00f5es para fiscaliza\u00e7\u00e3o e conscientiza\u00e7\u00e3o da popula\u00e7\u00e3o no tr\u00e2nsito. Segundo o \u00f3rg\u00e3o, a mudan\u00e7a na atitude dos condutores \u00e9 a chave para evitar acidentes.<\/p>\n<p style=\"text-align: justify;\">&#8220;Toda a a\u00e7\u00e3o da PRF depende da conscientiza\u00e7\u00e3o dos viajantes. S\u00e3o a\u00e7\u00f5es respons\u00e1veis e conforme a legisla\u00e7\u00e3o de tr\u00e2nsito dos motoristas que poder\u00e3o reduzir os n\u00fameros de acidentalidade. Como dito anteriormente, agora com outras palavras, a conscientiza\u00e7\u00e3o para mudan\u00e7a de atitude dos condutores \u00e9 a chave para evitar acidentes&#8221;, salienta.<\/p>\n<h4 style=\"text-align: justify;\">Infra\u00e7\u00f5es<\/h4>\n<p style=\"text-align: justify;\">PRF destaca infra\u00e7\u00f5es que s\u00e3o mais comuns no tr\u00e2nsito e tem como principal a ultrapassagem em local proibido, al\u00e9m de embriaguez \u00e0 condu\u00e7\u00e3o, uso do celular e a falta do cinto de seguran\u00e7a, uma pe\u00e7a importante na hora de um poss\u00edvel acidente.<\/p>\n<p style=\"text-align: justify;\">&#8220;Dentre as infra\u00e7\u00f5es mais flagradas est\u00e3o a ultrapassar em local proibido, respons\u00e1vel por colis\u00f5es frontais entre ve\u00edculos. Outras infra\u00e7\u00f5es comuns s\u00e3o o uso do telefone celular, embriaguez \u00e0 condu\u00e7\u00e3o e conduzir ve\u00edculos sem uso do cinto de seguran\u00e7a. Excesso de velocidade e conduzir sem habilita\u00e7\u00e3o s\u00e3o infra\u00e7\u00f5es que\u00a0tamb\u00e9m potencializam os acidentes graves&#8221;.<\/p>\n<p style=\"text-align: justify;\">A necessidade do uso de um celular \u00e9 um dos principais fatores que causam as colis\u00f5es ou outros tipos de acidentes no tr\u00e2nsito, principalmente em rodovias, reitera a PRF.<\/p>\n<p style=\"text-align: justify;\">&#8220;Historicamente, os acidentes t\u00eam uma oscila\u00e7\u00e3o c\u00edclica. No entanto, a tecnologia de certa forma vem mudando os atos humanos. H\u00e1 30 anos, as pessoas n\u00e3o utilizavam telefones digitais. Com o uso de aplicativos e a necessidade de mexer no aparelho, hoje isso mudou. V\u00e1rios acidentes v\u00eam ocorrendo por uso de telefone celular enquanto se conduz ve\u00edculos&#8221;.<\/p>\n<h4 style=\"text-align: justify;\">Recomenda\u00e7\u00f5es<\/h4>\n<p style=\"text-align: justify;\">A Pol\u00edcia Rodovi\u00e1ria Federal deixa claro que os condutores e donos de autom\u00f3veis devem, sempre, agir com prud\u00eancia e realizar a\u00e7\u00f5es preventivas para poder evitar certas situa\u00e7\u00f5es perigosas.<\/p>\n<p style=\"text-align: justify;\">&#8220;A palavra-chave \u00e9 conscientiza\u00e7\u00e3o para agir com respeito \u00e0 legisla\u00e7\u00e3o. Outras a\u00e7\u00f5es preventivas como revisar o ve\u00edculo, descansar antes de viajar, n\u00e3o ingerir bebidas alco\u00f3licas ou medica\u00e7\u00f5es que alterem a consci\u00eancia ou causem sono e atualizar a documenta\u00e7\u00e3o dos condutores, ve\u00edculos e passageiros s\u00e3o fundamentais&#8221;, finaliza.<\/p>\n","protected":false},"excerpt":{"rendered":"<p>Dados da Pol\u00edcia Rodovi\u00e1ria Federal (PRF) mostram que em 2023, as BRs 317 e 364, rodovias federais que cortam o Acre, registraram 233 acidentes e 30 \u00f3bitos. Em compara\u00e7\u00e3o ao ano de 2022, foram sete acidentes e 12 mortes a mais. No \u00faltimo ano, 283 ficaram feridas. Segundo a superintend\u00eancia da PRF no Acre, um [&hellip;]<\/p>\n","protected":false},"author":4,"featured_media":124969,"comment_status":"open","ping_status":"open","sticky":false,"template":"","format":"standard","meta":{"jnews-multi-image_gallery":[],"jnews_single_post":{"source_name":"","source_url":"","via_name":"","via_url":"","override_template":"0","override":[{"template":"custom","single_blog_custom":"110746","parallax":"1","fullscreen":"1","layout":"right-sidebar","sidebar":"default-sidebar","second_sidebar":"default-sidebar","sticky_sidebar":"1","share_position":"top","share_float_style":"share-monocrhome","show_share_counter":"1","show_view_counter":"1","show_featured":"1","show_post_meta":"1","show_post_author":"1","show_post_author_image":"1","show_post_date":"1","post_date_format":"default","post_date_format_custom":"Y\/m\/d","show_post_category":"1","show_post_reading_time":"0","post_reading_time_wpm":"300","show_zoom_button":"0","zoom_button_out_step":"2","zoom_button_in_step":"3","show_post_tag":"1","show_prev_next_post":"1","show_popup_post":"1","number_popup_post":"1","show_author_box":"0","show_post_related":"1","show_inline_post_related":"0"}],"override_image_size":"0","image_override":[{"single_post_thumbnail_size":"crop-500","single_post_gallery_size":"crop-500"}],"trending_post":"0","trending_post_position":"meta","trending_post_label":"Trending","sponsored_post":"0","sponsored_post_label":"Sponsored by","sponsored_post_name":"","sponsored_post_url":"","sponsored_post_logo_enable":"0","sponsored_post_logo":"","sponsored_post_desc":"","disable_ad":"0"},"jnews_primary_category":{"id":"","hide":""},"jnews_social_meta":{"fb_title":"","fb_description":"","fb_image":"","twitter_title":"","twitter_description":"","twitter_image":""},"jnews_review":[],"enable_review":"0","type":"percentage","name":"","summary":"","brand":"","sku":"","good":[{"good_text":""}],"bad":[{"bad_text":""}],"score_override":"0","override_value":"","rating":[{"rating_text":"","rating_number":"10"}],"price":[{"shop":"","price":"","link":"","icon":""}],"footnotes":""},"categories":[54],"tags":[152],"class_list":["post-124968","post","type-post","status-publish","format-standard","has-post-thumbnail","hentry","category-cotidiano","tag-destaque"],"yoast_head":"<!-- This site is optimized with the Yoast SEO plugin v26.5 - https:\/\/yoast.com\/wordpress\/plugins\/seo\/ -->\n<title>PRF-AC registrou 30 mortes em rodovias federais em 2023; quase o dobro em rela\u00e7\u00e3o a 2022 - Agazeta.net<\/title>\n<meta name=\"robots\" content=\"index, follow, max-snippet:-1, max-image-preview:large, max-video-preview:-1\" \/>\n<link rel=\"canonical\" href=\"https:\/\/nk7-testes.com.br\/agazeta\/prf-ac-registrou-30-mortes-em-rodovias-federais-em-2023-quase-o-dobro-em-relacao-a-2022\/\" \/>\n<meta property=\"og:locale\" content=\"pt_BR\" \/>\n<meta property=\"og:type\" content=\"article\" \/>\n<meta property=\"og:title\" content=\"PRF-AC registrou 30 mortes em rodovias federais em 2023; quase o dobro em rela\u00e7\u00e3o a 2022\" \/>\n<meta property=\"og:description\" content=\"&quot;Cerca de 70% dos acidentes s\u00e3o causados diretamente por a\u00e7\u00f5es humanas&quot;, afirma a PRF-AC\" \/>\n<meta property=\"og:url\" content=\"https:\/\/nk7-testes.com.br\/agazeta\/prf-ac-registrou-30-mortes-em-rodovias-federais-em-2023-quase-o-dobro-em-relacao-a-2022\/\" \/>\n<meta property=\"og:site_name\" content=\"Agazeta.net\" \/>\n<meta property=\"article:published_time\" content=\"2024-01-08T22:24:20+00:00\" \/>\n<meta property=\"article:modified_time\" content=\"2024-01-09T12:01:40+00:00\" \/>\n<meta property=\"og:image\" content=\"https:\/\/nk7-testes.com.br\/agazeta\/wp-content\/uploads\/2024\/01\/acidente-grave-750x376-1.jpg\" \/>\n\t<meta property=\"og:image:width\" content=\"750\" \/>\n\t<meta property=\"og:image:height\" content=\"376\" \/>\n\t<meta property=\"og:image:type\" content=\"image\/jpeg\" \/>\n<meta name=\"author\" content=\"Agazeta.Net\" \/>\n<meta name=\"twitter:card\" content=\"summary_large_image\" \/>\n<meta name=\"twitter:label1\" content=\"Escrito por\" \/>\n\t<meta name=\"twitter:data1\" content=\"Agazeta.Net\" \/>\n\t<meta name=\"twitter:label2\" content=\"Est. tempo de leitura\" \/>\n\t<meta name=\"twitter:data2\" content=\"4 minutos\" \/>\n<script type=\"application\/ld+json\" class=\"yoast-schema-graph\">{\"@context\":\"https:\/\/schema.org\",\"@graph\":[{\"@type\":\"WebPage\",\"@id\":\"https:\/\/nk7-testes.com.br\/agazeta\/prf-ac-registrou-30-mortes-em-rodovias-federais-em-2023-quase-o-dobro-em-relacao-a-2022\/\",\"url\":\"https:\/\/nk7-testes.com.br\/agazeta\/prf-ac-registrou-30-mortes-em-rodovias-federais-em-2023-quase-o-dobro-em-relacao-a-2022\/\",\"name\":\"PRF-AC registrou 30 mortes em rodovias federais em 2023; quase o dobro em rela\u00e7\u00e3o a 2022 - Agazeta.net\",\"isPartOf\":{\"@id\":\"https:\/\/nk7-testes.com.br\/agazeta\/#website\"},\"primaryImageOfPage\":{\"@id\":\"https:\/\/nk7-testes.com.br\/agazeta\/prf-ac-registrou-30-mortes-em-rodovias-federais-em-2023-quase-o-dobro-em-relacao-a-2022\/#primaryimage\"},\"image\":{\"@id\":\"https:\/\/nk7-testes.com.br\/agazeta\/prf-ac-registrou-30-mortes-em-rodovias-federais-em-2023-quase-o-dobro-em-relacao-a-2022\/#primaryimage\"},\"thumbnailUrl\":\"https:\/\/nk7-testes.com.br\/agazeta\/wp-content\/uploads\/2024\/01\/acidente-grave-750x376-1.jpg\",\"datePublished\":\"2024-01-08T22:24:20+00:00\",\"dateModified\":\"2024-01-09T12:01:40+00:00\",\"author\":{\"@id\":\"https:\/\/nk7-testes.com.br\/agazeta\/#\/schema\/person\/ff6b39d54d6973bfc57f4140f659b23f\"},\"breadcrumb\":{\"@id\":\"https:\/\/nk7-testes.com.br\/agazeta\/prf-ac-registrou-30-mortes-em-rodovias-federais-em-2023-quase-o-dobro-em-relacao-a-2022\/#breadcrumb\"},\"inLanguage\":\"pt-BR\",\"potentialAction\":[{\"@type\":\"ReadAction\",\"target\":[\"https:\/\/nk7-testes.com.br\/agazeta\/prf-ac-registrou-30-mortes-em-rodovias-federais-em-2023-quase-o-dobro-em-relacao-a-2022\/\"]}]},{\"@type\":\"ImageObject\",\"inLanguage\":\"pt-BR\",\"@id\":\"https:\/\/nk7-testes.com.br\/agazeta\/prf-ac-registrou-30-mortes-em-rodovias-federais-em-2023-quase-o-dobro-em-relacao-a-2022\/#primaryimage\",\"url\":\"https:\/\/nk7-testes.com.br\/agazeta\/wp-content\/uploads\/2024\/01\/acidente-grave-750x376-1.jpg\",\"contentUrl\":\"https:\/\/nk7-testes.com.br\/agazeta\/wp-content\/uploads\/2024\/01\/acidente-grave-750x376-1.jpg\",\"width\":750,\"height\":376,\"caption\":\"Imagem: D\u00e9bora Ribeiro\/TV Gazeta\"},{\"@type\":\"BreadcrumbList\",\"@id\":\"https:\/\/nk7-testes.com.br\/agazeta\/prf-ac-registrou-30-mortes-em-rodovias-federais-em-2023-quase-o-dobro-em-relacao-a-2022\/#breadcrumb\",\"itemListElement\":[{\"@type\":\"ListItem\",\"position\":1,\"name\":\"In\u00edcio\",\"item\":\"https:\/\/nk7-testes.com.br\/agazeta\/\"},{\"@type\":\"ListItem\",\"position\":2,\"name\":\"PRF-AC registrou 30 mortes em rodovias federais em 2023; quase o dobro em rela\u00e7\u00e3o a 2022\"}]},{\"@type\":\"WebSite\",\"@id\":\"https:\/\/nk7-testes.com.br\/agazeta\/#website\",\"url\":\"https:\/\/nk7-testes.com.br\/agazeta\/\",\"name\":\"Agazeta.net\",\"description\":\"Agazeta.net - Not\u00edcias de Rio Branco\/AC\",\"potentialAction\":[{\"@type\":\"SearchAction\",\"target\":{\"@type\":\"EntryPoint\",\"urlTemplate\":\"https:\/\/nk7-testes.com.br\/agazeta\/?s={search_term_string}\"},\"query-input\":{\"@type\":\"PropertyValueSpecification\",\"valueRequired\":true,\"valueName\":\"search_term_string\"}}],\"inLanguage\":\"pt-BR\"},{\"@type\":\"Person\",\"@id\":\"https:\/\/nk7-testes.com.br\/agazeta\/#\/schema\/person\/ff6b39d54d6973bfc57f4140f659b23f\",\"name\":\"Agazeta.Net\",\"url\":\"https:\/\/nk7-testes.com.br\/agazeta\/author\/agazeta\/\"}]}<\/script>\n<!-- \/ Yoast SEO plugin. -->","yoast_head_json":{"title":"PRF-AC registrou 30 mortes em rodovias federais em 2023; quase o dobro em rela\u00e7\u00e3o a 2022 - Agazeta.net","robots":{"index":"index","follow":"follow","max-snippet":"max-snippet:-1","max-image-preview":"max-image-preview:large","max-video-preview":"max-video-preview:-1"},"canonical":"https:\/\/nk7-testes.com.br\/agazeta\/prf-ac-registrou-30-mortes-em-rodovias-federais-em-2023-quase-o-dobro-em-relacao-a-2022\/","og_locale":"pt_BR","og_type":"article","og_title":"PRF-AC registrou 30 mortes em rodovias federais em 2023; quase o dobro em rela\u00e7\u00e3o a 2022","og_description":"\"Cerca de 70% dos acidentes s\u00e3o causados diretamente por a\u00e7\u00f5es humanas\", afirma a PRF-AC","og_url":"https:\/\/nk7-testes.com.br\/agazeta\/prf-ac-registrou-30-mortes-em-rodovias-federais-em-2023-quase-o-dobro-em-relacao-a-2022\/","og_site_name":"Agazeta.net","article_published_time":"2024-01-08T22:24:20+00:00","article_modified_time":"2024-01-09T12:01:40+00:00","og_image":[{"width":750,"height":376,"url":"https:\/\/nk7-testes.com.br\/agazeta\/wp-content\/uploads\/2024\/01\/acidente-grave-750x376-1.jpg","type":"image\/jpeg"}],"author":"Agazeta.Net","twitter_card":"summary_large_image","twitter_misc":{"Escrito por":"Agazeta.Net","Est. tempo de leitura":"4 minutos"},"schema":{"@context":"https:\/\/schema.org","@graph":[{"@type":"WebPage","@id":"https:\/\/nk7-testes.com.br\/agazeta\/prf-ac-registrou-30-mortes-em-rodovias-federais-em-2023-quase-o-dobro-em-relacao-a-2022\/","url":"https:\/\/nk7-testes.com.br\/agazeta\/prf-ac-registrou-30-mortes-em-rodovias-federais-em-2023-quase-o-dobro-em-relacao-a-2022\/","name":"PRF-AC registrou 30 mortes em rodovias federais em 2023; quase o dobro em rela\u00e7\u00e3o a 2022 - Agazeta.net","isPartOf":{"@id":"https:\/\/nk7-testes.com.br\/agazeta\/#website"},"primaryImageOfPage":{"@id":"https:\/\/nk7-testes.com.br\/agazeta\/prf-ac-registrou-30-mortes-em-rodovias-federais-em-2023-quase-o-dobro-em-relacao-a-2022\/#primaryimage"},"image":{"@id":"https:\/\/nk7-testes.com.br\/agazeta\/prf-ac-registrou-30-mortes-em-rodovias-federais-em-2023-quase-o-dobro-em-relacao-a-2022\/#primaryimage"},"thumbnailUrl":"https:\/\/nk7-testes.com.br\/agazeta\/wp-content\/uploads\/2024\/01\/acidente-grave-750x376-1.jpg","datePublished":"2024-01-08T22:24:20+00:00","dateModified":"2024-01-09T12:01:40+00:00","author":{"@id":"https:\/\/nk7-testes.com.br\/agazeta\/#\/schema\/person\/ff6b39d54d6973bfc57f4140f659b23f"},"breadcrumb":{"@id":"https:\/\/nk7-testes.com.br\/agazeta\/prf-ac-registrou-30-mortes-em-rodovias-federais-em-2023-quase-o-dobro-em-relacao-a-2022\/#breadcrumb"},"inLanguage":"pt-BR","potentialAction":[{"@type":"ReadAction","target":["https:\/\/nk7-testes.com.br\/agazeta\/prf-ac-registrou-30-mortes-em-rodovias-federais-em-2023-quase-o-dobro-em-relacao-a-2022\/"]}]},{"@type":"ImageObject","inLanguage":"pt-BR","@id":"https:\/\/nk7-testes.com.br\/agazeta\/prf-ac-registrou-30-mortes-em-rodovias-federais-em-2023-quase-o-dobro-em-relacao-a-2022\/#primaryimage","url":"https:\/\/nk7-testes.com.br\/agazeta\/wp-content\/uploads\/2024\/01\/acidente-grave-750x376-1.jpg","contentUrl":"https:\/\/nk7-testes.com.br\/agazeta\/wp-content\/uploads\/2024\/01\/acidente-grave-750x376-1.jpg","width":750,"height":376,"caption":"Imagem: D\u00e9bora Ribeiro\/TV Gazeta"},{"@type":"BreadcrumbList","@id":"https:\/\/nk7-testes.com.br\/agazeta\/prf-ac-registrou-30-mortes-em-rodovias-federais-em-2023-quase-o-dobro-em-relacao-a-2022\/#breadcrumb","itemListElement":[{"@type":"ListItem","position":1,"name":"In\u00edcio","item":"https:\/\/nk7-testes.com.br\/agazeta\/"},{"@type":"ListItem","position":2,"name":"PRF-AC registrou 30 mortes em rodovias federais em 2023; quase o dobro em rela\u00e7\u00e3o a 2022"}]},{"@type":"WebSite","@id":"https:\/\/nk7-testes.com.br\/agazeta\/#website","url":"https:\/\/nk7-testes.com.br\/agazeta\/","name":"Agazeta.net","description":"Agazeta.net - Not\u00edcias de Rio Branco\/AC","potentialAction":[{"@type":"SearchAction","target":{"@type":"EntryPoint","urlTemplate":"https:\/\/nk7-testes.com.br\/agazeta\/?s={search_term_string}"},"query-input":{"@type":"PropertyValueSpecification","valueRequired":true,"valueName":"search_term_string"}}],"inLanguage":"pt-BR"},{"@type":"Person","@id":"https:\/\/nk7-testes.com.br\/agazeta\/#\/schema\/person\/ff6b39d54d6973bfc57f4140f659b23f","name":"Agazeta.Net","url":"https:\/\/nk7-testes.com.br\/agazeta\/author\/agazeta\/"}]}},"_links":{"self":[{"href":"https:\/\/nk7-testes.com.br\/agazeta\/wp-json\/wp\/v2\/posts\/124968","targetHints":{"allow":["GET"]}}],"collection":[{"href":"https:\/\/nk7-testes.com.br\/agazeta\/wp-json\/wp\/v2\/posts"}],"about":[{"href":"https:\/\/nk7-testes.com.br\/agazeta\/wp-json\/wp\/v2\/types\/post"}],"author":[{"embeddable":true,"href":"https:\/\/nk7-testes.com.br\/agazeta\/wp-json\/wp\/v2\/users\/4"}],"replies":[{"embeddable":true,"href":"https:\/\/nk7-testes.com.br\/agazeta\/wp-json\/wp\/v2\/comments?post=124968"}],"version-history":[{"count":0,"href":"https:\/\/nk7-testes.com.br\/agazeta\/wp-json\/wp\/v2\/posts\/124968\/revisions"}],"wp:featuredmedia":[{"embeddable":true,"href":"https:\/\/nk7-testes.com.br\/agazeta\/wp-json\/wp\/v2\/media\/124969"}],"wp:attachment":[{"href":"https:\/\/nk7-testes.com.br\/agazeta\/wp-json\/wp\/v2\/media?parent=124968"}],"wp:term":[{"taxonomy":"category","embeddable":true,"href":"https:\/\/nk7-testes.com.br\/agazeta\/wp-json\/wp\/v2\/categories?post=124968"},{"taxonomy":"post_tag","embeddable":true,"href":"https:\/\/nk7-testes.com.br\/agazeta\/wp-json\/wp\/v2\/tags?post=124968"}],"curies":[{"name":"wp","href":"https:\/\/api.w.org\/{rel}","templated":true}]}}