{"id":124779,"date":"2024-01-03T15:29:35","date_gmt":"2024-01-03T20:29:35","guid":{"rendered":"https:\/\/abarevegan.com.br\/?p=124779"},"modified":"2024-01-03T15:29:35","modified_gmt":"2024-01-03T20:29:35","slug":"nem-cachorro-come-diz-mae-em-denuncia-sobre-alimentacao-servida-pelo-ise-em-rio-branco","status":"publish","type":"post","link":"https:\/\/nk7-testes.com.br\/agazeta\/nem-cachorro-come-diz-mae-em-denuncia-sobre-alimentacao-servida-pelo-ise-em-rio-branco\/","title":{"rendered":"&#8216;Nem cachorro come&#8217;, diz m\u00e3e em den\u00fancia sobre alimenta\u00e7\u00e3o servida pelo ISE em Rio Branco"},"content":{"rendered":"<p style=\"text-align: justify;\">Muriel Gomes da Silva, m\u00e3e do menor com as iniciais L.H.G.S, de 17 anos, em den\u00fancia ao site <strong>Agazeta.net<\/strong>, nesta quarta-feira (03), relata que o filho e outros jovens sofrem com a m\u00e1 alimenta\u00e7\u00e3o dentro do Instituto Socioeducativo Aquiri, em Rio Branco, h\u00e1 alguns dias.<\/p>\n<p style=\"text-align: justify;\">Segundo a m\u00e3e, h\u00e1 cerca de um m\u00eas ouve que \u00e9 servido comida crua e as marmitas sempre voltam, pois nenhum jovem apreendido quer comer os alimentos nessa situa\u00e7\u00e3o. Ela conta que no \u00faltimo s\u00e1bado, 30 de dezembro, durante a visita\u00e7\u00e3o, um rapaz a pediu socorro.<\/p>\n<p style=\"text-align: justify;\">&#8220;Est\u00e1 com um m\u00eas que eu escuto a mesma conversa, que eles est\u00e3o dando comida crua, carne com sangue, nervo cozido, e as marmitas voltando. Quando foi s\u00e1bado agora, teve um que segurou na minha m\u00e3o e pediu socorro. Meu filho tamb\u00e9m disse que n\u00e3o est\u00e1 mais aguentando&#8221;, afirma Silva.<\/p>\n<p style=\"text-align: justify;\">De acordo com a mulher, nem o arroz eles comem mais, porque chegou em um ponto que est\u00e1 incomest\u00edvel. Ela informa que o filho desmaiou de fome e n\u00e3o a avisaram, e nem a deixaram ver o adolescente, ap\u00f3s o desmaio.<\/p>\n<p style=\"text-align: justify;\">&#8220;Meu filho desmaiou de fome. Levaram ele para o hospital e n\u00e3o me avisaram. N\u00e3o deixaram eu ver meu filho. N\u00e3o sei como \u00e9 que ele est\u00e1. Eu n\u00e3o confio neles, porque s\u00e3o mentirosos. Meu filho desde crian\u00e7a \u00e9 assim, se ele passar da hora de comer, ele passa mal. Pedi por tudo para ver ele e n\u00e3o deixaram&#8221;, salienta.<\/p>\n<p style=\"text-align: justify;\">Disse, ainda, que foi atendida por uma assistente social, que afirmou estarem servindo nervo, al\u00e9m de dizer que eles, de fato, passam necessidade dentro da institui\u00e7\u00e3o.<\/p>\n<p style=\"text-align: justify;\">&#8220;A assistente que me atendou me disse que eles estavam comendo nervo. Eles falavam l\u00e1 dentro que \u00e9 nervo, n\u00e3o carne, comida de cachorro. Foi uma carne mo\u00edda l\u00e1 parece que s\u00f3 a bola, cheia de sangue, eles n\u00e3o comem. Eles est\u00e3o passando necessidade l\u00e1&#8221;, reitera a m\u00e3e.<\/p>\n<p style=\"text-align: justify;\">Al\u00e9m disso, ela aproveitou para contar que, quando o filho dela passou mal, o diretor da Pousada mandou pedir comida e tirou foto deles comendo, para se livrar de poss\u00edveis acusa\u00e7\u00f5es.<\/p>\n<p style=\"text-align: justify;\">&#8220;Quando meu filho passou mal, o diretor, que \u00e9 esperto, mandou pedir comida e tirou foto deles comendo, e me mostrou. Eu disse que n\u00e3o queria mais conversa. Depois que meu filho desmaiou que ele foi atr\u00e1s de uma comida de ser humano. Quem \u00e9 que quer comer nervo? Nem cachorro come&#8221;.<\/p>\n<p style=\"text-align: justify;\">O site <strong>Agazeta.net<\/strong> entrou em contato com a assessoria do Instituto Socioeducativo do Acre (ISE\/AC) para apurar as informa\u00e7\u00f5es, por\u00e9m, apenas negaram a veracidade da hist\u00f3ria. Em seguida, foi questionado se uma apura\u00e7\u00e3o vai ser feita e, mais uma vez, negaram.<\/p>\n","protected":false},"excerpt":{"rendered":"<p>Muriel Gomes da Silva, m\u00e3e do menor com as iniciais L.H.G.S, de 17 anos, em den\u00fancia ao site Agazeta.net, nesta quarta-feira (03), relata que o filho e outros jovens sofrem com a m\u00e1 alimenta\u00e7\u00e3o dentro do Instituto Socioeducativo Aquiri, em Rio Branco, h\u00e1 alguns dias. Segundo a m\u00e3e, h\u00e1 cerca de um m\u00eas ouve que [&hellip;]<\/p>\n","protected":false},"author":4,"featured_media":124780,"comment_status":"open","ping_status":"open","sticky":false,"template":"","format":"standard","meta":{"jnews-multi-image_gallery":[],"jnews_single_post":{"source_name":"","source_url":"","via_name":"","via_url":"","override_template":"0","override":[{"template":"custom","single_blog_custom":"110746","parallax":"1","fullscreen":"1","layout":"right-sidebar","sidebar":"default-sidebar","second_sidebar":"default-sidebar","sticky_sidebar":"1","share_position":"top","share_float_style":"share-monocrhome","show_share_counter":"1","show_view_counter":"1","show_featured":"1","show_post_meta":"1","show_post_author":"1","show_post_author_image":"1","show_post_date":"1","post_date_format":"default","post_date_format_custom":"Y\/m\/d","show_post_category":"1","show_post_reading_time":"0","post_reading_time_wpm":"300","show_zoom_button":"0","zoom_button_out_step":"2","zoom_button_in_step":"3","show_post_tag":"1","show_prev_next_post":"1","show_popup_post":"1","number_popup_post":"1","show_author_box":"0","show_post_related":"1","show_inline_post_related":"0"}],"override_image_size":"0","image_override":[{"single_post_thumbnail_size":"crop-500","single_post_gallery_size":"crop-500"}],"trending_post":"0","trending_post_position":"meta","trending_post_label":"Trending","sponsored_post":"0","sponsored_post_label":"Sponsored by","sponsored_post_name":"","sponsored_post_url":"","sponsored_post_logo_enable":"0","sponsored_post_logo":"","sponsored_post_desc":"","disable_ad":"0"},"jnews_primary_category":{"id":"","hide":""},"jnews_social_meta":{"fb_title":"","fb_description":"","fb_image":"","twitter_title":"","twitter_description":"","twitter_image":""},"jnews_review":[],"enable_review":"0","type":"percentage","name":"","summary":"","brand":"","sku":"","good":[{"good_text":""}],"bad":[{"bad_text":""}],"score_override":"0","override_value":"","rating":[{"rating_text":"","rating_number":"10"}],"price":[{"shop":"","price":"","link":"","icon":""}],"footnotes":""},"categories":[54],"tags":[152],"class_list":["post-124779","post","type-post","status-publish","format-standard","has-post-thumbnail","hentry","category-cotidiano","tag-destaque"],"yoast_head":"<!-- This site is optimized with the Yoast SEO plugin v26.5 - https:\/\/yoast.com\/wordpress\/plugins\/seo\/ -->\n<title>&#039;Nem cachorro come&#039;, diz m\u00e3e em den\u00fancia sobre alimenta\u00e7\u00e3o servida pelo ISE em Rio Branco - Agazeta.net<\/title>\n<meta name=\"robots\" content=\"index, follow, max-snippet:-1, max-image-preview:large, max-video-preview:-1\" \/>\n<link rel=\"canonical\" href=\"https:\/\/nk7-testes.com.br\/agazeta\/nem-cachorro-come-diz-mae-em-denuncia-sobre-alimentacao-servida-pelo-ise-em-rio-branco\/\" \/>\n<meta property=\"og:locale\" content=\"pt_BR\" \/>\n<meta property=\"og:type\" content=\"article\" \/>\n<meta property=\"og:title\" content=\"&#039;Nem cachorro come&#039;, diz m\u00e3e em den\u00fancia sobre alimenta\u00e7\u00e3o servida pelo ISE em Rio Branco\" \/>\n<meta property=\"og:description\" content=\"Muriel Gomes da Silva afirma que o filho, com as iniciais L.H.G.S, desmaiou de fome\" \/>\n<meta property=\"og:url\" content=\"https:\/\/nk7-testes.com.br\/agazeta\/nem-cachorro-come-diz-mae-em-denuncia-sobre-alimentacao-servida-pelo-ise-em-rio-branco\/\" \/>\n<meta property=\"og:site_name\" content=\"Agazeta.net\" \/>\n<meta property=\"article:published_time\" content=\"2024-01-03T20:29:35+00:00\" \/>\n<meta property=\"og:image\" content=\"https:\/\/nk7-testes.com.br\/agazeta\/wp-content\/uploads\/2024\/01\/ise-instituto.jpeg\" \/>\n\t<meta property=\"og:image:width\" content=\"800\" \/>\n\t<meta property=\"og:image:height\" content=\"402\" \/>\n\t<meta property=\"og:image:type\" content=\"image\/jpeg\" \/>\n<meta name=\"author\" content=\"Agazeta.Net\" \/>\n<meta name=\"twitter:card\" content=\"summary_large_image\" \/>\n<meta name=\"twitter:label1\" content=\"Escrito por\" \/>\n\t<meta name=\"twitter:data1\" content=\"Agazeta.Net\" \/>\n\t<meta name=\"twitter:label2\" content=\"Est. tempo de leitura\" \/>\n\t<meta name=\"twitter:data2\" content=\"2 minutos\" \/>\n<script type=\"application\/ld+json\" class=\"yoast-schema-graph\">{\"@context\":\"https:\/\/schema.org\",\"@graph\":[{\"@type\":\"WebPage\",\"@id\":\"https:\/\/nk7-testes.com.br\/agazeta\/nem-cachorro-come-diz-mae-em-denuncia-sobre-alimentacao-servida-pelo-ise-em-rio-branco\/\",\"url\":\"https:\/\/nk7-testes.com.br\/agazeta\/nem-cachorro-come-diz-mae-em-denuncia-sobre-alimentacao-servida-pelo-ise-em-rio-branco\/\",\"name\":\"'Nem cachorro come', diz m\u00e3e em den\u00fancia sobre alimenta\u00e7\u00e3o servida pelo ISE em Rio Branco - Agazeta.net\",\"isPartOf\":{\"@id\":\"https:\/\/nk7-testes.com.br\/agazeta\/#website\"},\"primaryImageOfPage\":{\"@id\":\"https:\/\/nk7-testes.com.br\/agazeta\/nem-cachorro-come-diz-mae-em-denuncia-sobre-alimentacao-servida-pelo-ise-em-rio-branco\/#primaryimage\"},\"image\":{\"@id\":\"https:\/\/nk7-testes.com.br\/agazeta\/nem-cachorro-come-diz-mae-em-denuncia-sobre-alimentacao-servida-pelo-ise-em-rio-branco\/#primaryimage\"},\"thumbnailUrl\":\"https:\/\/nk7-testes.com.br\/agazeta\/wp-content\/uploads\/2024\/01\/ise-instituto.jpeg\",\"datePublished\":\"2024-01-03T20:29:35+00:00\",\"author\":{\"@id\":\"https:\/\/nk7-testes.com.br\/agazeta\/#\/schema\/person\/ff6b39d54d6973bfc57f4140f659b23f\"},\"breadcrumb\":{\"@id\":\"https:\/\/nk7-testes.com.br\/agazeta\/nem-cachorro-come-diz-mae-em-denuncia-sobre-alimentacao-servida-pelo-ise-em-rio-branco\/#breadcrumb\"},\"inLanguage\":\"pt-BR\",\"potentialAction\":[{\"@type\":\"ReadAction\",\"target\":[\"https:\/\/nk7-testes.com.br\/agazeta\/nem-cachorro-come-diz-mae-em-denuncia-sobre-alimentacao-servida-pelo-ise-em-rio-branco\/\"]}]},{\"@type\":\"ImageObject\",\"inLanguage\":\"pt-BR\",\"@id\":\"https:\/\/nk7-testes.com.br\/agazeta\/nem-cachorro-come-diz-mae-em-denuncia-sobre-alimentacao-servida-pelo-ise-em-rio-branco\/#primaryimage\",\"url\":\"https:\/\/nk7-testes.com.br\/agazeta\/wp-content\/uploads\/2024\/01\/ise-instituto.jpeg\",\"contentUrl\":\"https:\/\/nk7-testes.com.br\/agazeta\/wp-content\/uploads\/2024\/01\/ise-instituto.jpeg\",\"width\":800,\"height\":402,\"caption\":\"Imagem: Reprodu\u00e7\u00e3o\"},{\"@type\":\"BreadcrumbList\",\"@id\":\"https:\/\/nk7-testes.com.br\/agazeta\/nem-cachorro-come-diz-mae-em-denuncia-sobre-alimentacao-servida-pelo-ise-em-rio-branco\/#breadcrumb\",\"itemListElement\":[{\"@type\":\"ListItem\",\"position\":1,\"name\":\"In\u00edcio\",\"item\":\"https:\/\/nk7-testes.com.br\/agazeta\/\"},{\"@type\":\"ListItem\",\"position\":2,\"name\":\"&#8216;Nem cachorro come&#8217;, diz m\u00e3e em den\u00fancia sobre alimenta\u00e7\u00e3o servida pelo ISE em Rio Branco\"}]},{\"@type\":\"WebSite\",\"@id\":\"https:\/\/nk7-testes.com.br\/agazeta\/#website\",\"url\":\"https:\/\/nk7-testes.com.br\/agazeta\/\",\"name\":\"Agazeta.net\",\"description\":\"Agazeta.net - Not\u00edcias de Rio Branco\/AC\",\"potentialAction\":[{\"@type\":\"SearchAction\",\"target\":{\"@type\":\"EntryPoint\",\"urlTemplate\":\"https:\/\/nk7-testes.com.br\/agazeta\/?s={search_term_string}\"},\"query-input\":{\"@type\":\"PropertyValueSpecification\",\"valueRequired\":true,\"valueName\":\"search_term_string\"}}],\"inLanguage\":\"pt-BR\"},{\"@type\":\"Person\",\"@id\":\"https:\/\/nk7-testes.com.br\/agazeta\/#\/schema\/person\/ff6b39d54d6973bfc57f4140f659b23f\",\"name\":\"Agazeta.Net\",\"url\":\"https:\/\/nk7-testes.com.br\/agazeta\/author\/agazeta\/\"}]}<\/script>\n<!-- \/ Yoast SEO plugin. -->","yoast_head_json":{"title":"'Nem cachorro come', diz m\u00e3e em den\u00fancia sobre alimenta\u00e7\u00e3o servida pelo ISE em Rio Branco - Agazeta.net","robots":{"index":"index","follow":"follow","max-snippet":"max-snippet:-1","max-image-preview":"max-image-preview:large","max-video-preview":"max-video-preview:-1"},"canonical":"https:\/\/nk7-testes.com.br\/agazeta\/nem-cachorro-come-diz-mae-em-denuncia-sobre-alimentacao-servida-pelo-ise-em-rio-branco\/","og_locale":"pt_BR","og_type":"article","og_title":"'Nem cachorro come', diz m\u00e3e em den\u00fancia sobre alimenta\u00e7\u00e3o servida pelo ISE em Rio Branco","og_description":"Muriel Gomes da Silva afirma que o filho, com as iniciais L.H.G.S, desmaiou de fome","og_url":"https:\/\/nk7-testes.com.br\/agazeta\/nem-cachorro-come-diz-mae-em-denuncia-sobre-alimentacao-servida-pelo-ise-em-rio-branco\/","og_site_name":"Agazeta.net","article_published_time":"2024-01-03T20:29:35+00:00","og_image":[{"width":800,"height":402,"url":"https:\/\/nk7-testes.com.br\/agazeta\/wp-content\/uploads\/2024\/01\/ise-instituto.jpeg","type":"image\/jpeg"}],"author":"Agazeta.Net","twitter_card":"summary_large_image","twitter_misc":{"Escrito por":"Agazeta.Net","Est. tempo de leitura":"2 minutos"},"schema":{"@context":"https:\/\/schema.org","@graph":[{"@type":"WebPage","@id":"https:\/\/nk7-testes.com.br\/agazeta\/nem-cachorro-come-diz-mae-em-denuncia-sobre-alimentacao-servida-pelo-ise-em-rio-branco\/","url":"https:\/\/nk7-testes.com.br\/agazeta\/nem-cachorro-come-diz-mae-em-denuncia-sobre-alimentacao-servida-pelo-ise-em-rio-branco\/","name":"'Nem cachorro come', diz m\u00e3e em den\u00fancia sobre alimenta\u00e7\u00e3o servida pelo ISE em Rio Branco - Agazeta.net","isPartOf":{"@id":"https:\/\/nk7-testes.com.br\/agazeta\/#website"},"primaryImageOfPage":{"@id":"https:\/\/nk7-testes.com.br\/agazeta\/nem-cachorro-come-diz-mae-em-denuncia-sobre-alimentacao-servida-pelo-ise-em-rio-branco\/#primaryimage"},"image":{"@id":"https:\/\/nk7-testes.com.br\/agazeta\/nem-cachorro-come-diz-mae-em-denuncia-sobre-alimentacao-servida-pelo-ise-em-rio-branco\/#primaryimage"},"thumbnailUrl":"https:\/\/nk7-testes.com.br\/agazeta\/wp-content\/uploads\/2024\/01\/ise-instituto.jpeg","datePublished":"2024-01-03T20:29:35+00:00","author":{"@id":"https:\/\/nk7-testes.com.br\/agazeta\/#\/schema\/person\/ff6b39d54d6973bfc57f4140f659b23f"},"breadcrumb":{"@id":"https:\/\/nk7-testes.com.br\/agazeta\/nem-cachorro-come-diz-mae-em-denuncia-sobre-alimentacao-servida-pelo-ise-em-rio-branco\/#breadcrumb"},"inLanguage":"pt-BR","potentialAction":[{"@type":"ReadAction","target":["https:\/\/nk7-testes.com.br\/agazeta\/nem-cachorro-come-diz-mae-em-denuncia-sobre-alimentacao-servida-pelo-ise-em-rio-branco\/"]}]},{"@type":"ImageObject","inLanguage":"pt-BR","@id":"https:\/\/nk7-testes.com.br\/agazeta\/nem-cachorro-come-diz-mae-em-denuncia-sobre-alimentacao-servida-pelo-ise-em-rio-branco\/#primaryimage","url":"https:\/\/nk7-testes.com.br\/agazeta\/wp-content\/uploads\/2024\/01\/ise-instituto.jpeg","contentUrl":"https:\/\/nk7-testes.com.br\/agazeta\/wp-content\/uploads\/2024\/01\/ise-instituto.jpeg","width":800,"height":402,"caption":"Imagem: Reprodu\u00e7\u00e3o"},{"@type":"BreadcrumbList","@id":"https:\/\/nk7-testes.com.br\/agazeta\/nem-cachorro-come-diz-mae-em-denuncia-sobre-alimentacao-servida-pelo-ise-em-rio-branco\/#breadcrumb","itemListElement":[{"@type":"ListItem","position":1,"name":"In\u00edcio","item":"https:\/\/nk7-testes.com.br\/agazeta\/"},{"@type":"ListItem","position":2,"name":"&#8216;Nem cachorro come&#8217;, diz m\u00e3e em den\u00fancia sobre alimenta\u00e7\u00e3o servida pelo ISE em Rio Branco"}]},{"@type":"WebSite","@id":"https:\/\/nk7-testes.com.br\/agazeta\/#website","url":"https:\/\/nk7-testes.com.br\/agazeta\/","name":"Agazeta.net","description":"Agazeta.net - Not\u00edcias de Rio Branco\/AC","potentialAction":[{"@type":"SearchAction","target":{"@type":"EntryPoint","urlTemplate":"https:\/\/nk7-testes.com.br\/agazeta\/?s={search_term_string}"},"query-input":{"@type":"PropertyValueSpecification","valueRequired":true,"valueName":"search_term_string"}}],"inLanguage":"pt-BR"},{"@type":"Person","@id":"https:\/\/nk7-testes.com.br\/agazeta\/#\/schema\/person\/ff6b39d54d6973bfc57f4140f659b23f","name":"Agazeta.Net","url":"https:\/\/nk7-testes.com.br\/agazeta\/author\/agazeta\/"}]}},"_links":{"self":[{"href":"https:\/\/nk7-testes.com.br\/agazeta\/wp-json\/wp\/v2\/posts\/124779","targetHints":{"allow":["GET"]}}],"collection":[{"href":"https:\/\/nk7-testes.com.br\/agazeta\/wp-json\/wp\/v2\/posts"}],"about":[{"href":"https:\/\/nk7-testes.com.br\/agazeta\/wp-json\/wp\/v2\/types\/post"}],"author":[{"embeddable":true,"href":"https:\/\/nk7-testes.com.br\/agazeta\/wp-json\/wp\/v2\/users\/4"}],"replies":[{"embeddable":true,"href":"https:\/\/nk7-testes.com.br\/agazeta\/wp-json\/wp\/v2\/comments?post=124779"}],"version-history":[{"count":0,"href":"https:\/\/nk7-testes.com.br\/agazeta\/wp-json\/wp\/v2\/posts\/124779\/revisions"}],"wp:featuredmedia":[{"embeddable":true,"href":"https:\/\/nk7-testes.com.br\/agazeta\/wp-json\/wp\/v2\/media\/124780"}],"wp:attachment":[{"href":"https:\/\/nk7-testes.com.br\/agazeta\/wp-json\/wp\/v2\/media?parent=124779"}],"wp:term":[{"taxonomy":"category","embeddable":true,"href":"https:\/\/nk7-testes.com.br\/agazeta\/wp-json\/wp\/v2\/categories?post=124779"},{"taxonomy":"post_tag","embeddable":true,"href":"https:\/\/nk7-testes.com.br\/agazeta\/wp-json\/wp\/v2\/tags?post=124779"}],"curies":[{"name":"wp","href":"https:\/\/api.w.org\/{rel}","templated":true}]}}