{"id":124724,"date":"2024-01-02T16:23:17","date_gmt":"2024-01-02T21:23:17","guid":{"rendered":"https:\/\/abarevegan.com.br\/?p=124724"},"modified":"2024-01-02T16:23:17","modified_gmt":"2024-01-02T21:23:17","slug":"jorge-viana-diz-que-acre-pode-comecar-exportar-carne-para-china-primeira-vez-na-historia","status":"publish","type":"post","link":"https:\/\/nk7-testes.com.br\/agazeta\/jorge-viana-diz-que-acre-pode-comecar-exportar-carne-para-china-primeira-vez-na-historia\/","title":{"rendered":"Jorge Viana diz que Acre pode come\u00e7ar exportar carne para China: &#8216;Primeira vez na hist\u00f3ria&#8217;"},"content":{"rendered":"<p style=\"text-align: justify;\">Na tarde desta ter\u00e7a-feira (02), durante entrevista ao programa Gazeta Entrevista, o ex-governador do Acre e atual presidente da Ag\u00eancia Brasileira de Promo\u00e7\u00e3o de Exporta\u00e7\u00f5es e Investimentos (ApexBrasil), Jorge Viana, afirmou que o Estado pode come\u00e7ar a exportar carne bovina para a China.<\/p>\n<p style=\"text-align: justify;\">Em primeira m\u00e3o \u00e0 TV Gazeta, Viana contou que recebeu uma liga\u00e7\u00e3o do ministro da Agricultura, Carlos F\u00e1varo, pouco antes de chegar ao programa, onde foi informado que o Frisacre entrou na lista dos frigor\u00edficos que v\u00e3o ser visitados pelo governo chin\u00eas para receber a habilita\u00e7\u00e3o.<\/p>\n<p style=\"text-align: justify;\">&#8220;N\u00e3o \u00e9 que j\u00e1 est\u00e1 habilitado, mas o ministro me ligou falando que o Frisacre entrou na lista das plantas que ser\u00e3o visitadas, ainda este m\u00eas, pelo governo chin\u00eas, para receber a habilita\u00e7\u00e3o. Se isso acontece, a gente vai ter o Acre exportando carne bovina, pela primeira vez na hist\u00f3ria, para a China&#8221;, afirmou o presidente da Apex.<\/p>\n<p style=\"text-align: justify;\"><strong>Amaz\u00f4nia x Exporta\u00e7\u00e3o<\/strong><\/p>\n<p style=\"text-align: justify;\">Ainda durante a entrevista, Jorge Viana declarou que a Amaz\u00f4nia \u00e9 a regi\u00e3o mais rica do Brasil e uma das mais ricas do mundo, por\u00e9m, exporta muito pouco. Segundo ele, a cria\u00e7\u00e3o do programa &#8216;Exporta Mais Amaz\u00f4nia&#8217; foi criado por conta disso.<\/p>\n<p style=\"text-align: justify;\">&#8220;Estou em um lugar agora que o presidente Lula me deu a oportunidade que \u00e9 respons\u00e1vel pela promo\u00e7\u00e3o dos produtos brasileiros no mundo, mas eu te digo: a Amaz\u00f4nia exporta muito pouco. \u00c9 a regi\u00e3o mais rica do Brasil, uma das mais ricas do mundo, e exporta pouco. Por isso fizemos o Exporta Mais Amaz\u00f4nia&#8221;, destacou.<\/p>\n<p style=\"text-align: justify;\">De acordo com Viana, dos R$ 334 bilh\u00f5es de d\u00f3lares exportados em 2022, a Amaz\u00f4nia exportou R$ 28 milh\u00f5es, mas desse n\u00famero, o Par\u00e1, com a Vale do Rio Doce, exportou R$ 21 milh\u00f5es.<\/p>\n<p style=\"text-align: justify;\">&#8220;Dos R$ 334 bilh\u00f5es de d\u00f3lares exportados em 2022, a Amaz\u00f4nia exportou R$ 28 milh\u00f5es, mas desses R$ 28, o Par\u00e1, com a Vale do Rio Doce, exportou R$ 21 milh\u00f5es. Somando o estado d\u00e1 R$ 7 bilh\u00f5es&#8221;, informou.<\/p>\n","protected":false},"excerpt":{"rendered":"<p>Na tarde desta ter\u00e7a-feira (02), durante entrevista ao programa Gazeta Entrevista, o ex-governador do Acre e atual presidente da Ag\u00eancia Brasileira de Promo\u00e7\u00e3o de Exporta\u00e7\u00f5es e Investimentos (ApexBrasil), Jorge Viana, afirmou que o Estado pode come\u00e7ar a exportar carne bovina para a China. Em primeira m\u00e3o \u00e0 TV Gazeta, Viana contou que recebeu uma liga\u00e7\u00e3o [&hellip;]<\/p>\n","protected":false},"author":4,"featured_media":124728,"comment_status":"open","ping_status":"open","sticky":false,"template":"","format":"standard","meta":{"jnews-multi-image_gallery":[],"jnews_single_post":{"source_name":"","source_url":"","via_name":"","via_url":"","override_template":"0","override":[{"template":"custom","single_blog_custom":"110746","parallax":"1","fullscreen":"1","layout":"right-sidebar","sidebar":"default-sidebar","second_sidebar":"default-sidebar","sticky_sidebar":"1","share_position":"top","share_float_style":"share-monocrhome","show_share_counter":"1","show_view_counter":"1","show_featured":"1","show_post_meta":"1","show_post_author":"1","show_post_author_image":"1","show_post_date":"1","post_date_format":"default","post_date_format_custom":"Y\/m\/d","show_post_category":"1","show_post_reading_time":"0","post_reading_time_wpm":"300","show_zoom_button":"0","zoom_button_out_step":"2","zoom_button_in_step":"3","show_post_tag":"1","show_prev_next_post":"1","show_popup_post":"1","number_popup_post":"1","show_author_box":"0","show_post_related":"1","show_inline_post_related":"0"}],"override_image_size":"0","image_override":[{"single_post_thumbnail_size":"crop-500","single_post_gallery_size":"crop-500"}],"trending_post":"0","trending_post_position":"meta","trending_post_label":"Trending","sponsored_post":"0","sponsored_post_label":"Sponsored by","sponsored_post_name":"","sponsored_post_url":"","sponsored_post_logo_enable":"0","sponsored_post_logo":"","sponsored_post_desc":"","disable_ad":"0"},"jnews_primary_category":{"id":"","hide":""},"jnews_social_meta":{"fb_title":"","fb_description":"","fb_image":"","twitter_title":"","twitter_description":"","twitter_image":""},"jnews_review":[],"enable_review":"0","type":"percentage","name":"","summary":"","brand":"","sku":"","good":[{"good_text":""}],"bad":[{"bad_text":""}],"score_override":"0","override_value":"","rating":[{"rating_text":"","rating_number":"10"}],"price":[{"shop":"","price":"","link":"","icon":""}],"footnotes":""},"categories":[54],"tags":[152],"class_list":["post-124724","post","type-post","status-publish","format-standard","has-post-thumbnail","hentry","category-cotidiano","tag-destaque"],"yoast_head":"<!-- This site is optimized with the Yoast SEO plugin v26.5 - https:\/\/yoast.com\/wordpress\/plugins\/seo\/ -->\n<title>Jorge Viana diz que Acre pode come\u00e7ar exportar carne para China: &#039;Primeira vez na hist\u00f3ria&#039; - Agazeta.net<\/title>\n<meta name=\"robots\" content=\"index, follow, max-snippet:-1, max-image-preview:large, max-video-preview:-1\" \/>\n<link rel=\"canonical\" href=\"https:\/\/nk7-testes.com.br\/agazeta\/jorge-viana-diz-que-acre-pode-comecar-exportar-carne-para-china-primeira-vez-na-historia\/\" \/>\n<meta property=\"og:locale\" content=\"pt_BR\" \/>\n<meta property=\"og:type\" content=\"article\" \/>\n<meta property=\"og:title\" content=\"Jorge Viana diz que Acre pode come\u00e7ar exportar carne para China: &#039;Primeira vez na hist\u00f3ria&#039;\" \/>\n<meta property=\"og:description\" content=\"Ex-governador recebeu uma liga\u00e7\u00e3o do ministro da Agricultura nesta ter\u00e7a-feira (02)\" \/>\n<meta property=\"og:url\" content=\"https:\/\/nk7-testes.com.br\/agazeta\/jorge-viana-diz-que-acre-pode-comecar-exportar-carne-para-china-primeira-vez-na-historia\/\" \/>\n<meta property=\"og:site_name\" content=\"Agazeta.net\" \/>\n<meta property=\"article:published_time\" content=\"2024-01-02T21:23:17+00:00\" \/>\n<meta property=\"og:image\" content=\"https:\/\/nk7-testes.com.br\/agazeta\/wp-content\/uploads\/2024\/01\/WhatsApp-Image-2024-01-02-at-18.20.09.jpeg\" \/>\n\t<meta property=\"og:image:width\" content=\"800\" \/>\n\t<meta property=\"og:image:height\" content=\"401\" \/>\n\t<meta property=\"og:image:type\" content=\"image\/jpeg\" \/>\n<meta name=\"author\" content=\"Agazeta.Net\" \/>\n<meta name=\"twitter:card\" content=\"summary_large_image\" \/>\n<meta name=\"twitter:label1\" content=\"Escrito por\" \/>\n\t<meta name=\"twitter:data1\" content=\"Agazeta.Net\" \/>\n\t<meta name=\"twitter:label2\" content=\"Est. tempo de leitura\" \/>\n\t<meta name=\"twitter:data2\" content=\"2 minutos\" \/>\n<script type=\"application\/ld+json\" class=\"yoast-schema-graph\">{\"@context\":\"https:\/\/schema.org\",\"@graph\":[{\"@type\":\"WebPage\",\"@id\":\"https:\/\/nk7-testes.com.br\/agazeta\/jorge-viana-diz-que-acre-pode-comecar-exportar-carne-para-china-primeira-vez-na-historia\/\",\"url\":\"https:\/\/nk7-testes.com.br\/agazeta\/jorge-viana-diz-que-acre-pode-comecar-exportar-carne-para-china-primeira-vez-na-historia\/\",\"name\":\"Jorge Viana diz que Acre pode come\u00e7ar exportar carne para China: 'Primeira vez na hist\u00f3ria' - Agazeta.net\",\"isPartOf\":{\"@id\":\"https:\/\/nk7-testes.com.br\/agazeta\/#website\"},\"primaryImageOfPage\":{\"@id\":\"https:\/\/nk7-testes.com.br\/agazeta\/jorge-viana-diz-que-acre-pode-comecar-exportar-carne-para-china-primeira-vez-na-historia\/#primaryimage\"},\"image\":{\"@id\":\"https:\/\/nk7-testes.com.br\/agazeta\/jorge-viana-diz-que-acre-pode-comecar-exportar-carne-para-china-primeira-vez-na-historia\/#primaryimage\"},\"thumbnailUrl\":\"https:\/\/nk7-testes.com.br\/agazeta\/wp-content\/uploads\/2024\/01\/WhatsApp-Image-2024-01-02-at-18.20.09.jpeg\",\"datePublished\":\"2024-01-02T21:23:17+00:00\",\"author\":{\"@id\":\"https:\/\/nk7-testes.com.br\/agazeta\/#\/schema\/person\/ff6b39d54d6973bfc57f4140f659b23f\"},\"breadcrumb\":{\"@id\":\"https:\/\/nk7-testes.com.br\/agazeta\/jorge-viana-diz-que-acre-pode-comecar-exportar-carne-para-china-primeira-vez-na-historia\/#breadcrumb\"},\"inLanguage\":\"pt-BR\",\"potentialAction\":[{\"@type\":\"ReadAction\",\"target\":[\"https:\/\/nk7-testes.com.br\/agazeta\/jorge-viana-diz-que-acre-pode-comecar-exportar-carne-para-china-primeira-vez-na-historia\/\"]}]},{\"@type\":\"ImageObject\",\"inLanguage\":\"pt-BR\",\"@id\":\"https:\/\/nk7-testes.com.br\/agazeta\/jorge-viana-diz-que-acre-pode-comecar-exportar-carne-para-china-primeira-vez-na-historia\/#primaryimage\",\"url\":\"https:\/\/nk7-testes.com.br\/agazeta\/wp-content\/uploads\/2024\/01\/WhatsApp-Image-2024-01-02-at-18.20.09.jpeg\",\"contentUrl\":\"https:\/\/nk7-testes.com.br\/agazeta\/wp-content\/uploads\/2024\/01\/WhatsApp-Image-2024-01-02-at-18.20.09.jpeg\",\"width\":800,\"height\":401,\"caption\":\"Imagem: Reprodu\u00e7\u00e3o\"},{\"@type\":\"BreadcrumbList\",\"@id\":\"https:\/\/nk7-testes.com.br\/agazeta\/jorge-viana-diz-que-acre-pode-comecar-exportar-carne-para-china-primeira-vez-na-historia\/#breadcrumb\",\"itemListElement\":[{\"@type\":\"ListItem\",\"position\":1,\"name\":\"In\u00edcio\",\"item\":\"https:\/\/nk7-testes.com.br\/agazeta\/\"},{\"@type\":\"ListItem\",\"position\":2,\"name\":\"Jorge Viana diz que Acre pode come\u00e7ar exportar carne para China: &#8216;Primeira vez na hist\u00f3ria&#8217;\"}]},{\"@type\":\"WebSite\",\"@id\":\"https:\/\/nk7-testes.com.br\/agazeta\/#website\",\"url\":\"https:\/\/nk7-testes.com.br\/agazeta\/\",\"name\":\"Agazeta.net\",\"description\":\"Agazeta.net - Not\u00edcias de Rio Branco\/AC\",\"potentialAction\":[{\"@type\":\"SearchAction\",\"target\":{\"@type\":\"EntryPoint\",\"urlTemplate\":\"https:\/\/nk7-testes.com.br\/agazeta\/?s={search_term_string}\"},\"query-input\":{\"@type\":\"PropertyValueSpecification\",\"valueRequired\":true,\"valueName\":\"search_term_string\"}}],\"inLanguage\":\"pt-BR\"},{\"@type\":\"Person\",\"@id\":\"https:\/\/nk7-testes.com.br\/agazeta\/#\/schema\/person\/ff6b39d54d6973bfc57f4140f659b23f\",\"name\":\"Agazeta.Net\",\"url\":\"https:\/\/nk7-testes.com.br\/agazeta\/author\/agazeta\/\"}]}<\/script>\n<!-- \/ Yoast SEO plugin. -->","yoast_head_json":{"title":"Jorge Viana diz que Acre pode come\u00e7ar exportar carne para China: 'Primeira vez na hist\u00f3ria' - Agazeta.net","robots":{"index":"index","follow":"follow","max-snippet":"max-snippet:-1","max-image-preview":"max-image-preview:large","max-video-preview":"max-video-preview:-1"},"canonical":"https:\/\/nk7-testes.com.br\/agazeta\/jorge-viana-diz-que-acre-pode-comecar-exportar-carne-para-china-primeira-vez-na-historia\/","og_locale":"pt_BR","og_type":"article","og_title":"Jorge Viana diz que Acre pode come\u00e7ar exportar carne para China: 'Primeira vez na hist\u00f3ria'","og_description":"Ex-governador recebeu uma liga\u00e7\u00e3o do ministro da Agricultura nesta ter\u00e7a-feira (02)","og_url":"https:\/\/nk7-testes.com.br\/agazeta\/jorge-viana-diz-que-acre-pode-comecar-exportar-carne-para-china-primeira-vez-na-historia\/","og_site_name":"Agazeta.net","article_published_time":"2024-01-02T21:23:17+00:00","og_image":[{"width":800,"height":401,"url":"https:\/\/nk7-testes.com.br\/agazeta\/wp-content\/uploads\/2024\/01\/WhatsApp-Image-2024-01-02-at-18.20.09.jpeg","type":"image\/jpeg"}],"author":"Agazeta.Net","twitter_card":"summary_large_image","twitter_misc":{"Escrito por":"Agazeta.Net","Est. tempo de leitura":"2 minutos"},"schema":{"@context":"https:\/\/schema.org","@graph":[{"@type":"WebPage","@id":"https:\/\/nk7-testes.com.br\/agazeta\/jorge-viana-diz-que-acre-pode-comecar-exportar-carne-para-china-primeira-vez-na-historia\/","url":"https:\/\/nk7-testes.com.br\/agazeta\/jorge-viana-diz-que-acre-pode-comecar-exportar-carne-para-china-primeira-vez-na-historia\/","name":"Jorge Viana diz que Acre pode come\u00e7ar exportar carne para China: 'Primeira vez na hist\u00f3ria' - Agazeta.net","isPartOf":{"@id":"https:\/\/nk7-testes.com.br\/agazeta\/#website"},"primaryImageOfPage":{"@id":"https:\/\/nk7-testes.com.br\/agazeta\/jorge-viana-diz-que-acre-pode-comecar-exportar-carne-para-china-primeira-vez-na-historia\/#primaryimage"},"image":{"@id":"https:\/\/nk7-testes.com.br\/agazeta\/jorge-viana-diz-que-acre-pode-comecar-exportar-carne-para-china-primeira-vez-na-historia\/#primaryimage"},"thumbnailUrl":"https:\/\/nk7-testes.com.br\/agazeta\/wp-content\/uploads\/2024\/01\/WhatsApp-Image-2024-01-02-at-18.20.09.jpeg","datePublished":"2024-01-02T21:23:17+00:00","author":{"@id":"https:\/\/nk7-testes.com.br\/agazeta\/#\/schema\/person\/ff6b39d54d6973bfc57f4140f659b23f"},"breadcrumb":{"@id":"https:\/\/nk7-testes.com.br\/agazeta\/jorge-viana-diz-que-acre-pode-comecar-exportar-carne-para-china-primeira-vez-na-historia\/#breadcrumb"},"inLanguage":"pt-BR","potentialAction":[{"@type":"ReadAction","target":["https:\/\/nk7-testes.com.br\/agazeta\/jorge-viana-diz-que-acre-pode-comecar-exportar-carne-para-china-primeira-vez-na-historia\/"]}]},{"@type":"ImageObject","inLanguage":"pt-BR","@id":"https:\/\/nk7-testes.com.br\/agazeta\/jorge-viana-diz-que-acre-pode-comecar-exportar-carne-para-china-primeira-vez-na-historia\/#primaryimage","url":"https:\/\/nk7-testes.com.br\/agazeta\/wp-content\/uploads\/2024\/01\/WhatsApp-Image-2024-01-02-at-18.20.09.jpeg","contentUrl":"https:\/\/nk7-testes.com.br\/agazeta\/wp-content\/uploads\/2024\/01\/WhatsApp-Image-2024-01-02-at-18.20.09.jpeg","width":800,"height":401,"caption":"Imagem: Reprodu\u00e7\u00e3o"},{"@type":"BreadcrumbList","@id":"https:\/\/nk7-testes.com.br\/agazeta\/jorge-viana-diz-que-acre-pode-comecar-exportar-carne-para-china-primeira-vez-na-historia\/#breadcrumb","itemListElement":[{"@type":"ListItem","position":1,"name":"In\u00edcio","item":"https:\/\/nk7-testes.com.br\/agazeta\/"},{"@type":"ListItem","position":2,"name":"Jorge Viana diz que Acre pode come\u00e7ar exportar carne para China: &#8216;Primeira vez na hist\u00f3ria&#8217;"}]},{"@type":"WebSite","@id":"https:\/\/nk7-testes.com.br\/agazeta\/#website","url":"https:\/\/nk7-testes.com.br\/agazeta\/","name":"Agazeta.net","description":"Agazeta.net - Not\u00edcias de Rio Branco\/AC","potentialAction":[{"@type":"SearchAction","target":{"@type":"EntryPoint","urlTemplate":"https:\/\/nk7-testes.com.br\/agazeta\/?s={search_term_string}"},"query-input":{"@type":"PropertyValueSpecification","valueRequired":true,"valueName":"search_term_string"}}],"inLanguage":"pt-BR"},{"@type":"Person","@id":"https:\/\/nk7-testes.com.br\/agazeta\/#\/schema\/person\/ff6b39d54d6973bfc57f4140f659b23f","name":"Agazeta.Net","url":"https:\/\/nk7-testes.com.br\/agazeta\/author\/agazeta\/"}]}},"_links":{"self":[{"href":"https:\/\/nk7-testes.com.br\/agazeta\/wp-json\/wp\/v2\/posts\/124724","targetHints":{"allow":["GET"]}}],"collection":[{"href":"https:\/\/nk7-testes.com.br\/agazeta\/wp-json\/wp\/v2\/posts"}],"about":[{"href":"https:\/\/nk7-testes.com.br\/agazeta\/wp-json\/wp\/v2\/types\/post"}],"author":[{"embeddable":true,"href":"https:\/\/nk7-testes.com.br\/agazeta\/wp-json\/wp\/v2\/users\/4"}],"replies":[{"embeddable":true,"href":"https:\/\/nk7-testes.com.br\/agazeta\/wp-json\/wp\/v2\/comments?post=124724"}],"version-history":[{"count":0,"href":"https:\/\/nk7-testes.com.br\/agazeta\/wp-json\/wp\/v2\/posts\/124724\/revisions"}],"wp:featuredmedia":[{"embeddable":true,"href":"https:\/\/nk7-testes.com.br\/agazeta\/wp-json\/wp\/v2\/media\/124728"}],"wp:attachment":[{"href":"https:\/\/nk7-testes.com.br\/agazeta\/wp-json\/wp\/v2\/media?parent=124724"}],"wp:term":[{"taxonomy":"category","embeddable":true,"href":"https:\/\/nk7-testes.com.br\/agazeta\/wp-json\/wp\/v2\/categories?post=124724"},{"taxonomy":"post_tag","embeddable":true,"href":"https:\/\/nk7-testes.com.br\/agazeta\/wp-json\/wp\/v2\/tags?post=124724"}],"curies":[{"name":"wp","href":"https:\/\/api.w.org\/{rel}","templated":true}]}}