{"id":124624,"date":"2023-12-29T14:12:32","date_gmt":"2023-12-29T19:12:32","guid":{"rendered":"https:\/\/abarevegan.com.br\/?p=124624"},"modified":"2023-12-29T14:12:32","modified_gmt":"2023-12-29T19:12:32","slug":"apos-prisao-do-vereador-de-epitaciolandia-acusado-de-estupro-de-vulneravel-vitima-desabafa-aliviada-e-feliz","status":"publish","type":"post","link":"https:\/\/nk7-testes.com.br\/agazeta\/apos-prisao-do-vereador-de-epitaciolandia-acusado-de-estupro-de-vulneravel-vitima-desabafa-aliviada-e-feliz\/","title":{"rendered":"Ap\u00f3s pris\u00e3o do vereador de Epitaciol\u00e2ndia acusado de estupro de vulner\u00e1vel, v\u00edtima desabafa: &#8216;Aliviada e feliz&#8217;"},"content":{"rendered":"<p style=\"text-align: justify;\">A designer de sobrancelhas e maquiadora Mariluce Lima, atualmente com 20 anos, usou as redes sociais, nesta quinta-feira (28), para desabafar, ap\u00f3s a pris\u00e3o do vereador de Epitaciol\u00e2ndia, Messias Lopes (PT), acusado de estupro de vulner\u00e1vel contra ela. O caso ocorreu em 2016, quando a v\u00edtima tinha apenas 13 anos.<\/p>\n<p style=\"text-align: justify;\">&#8220;Atualmente eu tenho 20 anos. Na \u00e9poca, eu tinha 13 anos e sofri um abuso. Uma crian\u00e7a inocente, que n\u00e3o sabia se defender de nada ainda. Durante anos eu venho carregando esse trauma, crise de ansiedade, tudo de ruim que voc\u00eas podem imaginar&#8221;, disse Lima, emocionada.<\/p>\n<p style=\"text-align: justify;\">De acordo com a jovem, ela estava em um Uber voltando do trabalho, quando recebeu uma mensagem de uma prima, com uma mat\u00e9ria jornal\u00edstica sobre a pris\u00e3o do acusado. Segundo ela, ler que ele havia sido preso foi o maior prazer.<\/p>\n<p style=\"text-align: justify;\">&#8220;Eu ainda no Uber, a minha prima me mandou uma mensagem com a mat\u00e9ria. Fui olhar e, gente, senti uma sensa\u00e7\u00e3o de al\u00edvio. Esses anos todinhos, eu j\u00e1 tinha at\u00e9 perdido a esperan\u00e7a de que a justi\u00e7a ia ser feita. Foi o meu maior prazer receber a mat\u00e9ria de que ele foi preso&#8221;, afirmou a jovem.<\/p>\n<p style=\"text-align: justify;\">Mariluce Lima destacou, ainda, que ningu\u00e9m sabia que ela era a v\u00edtima, al\u00e9m dos mais pr\u00f3ximos, pois, na \u00e9poca do ocorrido, ainda era menor de idade e os ve\u00edculos de comunica\u00e7\u00e3o que divulgaram n\u00e3o publicaram os dados dela, e isso era como um peso que ela tinha que carregar.<\/p>\n<p style=\"text-align: justify;\">&#8220;Ningu\u00e9m sabia que foi eu. Eu era de menor. Sa\u00edram mat\u00e9rias e tudo, mas eu era de menor, ent\u00e3o divulgaram s\u00f3 a parte dele. S\u00f3 os mais pr\u00f3ximos sabiam que era eu. Esse peso eu carrego s\u00f3 comigo, sabe?! Estou sendo muito forte em vir falar com voc\u00eas&#8221;, salientou.<\/p>\n<p style=\"text-align: justify;\">Em 2016, no momento do ocorrido, a v\u00edtima disse ter feito um boletim de ocorr\u00eancia, ao lado da m\u00e3e, mas, por ser de uma fam\u00edlia humilde, n\u00e3o teve condi\u00e7\u00f5es de pagar um advogado.<\/p>\n<p style=\"text-align: justify;\">&#8220;Fui na delegacia, registrei a queixa com ela (a m\u00e3e). Eu venho de uma fam\u00edlia muito humilde e a gente n\u00e3o teve condi\u00e7\u00f5es de pagar um advogado na \u00e9poca. Ele pagou um advogado, ficou esses anos todos soltos, mas para a honra e gl\u00f3ria do Senhor a justi\u00e7a foi feita. Voc\u00eas n\u00e3o t\u00eam no\u00e7\u00e3o do al\u00edvio&#8221;, detalhou ela.<\/p>\n<p style=\"text-align: justify;\">Ela relatou que at\u00e9 j\u00e1 tentou tirar a pr\u00f3pria vida v\u00e1rias vezes, al\u00e9m de ter sido culpabilizada pelo ocorrido. &#8220;Sofri o abuso, no mesmo dia fiz um exame com um m\u00e9dico homem, e as pessoas ainda vieram na minha mente, de uma crian\u00e7a, dizendo que a culpa era minha. N\u00e3o desejo nem para o meu pior inimigo&#8221;.<\/p>\n<p style=\"text-align: justify;\">Ainda segundo a jovem em v\u00eddeo, ela est\u00e1 aliviada e feliz, e espera que o acusado nunca mais possa tocar em uma mulher sem a permiss\u00e3o dela.<\/p>\n<p style=\"text-align: justify;\">&#8220;Estou aliviada e feliz ao mesmo tempo. Que ele nunca mais possa tocar em uma mulher sem a permiss\u00e3o dela. Eu e outras mulheres passaram por isso, s\u00f3 a gente sabe os traumas que carregarmos, que s\u00e3o para o resto da vida. N\u00e3o tem essa de passou \u00e9 passado, esse \u00e9 diferente. N\u00e3o tem como esquecer&#8221;, reiterou.<\/p>\n<h3>Pris\u00e3o<\/h3>\n<p style=\"text-align: justify;\">O vereador Messias Lopes, filiado ao Partido dos Trabalhadores (PT), foi preso nesta quinta-feira (28), dentro da C\u00e2mara de Vereadores de Epitaciol\u00e2ndia. Ele estava exercendo a fun\u00e7\u00e3o de presidente interino da Casa no momento da pris\u00e3o. A acusa\u00e7\u00e3o que recai sobre o parlamentar \u00e9 de estupro de vulner\u00e1vel, referente a um caso ocorrido em 2016.<\/p>\n<p style=\"text-align: justify;\">Segundo informa\u00e7\u00f5es, Messias teria dado carona a uma adolescente de 13 anos at\u00e9 uma comunidade na Zona Rural, por\u00e9m, durante o trajeto, teria cometido o abuso. A den\u00fancia foi feita na \u00e9poca, que agora resultou na pris\u00e3o do vereador.<\/p>\n<p style=\"text-align: justify;\">O delegado Bel Erick Maciel, respons\u00e1vel pela Delegacia de Pol\u00edcia Civil de Epitaciol\u00e2ndia, informou que o parlamentar ser\u00e1 encaminhado ao pres\u00eddio de Rio Branco nesta sexta-feira (29). Messias Lopes responder\u00e1 pelo crime de estupro de vulner\u00e1vel, cuja pena pode ultrapassar 11 anos de reclus\u00e3o.<\/p>\n<p>https:\/\/nk7-testes.com.br\/apos-quase-oito-anos-do-crime-vereador-e-preso-dentro-da-camara-por-estupro-de-vulneravel-em-epitaciolandia\/<\/p>\n","protected":false},"excerpt":{"rendered":"<p>A designer de sobrancelhas e maquiadora Mariluce Lima, atualmente com 20 anos, usou as redes sociais, nesta quinta-feira (28), para desabafar, ap\u00f3s a pris\u00e3o do vereador de Epitaciol\u00e2ndia, Messias Lopes (PT), acusado de estupro de vulner\u00e1vel contra ela. O caso ocorreu em 2016, quando a v\u00edtima tinha apenas 13 anos. &#8220;Atualmente eu tenho 20 anos. [&hellip;]<\/p>\n","protected":false},"author":4,"featured_media":124625,"comment_status":"open","ping_status":"open","sticky":false,"template":"","format":"standard","meta":{"jnews-multi-image_gallery":[],"jnews_single_post":{"source_name":"","source_url":"","via_name":"","via_url":"","override_template":"0","override":[{"template":"custom","single_blog_custom":"110746","parallax":"1","fullscreen":"1","layout":"right-sidebar","sidebar":"default-sidebar","second_sidebar":"default-sidebar","sticky_sidebar":"1","share_position":"top","share_float_style":"share-monocrhome","show_share_counter":"1","show_view_counter":"1","show_featured":"1","show_post_meta":"1","show_post_author":"1","show_post_author_image":"1","show_post_date":"1","post_date_format":"default","post_date_format_custom":"Y\/m\/d","show_post_category":"1","show_post_reading_time":"0","post_reading_time_wpm":"300","show_zoom_button":"0","zoom_button_out_step":"2","zoom_button_in_step":"3","show_post_tag":"1","show_prev_next_post":"1","show_popup_post":"1","number_popup_post":"1","show_author_box":"0","show_post_related":"1","show_inline_post_related":"0"}],"override_image_size":"0","image_override":[{"single_post_thumbnail_size":"crop-500","single_post_gallery_size":"crop-500"}],"trending_post":"0","trending_post_position":"meta","trending_post_label":"Trending","sponsored_post":"0","sponsored_post_label":"Sponsored by","sponsored_post_name":"","sponsored_post_url":"","sponsored_post_logo_enable":"0","sponsored_post_logo":"","sponsored_post_desc":"","disable_ad":"0"},"jnews_primary_category":{"id":"","hide":""},"jnews_social_meta":{"fb_title":"","fb_description":"","fb_image":"","twitter_title":"","twitter_description":"","twitter_image":""},"jnews_review":[],"enable_review":"0","type":"percentage","name":"","summary":"","brand":"","sku":"","good":[{"good_text":""}],"bad":[{"bad_text":""}],"score_override":"0","override_value":"","rating":[{"rating_text":"","rating_number":"10"}],"price":[{"shop":"","price":"","link":"","icon":""}],"footnotes":""},"categories":[54],"tags":[152],"class_list":["post-124624","post","type-post","status-publish","format-standard","has-post-thumbnail","hentry","category-cotidiano","tag-destaque"],"yoast_head":"<!-- This site is optimized with the Yoast SEO plugin v26.5 - https:\/\/yoast.com\/wordpress\/plugins\/seo\/ -->\n<title>Ap\u00f3s pris\u00e3o do vereador de Epitaciol\u00e2ndia acusado de estupro de vulner\u00e1vel, v\u00edtima desabafa: &#039;Aliviada e feliz&#039; - Agazeta.net<\/title>\n<meta name=\"robots\" content=\"index, follow, max-snippet:-1, max-image-preview:large, max-video-preview:-1\" \/>\n<link rel=\"canonical\" href=\"https:\/\/nk7-testes.com.br\/agazeta\/apos-prisao-do-vereador-de-epitaciolandia-acusado-de-estupro-de-vulneravel-vitima-desabafa-aliviada-e-feliz\/\" \/>\n<meta property=\"og:locale\" content=\"pt_BR\" \/>\n<meta property=\"og:type\" content=\"article\" \/>\n<meta property=\"og:title\" content=\"Ap\u00f3s pris\u00e3o do vereador de Epitaciol\u00e2ndia acusado de estupro de vulner\u00e1vel, v\u00edtima desabafa: &#039;Aliviada e feliz&#039;\" \/>\n<meta property=\"og:description\" content=\"Caso ocorreu em 2016, quando a v\u00edtima tinha apenas 13 anos; atualmente, Mariluce Lima tem 20 anos\" \/>\n<meta property=\"og:url\" content=\"https:\/\/nk7-testes.com.br\/agazeta\/apos-prisao-do-vereador-de-epitaciolandia-acusado-de-estupro-de-vulneravel-vitima-desabafa-aliviada-e-feliz\/\" \/>\n<meta property=\"og:site_name\" content=\"Agazeta.net\" \/>\n<meta property=\"article:published_time\" content=\"2023-12-29T19:12:32+00:00\" \/>\n<meta property=\"og:image\" content=\"https:\/\/nk7-testes.com.br\/agazeta\/wp-content\/uploads\/2023\/12\/vitima-lucy.jpg\" \/>\n\t<meta property=\"og:image:width\" content=\"800\" \/>\n\t<meta property=\"og:image:height\" content=\"403\" \/>\n\t<meta property=\"og:image:type\" content=\"image\/jpeg\" \/>\n<meta name=\"author\" content=\"Agazeta.Net\" \/>\n<meta name=\"twitter:card\" content=\"summary_large_image\" \/>\n<meta name=\"twitter:label1\" content=\"Escrito por\" \/>\n\t<meta name=\"twitter:data1\" content=\"Agazeta.Net\" \/>\n\t<meta name=\"twitter:label2\" content=\"Est. tempo de leitura\" \/>\n\t<meta name=\"twitter:data2\" content=\"4 minutos\" \/>\n<script type=\"application\/ld+json\" class=\"yoast-schema-graph\">{\"@context\":\"https:\/\/schema.org\",\"@graph\":[{\"@type\":\"WebPage\",\"@id\":\"https:\/\/nk7-testes.com.br\/agazeta\/apos-prisao-do-vereador-de-epitaciolandia-acusado-de-estupro-de-vulneravel-vitima-desabafa-aliviada-e-feliz\/\",\"url\":\"https:\/\/nk7-testes.com.br\/agazeta\/apos-prisao-do-vereador-de-epitaciolandia-acusado-de-estupro-de-vulneravel-vitima-desabafa-aliviada-e-feliz\/\",\"name\":\"Ap\u00f3s pris\u00e3o do vereador de Epitaciol\u00e2ndia acusado de estupro de vulner\u00e1vel, v\u00edtima desabafa: 'Aliviada e feliz' - Agazeta.net\",\"isPartOf\":{\"@id\":\"https:\/\/nk7-testes.com.br\/agazeta\/#website\"},\"primaryImageOfPage\":{\"@id\":\"https:\/\/nk7-testes.com.br\/agazeta\/apos-prisao-do-vereador-de-epitaciolandia-acusado-de-estupro-de-vulneravel-vitima-desabafa-aliviada-e-feliz\/#primaryimage\"},\"image\":{\"@id\":\"https:\/\/nk7-testes.com.br\/agazeta\/apos-prisao-do-vereador-de-epitaciolandia-acusado-de-estupro-de-vulneravel-vitima-desabafa-aliviada-e-feliz\/#primaryimage\"},\"thumbnailUrl\":\"https:\/\/nk7-testes.com.br\/agazeta\/wp-content\/uploads\/2023\/12\/vitima-lucy.jpg\",\"datePublished\":\"2023-12-29T19:12:32+00:00\",\"author\":{\"@id\":\"https:\/\/nk7-testes.com.br\/agazeta\/#\/schema\/person\/ff6b39d54d6973bfc57f4140f659b23f\"},\"breadcrumb\":{\"@id\":\"https:\/\/nk7-testes.com.br\/agazeta\/apos-prisao-do-vereador-de-epitaciolandia-acusado-de-estupro-de-vulneravel-vitima-desabafa-aliviada-e-feliz\/#breadcrumb\"},\"inLanguage\":\"pt-BR\",\"potentialAction\":[{\"@type\":\"ReadAction\",\"target\":[\"https:\/\/nk7-testes.com.br\/agazeta\/apos-prisao-do-vereador-de-epitaciolandia-acusado-de-estupro-de-vulneravel-vitima-desabafa-aliviada-e-feliz\/\"]}]},{\"@type\":\"ImageObject\",\"inLanguage\":\"pt-BR\",\"@id\":\"https:\/\/nk7-testes.com.br\/agazeta\/apos-prisao-do-vereador-de-epitaciolandia-acusado-de-estupro-de-vulneravel-vitima-desabafa-aliviada-e-feliz\/#primaryimage\",\"url\":\"https:\/\/nk7-testes.com.br\/agazeta\/wp-content\/uploads\/2023\/12\/vitima-lucy.jpg\",\"contentUrl\":\"https:\/\/nk7-testes.com.br\/agazeta\/wp-content\/uploads\/2023\/12\/vitima-lucy.jpg\",\"width\":800,\"height\":403},{\"@type\":\"BreadcrumbList\",\"@id\":\"https:\/\/nk7-testes.com.br\/agazeta\/apos-prisao-do-vereador-de-epitaciolandia-acusado-de-estupro-de-vulneravel-vitima-desabafa-aliviada-e-feliz\/#breadcrumb\",\"itemListElement\":[{\"@type\":\"ListItem\",\"position\":1,\"name\":\"In\u00edcio\",\"item\":\"https:\/\/nk7-testes.com.br\/agazeta\/\"},{\"@type\":\"ListItem\",\"position\":2,\"name\":\"Ap\u00f3s pris\u00e3o do vereador de Epitaciol\u00e2ndia acusado de estupro de vulner\u00e1vel, v\u00edtima desabafa: &#8216;Aliviada e feliz&#8217;\"}]},{\"@type\":\"WebSite\",\"@id\":\"https:\/\/nk7-testes.com.br\/agazeta\/#website\",\"url\":\"https:\/\/nk7-testes.com.br\/agazeta\/\",\"name\":\"Agazeta.net\",\"description\":\"Agazeta.net - Not\u00edcias de Rio Branco\/AC\",\"potentialAction\":[{\"@type\":\"SearchAction\",\"target\":{\"@type\":\"EntryPoint\",\"urlTemplate\":\"https:\/\/nk7-testes.com.br\/agazeta\/?s={search_term_string}\"},\"query-input\":{\"@type\":\"PropertyValueSpecification\",\"valueRequired\":true,\"valueName\":\"search_term_string\"}}],\"inLanguage\":\"pt-BR\"},{\"@type\":\"Person\",\"@id\":\"https:\/\/nk7-testes.com.br\/agazeta\/#\/schema\/person\/ff6b39d54d6973bfc57f4140f659b23f\",\"name\":\"Agazeta.Net\",\"url\":\"https:\/\/nk7-testes.com.br\/agazeta\/author\/agazeta\/\"}]}<\/script>\n<!-- \/ Yoast SEO plugin. -->","yoast_head_json":{"title":"Ap\u00f3s pris\u00e3o do vereador de Epitaciol\u00e2ndia acusado de estupro de vulner\u00e1vel, v\u00edtima desabafa: 'Aliviada e feliz' - Agazeta.net","robots":{"index":"index","follow":"follow","max-snippet":"max-snippet:-1","max-image-preview":"max-image-preview:large","max-video-preview":"max-video-preview:-1"},"canonical":"https:\/\/nk7-testes.com.br\/agazeta\/apos-prisao-do-vereador-de-epitaciolandia-acusado-de-estupro-de-vulneravel-vitima-desabafa-aliviada-e-feliz\/","og_locale":"pt_BR","og_type":"article","og_title":"Ap\u00f3s pris\u00e3o do vereador de Epitaciol\u00e2ndia acusado de estupro de vulner\u00e1vel, v\u00edtima desabafa: 'Aliviada e feliz'","og_description":"Caso ocorreu em 2016, quando a v\u00edtima tinha apenas 13 anos; atualmente, Mariluce Lima tem 20 anos","og_url":"https:\/\/nk7-testes.com.br\/agazeta\/apos-prisao-do-vereador-de-epitaciolandia-acusado-de-estupro-de-vulneravel-vitima-desabafa-aliviada-e-feliz\/","og_site_name":"Agazeta.net","article_published_time":"2023-12-29T19:12:32+00:00","og_image":[{"width":800,"height":403,"url":"https:\/\/nk7-testes.com.br\/agazeta\/wp-content\/uploads\/2023\/12\/vitima-lucy.jpg","type":"image\/jpeg"}],"author":"Agazeta.Net","twitter_card":"summary_large_image","twitter_misc":{"Escrito por":"Agazeta.Net","Est. tempo de leitura":"4 minutos"},"schema":{"@context":"https:\/\/schema.org","@graph":[{"@type":"WebPage","@id":"https:\/\/nk7-testes.com.br\/agazeta\/apos-prisao-do-vereador-de-epitaciolandia-acusado-de-estupro-de-vulneravel-vitima-desabafa-aliviada-e-feliz\/","url":"https:\/\/nk7-testes.com.br\/agazeta\/apos-prisao-do-vereador-de-epitaciolandia-acusado-de-estupro-de-vulneravel-vitima-desabafa-aliviada-e-feliz\/","name":"Ap\u00f3s pris\u00e3o do vereador de Epitaciol\u00e2ndia acusado de estupro de vulner\u00e1vel, v\u00edtima desabafa: 'Aliviada e feliz' - Agazeta.net","isPartOf":{"@id":"https:\/\/nk7-testes.com.br\/agazeta\/#website"},"primaryImageOfPage":{"@id":"https:\/\/nk7-testes.com.br\/agazeta\/apos-prisao-do-vereador-de-epitaciolandia-acusado-de-estupro-de-vulneravel-vitima-desabafa-aliviada-e-feliz\/#primaryimage"},"image":{"@id":"https:\/\/nk7-testes.com.br\/agazeta\/apos-prisao-do-vereador-de-epitaciolandia-acusado-de-estupro-de-vulneravel-vitima-desabafa-aliviada-e-feliz\/#primaryimage"},"thumbnailUrl":"https:\/\/nk7-testes.com.br\/agazeta\/wp-content\/uploads\/2023\/12\/vitima-lucy.jpg","datePublished":"2023-12-29T19:12:32+00:00","author":{"@id":"https:\/\/nk7-testes.com.br\/agazeta\/#\/schema\/person\/ff6b39d54d6973bfc57f4140f659b23f"},"breadcrumb":{"@id":"https:\/\/nk7-testes.com.br\/agazeta\/apos-prisao-do-vereador-de-epitaciolandia-acusado-de-estupro-de-vulneravel-vitima-desabafa-aliviada-e-feliz\/#breadcrumb"},"inLanguage":"pt-BR","potentialAction":[{"@type":"ReadAction","target":["https:\/\/nk7-testes.com.br\/agazeta\/apos-prisao-do-vereador-de-epitaciolandia-acusado-de-estupro-de-vulneravel-vitima-desabafa-aliviada-e-feliz\/"]}]},{"@type":"ImageObject","inLanguage":"pt-BR","@id":"https:\/\/nk7-testes.com.br\/agazeta\/apos-prisao-do-vereador-de-epitaciolandia-acusado-de-estupro-de-vulneravel-vitima-desabafa-aliviada-e-feliz\/#primaryimage","url":"https:\/\/nk7-testes.com.br\/agazeta\/wp-content\/uploads\/2023\/12\/vitima-lucy.jpg","contentUrl":"https:\/\/nk7-testes.com.br\/agazeta\/wp-content\/uploads\/2023\/12\/vitima-lucy.jpg","width":800,"height":403},{"@type":"BreadcrumbList","@id":"https:\/\/nk7-testes.com.br\/agazeta\/apos-prisao-do-vereador-de-epitaciolandia-acusado-de-estupro-de-vulneravel-vitima-desabafa-aliviada-e-feliz\/#breadcrumb","itemListElement":[{"@type":"ListItem","position":1,"name":"In\u00edcio","item":"https:\/\/nk7-testes.com.br\/agazeta\/"},{"@type":"ListItem","position":2,"name":"Ap\u00f3s pris\u00e3o do vereador de Epitaciol\u00e2ndia acusado de estupro de vulner\u00e1vel, v\u00edtima desabafa: &#8216;Aliviada e feliz&#8217;"}]},{"@type":"WebSite","@id":"https:\/\/nk7-testes.com.br\/agazeta\/#website","url":"https:\/\/nk7-testes.com.br\/agazeta\/","name":"Agazeta.net","description":"Agazeta.net - Not\u00edcias de Rio Branco\/AC","potentialAction":[{"@type":"SearchAction","target":{"@type":"EntryPoint","urlTemplate":"https:\/\/nk7-testes.com.br\/agazeta\/?s={search_term_string}"},"query-input":{"@type":"PropertyValueSpecification","valueRequired":true,"valueName":"search_term_string"}}],"inLanguage":"pt-BR"},{"@type":"Person","@id":"https:\/\/nk7-testes.com.br\/agazeta\/#\/schema\/person\/ff6b39d54d6973bfc57f4140f659b23f","name":"Agazeta.Net","url":"https:\/\/nk7-testes.com.br\/agazeta\/author\/agazeta\/"}]}},"_links":{"self":[{"href":"https:\/\/nk7-testes.com.br\/agazeta\/wp-json\/wp\/v2\/posts\/124624","targetHints":{"allow":["GET"]}}],"collection":[{"href":"https:\/\/nk7-testes.com.br\/agazeta\/wp-json\/wp\/v2\/posts"}],"about":[{"href":"https:\/\/nk7-testes.com.br\/agazeta\/wp-json\/wp\/v2\/types\/post"}],"author":[{"embeddable":true,"href":"https:\/\/nk7-testes.com.br\/agazeta\/wp-json\/wp\/v2\/users\/4"}],"replies":[{"embeddable":true,"href":"https:\/\/nk7-testes.com.br\/agazeta\/wp-json\/wp\/v2\/comments?post=124624"}],"version-history":[{"count":0,"href":"https:\/\/nk7-testes.com.br\/agazeta\/wp-json\/wp\/v2\/posts\/124624\/revisions"}],"wp:featuredmedia":[{"embeddable":true,"href":"https:\/\/nk7-testes.com.br\/agazeta\/wp-json\/wp\/v2\/media\/124625"}],"wp:attachment":[{"href":"https:\/\/nk7-testes.com.br\/agazeta\/wp-json\/wp\/v2\/media?parent=124624"}],"wp:term":[{"taxonomy":"category","embeddable":true,"href":"https:\/\/nk7-testes.com.br\/agazeta\/wp-json\/wp\/v2\/categories?post=124624"},{"taxonomy":"post_tag","embeddable":true,"href":"https:\/\/nk7-testes.com.br\/agazeta\/wp-json\/wp\/v2\/tags?post=124624"}],"curies":[{"name":"wp","href":"https:\/\/api.w.org\/{rel}","templated":true}]}}