{"id":124562,"date":"2023-12-28T12:07:02","date_gmt":"2023-12-28T17:07:02","guid":{"rendered":"https:\/\/abarevegan.com.br\/?p=124562"},"modified":"2023-12-28T12:07:02","modified_gmt":"2023-12-28T17:07:02","slug":"rio-branco-comemora-141-anos-de-fundacao-nesta-quinta-feira-historiador-relembra-historia-do-surgimento-da-cidade","status":"publish","type":"post","link":"https:\/\/nk7-testes.com.br\/agazeta\/rio-branco-comemora-141-anos-de-fundacao-nesta-quinta-feira-historiador-relembra-historia-do-surgimento-da-cidade\/","title":{"rendered":"Rio Branco comemora 141 anos de funda\u00e7\u00e3o nesta quinta-feira; historiador relembra hist\u00f3ria do surgimento da cidade"},"content":{"rendered":"<p style=\"text-align: justify;\"><span style=\"font-weight: 400;\">A capital Rio Branco completa 141 anos de funda\u00e7\u00e3o nesta quinta-feira (28) , que ocorreu no dia 28 de dezembro de 1882, quando era apenas um seringal na Gameleira. Com isso, existe uma grande discuss\u00e3o na hist\u00f3ria de surgimento da cidade de que\u00a0 na verdade o Primeiro Distrito deveria ser o lado que est\u00e1 localizado a Gameleira, pois na teoria foi o primeiro lado a ser fundado.<\/span><\/p>\n<p style=\"text-align: justify;\"><span style=\"font-weight: 400;\">Segundo o professor e\u00a0 historiador Marcos Vin\u00edcius, toda essa regi\u00e3o anteriormente era um seringal e naturalmente se transformou em um povoado com pessoas e com\u00e9rcio, sendo intitulada de Vila Rio Branco em 1904, mas essa vila estava localizada ao lado da Gameleira, que atualmente \u00e9 o segundo Distrito.<\/span><\/p>\n<p style=\"text-align: justify;\"><span style=\"font-weight: 400;\">&#8220;Come\u00e7ou como um Seringal, toda essa regi\u00e3o que n\u00e3o era ind\u00edgena. Ent\u00e3o o que era pra ser um seringal, naturalmente se transforma em um povoado. Um povoado que posteriormente em 1904 foi oficializado com o nome de Vila Rio Branco&#8221;, explica.<\/span><\/p>\n<p style=\"text-align: justify;\"><span style=\"font-weight: 400;\">Para ele, essa vis\u00e3o constru\u00edda sobre onde est\u00e1 localizado o Primeiro Distrito \u00e9 err\u00f4nea e corrobora com o preconceito que as pessoas t\u00eam do Segundo distrito, pois quando Pen\u00e1polis, atual Primeiro Distrito, foi fundada, a Vila Rio branco que \u00e9 o atual Segundo Distrito j\u00e1 existia a 20 anos. E embora n\u00e3o tenha um documento legal que comprove isso, existe uma mem\u00f3ria oral que deve ser levada em considera\u00e7\u00e3o.\u00a0<\/span><\/p>\n<p style=\"text-align: justify;\"><span style=\"font-weight: 400;\">&#8220;Existe uma vis\u00e3o equivocada de pensar que a cidade surgiu no Primeiro Distrito, quando foi desapropriada as terras do Seringal Empresa e foi fundada o que queria que fosse uma cidade que era Pen\u00e1polis, s\u00f3 que\u00a0 a cidade de Vila Rio Branco j\u00e1 existia a mais de 20 anos, o problema que se contrap\u00f5e a isso \u00e9 que l\u00e1 \u00e9 tem um documento, um termo de desapropria\u00e7\u00e3o das terras do Seringal Empresa que n\u00e3o tem documento nenhum porque foi uma cidade espont\u00e2nea, mas a mem\u00f3ria oral&#8221;, comenta.<\/span><\/p>\n<p style=\"text-align: justify;\"><span style=\"font-weight: 400;\">Com isso, Vin\u00edcius afirma que existe um erro hist\u00f3rico com o Segundo Distrito, e faz indagamentos \u00e0 sociedade do porqu\u00ea de l\u00e1 ser o Segundo Distrito. Al\u00e9m disso, explica que n\u00e3o \u00e9, porque pessoas poderosas n\u00e3o moram, como o governador e o prefeito que moram no Primeiro Distrito.\u00a0<\/span><\/p>\n<p style=\"text-align: justify;\"><span style=\"font-weight: 400;\">&#8220;O pior de tudo \u00e9 que ela s\u00f3 fortalece o preconceito, uma injusti\u00e7a hist\u00f3rica com o Segundo Distrito. Por que que aqui \u00e9 o lado mais antigo da cidade e \u00e9 chamado de Segundo Distrito? Era pra ser o primeiro! porque \u00e9 o lado mais antigo da cidade. Entretanto do lado de l\u00e1 moram os poderosos, o Governador, bispo, os pol\u00edticos, n\u00e3o ficava bem as autoridades morarem no segundo distrito&#8221;, conclui.<\/span><\/p>\n<p style=\"text-align: justify;\"><span style=\"font-weight: 400;\">Por fim, ele esclarece que essa hist\u00f3ria deveria ser mais \u00f3bvia do que parece, pois quando Pen\u00e1polis e Vila Rio Branco foram unificadas em 1920, o nome Rio Branco prevaleceu. Por isso, \u00e9 importante entender a hist\u00f3ria do Acre de maneira panor\u00e2mica, a fim de que quest\u00f5es como essas sejam elucidadas. \u00c9 importante para qualquer cidad\u00e3o conhecer a hist\u00f3ria da regi\u00e3o onde mora.<\/span><\/p>\n<p><em><span style=\"font-weight: 400;\">Com informa\u00e7\u00f5es do rep\u00f3rter Cl\u00e9riston Amorim para TV Gazeta<\/span><\/em><\/p>\n","protected":false},"excerpt":{"rendered":"<p>A capital Rio Branco completa 141 anos de funda\u00e7\u00e3o nesta quinta-feira (28) , que ocorreu no dia 28 de dezembro de 1882, quando era apenas um seringal na Gameleira. Com isso, existe uma grande discuss\u00e3o na hist\u00f3ria de surgimento da cidade de que\u00a0 na verdade o Primeiro Distrito deveria ser o lado que est\u00e1 localizado [&hellip;]<\/p>\n","protected":false},"author":4,"featured_media":121949,"comment_status":"open","ping_status":"open","sticky":false,"template":"","format":"standard","meta":{"jnews-multi-image_gallery":[],"jnews_single_post":{"source_name":"","source_url":"","via_name":"","via_url":"","override_template":"0","override":[{"template":"custom","single_blog_custom":"110746","parallax":"1","fullscreen":"1","layout":"right-sidebar","sidebar":"default-sidebar","second_sidebar":"default-sidebar","sticky_sidebar":"1","share_position":"top","share_float_style":"share-monocrhome","show_share_counter":"1","show_view_counter":"1","show_featured":"1","show_post_meta":"1","show_post_author":"1","show_post_author_image":"1","show_post_date":"1","post_date_format":"default","post_date_format_custom":"Y\/m\/d","show_post_category":"1","show_post_reading_time":"0","post_reading_time_wpm":"300","show_zoom_button":"0","zoom_button_out_step":"2","zoom_button_in_step":"3","show_post_tag":"1","show_prev_next_post":"1","show_popup_post":"1","number_popup_post":"1","show_author_box":"0","show_post_related":"1","show_inline_post_related":"0"}],"override_image_size":"0","image_override":[{"single_post_thumbnail_size":"crop-500","single_post_gallery_size":"crop-500"}],"trending_post":"0","trending_post_position":"meta","trending_post_label":"Trending","sponsored_post":"0","sponsored_post_label":"Sponsored by","sponsored_post_name":"","sponsored_post_url":"","sponsored_post_logo_enable":"0","sponsored_post_logo":"","sponsored_post_desc":"","disable_ad":"0"},"jnews_primary_category":{"id":"","hide":""},"jnews_social_meta":{"fb_title":"","fb_description":"","fb_image":"","twitter_title":"","twitter_description":"","twitter_image":""},"jnews_review":[],"enable_review":"0","type":"percentage","name":"","summary":"","brand":"","sku":"","good":[{"good_text":""}],"bad":[{"bad_text":""}],"score_override":"0","override_value":"","rating":[{"rating_text":"","rating_number":"10"}],"price":[{"shop":"","price":"","link":"","icon":""}],"footnotes":""},"categories":[54],"tags":[],"class_list":["post-124562","post","type-post","status-publish","format-standard","has-post-thumbnail","hentry","category-cotidiano"],"yoast_head":"<!-- This site is optimized with the Yoast SEO plugin v26.5 - https:\/\/yoast.com\/wordpress\/plugins\/seo\/ -->\n<title>Rio Branco comemora 141 anos de funda\u00e7\u00e3o nesta quinta-feira; historiador relembra hist\u00f3ria do surgimento da cidade - Agazeta.net<\/title>\n<meta name=\"robots\" content=\"index, follow, max-snippet:-1, max-image-preview:large, max-video-preview:-1\" \/>\n<link rel=\"canonical\" href=\"https:\/\/nk7-testes.com.br\/agazeta\/rio-branco-comemora-141-anos-de-fundacao-nesta-quinta-feira-historiador-relembra-historia-do-surgimento-da-cidade\/\" \/>\n<meta property=\"og:locale\" content=\"pt_BR\" \/>\n<meta property=\"og:type\" content=\"article\" \/>\n<meta property=\"og:title\" content=\"Rio Branco comemora 141 anos de funda\u00e7\u00e3o nesta quinta-feira; historiador relembra hist\u00f3ria do surgimento da cidade - Agazeta.net\" \/>\n<meta property=\"og:description\" content=\"A capital Rio Branco completa 141 anos de funda\u00e7\u00e3o nesta quinta-feira (28) , que ocorreu no dia 28 de dezembro de 1882, quando era apenas um seringal na Gameleira. Com isso, existe uma grande discuss\u00e3o na hist\u00f3ria de surgimento da cidade de que\u00a0 na verdade o Primeiro Distrito deveria ser o lado que est\u00e1 localizado [&hellip;]\" \/>\n<meta property=\"og:url\" content=\"https:\/\/nk7-testes.com.br\/agazeta\/rio-branco-comemora-141-anos-de-fundacao-nesta-quinta-feira-historiador-relembra-historia-do-surgimento-da-cidade\/\" \/>\n<meta property=\"og:site_name\" content=\"Agazeta.net\" \/>\n<meta property=\"article:published_time\" content=\"2023-12-28T17:07:02+00:00\" \/>\n<meta property=\"og:image\" content=\"https:\/\/nk7-testes.com.br\/agazeta\/wp-content\/uploads\/2023\/11\/WhatsApp-Image-2023-11-13-at-09.49.27.jpeg\" \/>\n\t<meta property=\"og:image:width\" content=\"1600\" \/>\n\t<meta property=\"og:image:height\" content=\"1138\" \/>\n\t<meta property=\"og:image:type\" content=\"image\/jpeg\" \/>\n<meta name=\"author\" content=\"Agazeta.Net\" \/>\n<meta name=\"twitter:card\" content=\"summary_large_image\" \/>\n<meta name=\"twitter:label1\" content=\"Escrito por\" \/>\n\t<meta name=\"twitter:data1\" content=\"Agazeta.Net\" \/>\n\t<meta name=\"twitter:label2\" content=\"Est. tempo de leitura\" \/>\n\t<meta name=\"twitter:data2\" content=\"3 minutos\" \/>\n<script type=\"application\/ld+json\" class=\"yoast-schema-graph\">{\"@context\":\"https:\/\/schema.org\",\"@graph\":[{\"@type\":\"WebPage\",\"@id\":\"https:\/\/nk7-testes.com.br\/agazeta\/rio-branco-comemora-141-anos-de-fundacao-nesta-quinta-feira-historiador-relembra-historia-do-surgimento-da-cidade\/\",\"url\":\"https:\/\/nk7-testes.com.br\/agazeta\/rio-branco-comemora-141-anos-de-fundacao-nesta-quinta-feira-historiador-relembra-historia-do-surgimento-da-cidade\/\",\"name\":\"Rio Branco comemora 141 anos de funda\u00e7\u00e3o nesta quinta-feira; historiador relembra hist\u00f3ria do surgimento da cidade - Agazeta.net\",\"isPartOf\":{\"@id\":\"https:\/\/nk7-testes.com.br\/agazeta\/#website\"},\"primaryImageOfPage\":{\"@id\":\"https:\/\/nk7-testes.com.br\/agazeta\/rio-branco-comemora-141-anos-de-fundacao-nesta-quinta-feira-historiador-relembra-historia-do-surgimento-da-cidade\/#primaryimage\"},\"image\":{\"@id\":\"https:\/\/nk7-testes.com.br\/agazeta\/rio-branco-comemora-141-anos-de-fundacao-nesta-quinta-feira-historiador-relembra-historia-do-surgimento-da-cidade\/#primaryimage\"},\"thumbnailUrl\":\"https:\/\/nk7-testes.com.br\/agazeta\/wp-content\/uploads\/2023\/11\/WhatsApp-Image-2023-11-13-at-09.49.27.jpeg\",\"datePublished\":\"2023-12-28T17:07:02+00:00\",\"author\":{\"@id\":\"https:\/\/nk7-testes.com.br\/agazeta\/#\/schema\/person\/ff6b39d54d6973bfc57f4140f659b23f\"},\"breadcrumb\":{\"@id\":\"https:\/\/nk7-testes.com.br\/agazeta\/rio-branco-comemora-141-anos-de-fundacao-nesta-quinta-feira-historiador-relembra-historia-do-surgimento-da-cidade\/#breadcrumb\"},\"inLanguage\":\"pt-BR\",\"potentialAction\":[{\"@type\":\"ReadAction\",\"target\":[\"https:\/\/nk7-testes.com.br\/agazeta\/rio-branco-comemora-141-anos-de-fundacao-nesta-quinta-feira-historiador-relembra-historia-do-surgimento-da-cidade\/\"]}]},{\"@type\":\"ImageObject\",\"inLanguage\":\"pt-BR\",\"@id\":\"https:\/\/nk7-testes.com.br\/agazeta\/rio-branco-comemora-141-anos-de-fundacao-nesta-quinta-feira-historiador-relembra-historia-do-surgimento-da-cidade\/#primaryimage\",\"url\":\"https:\/\/nk7-testes.com.br\/agazeta\/wp-content\/uploads\/2023\/11\/WhatsApp-Image-2023-11-13-at-09.49.27.jpeg\",\"contentUrl\":\"https:\/\/nk7-testes.com.br\/agazeta\/wp-content\/uploads\/2023\/11\/WhatsApp-Image-2023-11-13-at-09.49.27.jpeg\",\"width\":1600,\"height\":1138,\"caption\":\"Imagem de Pedro Amorim\"},{\"@type\":\"BreadcrumbList\",\"@id\":\"https:\/\/nk7-testes.com.br\/agazeta\/rio-branco-comemora-141-anos-de-fundacao-nesta-quinta-feira-historiador-relembra-historia-do-surgimento-da-cidade\/#breadcrumb\",\"itemListElement\":[{\"@type\":\"ListItem\",\"position\":1,\"name\":\"In\u00edcio\",\"item\":\"https:\/\/nk7-testes.com.br\/agazeta\/\"},{\"@type\":\"ListItem\",\"position\":2,\"name\":\"Rio Branco comemora 141 anos de funda\u00e7\u00e3o nesta quinta-feira; historiador relembra hist\u00f3ria do surgimento da cidade\"}]},{\"@type\":\"WebSite\",\"@id\":\"https:\/\/nk7-testes.com.br\/agazeta\/#website\",\"url\":\"https:\/\/nk7-testes.com.br\/agazeta\/\",\"name\":\"Agazeta.net\",\"description\":\"Agazeta.net - Not\u00edcias de Rio Branco\/AC\",\"potentialAction\":[{\"@type\":\"SearchAction\",\"target\":{\"@type\":\"EntryPoint\",\"urlTemplate\":\"https:\/\/nk7-testes.com.br\/agazeta\/?s={search_term_string}\"},\"query-input\":{\"@type\":\"PropertyValueSpecification\",\"valueRequired\":true,\"valueName\":\"search_term_string\"}}],\"inLanguage\":\"pt-BR\"},{\"@type\":\"Person\",\"@id\":\"https:\/\/nk7-testes.com.br\/agazeta\/#\/schema\/person\/ff6b39d54d6973bfc57f4140f659b23f\",\"name\":\"Agazeta.Net\",\"url\":\"https:\/\/nk7-testes.com.br\/agazeta\/author\/agazeta\/\"}]}<\/script>\n<!-- \/ Yoast SEO plugin. -->","yoast_head_json":{"title":"Rio Branco comemora 141 anos de funda\u00e7\u00e3o nesta quinta-feira; historiador relembra hist\u00f3ria do surgimento da cidade - Agazeta.net","robots":{"index":"index","follow":"follow","max-snippet":"max-snippet:-1","max-image-preview":"max-image-preview:large","max-video-preview":"max-video-preview:-1"},"canonical":"https:\/\/nk7-testes.com.br\/agazeta\/rio-branco-comemora-141-anos-de-fundacao-nesta-quinta-feira-historiador-relembra-historia-do-surgimento-da-cidade\/","og_locale":"pt_BR","og_type":"article","og_title":"Rio Branco comemora 141 anos de funda\u00e7\u00e3o nesta quinta-feira; historiador relembra hist\u00f3ria do surgimento da cidade - Agazeta.net","og_description":"A capital Rio Branco completa 141 anos de funda\u00e7\u00e3o nesta quinta-feira (28) , que ocorreu no dia 28 de dezembro de 1882, quando era apenas um seringal na Gameleira. Com isso, existe uma grande discuss\u00e3o na hist\u00f3ria de surgimento da cidade de que\u00a0 na verdade o Primeiro Distrito deveria ser o lado que est\u00e1 localizado [&hellip;]","og_url":"https:\/\/nk7-testes.com.br\/agazeta\/rio-branco-comemora-141-anos-de-fundacao-nesta-quinta-feira-historiador-relembra-historia-do-surgimento-da-cidade\/","og_site_name":"Agazeta.net","article_published_time":"2023-12-28T17:07:02+00:00","og_image":[{"width":1600,"height":1138,"url":"https:\/\/nk7-testes.com.br\/agazeta\/wp-content\/uploads\/2023\/11\/WhatsApp-Image-2023-11-13-at-09.49.27.jpeg","type":"image\/jpeg"}],"author":"Agazeta.Net","twitter_card":"summary_large_image","twitter_misc":{"Escrito por":"Agazeta.Net","Est. tempo de leitura":"3 minutos"},"schema":{"@context":"https:\/\/schema.org","@graph":[{"@type":"WebPage","@id":"https:\/\/nk7-testes.com.br\/agazeta\/rio-branco-comemora-141-anos-de-fundacao-nesta-quinta-feira-historiador-relembra-historia-do-surgimento-da-cidade\/","url":"https:\/\/nk7-testes.com.br\/agazeta\/rio-branco-comemora-141-anos-de-fundacao-nesta-quinta-feira-historiador-relembra-historia-do-surgimento-da-cidade\/","name":"Rio Branco comemora 141 anos de funda\u00e7\u00e3o nesta quinta-feira; historiador relembra hist\u00f3ria do surgimento da cidade - Agazeta.net","isPartOf":{"@id":"https:\/\/nk7-testes.com.br\/agazeta\/#website"},"primaryImageOfPage":{"@id":"https:\/\/nk7-testes.com.br\/agazeta\/rio-branco-comemora-141-anos-de-fundacao-nesta-quinta-feira-historiador-relembra-historia-do-surgimento-da-cidade\/#primaryimage"},"image":{"@id":"https:\/\/nk7-testes.com.br\/agazeta\/rio-branco-comemora-141-anos-de-fundacao-nesta-quinta-feira-historiador-relembra-historia-do-surgimento-da-cidade\/#primaryimage"},"thumbnailUrl":"https:\/\/nk7-testes.com.br\/agazeta\/wp-content\/uploads\/2023\/11\/WhatsApp-Image-2023-11-13-at-09.49.27.jpeg","datePublished":"2023-12-28T17:07:02+00:00","author":{"@id":"https:\/\/nk7-testes.com.br\/agazeta\/#\/schema\/person\/ff6b39d54d6973bfc57f4140f659b23f"},"breadcrumb":{"@id":"https:\/\/nk7-testes.com.br\/agazeta\/rio-branco-comemora-141-anos-de-fundacao-nesta-quinta-feira-historiador-relembra-historia-do-surgimento-da-cidade\/#breadcrumb"},"inLanguage":"pt-BR","potentialAction":[{"@type":"ReadAction","target":["https:\/\/nk7-testes.com.br\/agazeta\/rio-branco-comemora-141-anos-de-fundacao-nesta-quinta-feira-historiador-relembra-historia-do-surgimento-da-cidade\/"]}]},{"@type":"ImageObject","inLanguage":"pt-BR","@id":"https:\/\/nk7-testes.com.br\/agazeta\/rio-branco-comemora-141-anos-de-fundacao-nesta-quinta-feira-historiador-relembra-historia-do-surgimento-da-cidade\/#primaryimage","url":"https:\/\/nk7-testes.com.br\/agazeta\/wp-content\/uploads\/2023\/11\/WhatsApp-Image-2023-11-13-at-09.49.27.jpeg","contentUrl":"https:\/\/nk7-testes.com.br\/agazeta\/wp-content\/uploads\/2023\/11\/WhatsApp-Image-2023-11-13-at-09.49.27.jpeg","width":1600,"height":1138,"caption":"Imagem de Pedro Amorim"},{"@type":"BreadcrumbList","@id":"https:\/\/nk7-testes.com.br\/agazeta\/rio-branco-comemora-141-anos-de-fundacao-nesta-quinta-feira-historiador-relembra-historia-do-surgimento-da-cidade\/#breadcrumb","itemListElement":[{"@type":"ListItem","position":1,"name":"In\u00edcio","item":"https:\/\/nk7-testes.com.br\/agazeta\/"},{"@type":"ListItem","position":2,"name":"Rio Branco comemora 141 anos de funda\u00e7\u00e3o nesta quinta-feira; historiador relembra hist\u00f3ria do surgimento da cidade"}]},{"@type":"WebSite","@id":"https:\/\/nk7-testes.com.br\/agazeta\/#website","url":"https:\/\/nk7-testes.com.br\/agazeta\/","name":"Agazeta.net","description":"Agazeta.net - Not\u00edcias de Rio Branco\/AC","potentialAction":[{"@type":"SearchAction","target":{"@type":"EntryPoint","urlTemplate":"https:\/\/nk7-testes.com.br\/agazeta\/?s={search_term_string}"},"query-input":{"@type":"PropertyValueSpecification","valueRequired":true,"valueName":"search_term_string"}}],"inLanguage":"pt-BR"},{"@type":"Person","@id":"https:\/\/nk7-testes.com.br\/agazeta\/#\/schema\/person\/ff6b39d54d6973bfc57f4140f659b23f","name":"Agazeta.Net","url":"https:\/\/nk7-testes.com.br\/agazeta\/author\/agazeta\/"}]}},"_links":{"self":[{"href":"https:\/\/nk7-testes.com.br\/agazeta\/wp-json\/wp\/v2\/posts\/124562","targetHints":{"allow":["GET"]}}],"collection":[{"href":"https:\/\/nk7-testes.com.br\/agazeta\/wp-json\/wp\/v2\/posts"}],"about":[{"href":"https:\/\/nk7-testes.com.br\/agazeta\/wp-json\/wp\/v2\/types\/post"}],"author":[{"embeddable":true,"href":"https:\/\/nk7-testes.com.br\/agazeta\/wp-json\/wp\/v2\/users\/4"}],"replies":[{"embeddable":true,"href":"https:\/\/nk7-testes.com.br\/agazeta\/wp-json\/wp\/v2\/comments?post=124562"}],"version-history":[{"count":0,"href":"https:\/\/nk7-testes.com.br\/agazeta\/wp-json\/wp\/v2\/posts\/124562\/revisions"}],"wp:featuredmedia":[{"embeddable":true,"href":"https:\/\/nk7-testes.com.br\/agazeta\/wp-json\/wp\/v2\/media\/121949"}],"wp:attachment":[{"href":"https:\/\/nk7-testes.com.br\/agazeta\/wp-json\/wp\/v2\/media?parent=124562"}],"wp:term":[{"taxonomy":"category","embeddable":true,"href":"https:\/\/nk7-testes.com.br\/agazeta\/wp-json\/wp\/v2\/categories?post=124562"},{"taxonomy":"post_tag","embeddable":true,"href":"https:\/\/nk7-testes.com.br\/agazeta\/wp-json\/wp\/v2\/tags?post=124562"}],"curies":[{"name":"wp","href":"https:\/\/api.w.org\/{rel}","templated":true}]}}