{"id":124468,"date":"2023-12-27T14:08:01","date_gmt":"2023-12-27T19:08:01","guid":{"rendered":"https:\/\/abarevegan.com.br\/?p=124468"},"modified":"2023-12-27T14:22:22","modified_gmt":"2023-12-27T19:22:22","slug":"justica-do-acre-nega-habeas-corpus-a-policiais-envolvidos-em-morte-de-enfermeira-durante-perseguicao","status":"publish","type":"post","link":"https:\/\/nk7-testes.com.br\/agazeta\/justica-do-acre-nega-habeas-corpus-a-policiais-envolvidos-em-morte-de-enfermeira-durante-perseguicao\/","title":{"rendered":"Justi\u00e7a do Acre nega habeas corpus a policiais envolvidos em morte de enfermeira durante persegui\u00e7\u00e3o"},"content":{"rendered":"<p style=\"text-align: justify;\"><span style=\"font-family: 'Arial',sans-serif;\">Os advogados de defesa dos dois policiais envolvidos na morte da enfermeira G\u00e9ssica Melo de Oliveira, durante persegui\u00e7\u00e3o no interior do Acre, apresentaram os habeas corpus, por\u00e9m foram negados pela Justi\u00e7a, no \u00faltimo dia 12. O caso ocorreu no \u00faltimo dia 2 de dezembro, no munic\u00edpio de Capixaba.<\/span><\/p>\n<p style=\"text-align: justify;\"><span style=\"font-family: 'Arial',sans-serif;\">Segundo a defesa da fam\u00edlia da v\u00edtima, com a liminar negada os acusados devem continuar presos. Al\u00e9m disso, afirma que os advogados dos policiais alegam que houve ilegalidade nas pris\u00f5es.<\/span><\/p>\n<p style=\"text-align: justify;\"><span style=\"font-family: 'Arial',sans-serif;\">&#8220;Entraram com um habeas corpus e ela foi negada no dia 12. V\u00e3o ser mantidos presos e \u00e9 o que a gente espera. A defesa alega que houve um constrangimento ilegal e ilegalidade nas pris\u00f5es. Mas se voc\u00ea for olhar o inqu\u00e9rito e as provas que temos at\u00e9 agora, aponta a autoria e materialidade&#8221;, salienta Walisson dos Reis, advogado da fam\u00edlia de G\u00e9ssica Oliveira.<\/span><\/p>\n<p style=\"text-align: justify;\"><span style=\"font-family: 'Arial',sans-serif;\">De acordo com Reis, eles j\u00e1 t\u00eam todas as provas necess\u00e1rias para manter a pris\u00e3o dos policiais acusados.<\/span><\/p>\n<p style=\"text-align: justify;\"><span style=\"font-family: 'Arial',sans-serif;\">&#8220;Juntamente com o promotor de Justi\u00e7a, doutor Wanderlei, estamos em buscas de provas e j\u00e1 temos todas as provas necess\u00e1rias para manter esse pessoal preso, lev\u00e1-los \u00e0 J\u00fari Popular. Temos testemunhas da fazenda pr\u00f3xima, que viram os policiais retirando o corpo dela j\u00e1 sem vida de dentro da viatura&#8221;, destaca.<\/span><\/p>\n<p style=\"text-align: justify;\"><span style=\"font-family: 'Arial',sans-serif;\">Walisson dos Reis reitera, ainda, que as investiga\u00e7\u00f5es est\u00e3o avan\u00e7adas e que o Minist\u00e9rio P\u00fablico do Acre (MPAC) abriu outro inqu\u00e9rito.<\/span><\/p>\n<p style=\"text-align: justify;\"><span style=\"font-family: 'Arial',sans-serif;\">&#8220;As investiga\u00e7\u00f5es est\u00e3o bastante avan\u00e7adas, bem paralelo ao inqu\u00e9rito policial da Pol\u00edcia Civil. O Minist\u00e9rio P\u00fablico abriu um outro inqu\u00e9rito e esse j\u00e1 est\u00e1 recheado de provas. A sociedade espera uma resposta e acredita muito na Corregedoria e na Justi\u00e7a do Acre\u201d, conclui o advogado.<\/span><\/p>\n<p><strong><em>Com informa\u00e7\u00f5es do rep\u00f3rter Luan Rodrigo para a TV Gazeta<\/em><\/strong><\/p>\n","protected":false},"excerpt":{"rendered":"<p>Os advogados de defesa dos dois policiais envolvidos na morte da enfermeira G\u00e9ssica Melo de Oliveira, durante persegui\u00e7\u00e3o no interior do Acre, apresentaram os habeas corpus, por\u00e9m foram negados pela Justi\u00e7a, no \u00faltimo dia 12. O caso ocorreu no \u00faltimo dia 2 de dezembro, no munic\u00edpio de Capixaba. Segundo a defesa da fam\u00edlia da v\u00edtima, [&hellip;]<\/p>\n","protected":false},"author":4,"featured_media":124469,"comment_status":"open","ping_status":"open","sticky":false,"template":"","format":"standard","meta":{"jnews-multi-image_gallery":[],"jnews_single_post":{"source_name":"","source_url":"","via_name":"","via_url":"","override_template":"0","override":[{"template":"custom","single_blog_custom":"110746","parallax":"1","fullscreen":"1","layout":"right-sidebar","sidebar":"default-sidebar","second_sidebar":"default-sidebar","sticky_sidebar":"1","share_position":"top","share_float_style":"share-monocrhome","show_share_counter":"1","show_view_counter":"1","show_featured":"1","show_post_meta":"1","show_post_author":"1","show_post_author_image":"1","show_post_date":"1","post_date_format":"default","post_date_format_custom":"Y\/m\/d","show_post_category":"1","show_post_reading_time":"0","post_reading_time_wpm":"300","show_zoom_button":"0","zoom_button_out_step":"2","zoom_button_in_step":"3","show_post_tag":"1","show_prev_next_post":"1","show_popup_post":"1","number_popup_post":"1","show_author_box":"0","show_post_related":"1","show_inline_post_related":"0"}],"override_image_size":"0","image_override":[{"single_post_thumbnail_size":"crop-500","single_post_gallery_size":"crop-500"}],"trending_post":"0","trending_post_position":"meta","trending_post_label":"Trending","sponsored_post":"0","sponsored_post_label":"Sponsored by","sponsored_post_name":"","sponsored_post_url":"","sponsored_post_logo_enable":"0","sponsored_post_logo":"","sponsored_post_desc":"","disable_ad":"0"},"jnews_primary_category":{"id":"","hide":""},"jnews_social_meta":{"fb_title":"","fb_description":"","fb_image":"","twitter_title":"","twitter_description":"","twitter_image":""},"jnews_review":[],"enable_review":"0","type":"percentage","name":"","summary":"","brand":"","sku":"","good":[{"good_text":""}],"bad":[{"bad_text":""}],"score_override":"0","override_value":"","rating":[{"rating_text":"","rating_number":"10"}],"price":[{"shop":"","price":"","link":"","icon":""}],"footnotes":""},"categories":[54],"tags":[152],"class_list":["post-124468","post","type-post","status-publish","format-standard","has-post-thumbnail","hentry","category-cotidiano","tag-destaque"],"yoast_head":"<!-- This site is optimized with the Yoast SEO plugin v26.5 - https:\/\/yoast.com\/wordpress\/plugins\/seo\/ -->\n<title>Justi\u00e7a do Acre nega habeas corpus a policiais envolvidos em morte de enfermeira durante persegui\u00e7\u00e3o - Agazeta.net<\/title>\n<meta name=\"robots\" content=\"index, follow, max-snippet:-1, max-image-preview:large, max-video-preview:-1\" \/>\n<link rel=\"canonical\" href=\"https:\/\/nk7-testes.com.br\/agazeta\/justica-do-acre-nega-habeas-corpus-a-policiais-envolvidos-em-morte-de-enfermeira-durante-perseguicao\/\" \/>\n<meta property=\"og:locale\" content=\"pt_BR\" \/>\n<meta property=\"og:type\" content=\"article\" \/>\n<meta property=\"og:title\" content=\"Justi\u00e7a do Acre nega habeas corpus a policiais envolvidos em morte de enfermeira durante persegui\u00e7\u00e3o\" \/>\n<meta property=\"og:description\" content=\"Caso ocorreu no \u00faltimo dia 2 de dezembro; advogados dos policiais alegam que houve ilegalidade nas pris\u00f5es\" \/>\n<meta property=\"og:url\" content=\"https:\/\/nk7-testes.com.br\/agazeta\/justica-do-acre-nega-habeas-corpus-a-policiais-envolvidos-em-morte-de-enfermeira-durante-perseguicao\/\" \/>\n<meta property=\"og:site_name\" content=\"Agazeta.net\" \/>\n<meta property=\"article:published_time\" content=\"2023-12-27T19:08:01+00:00\" \/>\n<meta property=\"article:modified_time\" content=\"2023-12-27T19:22:22+00:00\" \/>\n<meta property=\"og:image\" content=\"https:\/\/nk7-testes.com.br\/agazeta\/wp-content\/uploads\/2023\/12\/enfermeira-morta.jpg\" \/>\n\t<meta property=\"og:image:width\" content=\"800\" \/>\n\t<meta property=\"og:image:height\" content=\"401\" \/>\n\t<meta property=\"og:image:type\" content=\"image\/jpeg\" \/>\n<meta name=\"author\" content=\"Agazeta.Net\" \/>\n<meta name=\"twitter:card\" content=\"summary_large_image\" \/>\n<meta name=\"twitter:label1\" content=\"Escrito por\" \/>\n\t<meta name=\"twitter:data1\" content=\"Agazeta.Net\" \/>\n\t<meta name=\"twitter:label2\" content=\"Est. tempo de leitura\" \/>\n\t<meta name=\"twitter:data2\" content=\"2 minutos\" \/>\n<script type=\"application\/ld+json\" class=\"yoast-schema-graph\">{\"@context\":\"https:\/\/schema.org\",\"@graph\":[{\"@type\":\"WebPage\",\"@id\":\"https:\/\/nk7-testes.com.br\/agazeta\/justica-do-acre-nega-habeas-corpus-a-policiais-envolvidos-em-morte-de-enfermeira-durante-perseguicao\/\",\"url\":\"https:\/\/nk7-testes.com.br\/agazeta\/justica-do-acre-nega-habeas-corpus-a-policiais-envolvidos-em-morte-de-enfermeira-durante-perseguicao\/\",\"name\":\"Justi\u00e7a do Acre nega habeas corpus a policiais envolvidos em morte de enfermeira durante persegui\u00e7\u00e3o - Agazeta.net\",\"isPartOf\":{\"@id\":\"https:\/\/nk7-testes.com.br\/agazeta\/#website\"},\"primaryImageOfPage\":{\"@id\":\"https:\/\/nk7-testes.com.br\/agazeta\/justica-do-acre-nega-habeas-corpus-a-policiais-envolvidos-em-morte-de-enfermeira-durante-perseguicao\/#primaryimage\"},\"image\":{\"@id\":\"https:\/\/nk7-testes.com.br\/agazeta\/justica-do-acre-nega-habeas-corpus-a-policiais-envolvidos-em-morte-de-enfermeira-durante-perseguicao\/#primaryimage\"},\"thumbnailUrl\":\"https:\/\/nk7-testes.com.br\/agazeta\/wp-content\/uploads\/2023\/12\/enfermeira-morta.jpg\",\"datePublished\":\"2023-12-27T19:08:01+00:00\",\"dateModified\":\"2023-12-27T19:22:22+00:00\",\"author\":{\"@id\":\"https:\/\/nk7-testes.com.br\/agazeta\/#\/schema\/person\/ff6b39d54d6973bfc57f4140f659b23f\"},\"breadcrumb\":{\"@id\":\"https:\/\/nk7-testes.com.br\/agazeta\/justica-do-acre-nega-habeas-corpus-a-policiais-envolvidos-em-morte-de-enfermeira-durante-perseguicao\/#breadcrumb\"},\"inLanguage\":\"pt-BR\",\"potentialAction\":[{\"@type\":\"ReadAction\",\"target\":[\"https:\/\/nk7-testes.com.br\/agazeta\/justica-do-acre-nega-habeas-corpus-a-policiais-envolvidos-em-morte-de-enfermeira-durante-perseguicao\/\"]}]},{\"@type\":\"ImageObject\",\"inLanguage\":\"pt-BR\",\"@id\":\"https:\/\/nk7-testes.com.br\/agazeta\/justica-do-acre-nega-habeas-corpus-a-policiais-envolvidos-em-morte-de-enfermeira-durante-perseguicao\/#primaryimage\",\"url\":\"https:\/\/nk7-testes.com.br\/agazeta\/wp-content\/uploads\/2023\/12\/enfermeira-morta.jpg\",\"contentUrl\":\"https:\/\/nk7-testes.com.br\/agazeta\/wp-content\/uploads\/2023\/12\/enfermeira-morta.jpg\",\"width\":800,\"height\":401},{\"@type\":\"BreadcrumbList\",\"@id\":\"https:\/\/nk7-testes.com.br\/agazeta\/justica-do-acre-nega-habeas-corpus-a-policiais-envolvidos-em-morte-de-enfermeira-durante-perseguicao\/#breadcrumb\",\"itemListElement\":[{\"@type\":\"ListItem\",\"position\":1,\"name\":\"In\u00edcio\",\"item\":\"https:\/\/nk7-testes.com.br\/agazeta\/\"},{\"@type\":\"ListItem\",\"position\":2,\"name\":\"Justi\u00e7a do Acre nega habeas corpus a policiais envolvidos em morte de enfermeira durante persegui\u00e7\u00e3o\"}]},{\"@type\":\"WebSite\",\"@id\":\"https:\/\/nk7-testes.com.br\/agazeta\/#website\",\"url\":\"https:\/\/nk7-testes.com.br\/agazeta\/\",\"name\":\"Agazeta.net\",\"description\":\"Agazeta.net - Not\u00edcias de Rio Branco\/AC\",\"potentialAction\":[{\"@type\":\"SearchAction\",\"target\":{\"@type\":\"EntryPoint\",\"urlTemplate\":\"https:\/\/nk7-testes.com.br\/agazeta\/?s={search_term_string}\"},\"query-input\":{\"@type\":\"PropertyValueSpecification\",\"valueRequired\":true,\"valueName\":\"search_term_string\"}}],\"inLanguage\":\"pt-BR\"},{\"@type\":\"Person\",\"@id\":\"https:\/\/nk7-testes.com.br\/agazeta\/#\/schema\/person\/ff6b39d54d6973bfc57f4140f659b23f\",\"name\":\"Agazeta.Net\",\"url\":\"https:\/\/nk7-testes.com.br\/agazeta\/author\/agazeta\/\"}]}<\/script>\n<!-- \/ Yoast SEO plugin. -->","yoast_head_json":{"title":"Justi\u00e7a do Acre nega habeas corpus a policiais envolvidos em morte de enfermeira durante persegui\u00e7\u00e3o - Agazeta.net","robots":{"index":"index","follow":"follow","max-snippet":"max-snippet:-1","max-image-preview":"max-image-preview:large","max-video-preview":"max-video-preview:-1"},"canonical":"https:\/\/nk7-testes.com.br\/agazeta\/justica-do-acre-nega-habeas-corpus-a-policiais-envolvidos-em-morte-de-enfermeira-durante-perseguicao\/","og_locale":"pt_BR","og_type":"article","og_title":"Justi\u00e7a do Acre nega habeas corpus a policiais envolvidos em morte de enfermeira durante persegui\u00e7\u00e3o","og_description":"Caso ocorreu no \u00faltimo dia 2 de dezembro; advogados dos policiais alegam que houve ilegalidade nas pris\u00f5es","og_url":"https:\/\/nk7-testes.com.br\/agazeta\/justica-do-acre-nega-habeas-corpus-a-policiais-envolvidos-em-morte-de-enfermeira-durante-perseguicao\/","og_site_name":"Agazeta.net","article_published_time":"2023-12-27T19:08:01+00:00","article_modified_time":"2023-12-27T19:22:22+00:00","og_image":[{"width":800,"height":401,"url":"https:\/\/nk7-testes.com.br\/agazeta\/wp-content\/uploads\/2023\/12\/enfermeira-morta.jpg","type":"image\/jpeg"}],"author":"Agazeta.Net","twitter_card":"summary_large_image","twitter_misc":{"Escrito por":"Agazeta.Net","Est. tempo de leitura":"2 minutos"},"schema":{"@context":"https:\/\/schema.org","@graph":[{"@type":"WebPage","@id":"https:\/\/nk7-testes.com.br\/agazeta\/justica-do-acre-nega-habeas-corpus-a-policiais-envolvidos-em-morte-de-enfermeira-durante-perseguicao\/","url":"https:\/\/nk7-testes.com.br\/agazeta\/justica-do-acre-nega-habeas-corpus-a-policiais-envolvidos-em-morte-de-enfermeira-durante-perseguicao\/","name":"Justi\u00e7a do Acre nega habeas corpus a policiais envolvidos em morte de enfermeira durante persegui\u00e7\u00e3o - Agazeta.net","isPartOf":{"@id":"https:\/\/nk7-testes.com.br\/agazeta\/#website"},"primaryImageOfPage":{"@id":"https:\/\/nk7-testes.com.br\/agazeta\/justica-do-acre-nega-habeas-corpus-a-policiais-envolvidos-em-morte-de-enfermeira-durante-perseguicao\/#primaryimage"},"image":{"@id":"https:\/\/nk7-testes.com.br\/agazeta\/justica-do-acre-nega-habeas-corpus-a-policiais-envolvidos-em-morte-de-enfermeira-durante-perseguicao\/#primaryimage"},"thumbnailUrl":"https:\/\/nk7-testes.com.br\/agazeta\/wp-content\/uploads\/2023\/12\/enfermeira-morta.jpg","datePublished":"2023-12-27T19:08:01+00:00","dateModified":"2023-12-27T19:22:22+00:00","author":{"@id":"https:\/\/nk7-testes.com.br\/agazeta\/#\/schema\/person\/ff6b39d54d6973bfc57f4140f659b23f"},"breadcrumb":{"@id":"https:\/\/nk7-testes.com.br\/agazeta\/justica-do-acre-nega-habeas-corpus-a-policiais-envolvidos-em-morte-de-enfermeira-durante-perseguicao\/#breadcrumb"},"inLanguage":"pt-BR","potentialAction":[{"@type":"ReadAction","target":["https:\/\/nk7-testes.com.br\/agazeta\/justica-do-acre-nega-habeas-corpus-a-policiais-envolvidos-em-morte-de-enfermeira-durante-perseguicao\/"]}]},{"@type":"ImageObject","inLanguage":"pt-BR","@id":"https:\/\/nk7-testes.com.br\/agazeta\/justica-do-acre-nega-habeas-corpus-a-policiais-envolvidos-em-morte-de-enfermeira-durante-perseguicao\/#primaryimage","url":"https:\/\/nk7-testes.com.br\/agazeta\/wp-content\/uploads\/2023\/12\/enfermeira-morta.jpg","contentUrl":"https:\/\/nk7-testes.com.br\/agazeta\/wp-content\/uploads\/2023\/12\/enfermeira-morta.jpg","width":800,"height":401},{"@type":"BreadcrumbList","@id":"https:\/\/nk7-testes.com.br\/agazeta\/justica-do-acre-nega-habeas-corpus-a-policiais-envolvidos-em-morte-de-enfermeira-durante-perseguicao\/#breadcrumb","itemListElement":[{"@type":"ListItem","position":1,"name":"In\u00edcio","item":"https:\/\/nk7-testes.com.br\/agazeta\/"},{"@type":"ListItem","position":2,"name":"Justi\u00e7a do Acre nega habeas corpus a policiais envolvidos em morte de enfermeira durante persegui\u00e7\u00e3o"}]},{"@type":"WebSite","@id":"https:\/\/nk7-testes.com.br\/agazeta\/#website","url":"https:\/\/nk7-testes.com.br\/agazeta\/","name":"Agazeta.net","description":"Agazeta.net - Not\u00edcias de Rio Branco\/AC","potentialAction":[{"@type":"SearchAction","target":{"@type":"EntryPoint","urlTemplate":"https:\/\/nk7-testes.com.br\/agazeta\/?s={search_term_string}"},"query-input":{"@type":"PropertyValueSpecification","valueRequired":true,"valueName":"search_term_string"}}],"inLanguage":"pt-BR"},{"@type":"Person","@id":"https:\/\/nk7-testes.com.br\/agazeta\/#\/schema\/person\/ff6b39d54d6973bfc57f4140f659b23f","name":"Agazeta.Net","url":"https:\/\/nk7-testes.com.br\/agazeta\/author\/agazeta\/"}]}},"_links":{"self":[{"href":"https:\/\/nk7-testes.com.br\/agazeta\/wp-json\/wp\/v2\/posts\/124468","targetHints":{"allow":["GET"]}}],"collection":[{"href":"https:\/\/nk7-testes.com.br\/agazeta\/wp-json\/wp\/v2\/posts"}],"about":[{"href":"https:\/\/nk7-testes.com.br\/agazeta\/wp-json\/wp\/v2\/types\/post"}],"author":[{"embeddable":true,"href":"https:\/\/nk7-testes.com.br\/agazeta\/wp-json\/wp\/v2\/users\/4"}],"replies":[{"embeddable":true,"href":"https:\/\/nk7-testes.com.br\/agazeta\/wp-json\/wp\/v2\/comments?post=124468"}],"version-history":[{"count":0,"href":"https:\/\/nk7-testes.com.br\/agazeta\/wp-json\/wp\/v2\/posts\/124468\/revisions"}],"wp:featuredmedia":[{"embeddable":true,"href":"https:\/\/nk7-testes.com.br\/agazeta\/wp-json\/wp\/v2\/media\/124469"}],"wp:attachment":[{"href":"https:\/\/nk7-testes.com.br\/agazeta\/wp-json\/wp\/v2\/media?parent=124468"}],"wp:term":[{"taxonomy":"category","embeddable":true,"href":"https:\/\/nk7-testes.com.br\/agazeta\/wp-json\/wp\/v2\/categories?post=124468"},{"taxonomy":"post_tag","embeddable":true,"href":"https:\/\/nk7-testes.com.br\/agazeta\/wp-json\/wp\/v2\/tags?post=124468"}],"curies":[{"name":"wp","href":"https:\/\/api.w.org\/{rel}","templated":true}]}}