{"id":124418,"date":"2023-12-26T14:10:42","date_gmt":"2023-12-26T19:10:42","guid":{"rendered":"https:\/\/abarevegan.com.br\/?p=124418"},"modified":"2023-12-26T14:10:42","modified_gmt":"2023-12-26T19:10:42","slug":"no-acre-cerca-de-50-policiais-penais-cedidos-a-outros-orgaos-devem-voltar-as-suas-funcoes-originais","status":"publish","type":"post","link":"https:\/\/nk7-testes.com.br\/agazeta\/no-acre-cerca-de-50-policiais-penais-cedidos-a-outros-orgaos-devem-voltar-as-suas-funcoes-originais\/","title":{"rendered":"No Acre, cerca de 50 policiais penais cedidos a outros \u00f3rg\u00e3os devem voltar \u00e0s suas fun\u00e7\u00f5es originais"},"content":{"rendered":"<p style=\"text-align: justify;\">Atualmente, o pavilh\u00e3o &#8220;Q&#8221; do pres\u00eddio Francisco de Oliveira Conde, em Rio Branco, pode receber 150 detentos, mas est\u00e1 desativado pela falta de policiais penais para fazer a seguran\u00e7a. Segundo o Instituto de Administra\u00e7\u00e3o Penitenci\u00e1ria (Iapen), o n\u00famero de agentes \u00e9 pequeno.<\/p>\n<p style=\"text-align: justify;\">O pavilh\u00e3o pode voltar a funcionar. Para isso, seria necess\u00e1rio trazer de volta os agentes que est\u00e3o em outras fun\u00e7\u00f5es dentro da estrutura do Estado. Hoje, esse n\u00famero pode chegar a 50 agentes fora de suas fun\u00e7\u00f5es.<\/p>\n<p style=\"text-align: justify;\">O deputado estadual Arlenilson Cunha (PL) \u00e9 policial penal e tem dois seguran\u00e7as que tamb\u00e9m s\u00e3o da classe, mas que ficam a disposi\u00e7\u00e3o do parlamentar. O ex-presidente do Iapen, Glauber Rocha, saiu da cadeira da dire\u00e7\u00e3o e assumiu um cargo de diretoria, al\u00e9m dos que est\u00e3o no sindicato. Apesar disso, segundo o presidente do Sindicato do Policiais Penais do Acre, Eden Azevedo, eles est\u00e3o liberados por lei.<\/p>\n<p style=\"text-align: justify;\">\u201cO sindicato \u00e9 amparado pela lei 39, que \u00e9 a lei do servidor p\u00fablico\u201d, explicou Azevedo.<\/p>\n<p style=\"text-align: justify;\">Tem v\u00e1rios outros policiais apenas fazendo servi\u00e7os burocr\u00e1ticos dentro do governo com cargo de chefia, al\u00e9m dos que s\u00e3o seguran\u00e7as, os que est\u00e3o na iniciativa privada e aparecem at\u00e9 em comerciais de TV. Enquanto isso, o Iapen reclama do baixo n\u00famero de agentes.<\/p>\n<p style=\"text-align: justify;\">O Conselho Nacional de Justi\u00e7a (CNJ) notificou o governador Gladson Cameli (PP) para o imediato retorno desses policiais para exercer as fun\u00e7\u00f5es nas quais foram contratados. Cameli criou um decreto e exonerou v\u00e1rios agentes que estavam em cargos dentro do governo e mandou de volta para o Iapen. Por\u00e9m, foi apenas ap\u00f3s receber a segunda notifica\u00e7\u00e3o, mais uma e ele poderia responder pelo crime de responsabilidade.<\/p>\n<p style=\"text-align: justify;\">O CNJ decidiu cobrar o estado de forma mais dura depois da rebeli\u00e3o ocorrida no m\u00eas de julho deste ano, onde cinco presos foram mortos por outros apenados. No Di\u00e1rio Oficial do Estado (DOE), o governo j\u00e1 come\u00e7ou a exonerar os policiais penais cedidos a outros \u00f3rg\u00e3os e 20 deles devem retornar de imediato. Dessa fora, o pavilh\u00e3o Q volta a funcionar e o Iapen vai poder refor\u00e7ar outros setores do sistema.<\/p>\n<p style=\"text-align: justify;\">\u201cJ\u00e1 foi feito um decreto, pela equipe do governo, esses servidores ir\u00e3o voltar ao Iapen. Essa normativa n\u00e3o chega apenas nos secret\u00e1rios e diretores\u201d, salientou Azevedo.<\/p>\n<p style=\"text-align: justify;\"><em><strong>Mat\u00e9ria produzida em v\u00eddeo pelo rep\u00f3rter Adailson Oliveira para a TV Gazeta<\/strong><\/em><\/p>\n","protected":false},"excerpt":{"rendered":"<p>Atualmente, o pavilh\u00e3o &#8220;Q&#8221; do pres\u00eddio Francisco de Oliveira Conde, em Rio Branco, pode receber 150 detentos, mas est\u00e1 desativado pela falta de policiais penais para fazer a seguran\u00e7a. Segundo o Instituto de Administra\u00e7\u00e3o Penitenci\u00e1ria (Iapen), o n\u00famero de agentes \u00e9 pequeno. O pavilh\u00e3o pode voltar a funcionar. Para isso, seria necess\u00e1rio trazer de volta [&hellip;]<\/p>\n","protected":false},"author":4,"featured_media":124419,"comment_status":"open","ping_status":"open","sticky":false,"template":"","format":"standard","meta":{"jnews-multi-image_gallery":[],"jnews_single_post":{"source_name":"","source_url":"","via_name":"","via_url":"","override_template":"0","override":[{"template":"custom","single_blog_custom":"110746","parallax":"1","fullscreen":"1","layout":"right-sidebar","sidebar":"default-sidebar","second_sidebar":"default-sidebar","sticky_sidebar":"1","share_position":"top","share_float_style":"share-monocrhome","show_share_counter":"1","show_view_counter":"1","show_featured":"1","show_post_meta":"1","show_post_author":"1","show_post_author_image":"1","show_post_date":"1","post_date_format":"default","post_date_format_custom":"Y\/m\/d","show_post_category":"1","show_post_reading_time":"0","post_reading_time_wpm":"300","show_zoom_button":"0","zoom_button_out_step":"2","zoom_button_in_step":"3","show_post_tag":"1","show_prev_next_post":"1","show_popup_post":"1","number_popup_post":"1","show_author_box":"0","show_post_related":"1","show_inline_post_related":"0"}],"override_image_size":"0","image_override":[{"single_post_thumbnail_size":"crop-500","single_post_gallery_size":"crop-500"}],"trending_post":"0","trending_post_position":"meta","trending_post_label":"Trending","sponsored_post":"0","sponsored_post_label":"Sponsored by","sponsored_post_name":"","sponsored_post_url":"","sponsored_post_logo_enable":"0","sponsored_post_logo":"","sponsored_post_desc":"","disable_ad":"0"},"jnews_primary_category":{"id":"","hide":""},"jnews_social_meta":{"fb_title":"","fb_description":"","fb_image":"","twitter_title":"","twitter_description":"","twitter_image":""},"jnews_review":[],"enable_review":"0","type":"percentage","name":"","summary":"","brand":"","sku":"","good":[{"good_text":""}],"bad":[{"bad_text":""}],"score_override":"0","override_value":"","rating":[{"rating_text":"","rating_number":"10"}],"price":[{"shop":"","price":"","link":"","icon":""}],"footnotes":""},"categories":[54],"tags":[],"class_list":["post-124418","post","type-post","status-publish","format-standard","has-post-thumbnail","hentry","category-cotidiano"],"yoast_head":"<!-- This site is optimized with the Yoast SEO plugin v26.5 - https:\/\/yoast.com\/wordpress\/plugins\/seo\/ -->\n<title>No Acre, cerca de 50 policiais penais cedidos a outros \u00f3rg\u00e3os devem voltar \u00e0s suas fun\u00e7\u00f5es originais - Agazeta.net<\/title>\n<meta name=\"robots\" content=\"index, follow, max-snippet:-1, max-image-preview:large, max-video-preview:-1\" \/>\n<link rel=\"canonical\" href=\"https:\/\/nk7-testes.com.br\/agazeta\/no-acre-cerca-de-50-policiais-penais-cedidos-a-outros-orgaos-devem-voltar-as-suas-funcoes-originais\/\" \/>\n<meta property=\"og:locale\" content=\"pt_BR\" \/>\n<meta property=\"og:type\" content=\"article\" \/>\n<meta property=\"og:title\" content=\"No Acre, cerca de 50 policiais penais cedidos a outros \u00f3rg\u00e3os devem voltar \u00e0s suas fun\u00e7\u00f5es originais\" \/>\n<meta property=\"og:description\" content=\"Conselho Nacional de Justi\u00e7a notificou Gladson Cameli para o imediato retorno desses policiais\" \/>\n<meta property=\"og:url\" content=\"https:\/\/nk7-testes.com.br\/agazeta\/no-acre-cerca-de-50-policiais-penais-cedidos-a-outros-orgaos-devem-voltar-as-suas-funcoes-originais\/\" \/>\n<meta property=\"og:site_name\" content=\"Agazeta.net\" \/>\n<meta property=\"article:published_time\" content=\"2023-12-26T19:10:42+00:00\" \/>\n<meta property=\"og:image\" content=\"https:\/\/nk7-testes.com.br\/agazeta\/wp-content\/uploads\/2023\/12\/WhatsApp-Image-2021-11-16-at-20.22.08.jpeg\" \/>\n\t<meta property=\"og:image:width\" content=\"800\" \/>\n\t<meta property=\"og:image:height\" content=\"402\" \/>\n\t<meta property=\"og:image:type\" content=\"image\/jpeg\" \/>\n<meta name=\"author\" content=\"Agazeta.Net\" \/>\n<meta name=\"twitter:card\" content=\"summary_large_image\" \/>\n<meta name=\"twitter:label1\" content=\"Escrito por\" \/>\n\t<meta name=\"twitter:data1\" content=\"Agazeta.Net\" \/>\n\t<meta name=\"twitter:label2\" content=\"Est. tempo de leitura\" \/>\n\t<meta name=\"twitter:data2\" content=\"2 minutos\" \/>\n<script type=\"application\/ld+json\" class=\"yoast-schema-graph\">{\"@context\":\"https:\/\/schema.org\",\"@graph\":[{\"@type\":\"WebPage\",\"@id\":\"https:\/\/nk7-testes.com.br\/agazeta\/no-acre-cerca-de-50-policiais-penais-cedidos-a-outros-orgaos-devem-voltar-as-suas-funcoes-originais\/\",\"url\":\"https:\/\/nk7-testes.com.br\/agazeta\/no-acre-cerca-de-50-policiais-penais-cedidos-a-outros-orgaos-devem-voltar-as-suas-funcoes-originais\/\",\"name\":\"No Acre, cerca de 50 policiais penais cedidos a outros \u00f3rg\u00e3os devem voltar \u00e0s suas fun\u00e7\u00f5es originais - Agazeta.net\",\"isPartOf\":{\"@id\":\"https:\/\/nk7-testes.com.br\/agazeta\/#website\"},\"primaryImageOfPage\":{\"@id\":\"https:\/\/nk7-testes.com.br\/agazeta\/no-acre-cerca-de-50-policiais-penais-cedidos-a-outros-orgaos-devem-voltar-as-suas-funcoes-originais\/#primaryimage\"},\"image\":{\"@id\":\"https:\/\/nk7-testes.com.br\/agazeta\/no-acre-cerca-de-50-policiais-penais-cedidos-a-outros-orgaos-devem-voltar-as-suas-funcoes-originais\/#primaryimage\"},\"thumbnailUrl\":\"https:\/\/nk7-testes.com.br\/agazeta\/wp-content\/uploads\/2023\/12\/WhatsApp-Image-2021-11-16-at-20.22.08.jpeg\",\"datePublished\":\"2023-12-26T19:10:42+00:00\",\"author\":{\"@id\":\"https:\/\/nk7-testes.com.br\/agazeta\/#\/schema\/person\/ff6b39d54d6973bfc57f4140f659b23f\"},\"breadcrumb\":{\"@id\":\"https:\/\/nk7-testes.com.br\/agazeta\/no-acre-cerca-de-50-policiais-penais-cedidos-a-outros-orgaos-devem-voltar-as-suas-funcoes-originais\/#breadcrumb\"},\"inLanguage\":\"pt-BR\",\"potentialAction\":[{\"@type\":\"ReadAction\",\"target\":[\"https:\/\/nk7-testes.com.br\/agazeta\/no-acre-cerca-de-50-policiais-penais-cedidos-a-outros-orgaos-devem-voltar-as-suas-funcoes-originais\/\"]}]},{\"@type\":\"ImageObject\",\"inLanguage\":\"pt-BR\",\"@id\":\"https:\/\/nk7-testes.com.br\/agazeta\/no-acre-cerca-de-50-policiais-penais-cedidos-a-outros-orgaos-devem-voltar-as-suas-funcoes-originais\/#primaryimage\",\"url\":\"https:\/\/nk7-testes.com.br\/agazeta\/wp-content\/uploads\/2023\/12\/WhatsApp-Image-2021-11-16-at-20.22.08.jpeg\",\"contentUrl\":\"https:\/\/nk7-testes.com.br\/agazeta\/wp-content\/uploads\/2023\/12\/WhatsApp-Image-2021-11-16-at-20.22.08.jpeg\",\"width\":800,\"height\":402,\"caption\":\"Imagem: Secom\"},{\"@type\":\"BreadcrumbList\",\"@id\":\"https:\/\/nk7-testes.com.br\/agazeta\/no-acre-cerca-de-50-policiais-penais-cedidos-a-outros-orgaos-devem-voltar-as-suas-funcoes-originais\/#breadcrumb\",\"itemListElement\":[{\"@type\":\"ListItem\",\"position\":1,\"name\":\"In\u00edcio\",\"item\":\"https:\/\/nk7-testes.com.br\/agazeta\/\"},{\"@type\":\"ListItem\",\"position\":2,\"name\":\"No Acre, cerca de 50 policiais penais cedidos a outros \u00f3rg\u00e3os devem voltar \u00e0s suas fun\u00e7\u00f5es originais\"}]},{\"@type\":\"WebSite\",\"@id\":\"https:\/\/nk7-testes.com.br\/agazeta\/#website\",\"url\":\"https:\/\/nk7-testes.com.br\/agazeta\/\",\"name\":\"Agazeta.net\",\"description\":\"Agazeta.net - Not\u00edcias de Rio Branco\/AC\",\"potentialAction\":[{\"@type\":\"SearchAction\",\"target\":{\"@type\":\"EntryPoint\",\"urlTemplate\":\"https:\/\/nk7-testes.com.br\/agazeta\/?s={search_term_string}\"},\"query-input\":{\"@type\":\"PropertyValueSpecification\",\"valueRequired\":true,\"valueName\":\"search_term_string\"}}],\"inLanguage\":\"pt-BR\"},{\"@type\":\"Person\",\"@id\":\"https:\/\/nk7-testes.com.br\/agazeta\/#\/schema\/person\/ff6b39d54d6973bfc57f4140f659b23f\",\"name\":\"Agazeta.Net\",\"url\":\"https:\/\/nk7-testes.com.br\/agazeta\/author\/agazeta\/\"}]}<\/script>\n<!-- \/ Yoast SEO plugin. -->","yoast_head_json":{"title":"No Acre, cerca de 50 policiais penais cedidos a outros \u00f3rg\u00e3os devem voltar \u00e0s suas fun\u00e7\u00f5es originais - Agazeta.net","robots":{"index":"index","follow":"follow","max-snippet":"max-snippet:-1","max-image-preview":"max-image-preview:large","max-video-preview":"max-video-preview:-1"},"canonical":"https:\/\/nk7-testes.com.br\/agazeta\/no-acre-cerca-de-50-policiais-penais-cedidos-a-outros-orgaos-devem-voltar-as-suas-funcoes-originais\/","og_locale":"pt_BR","og_type":"article","og_title":"No Acre, cerca de 50 policiais penais cedidos a outros \u00f3rg\u00e3os devem voltar \u00e0s suas fun\u00e7\u00f5es originais","og_description":"Conselho Nacional de Justi\u00e7a notificou Gladson Cameli para o imediato retorno desses policiais","og_url":"https:\/\/nk7-testes.com.br\/agazeta\/no-acre-cerca-de-50-policiais-penais-cedidos-a-outros-orgaos-devem-voltar-as-suas-funcoes-originais\/","og_site_name":"Agazeta.net","article_published_time":"2023-12-26T19:10:42+00:00","og_image":[{"width":800,"height":402,"url":"https:\/\/nk7-testes.com.br\/agazeta\/wp-content\/uploads\/2023\/12\/WhatsApp-Image-2021-11-16-at-20.22.08.jpeg","type":"image\/jpeg"}],"author":"Agazeta.Net","twitter_card":"summary_large_image","twitter_misc":{"Escrito por":"Agazeta.Net","Est. tempo de leitura":"2 minutos"},"schema":{"@context":"https:\/\/schema.org","@graph":[{"@type":"WebPage","@id":"https:\/\/nk7-testes.com.br\/agazeta\/no-acre-cerca-de-50-policiais-penais-cedidos-a-outros-orgaos-devem-voltar-as-suas-funcoes-originais\/","url":"https:\/\/nk7-testes.com.br\/agazeta\/no-acre-cerca-de-50-policiais-penais-cedidos-a-outros-orgaos-devem-voltar-as-suas-funcoes-originais\/","name":"No Acre, cerca de 50 policiais penais cedidos a outros \u00f3rg\u00e3os devem voltar \u00e0s suas fun\u00e7\u00f5es originais - Agazeta.net","isPartOf":{"@id":"https:\/\/nk7-testes.com.br\/agazeta\/#website"},"primaryImageOfPage":{"@id":"https:\/\/nk7-testes.com.br\/agazeta\/no-acre-cerca-de-50-policiais-penais-cedidos-a-outros-orgaos-devem-voltar-as-suas-funcoes-originais\/#primaryimage"},"image":{"@id":"https:\/\/nk7-testes.com.br\/agazeta\/no-acre-cerca-de-50-policiais-penais-cedidos-a-outros-orgaos-devem-voltar-as-suas-funcoes-originais\/#primaryimage"},"thumbnailUrl":"https:\/\/nk7-testes.com.br\/agazeta\/wp-content\/uploads\/2023\/12\/WhatsApp-Image-2021-11-16-at-20.22.08.jpeg","datePublished":"2023-12-26T19:10:42+00:00","author":{"@id":"https:\/\/nk7-testes.com.br\/agazeta\/#\/schema\/person\/ff6b39d54d6973bfc57f4140f659b23f"},"breadcrumb":{"@id":"https:\/\/nk7-testes.com.br\/agazeta\/no-acre-cerca-de-50-policiais-penais-cedidos-a-outros-orgaos-devem-voltar-as-suas-funcoes-originais\/#breadcrumb"},"inLanguage":"pt-BR","potentialAction":[{"@type":"ReadAction","target":["https:\/\/nk7-testes.com.br\/agazeta\/no-acre-cerca-de-50-policiais-penais-cedidos-a-outros-orgaos-devem-voltar-as-suas-funcoes-originais\/"]}]},{"@type":"ImageObject","inLanguage":"pt-BR","@id":"https:\/\/nk7-testes.com.br\/agazeta\/no-acre-cerca-de-50-policiais-penais-cedidos-a-outros-orgaos-devem-voltar-as-suas-funcoes-originais\/#primaryimage","url":"https:\/\/nk7-testes.com.br\/agazeta\/wp-content\/uploads\/2023\/12\/WhatsApp-Image-2021-11-16-at-20.22.08.jpeg","contentUrl":"https:\/\/nk7-testes.com.br\/agazeta\/wp-content\/uploads\/2023\/12\/WhatsApp-Image-2021-11-16-at-20.22.08.jpeg","width":800,"height":402,"caption":"Imagem: Secom"},{"@type":"BreadcrumbList","@id":"https:\/\/nk7-testes.com.br\/agazeta\/no-acre-cerca-de-50-policiais-penais-cedidos-a-outros-orgaos-devem-voltar-as-suas-funcoes-originais\/#breadcrumb","itemListElement":[{"@type":"ListItem","position":1,"name":"In\u00edcio","item":"https:\/\/nk7-testes.com.br\/agazeta\/"},{"@type":"ListItem","position":2,"name":"No Acre, cerca de 50 policiais penais cedidos a outros \u00f3rg\u00e3os devem voltar \u00e0s suas fun\u00e7\u00f5es originais"}]},{"@type":"WebSite","@id":"https:\/\/nk7-testes.com.br\/agazeta\/#website","url":"https:\/\/nk7-testes.com.br\/agazeta\/","name":"Agazeta.net","description":"Agazeta.net - Not\u00edcias de Rio Branco\/AC","potentialAction":[{"@type":"SearchAction","target":{"@type":"EntryPoint","urlTemplate":"https:\/\/nk7-testes.com.br\/agazeta\/?s={search_term_string}"},"query-input":{"@type":"PropertyValueSpecification","valueRequired":true,"valueName":"search_term_string"}}],"inLanguage":"pt-BR"},{"@type":"Person","@id":"https:\/\/nk7-testes.com.br\/agazeta\/#\/schema\/person\/ff6b39d54d6973bfc57f4140f659b23f","name":"Agazeta.Net","url":"https:\/\/nk7-testes.com.br\/agazeta\/author\/agazeta\/"}]}},"_links":{"self":[{"href":"https:\/\/nk7-testes.com.br\/agazeta\/wp-json\/wp\/v2\/posts\/124418","targetHints":{"allow":["GET"]}}],"collection":[{"href":"https:\/\/nk7-testes.com.br\/agazeta\/wp-json\/wp\/v2\/posts"}],"about":[{"href":"https:\/\/nk7-testes.com.br\/agazeta\/wp-json\/wp\/v2\/types\/post"}],"author":[{"embeddable":true,"href":"https:\/\/nk7-testes.com.br\/agazeta\/wp-json\/wp\/v2\/users\/4"}],"replies":[{"embeddable":true,"href":"https:\/\/nk7-testes.com.br\/agazeta\/wp-json\/wp\/v2\/comments?post=124418"}],"version-history":[{"count":0,"href":"https:\/\/nk7-testes.com.br\/agazeta\/wp-json\/wp\/v2\/posts\/124418\/revisions"}],"wp:featuredmedia":[{"embeddable":true,"href":"https:\/\/nk7-testes.com.br\/agazeta\/wp-json\/wp\/v2\/media\/124419"}],"wp:attachment":[{"href":"https:\/\/nk7-testes.com.br\/agazeta\/wp-json\/wp\/v2\/media?parent=124418"}],"wp:term":[{"taxonomy":"category","embeddable":true,"href":"https:\/\/nk7-testes.com.br\/agazeta\/wp-json\/wp\/v2\/categories?post=124418"},{"taxonomy":"post_tag","embeddable":true,"href":"https:\/\/nk7-testes.com.br\/agazeta\/wp-json\/wp\/v2\/tags?post=124418"}],"curies":[{"name":"wp","href":"https:\/\/api.w.org\/{rel}","templated":true}]}}