{"id":124354,"date":"2023-12-22T16:59:21","date_gmt":"2023-12-22T21:59:21","guid":{"rendered":"https:\/\/abarevegan.com.br\/?p=124354"},"modified":"2023-12-22T17:00:44","modified_gmt":"2023-12-22T22:00:44","slug":"governo-do-acre-decreta-ponto-facultativo-para-dia-29-de-dezembro","status":"publish","type":"post","link":"https:\/\/nk7-testes.com.br\/agazeta\/governo-do-acre-decreta-ponto-facultativo-para-dia-29-de-dezembro\/","title":{"rendered":"Governo do Acre decreta ponto facultativo para dia 29 de dezembro"},"content":{"rendered":"<p style=\"text-align: justify;\">Por <strong>Kerolayne Fran\u00e7a<\/strong> para o <strong>Agazeta.net<\/strong><\/p>\n<p style=\"text-align: justify;\">O governador do Estado do Acre, Gladson Cameli (PP), decretou nessa quarta-feira (20), atrav\u00e9s do Di\u00e1rio Oficial (DOE), ponto facultativo dia 29 de dezembro de 2023. Medida foi tomada em detrimento ao feriado municipal do anivers\u00e1rio de Rio Branco, no dia 28.<\/p>\n<p style=\"text-align: justify;\">Para os servi\u00e7os de Secretaria de Estado de Administra\u00e7\u00e3o P\u00fablica (Sead), est\u00e1 autorizada a convoca\u00e7\u00e3o de seus servidores para expediente normal, considerando a import\u00e2ncia do servi\u00e7o. Sendo assim, os cargos p\u00fablicos de menos necessidade para a comunidade poder\u00e3o acatar ao ponto facultativo.<\/p>\n<p style=\"text-align: justify;\">Ainda de acordo com o documento, o decreto n\u00e3o se aplica para as Unidades de Sa\u00fade e Hospital das Cl\u00ednicas.<\/p>\n<p style=\"text-align: justify;\">Os servi\u00e7os de Atendimento M\u00e9dico Especializado, Servi\u00e7o de Apoio Diagn\u00f3stico, Setores de Interna\u00e7\u00e3o, Centro Cir\u00fargico, Unidade de Tratamento Intensivo \u2013 UTI, Central de Agendamento de Cirurgias e Hospital dia, funcionaram normalmente durante todo o feriado.<\/p>\n<p style=\"text-align: justify;\"><em>Estagi\u00e1ria supervisionada por Gisele Almeida<\/em><\/p>\n","protected":false},"excerpt":{"rendered":"<p>Por Kerolayne Fran\u00e7a para o Agazeta.net O governador do Estado do Acre, Gladson Cameli (PP), decretou nessa quarta-feira (20), atrav\u00e9s do Di\u00e1rio Oficial (DOE), ponto facultativo dia 29 de dezembro de 2023. Medida foi tomada em detrimento ao feriado municipal do anivers\u00e1rio de Rio Branco, no dia 28. Para os servi\u00e7os de Secretaria de Estado [&hellip;]<\/p>\n","protected":false},"author":4,"featured_media":124355,"comment_status":"open","ping_status":"open","sticky":false,"template":"","format":"standard","meta":{"jnews-multi-image_gallery":[],"jnews_single_post":{"source_name":"","source_url":"","via_name":"","via_url":"","override_template":"0","override":[{"template":"custom","single_blog_custom":"110746","parallax":"1","fullscreen":"1","layout":"right-sidebar","sidebar":"default-sidebar","second_sidebar":"default-sidebar","sticky_sidebar":"1","share_position":"top","share_float_style":"share-monocrhome","show_share_counter":"1","show_view_counter":"1","show_featured":"1","show_post_meta":"1","show_post_author":"1","show_post_author_image":"1","show_post_date":"1","post_date_format":"default","post_date_format_custom":"Y\/m\/d","show_post_category":"1","show_post_reading_time":"0","post_reading_time_wpm":"300","show_zoom_button":"0","zoom_button_out_step":"2","zoom_button_in_step":"3","show_post_tag":"1","show_prev_next_post":"1","show_popup_post":"1","number_popup_post":"1","show_author_box":"0","show_post_related":"1","show_inline_post_related":"0"}],"override_image_size":"0","image_override":[{"single_post_thumbnail_size":"crop-500","single_post_gallery_size":"crop-500"}],"trending_post":"0","trending_post_position":"meta","trending_post_label":"Trending","sponsored_post":"0","sponsored_post_label":"Sponsored by","sponsored_post_name":"","sponsored_post_url":"","sponsored_post_logo_enable":"0","sponsored_post_logo":"","sponsored_post_desc":"","disable_ad":"0"},"jnews_primary_category":{"id":"","hide":""},"jnews_social_meta":{"fb_title":"","fb_description":"","fb_image":"","twitter_title":"","twitter_description":"","twitter_image":""},"jnews_review":[],"enable_review":"0","type":"percentage","name":"","summary":"","brand":"","sku":"","good":[{"good_text":""}],"bad":[{"bad_text":""}],"score_override":"0","override_value":"","rating":[{"rating_text":"","rating_number":"10"}],"price":[{"shop":"","price":"","link":"","icon":""}],"footnotes":""},"categories":[54],"tags":[],"class_list":["post-124354","post","type-post","status-publish","format-standard","has-post-thumbnail","hentry","category-cotidiano"],"yoast_head":"<!-- This site is optimized with the Yoast SEO plugin v26.5 - https:\/\/yoast.com\/wordpress\/plugins\/seo\/ -->\n<title>Governo do Acre decreta ponto facultativo para dia 29 de dezembro - Agazeta.net<\/title>\n<meta name=\"robots\" content=\"index, follow, max-snippet:-1, max-image-preview:large, max-video-preview:-1\" \/>\n<link rel=\"canonical\" href=\"https:\/\/nk7-testes.com.br\/agazeta\/governo-do-acre-decreta-ponto-facultativo-para-dia-29-de-dezembro\/\" \/>\n<meta property=\"og:locale\" content=\"pt_BR\" \/>\n<meta property=\"og:type\" content=\"article\" \/>\n<meta property=\"og:title\" content=\"Governo do Acre decreta ponto facultativo para dia 29 de dezembro\" \/>\n<meta property=\"og:description\" content=\"Medida foi tomada em virtude ao anivers\u00e1rio de Rio Branco, que \u00e9 no dia 28\" \/>\n<meta property=\"og:url\" content=\"https:\/\/nk7-testes.com.br\/agazeta\/governo-do-acre-decreta-ponto-facultativo-para-dia-29-de-dezembro\/\" \/>\n<meta property=\"og:site_name\" content=\"Agazeta.net\" \/>\n<meta property=\"article:published_time\" content=\"2023-12-22T21:59:21+00:00\" \/>\n<meta property=\"article:modified_time\" content=\"2023-12-22T22:00:44+00:00\" \/>\n<meta property=\"og:image\" content=\"https:\/\/nk7-testes.com.br\/agazeta\/wp-content\/uploads\/2023\/12\/palacio-rio-branco.jpg\" \/>\n\t<meta property=\"og:image:width\" content=\"800\" \/>\n\t<meta property=\"og:image:height\" content=\"533\" \/>\n\t<meta property=\"og:image:type\" content=\"image\/jpeg\" \/>\n<meta name=\"author\" content=\"Agazeta.Net\" \/>\n<meta name=\"twitter:card\" content=\"summary_large_image\" \/>\n<meta name=\"twitter:label1\" content=\"Escrito por\" \/>\n\t<meta name=\"twitter:data1\" content=\"Agazeta.Net\" \/>\n\t<meta name=\"twitter:label2\" content=\"Est. tempo de leitura\" \/>\n\t<meta name=\"twitter:data2\" content=\"1 minuto\" \/>\n<script type=\"application\/ld+json\" class=\"yoast-schema-graph\">{\"@context\":\"https:\/\/schema.org\",\"@graph\":[{\"@type\":\"WebPage\",\"@id\":\"https:\/\/nk7-testes.com.br\/agazeta\/governo-do-acre-decreta-ponto-facultativo-para-dia-29-de-dezembro\/\",\"url\":\"https:\/\/nk7-testes.com.br\/agazeta\/governo-do-acre-decreta-ponto-facultativo-para-dia-29-de-dezembro\/\",\"name\":\"Governo do Acre decreta ponto facultativo para dia 29 de dezembro - Agazeta.net\",\"isPartOf\":{\"@id\":\"https:\/\/nk7-testes.com.br\/agazeta\/#website\"},\"primaryImageOfPage\":{\"@id\":\"https:\/\/nk7-testes.com.br\/agazeta\/governo-do-acre-decreta-ponto-facultativo-para-dia-29-de-dezembro\/#primaryimage\"},\"image\":{\"@id\":\"https:\/\/nk7-testes.com.br\/agazeta\/governo-do-acre-decreta-ponto-facultativo-para-dia-29-de-dezembro\/#primaryimage\"},\"thumbnailUrl\":\"https:\/\/nk7-testes.com.br\/agazeta\/wp-content\/uploads\/2023\/12\/palacio-rio-branco.jpg\",\"datePublished\":\"2023-12-22T21:59:21+00:00\",\"dateModified\":\"2023-12-22T22:00:44+00:00\",\"author\":{\"@id\":\"https:\/\/nk7-testes.com.br\/agazeta\/#\/schema\/person\/ff6b39d54d6973bfc57f4140f659b23f\"},\"breadcrumb\":{\"@id\":\"https:\/\/nk7-testes.com.br\/agazeta\/governo-do-acre-decreta-ponto-facultativo-para-dia-29-de-dezembro\/#breadcrumb\"},\"inLanguage\":\"pt-BR\",\"potentialAction\":[{\"@type\":\"ReadAction\",\"target\":[\"https:\/\/nk7-testes.com.br\/agazeta\/governo-do-acre-decreta-ponto-facultativo-para-dia-29-de-dezembro\/\"]}]},{\"@type\":\"ImageObject\",\"inLanguage\":\"pt-BR\",\"@id\":\"https:\/\/nk7-testes.com.br\/agazeta\/governo-do-acre-decreta-ponto-facultativo-para-dia-29-de-dezembro\/#primaryimage\",\"url\":\"https:\/\/nk7-testes.com.br\/agazeta\/wp-content\/uploads\/2023\/12\/palacio-rio-branco.jpg\",\"contentUrl\":\"https:\/\/nk7-testes.com.br\/agazeta\/wp-content\/uploads\/2023\/12\/palacio-rio-branco.jpg\",\"width\":800,\"height\":533},{\"@type\":\"BreadcrumbList\",\"@id\":\"https:\/\/nk7-testes.com.br\/agazeta\/governo-do-acre-decreta-ponto-facultativo-para-dia-29-de-dezembro\/#breadcrumb\",\"itemListElement\":[{\"@type\":\"ListItem\",\"position\":1,\"name\":\"In\u00edcio\",\"item\":\"https:\/\/nk7-testes.com.br\/agazeta\/\"},{\"@type\":\"ListItem\",\"position\":2,\"name\":\"Governo do Acre decreta ponto facultativo para dia 29 de dezembro\"}]},{\"@type\":\"WebSite\",\"@id\":\"https:\/\/nk7-testes.com.br\/agazeta\/#website\",\"url\":\"https:\/\/nk7-testes.com.br\/agazeta\/\",\"name\":\"Agazeta.net\",\"description\":\"Agazeta.net - Not\u00edcias de Rio Branco\/AC\",\"potentialAction\":[{\"@type\":\"SearchAction\",\"target\":{\"@type\":\"EntryPoint\",\"urlTemplate\":\"https:\/\/nk7-testes.com.br\/agazeta\/?s={search_term_string}\"},\"query-input\":{\"@type\":\"PropertyValueSpecification\",\"valueRequired\":true,\"valueName\":\"search_term_string\"}}],\"inLanguage\":\"pt-BR\"},{\"@type\":\"Person\",\"@id\":\"https:\/\/nk7-testes.com.br\/agazeta\/#\/schema\/person\/ff6b39d54d6973bfc57f4140f659b23f\",\"name\":\"Agazeta.Net\",\"url\":\"https:\/\/nk7-testes.com.br\/agazeta\/author\/agazeta\/\"}]}<\/script>\n<!-- \/ Yoast SEO plugin. -->","yoast_head_json":{"title":"Governo do Acre decreta ponto facultativo para dia 29 de dezembro - Agazeta.net","robots":{"index":"index","follow":"follow","max-snippet":"max-snippet:-1","max-image-preview":"max-image-preview:large","max-video-preview":"max-video-preview:-1"},"canonical":"https:\/\/nk7-testes.com.br\/agazeta\/governo-do-acre-decreta-ponto-facultativo-para-dia-29-de-dezembro\/","og_locale":"pt_BR","og_type":"article","og_title":"Governo do Acre decreta ponto facultativo para dia 29 de dezembro","og_description":"Medida foi tomada em virtude ao anivers\u00e1rio de Rio Branco, que \u00e9 no dia 28","og_url":"https:\/\/nk7-testes.com.br\/agazeta\/governo-do-acre-decreta-ponto-facultativo-para-dia-29-de-dezembro\/","og_site_name":"Agazeta.net","article_published_time":"2023-12-22T21:59:21+00:00","article_modified_time":"2023-12-22T22:00:44+00:00","og_image":[{"width":800,"height":533,"url":"https:\/\/nk7-testes.com.br\/agazeta\/wp-content\/uploads\/2023\/12\/palacio-rio-branco.jpg","type":"image\/jpeg"}],"author":"Agazeta.Net","twitter_card":"summary_large_image","twitter_misc":{"Escrito por":"Agazeta.Net","Est. tempo de leitura":"1 minuto"},"schema":{"@context":"https:\/\/schema.org","@graph":[{"@type":"WebPage","@id":"https:\/\/nk7-testes.com.br\/agazeta\/governo-do-acre-decreta-ponto-facultativo-para-dia-29-de-dezembro\/","url":"https:\/\/nk7-testes.com.br\/agazeta\/governo-do-acre-decreta-ponto-facultativo-para-dia-29-de-dezembro\/","name":"Governo do Acre decreta ponto facultativo para dia 29 de dezembro - Agazeta.net","isPartOf":{"@id":"https:\/\/nk7-testes.com.br\/agazeta\/#website"},"primaryImageOfPage":{"@id":"https:\/\/nk7-testes.com.br\/agazeta\/governo-do-acre-decreta-ponto-facultativo-para-dia-29-de-dezembro\/#primaryimage"},"image":{"@id":"https:\/\/nk7-testes.com.br\/agazeta\/governo-do-acre-decreta-ponto-facultativo-para-dia-29-de-dezembro\/#primaryimage"},"thumbnailUrl":"https:\/\/nk7-testes.com.br\/agazeta\/wp-content\/uploads\/2023\/12\/palacio-rio-branco.jpg","datePublished":"2023-12-22T21:59:21+00:00","dateModified":"2023-12-22T22:00:44+00:00","author":{"@id":"https:\/\/nk7-testes.com.br\/agazeta\/#\/schema\/person\/ff6b39d54d6973bfc57f4140f659b23f"},"breadcrumb":{"@id":"https:\/\/nk7-testes.com.br\/agazeta\/governo-do-acre-decreta-ponto-facultativo-para-dia-29-de-dezembro\/#breadcrumb"},"inLanguage":"pt-BR","potentialAction":[{"@type":"ReadAction","target":["https:\/\/nk7-testes.com.br\/agazeta\/governo-do-acre-decreta-ponto-facultativo-para-dia-29-de-dezembro\/"]}]},{"@type":"ImageObject","inLanguage":"pt-BR","@id":"https:\/\/nk7-testes.com.br\/agazeta\/governo-do-acre-decreta-ponto-facultativo-para-dia-29-de-dezembro\/#primaryimage","url":"https:\/\/nk7-testes.com.br\/agazeta\/wp-content\/uploads\/2023\/12\/palacio-rio-branco.jpg","contentUrl":"https:\/\/nk7-testes.com.br\/agazeta\/wp-content\/uploads\/2023\/12\/palacio-rio-branco.jpg","width":800,"height":533},{"@type":"BreadcrumbList","@id":"https:\/\/nk7-testes.com.br\/agazeta\/governo-do-acre-decreta-ponto-facultativo-para-dia-29-de-dezembro\/#breadcrumb","itemListElement":[{"@type":"ListItem","position":1,"name":"In\u00edcio","item":"https:\/\/nk7-testes.com.br\/agazeta\/"},{"@type":"ListItem","position":2,"name":"Governo do Acre decreta ponto facultativo para dia 29 de dezembro"}]},{"@type":"WebSite","@id":"https:\/\/nk7-testes.com.br\/agazeta\/#website","url":"https:\/\/nk7-testes.com.br\/agazeta\/","name":"Agazeta.net","description":"Agazeta.net - Not\u00edcias de Rio Branco\/AC","potentialAction":[{"@type":"SearchAction","target":{"@type":"EntryPoint","urlTemplate":"https:\/\/nk7-testes.com.br\/agazeta\/?s={search_term_string}"},"query-input":{"@type":"PropertyValueSpecification","valueRequired":true,"valueName":"search_term_string"}}],"inLanguage":"pt-BR"},{"@type":"Person","@id":"https:\/\/nk7-testes.com.br\/agazeta\/#\/schema\/person\/ff6b39d54d6973bfc57f4140f659b23f","name":"Agazeta.Net","url":"https:\/\/nk7-testes.com.br\/agazeta\/author\/agazeta\/"}]}},"_links":{"self":[{"href":"https:\/\/nk7-testes.com.br\/agazeta\/wp-json\/wp\/v2\/posts\/124354","targetHints":{"allow":["GET"]}}],"collection":[{"href":"https:\/\/nk7-testes.com.br\/agazeta\/wp-json\/wp\/v2\/posts"}],"about":[{"href":"https:\/\/nk7-testes.com.br\/agazeta\/wp-json\/wp\/v2\/types\/post"}],"author":[{"embeddable":true,"href":"https:\/\/nk7-testes.com.br\/agazeta\/wp-json\/wp\/v2\/users\/4"}],"replies":[{"embeddable":true,"href":"https:\/\/nk7-testes.com.br\/agazeta\/wp-json\/wp\/v2\/comments?post=124354"}],"version-history":[{"count":0,"href":"https:\/\/nk7-testes.com.br\/agazeta\/wp-json\/wp\/v2\/posts\/124354\/revisions"}],"wp:featuredmedia":[{"embeddable":true,"href":"https:\/\/nk7-testes.com.br\/agazeta\/wp-json\/wp\/v2\/media\/124355"}],"wp:attachment":[{"href":"https:\/\/nk7-testes.com.br\/agazeta\/wp-json\/wp\/v2\/media?parent=124354"}],"wp:term":[{"taxonomy":"category","embeddable":true,"href":"https:\/\/nk7-testes.com.br\/agazeta\/wp-json\/wp\/v2\/categories?post=124354"},{"taxonomy":"post_tag","embeddable":true,"href":"https:\/\/nk7-testes.com.br\/agazeta\/wp-json\/wp\/v2\/tags?post=124354"}],"curies":[{"name":"wp","href":"https:\/\/api.w.org\/{rel}","templated":true}]}}