{"id":124303,"date":"2023-12-22T11:49:59","date_gmt":"2023-12-22T16:49:59","guid":{"rendered":"https:\/\/abarevegan.com.br\/?p=124303"},"modified":"2023-12-22T11:49:59","modified_gmt":"2023-12-22T16:49:59","slug":"apos-morte-de-motoboy-em-acidente-de-transito-categoria-realiza-manifestacao-em-frente-ao-mpac","status":"publish","type":"post","link":"https:\/\/nk7-testes.com.br\/agazeta\/apos-morte-de-motoboy-em-acidente-de-transito-categoria-realiza-manifestacao-em-frente-ao-mpac\/","title":{"rendered":"Ap\u00f3s morte de motoboy em acidente de tr\u00e2nsito,  categoria realiza manifesta\u00e7\u00e3o em frente ao MPAC"},"content":{"rendered":"<p>Mat\u00e9ria escrita por <strong>Inayme Lobo<\/strong> para o <strong>Agazeta.net<\/strong><\/p>\n<p><!--more--><\/p>\n<p style=\"text-align: justify;\"><span style=\"font-weight: 400;\">Motoboys que trabalham em aplicativos se reuniram na sede do Minist\u00e9rio P\u00fablico do Acre (MPAC) nesta sexta-feira (22) para protestar e pedir por justi\u00e7a e paz no tr\u00e2nsito. O protesto foi motivado pelo acidente de tr\u00e2nsito que resultou na morte de M\u00e1rcio de Castro Nogueira, de 45 anos.<\/span><\/p>\n<p style=\"text-align: justify;\"><span style=\"font-weight: 400;\">O motociclista de aplicativo ficou gravemente ferido ap\u00f3s ser atingido por um carro no dia 10 de dezembro, em frente ao cemit\u00e9rio Morada da Paz, na regi\u00e3o do bairro Calafate. Ele foi internado no Pronto-Socorro e estava na Unidade de Terapia Intensiva (UTI), mas infelizmente n\u00e3o resistiu aos ferimentos e faleceu.<\/span><\/p>\n<p style=\"text-align: justify;\"><span style=\"font-weight: 400;\">Os motoboys se encontraram na Gameleira para percorrer o centro da cidade em dire\u00e7\u00e3o ao MPAC. Durante o protesto, eles estenderam uma faixa preta no pr\u00e9dio do MPAC com a mensagem &#8220;Paz no Tr\u00e2nsito&#8221; e carregaram outra faixa para exigir justi\u00e7a para M\u00e1rcio de Castro Nogueira e outras v\u00edtimas.<\/span><\/p>\n<figure id=\"attachment_124306\" aria-describedby=\"caption-attachment-124306\" style=\"width: 378px\" class=\"wp-caption aligncenter\"><img decoding=\"async\" class=\"wp-image-124306\" src=\"https:\/\/nk7-testes.com.br\/wp-content\/uploads\/2023\/12\/WhatsApp-Image-2023-12-22-at-11.01.45.jpeg\" alt=\"\" width=\"378\" height=\"671\" srcset=\"https:\/\/nk7-testes.com.br\/agazeta\/wp-content\/uploads\/2023\/12\/WhatsApp-Image-2023-12-22-at-11.01.45.jpeg 640w, https:\/\/nk7-testes.com.br\/agazeta\/wp-content\/uploads\/2023\/12\/WhatsApp-Image-2023-12-22-at-11.01.45-169x300.jpeg 169w, https:\/\/nk7-testes.com.br\/agazeta\/wp-content\/uploads\/2023\/12\/WhatsApp-Image-2023-12-22-at-11.01.45-577x1024.jpeg 577w\" sizes=\"(max-width: 378px) 100vw, 378px\" \/><figcaption id=\"caption-attachment-124306\" class=\"wp-caption-text\">Arquivo Pessoal<\/figcaption><\/figure>\n<p style=\"text-align: justify;\"><span style=\"font-weight: 400;\">No momento da colis\u00e3o, o motociclista ficou preso debaixo do ve\u00edculo e sofreu uma fratura exposta no f\u00eamur, trauma fechado no t\u00f3rax e traumatismo cranioencef\u00e1lico grave. O carro envolvido no acidente era conduzido por Pedro Henrique da Silva Moura, de 22 anos.<\/span><\/p>\n<p style=\"text-align: justify;\"><span style=\"font-weight: 400;\">Segundo relatos de testemunhas, no dia do acidente, o condutor do ve\u00edculo estava visivelmente embriagado e n\u00e3o possu\u00eda Carteira Nacional de Habilita\u00e7\u00e3o (CNH). Ele foi contido por populares at\u00e9 a chegada da Pol\u00edcia Militar (PMAC), que o conduziu para a Delegacia de Flagrantes (Defla).<\/span><\/p>\n<p style=\"text-align: justify;\"><span style=\"font-weight: 400;\">O protesto dos motoboys busca chamar a aten\u00e7\u00e3o das autoridades e da sociedade para a import\u00e2ncia de um tr\u00e2nsito mais seguro e consciente. Eles exigem justi\u00e7a para M\u00e1rcio de Castro Nogueira e esperam que medidas sejam tomadas para evitar que trag\u00e9dias como essa se repitam. A mobiliza\u00e7\u00e3o dos motoboys \u00e9 uma forma de dar voz \u00e0s v\u00edtimas e suas fam\u00edlias, al\u00e9m de conscientizar a popula\u00e7\u00e3o sobre a responsabilidade de cada um no tr\u00e2nsito.<\/span><\/p>\n<figure id=\"attachment_124308\" aria-describedby=\"caption-attachment-124308\" style=\"width: 366px\" class=\"wp-caption aligncenter\"><img decoding=\"async\" class=\" wp-image-124308\" src=\"https:\/\/nk7-testes.com.br\/wp-content\/uploads\/2023\/12\/WhatsApp-Image-2023-12-22-at-11.01.45-3.jpeg\" alt=\"\" width=\"366\" height=\"451\" srcset=\"https:\/\/nk7-testes.com.br\/agazeta\/wp-content\/uploads\/2023\/12\/WhatsApp-Image-2023-12-22-at-11.01.45-3.jpeg 640w, https:\/\/nk7-testes.com.br\/agazeta\/wp-content\/uploads\/2023\/12\/WhatsApp-Image-2023-12-22-at-11.01.45-3-244x300.jpeg 244w\" sizes=\"(max-width: 366px) 100vw, 366px\" \/><figcaption id=\"caption-attachment-124308\" class=\"wp-caption-text\">Arquivo Pessoal<\/figcaption><\/figure>\n<p><em>Estagi\u00e1ria supervisionada por Gisele Almeida<\/em><\/p>\n<p style=\"text-align: justify;\"><em><span style=\"font-weight: 400;\">Com informa\u00e7\u00f5es da Rep\u00f3rter Rose Lima para TV Gazeta<\/span><\/em><\/p>\n","protected":false},"excerpt":{"rendered":"<p>Mat\u00e9ria escrita por Inayme Lobo para o Agazeta.net<\/p>\n","protected":false},"author":4,"featured_media":124305,"comment_status":"open","ping_status":"open","sticky":false,"template":"","format":"standard","meta":{"jnews-multi-image_gallery":[],"jnews_single_post":{"source_name":"","source_url":"","via_name":"","via_url":"","override_template":"0","override":[{"template":"custom","single_blog_custom":"110746","parallax":"1","fullscreen":"1","layout":"right-sidebar","sidebar":"default-sidebar","second_sidebar":"default-sidebar","sticky_sidebar":"1","share_position":"top","share_float_style":"share-monocrhome","show_share_counter":"1","show_view_counter":"1","show_featured":"1","show_post_meta":"1","show_post_author":"1","show_post_author_image":"1","show_post_date":"1","post_date_format":"default","post_date_format_custom":"Y\/m\/d","show_post_category":"1","show_post_reading_time":"0","post_reading_time_wpm":"300","show_zoom_button":"0","zoom_button_out_step":"2","zoom_button_in_step":"3","show_post_tag":"1","show_prev_next_post":"1","show_popup_post":"1","number_popup_post":"1","show_author_box":"0","show_post_related":"1","show_inline_post_related":"0"}],"override_image_size":"0","image_override":[{"single_post_thumbnail_size":"crop-500","single_post_gallery_size":"crop-500"}],"trending_post":"0","trending_post_position":"meta","trending_post_label":"Trending","sponsored_post":"0","sponsored_post_label":"Sponsored by","sponsored_post_name":"","sponsored_post_url":"","sponsored_post_logo_enable":"0","sponsored_post_logo":"","sponsored_post_desc":"","disable_ad":"0"},"jnews_primary_category":{"id":"","hide":""},"jnews_social_meta":{"fb_title":"","fb_description":"","fb_image":"","twitter_title":"","twitter_description":"","twitter_image":""},"jnews_review":[],"enable_review":"0","type":"percentage","name":"","summary":"","brand":"","sku":"","good":[{"good_text":""}],"bad":[{"bad_text":""}],"score_override":"0","override_value":"","rating":[{"rating_text":"","rating_number":"10"}],"price":[{"shop":"","price":"","link":"","icon":""}],"footnotes":""},"categories":[54],"tags":[152],"class_list":["post-124303","post","type-post","status-publish","format-standard","has-post-thumbnail","hentry","category-cotidiano","tag-destaque"],"yoast_head":"<!-- This site is optimized with the Yoast SEO plugin v26.5 - https:\/\/yoast.com\/wordpress\/plugins\/seo\/ -->\n<title>Ap\u00f3s morte de motoboy em acidente de tr\u00e2nsito, categoria realiza manifesta\u00e7\u00e3o em frente ao MPAC - Agazeta.net<\/title>\n<meta name=\"robots\" content=\"index, follow, max-snippet:-1, max-image-preview:large, max-video-preview:-1\" \/>\n<link rel=\"canonical\" href=\"https:\/\/nk7-testes.com.br\/agazeta\/apos-morte-de-motoboy-em-acidente-de-transito-categoria-realiza-manifestacao-em-frente-ao-mpac\/\" \/>\n<meta property=\"og:locale\" content=\"pt_BR\" \/>\n<meta property=\"og:type\" content=\"article\" \/>\n<meta property=\"og:title\" content=\"Ap\u00f3s morte de motoboy em acidente de tr\u00e2nsito, categoria realiza manifesta\u00e7\u00e3o em frente ao MPAC - Agazeta.net\" \/>\n<meta property=\"og:description\" content=\"Mat\u00e9ria escrita por Inayme Lobo para o Agazeta.net\" \/>\n<meta property=\"og:url\" content=\"https:\/\/nk7-testes.com.br\/agazeta\/apos-morte-de-motoboy-em-acidente-de-transito-categoria-realiza-manifestacao-em-frente-ao-mpac\/\" \/>\n<meta property=\"og:site_name\" content=\"Agazeta.net\" \/>\n<meta property=\"article:published_time\" content=\"2023-12-22T16:49:59+00:00\" \/>\n<meta property=\"og:image\" content=\"https:\/\/nk7-testes.com.br\/agazeta\/wp-content\/uploads\/2023\/12\/WhatsApp-Image-2023-12-22-at-11.44.05.jpeg\" \/>\n\t<meta property=\"og:image:width\" content=\"1600\" \/>\n\t<meta property=\"og:image:height\" content=\"900\" \/>\n\t<meta property=\"og:image:type\" content=\"image\/jpeg\" \/>\n<meta name=\"author\" content=\"Agazeta.Net\" \/>\n<meta name=\"twitter:card\" content=\"summary_large_image\" \/>\n<meta name=\"twitter:label1\" content=\"Escrito por\" \/>\n\t<meta name=\"twitter:data1\" content=\"Agazeta.Net\" \/>\n\t<meta name=\"twitter:label2\" content=\"Est. tempo de leitura\" \/>\n\t<meta name=\"twitter:data2\" content=\"2 minutos\" \/>\n<script type=\"application\/ld+json\" class=\"yoast-schema-graph\">{\"@context\":\"https:\/\/schema.org\",\"@graph\":[{\"@type\":\"WebPage\",\"@id\":\"https:\/\/nk7-testes.com.br\/agazeta\/apos-morte-de-motoboy-em-acidente-de-transito-categoria-realiza-manifestacao-em-frente-ao-mpac\/\",\"url\":\"https:\/\/nk7-testes.com.br\/agazeta\/apos-morte-de-motoboy-em-acidente-de-transito-categoria-realiza-manifestacao-em-frente-ao-mpac\/\",\"name\":\"Ap\u00f3s morte de motoboy em acidente de tr\u00e2nsito, categoria realiza manifesta\u00e7\u00e3o em frente ao MPAC - Agazeta.net\",\"isPartOf\":{\"@id\":\"https:\/\/nk7-testes.com.br\/agazeta\/#website\"},\"primaryImageOfPage\":{\"@id\":\"https:\/\/nk7-testes.com.br\/agazeta\/apos-morte-de-motoboy-em-acidente-de-transito-categoria-realiza-manifestacao-em-frente-ao-mpac\/#primaryimage\"},\"image\":{\"@id\":\"https:\/\/nk7-testes.com.br\/agazeta\/apos-morte-de-motoboy-em-acidente-de-transito-categoria-realiza-manifestacao-em-frente-ao-mpac\/#primaryimage\"},\"thumbnailUrl\":\"https:\/\/nk7-testes.com.br\/agazeta\/wp-content\/uploads\/2023\/12\/WhatsApp-Image-2023-12-22-at-11.44.05.jpeg\",\"datePublished\":\"2023-12-22T16:49:59+00:00\",\"author\":{\"@id\":\"https:\/\/nk7-testes.com.br\/agazeta\/#\/schema\/person\/ff6b39d54d6973bfc57f4140f659b23f\"},\"breadcrumb\":{\"@id\":\"https:\/\/nk7-testes.com.br\/agazeta\/apos-morte-de-motoboy-em-acidente-de-transito-categoria-realiza-manifestacao-em-frente-ao-mpac\/#breadcrumb\"},\"inLanguage\":\"pt-BR\",\"potentialAction\":[{\"@type\":\"ReadAction\",\"target\":[\"https:\/\/nk7-testes.com.br\/agazeta\/apos-morte-de-motoboy-em-acidente-de-transito-categoria-realiza-manifestacao-em-frente-ao-mpac\/\"]}]},{\"@type\":\"ImageObject\",\"inLanguage\":\"pt-BR\",\"@id\":\"https:\/\/nk7-testes.com.br\/agazeta\/apos-morte-de-motoboy-em-acidente-de-transito-categoria-realiza-manifestacao-em-frente-ao-mpac\/#primaryimage\",\"url\":\"https:\/\/nk7-testes.com.br\/agazeta\/wp-content\/uploads\/2023\/12\/WhatsApp-Image-2023-12-22-at-11.44.05.jpeg\",\"contentUrl\":\"https:\/\/nk7-testes.com.br\/agazeta\/wp-content\/uploads\/2023\/12\/WhatsApp-Image-2023-12-22-at-11.44.05.jpeg\",\"width\":1600,\"height\":900,\"caption\":\"Manifesta\u00e7\u00e3o dos motoboys\"},{\"@type\":\"BreadcrumbList\",\"@id\":\"https:\/\/nk7-testes.com.br\/agazeta\/apos-morte-de-motoboy-em-acidente-de-transito-categoria-realiza-manifestacao-em-frente-ao-mpac\/#breadcrumb\",\"itemListElement\":[{\"@type\":\"ListItem\",\"position\":1,\"name\":\"In\u00edcio\",\"item\":\"https:\/\/nk7-testes.com.br\/agazeta\/\"},{\"@type\":\"ListItem\",\"position\":2,\"name\":\"Ap\u00f3s morte de motoboy em acidente de tr\u00e2nsito, categoria realiza manifesta\u00e7\u00e3o em frente ao MPAC\"}]},{\"@type\":\"WebSite\",\"@id\":\"https:\/\/nk7-testes.com.br\/agazeta\/#website\",\"url\":\"https:\/\/nk7-testes.com.br\/agazeta\/\",\"name\":\"Agazeta.net\",\"description\":\"Agazeta.net - Not\u00edcias de Rio Branco\/AC\",\"potentialAction\":[{\"@type\":\"SearchAction\",\"target\":{\"@type\":\"EntryPoint\",\"urlTemplate\":\"https:\/\/nk7-testes.com.br\/agazeta\/?s={search_term_string}\"},\"query-input\":{\"@type\":\"PropertyValueSpecification\",\"valueRequired\":true,\"valueName\":\"search_term_string\"}}],\"inLanguage\":\"pt-BR\"},{\"@type\":\"Person\",\"@id\":\"https:\/\/nk7-testes.com.br\/agazeta\/#\/schema\/person\/ff6b39d54d6973bfc57f4140f659b23f\",\"name\":\"Agazeta.Net\",\"url\":\"https:\/\/nk7-testes.com.br\/agazeta\/author\/agazeta\/\"}]}<\/script>\n<!-- \/ Yoast SEO plugin. -->","yoast_head_json":{"title":"Ap\u00f3s morte de motoboy em acidente de tr\u00e2nsito, categoria realiza manifesta\u00e7\u00e3o em frente ao MPAC - Agazeta.net","robots":{"index":"index","follow":"follow","max-snippet":"max-snippet:-1","max-image-preview":"max-image-preview:large","max-video-preview":"max-video-preview:-1"},"canonical":"https:\/\/nk7-testes.com.br\/agazeta\/apos-morte-de-motoboy-em-acidente-de-transito-categoria-realiza-manifestacao-em-frente-ao-mpac\/","og_locale":"pt_BR","og_type":"article","og_title":"Ap\u00f3s morte de motoboy em acidente de tr\u00e2nsito, categoria realiza manifesta\u00e7\u00e3o em frente ao MPAC - Agazeta.net","og_description":"Mat\u00e9ria escrita por Inayme Lobo para o Agazeta.net","og_url":"https:\/\/nk7-testes.com.br\/agazeta\/apos-morte-de-motoboy-em-acidente-de-transito-categoria-realiza-manifestacao-em-frente-ao-mpac\/","og_site_name":"Agazeta.net","article_published_time":"2023-12-22T16:49:59+00:00","og_image":[{"width":1600,"height":900,"url":"https:\/\/nk7-testes.com.br\/agazeta\/wp-content\/uploads\/2023\/12\/WhatsApp-Image-2023-12-22-at-11.44.05.jpeg","type":"image\/jpeg"}],"author":"Agazeta.Net","twitter_card":"summary_large_image","twitter_misc":{"Escrito por":"Agazeta.Net","Est. tempo de leitura":"2 minutos"},"schema":{"@context":"https:\/\/schema.org","@graph":[{"@type":"WebPage","@id":"https:\/\/nk7-testes.com.br\/agazeta\/apos-morte-de-motoboy-em-acidente-de-transito-categoria-realiza-manifestacao-em-frente-ao-mpac\/","url":"https:\/\/nk7-testes.com.br\/agazeta\/apos-morte-de-motoboy-em-acidente-de-transito-categoria-realiza-manifestacao-em-frente-ao-mpac\/","name":"Ap\u00f3s morte de motoboy em acidente de tr\u00e2nsito, categoria realiza manifesta\u00e7\u00e3o em frente ao MPAC - Agazeta.net","isPartOf":{"@id":"https:\/\/nk7-testes.com.br\/agazeta\/#website"},"primaryImageOfPage":{"@id":"https:\/\/nk7-testes.com.br\/agazeta\/apos-morte-de-motoboy-em-acidente-de-transito-categoria-realiza-manifestacao-em-frente-ao-mpac\/#primaryimage"},"image":{"@id":"https:\/\/nk7-testes.com.br\/agazeta\/apos-morte-de-motoboy-em-acidente-de-transito-categoria-realiza-manifestacao-em-frente-ao-mpac\/#primaryimage"},"thumbnailUrl":"https:\/\/nk7-testes.com.br\/agazeta\/wp-content\/uploads\/2023\/12\/WhatsApp-Image-2023-12-22-at-11.44.05.jpeg","datePublished":"2023-12-22T16:49:59+00:00","author":{"@id":"https:\/\/nk7-testes.com.br\/agazeta\/#\/schema\/person\/ff6b39d54d6973bfc57f4140f659b23f"},"breadcrumb":{"@id":"https:\/\/nk7-testes.com.br\/agazeta\/apos-morte-de-motoboy-em-acidente-de-transito-categoria-realiza-manifestacao-em-frente-ao-mpac\/#breadcrumb"},"inLanguage":"pt-BR","potentialAction":[{"@type":"ReadAction","target":["https:\/\/nk7-testes.com.br\/agazeta\/apos-morte-de-motoboy-em-acidente-de-transito-categoria-realiza-manifestacao-em-frente-ao-mpac\/"]}]},{"@type":"ImageObject","inLanguage":"pt-BR","@id":"https:\/\/nk7-testes.com.br\/agazeta\/apos-morte-de-motoboy-em-acidente-de-transito-categoria-realiza-manifestacao-em-frente-ao-mpac\/#primaryimage","url":"https:\/\/nk7-testes.com.br\/agazeta\/wp-content\/uploads\/2023\/12\/WhatsApp-Image-2023-12-22-at-11.44.05.jpeg","contentUrl":"https:\/\/nk7-testes.com.br\/agazeta\/wp-content\/uploads\/2023\/12\/WhatsApp-Image-2023-12-22-at-11.44.05.jpeg","width":1600,"height":900,"caption":"Manifesta\u00e7\u00e3o dos motoboys"},{"@type":"BreadcrumbList","@id":"https:\/\/nk7-testes.com.br\/agazeta\/apos-morte-de-motoboy-em-acidente-de-transito-categoria-realiza-manifestacao-em-frente-ao-mpac\/#breadcrumb","itemListElement":[{"@type":"ListItem","position":1,"name":"In\u00edcio","item":"https:\/\/nk7-testes.com.br\/agazeta\/"},{"@type":"ListItem","position":2,"name":"Ap\u00f3s morte de motoboy em acidente de tr\u00e2nsito, categoria realiza manifesta\u00e7\u00e3o em frente ao MPAC"}]},{"@type":"WebSite","@id":"https:\/\/nk7-testes.com.br\/agazeta\/#website","url":"https:\/\/nk7-testes.com.br\/agazeta\/","name":"Agazeta.net","description":"Agazeta.net - Not\u00edcias de Rio Branco\/AC","potentialAction":[{"@type":"SearchAction","target":{"@type":"EntryPoint","urlTemplate":"https:\/\/nk7-testes.com.br\/agazeta\/?s={search_term_string}"},"query-input":{"@type":"PropertyValueSpecification","valueRequired":true,"valueName":"search_term_string"}}],"inLanguage":"pt-BR"},{"@type":"Person","@id":"https:\/\/nk7-testes.com.br\/agazeta\/#\/schema\/person\/ff6b39d54d6973bfc57f4140f659b23f","name":"Agazeta.Net","url":"https:\/\/nk7-testes.com.br\/agazeta\/author\/agazeta\/"}]}},"_links":{"self":[{"href":"https:\/\/nk7-testes.com.br\/agazeta\/wp-json\/wp\/v2\/posts\/124303","targetHints":{"allow":["GET"]}}],"collection":[{"href":"https:\/\/nk7-testes.com.br\/agazeta\/wp-json\/wp\/v2\/posts"}],"about":[{"href":"https:\/\/nk7-testes.com.br\/agazeta\/wp-json\/wp\/v2\/types\/post"}],"author":[{"embeddable":true,"href":"https:\/\/nk7-testes.com.br\/agazeta\/wp-json\/wp\/v2\/users\/4"}],"replies":[{"embeddable":true,"href":"https:\/\/nk7-testes.com.br\/agazeta\/wp-json\/wp\/v2\/comments?post=124303"}],"version-history":[{"count":0,"href":"https:\/\/nk7-testes.com.br\/agazeta\/wp-json\/wp\/v2\/posts\/124303\/revisions"}],"wp:featuredmedia":[{"embeddable":true,"href":"https:\/\/nk7-testes.com.br\/agazeta\/wp-json\/wp\/v2\/media\/124305"}],"wp:attachment":[{"href":"https:\/\/nk7-testes.com.br\/agazeta\/wp-json\/wp\/v2\/media?parent=124303"}],"wp:term":[{"taxonomy":"category","embeddable":true,"href":"https:\/\/nk7-testes.com.br\/agazeta\/wp-json\/wp\/v2\/categories?post=124303"},{"taxonomy":"post_tag","embeddable":true,"href":"https:\/\/nk7-testes.com.br\/agazeta\/wp-json\/wp\/v2\/tags?post=124303"}],"curies":[{"name":"wp","href":"https:\/\/api.w.org\/{rel}","templated":true}]}}